{"id":954,"date":"2019-01-29T10:07:07","date_gmt":"2019-01-29T10:07:07","guid":{"rendered":"https:\/\/www.societateamuzicala.ro\/sorinantohi\/?p=954"},"modified":"2019-01-31T11:03:53","modified_gmt":"2019-01-31T11:03:53","slug":"globalizarea-ipocriziei-pentru-o-abordare-umanista-a-eticii-memoriei","status":"publish","type":"post","link":"https:\/\/www.societateamuzicala.ro\/sorinantohi\/globalizarea-ipocriziei-pentru-o-abordare-umanista-a-eticii-memoriei\/","title":{"rendered":"Globalizarea ipocriziei. Pentru o abordare umanist\u0103 a eticii memoriei"},"content":{"rendered":"<p><strong>Idei \u00een Agora, XL<\/strong><br \/>\n<strong>Globalizarea ipocriziei. Pentru o abordare umanist\u0103 a eticii memoriei<\/strong><br \/>\n<strong>Gabriel Andreescu \u00een dialog cu Sorin Antohi<\/strong><br \/>\n<strong>Casa Filipescu-Cesianu, Calea Victoriei 151<\/strong><br \/>\n<strong>29 ianuarie 2019, 18:00<\/strong><br \/>\nMemoria colectiv\u0103 a jucat un rol \u00een construc\u021bia comunit\u0103\u021bilor politice dintotdeauna, \u00eens\u0103 dezvoltarea unui domeniu distinct al politicilor memoriei \u0219i amploarea acestora \u00een ultimii trei decenii sunt f\u0103r\u0103 precedent. Agen\u021bii memoriei (personalit\u0103\u021bi, grupuri \u0219i statele \u00eensele, de la Israel la Germania \u0219i Federa\u021bia Rus\u0103) au agende care dep\u0103\u0219esc grani\u021bele. Tr\u0103im \u00eentr-un \u201espa\u021biu public global\u201d care a creat \u201eo temporalitate comparabil\u0103\u201d \u0219i a \u201emondializat rela\u021biile cu trecutul\u201d (Henry Rousso).<br \/>\nAu ap\u0103rut \u0219i evalu\u0103ri \u00een opozi\u021bie. Tezei c\u0103 memoria reprezint\u0103 un imperativ moral i s-a r\u0103spuns c\u0103 uneori amintirile sunt cele care ne stau \u00een cale (David Rieff). Intervalul \u201edintre sacralizare \u0219i banalizarea trecutului, \u00eentre servirea propriului interes \u0219i oferirea de lec\u021bii morale celorlal\u021bi\u201d este prea u\u0219or de trecut (Tzvetan Todorov).<br \/>\n\u00cen logica spuselor lui Todorov, supradimensionarea politicilor memoriei duce la ipocrizie. Sus\u021bin c\u0103 \u201eglobaliz\u0103rii ipocriziei\u201d i se poate r\u0103spunde printr-o abordare umanist\u0103 (nu etnic\u0103, nu ideologic\u0103) a memoriei. \u00cen locul tezelor prin care Avishai Margalit a promovat ideea unei etici a memoriei (a. distinc\u021bia dintre rela\u021biile tari cu familia, prietenii, tribul, na\u021biunea \u0219i cele slabe, cu str\u0103inii \u0219i b. imperativul solidariz\u0103rii cu victimele c\u00e2nd r\u0103ul radical atac\u0103 umanitatea noastr\u0103 comun\u0103), prefer o abordare euristic\u0103. Etica memoriei este chemat\u0103 s\u0103 testeze legitimitatea politicilor memoriei iar uneori doar s\u0103 spun\u0103 ceva relevant despre condi\u021bia uman\u0103. \u00cen leg\u0103tur\u0103 cu ideile enun\u021bate, propun o discu\u021bie pe marginea unor studii de caz care dezv\u0103luie complexitatea de neb\u0103nuit a eticii \u0219i politicii memoriei, \u00een primul r\u00e2nd paradoxurile \u0219i aporiile lor morale ori politice. \u00cen func\u021bie de interesul celor prezen\u021bi, vom ajunge la discu\u021bia a \u201eceea ce se \u00eent\u00e2mpl\u0103 acas\u0103\u201d. \u00cen contextul global al politicilor memoriei, Rom\u00e2nia are excep\u021bionalit\u0103\u021bile ei.<br \/>\nGabriel Andreescu<\/p>\n<p><iframe loading=\"lazy\" title=\"Idei \u00een Agora. Globalizarea ipocriziei. Pentru o abordare umanist\u0103 a eticii memoriei\" width=\"500\" height=\"281\" src=\"https:\/\/www.youtube.com\/embed\/Z6zkLw1jo14?feature=oembed\" frameborder=\"0\" allow=\"accelerometer; autoplay; clipboard-write; encrypted-media; gyroscope; picture-in-picture; web-share\" referrerpolicy=\"strict-origin-when-cross-origin\" allowfullscreen><\/iframe><\/p>\n<p><span style=\"color: #ff0000;\"><strong><a style=\"color: #ff0000;\" href=\"https:\/\/www.societateamuzicala.ro\/sorinantohi\/wp-content\/uploads\/2019\/01\/Descarca-pliant-Idei-in-Agora-29-ianuarie-2019.pdf\">Descarca pliant Idei in Agora 29 ianuarie 2019<\/a><\/strong><\/span><\/p>\n<p><a href=\"https:\/\/www.societateamuzicala.ro\/sorinantohi\/wp-content\/uploads\/2019\/01\/Afis-Idei-in-Agora-29-ianuarie-2019.jpg\" target=\"_blank\" rel=\"noopener\"><img loading=\"lazy\" decoding=\"async\" class=\"no-border alignnone wp-image-957\" src=\"https:\/\/www.societateamuzicala.ro\/sorinantohi\/wp-content\/uploads\/2019\/01\/Afis-Idei-in-Agora-29-ianuarie-2019-212x300.jpg\" alt=\"\" width=\"525\" height=\"742\" srcset=\"https:\/\/www.societateamuzicala.ro\/sorinantohi\/wp-content\/uploads\/2019\/01\/Afis-Idei-in-Agora-29-ianuarie-2019-212x300.jpg 212w, https:\/\/www.societateamuzicala.ro\/sorinantohi\/wp-content\/uploads\/2019\/01\/Afis-Idei-in-Agora-29-ianuarie-2019.jpg 725w\" sizes=\"auto, (max-width: 525px) 100vw, 525px\" \/><\/a><\/p>\n","protected":false},"excerpt":{"rendered":"<p>Idei \u00een Agora, XL Globalizarea ipocriziei. Pentru o abordare umanist\u0103 a eticii memoriei Gabriel Andreescu \u00een dialog cu Sorin Antohi Casa Filipescu-Cesianu, Calea Victoriei 151 29 ianuarie 2019, 18:00 Memoria colectiv\u0103 a jucat un rol \u00een construc\u021bia comunit\u0103\u021bilor politice dintotdeauna, \u00eens\u0103 dezvoltarea unui domeniu distinct al politicilor memoriei \u0219i amploarea acestora \u00een ultimii trei decenii [&hellip;]<\/p>\n","protected":false},"author":3,"featured_media":0,"comment_status":"closed","ping_status":"open","sticky":false,"template":"","format":"standard","meta":{"_acf_changed":false,"footnotes":""},"categories":[161,16,13],"tags":[168,65,180,183,181,104,27,22,182,165,21,178,18,93,179,23],"class_list":["post-954","post","type-post","status-publish","format-standard","hentry","category-audiovideo","category-idei-in-agora","category-news","tag-carte-antohi","tag-conferinta-sorin-antohi","tag-conferinte-sorin-antohi","tag-dialog-antohi","tag-dialog-sorin-antohi","tag-ganditor-sorin-antohi","tag-imaginar-social","tag-intellectual-history","tag-interviu-antohi","tag-interviu-sorin-antohi","tag-istoria-ideilor","tag-istoric-al-ideilor","tag-sorin-antohi","tag-sorin-antohi-carte","tag-sorin-antohi-istoric","tag-the-history-of-ideas"],"acf":{"cc_filter":[],"poza_fixa":false,"url_poza_fixa":"","oras":"","sector":"0","zona":"null","in_strainatate":false,"pian":false,"orga":false,"data1":"1548784800","data2":"","afiseaza_data_post":false,"acf_sala":"","centru_cultural":"","articole_parinte":"","articole_relationate":"","coordonate":false,"tab1_nume":"Despre","tab3":false},"yoast_head":"<!-- This site is optimized with the Yoast SEO plugin v27.4 - https:\/\/yoast.com\/product\/yoast-seo-wordpress\/ -->\n<title>Globalizarea ipocriziei. Pentru o abordare umanist\u0103 a eticii memoriei - Sorin Antohi<\/title>\n<meta name=\"robots\" content=\"index, follow, max-snippet:-1, max-image-preview:large, max-video-preview:-1\" \/>\n<link rel=\"canonical\" href=\"https:\/\/www.societateamuzicala.ro\/sorinantohi\/globalizarea-ipocriziei-pentru-o-abordare-umanista-a-eticii-memoriei\/\" \/>\n<meta property=\"og:locale\" content=\"en_GB\" \/>\n<meta property=\"og:type\" content=\"article\" \/>\n<meta property=\"og:title\" content=\"Globalizarea ipocriziei. Pentru o abordare umanist\u0103 a eticii memoriei - Sorin Antohi\" \/>\n<meta property=\"og:description\" content=\"Idei \u00een Agora, XL Globalizarea ipocriziei. Pentru o abordare umanist\u0103 a eticii memoriei Gabriel Andreescu \u00een dialog cu Sorin Antohi Casa Filipescu-Cesianu, Calea Victoriei 151 29 ianuarie 2019, 18:00 Memoria colectiv\u0103 a jucat un rol \u00een construc\u021bia comunit\u0103\u021bilor politice dintotdeauna, \u00eens\u0103 dezvoltarea unui domeniu distinct al politicilor memoriei \u0219i amploarea acestora \u00een ultimii trei decenii [&hellip;]\" \/>\n<meta property=\"og:url\" content=\"https:\/\/www.societateamuzicala.ro\/sorinantohi\/globalizarea-ipocriziei-pentru-o-abordare-umanista-a-eticii-memoriei\/\" \/>\n<meta property=\"og:site_name\" content=\"Sorin Antohi\" \/>\n<meta property=\"article:published_time\" content=\"2019-01-29T10:07:07+00:00\" \/>\n<meta property=\"article:modified_time\" content=\"2019-01-31T11:03:53+00:00\" \/>\n<meta property=\"og:image\" content=\"https:\/\/www.societateamuzicala.ro\/sorinantohi\/wp-content\/uploads\/2019\/01\/Afis-Idei-in-Agora-29-ianuarie-2019-212x300.jpg\" \/>\n<meta name=\"author\" content=\"Daniel Catoi\" \/>\n<meta name=\"twitter:card\" content=\"summary_large_image\" \/>\n<meta name=\"twitter:label1\" content=\"Written by\" \/>\n\t<meta name=\"twitter:data1\" content=\"Daniel Catoi\" \/>\n\t<meta name=\"twitter:label2\" content=\"Estimated reading time\" \/>\n\t<meta name=\"twitter:data2\" content=\"2 minutes\" \/>\n<script type=\"application\/ld+json\" class=\"yoast-schema-graph\">{\"@context\":\"https:\\\/\\\/schema.org\",\"@graph\":[{\"@type\":\"Article\",\"@id\":\"https:\\\/\\\/www.societateamuzicala.ro\\\/sorinantohi\\\/globalizarea-ipocriziei-pentru-o-abordare-umanista-a-eticii-memoriei\\\/#article\",\"isPartOf\":{\"@id\":\"https:\\\/\\\/www.societateamuzicala.ro\\\/sorinantohi\\\/globalizarea-ipocriziei-pentru-o-abordare-umanista-a-eticii-memoriei\\\/\"},\"author\":{\"name\":\"Daniel Catoi\",\"@id\":\"https:\\\/\\\/www.societateamuzicala.ro\\\/sorinantohi\\\/#\\\/schema\\\/person\\\/a6e18b6f79c277515fbffc8ab1a0066e\"},\"headline\":\"Globalizarea ipocriziei. Pentru o abordare umanist\u0103 a eticii memoriei\",\"datePublished\":\"2019-01-29T10:07:07+00:00\",\"dateModified\":\"2019-01-31T11:03:53+00:00\",\"mainEntityOfPage\":{\"@id\":\"https:\\\/\\\/www.societateamuzicala.ro\\\/sorinantohi\\\/globalizarea-ipocriziei-pentru-o-abordare-umanista-a-eticii-memoriei\\\/\"},\"wordCount\":367,\"image\":{\"@id\":\"https:\\\/\\\/www.societateamuzicala.ro\\\/sorinantohi\\\/globalizarea-ipocriziei-pentru-o-abordare-umanista-a-eticii-memoriei\\\/#primaryimage\"},\"thumbnailUrl\":\"https:\\\/\\\/www.societateamuzicala.ro\\\/sorinantohi\\\/wp-content\\\/uploads\\\/2019\\\/01\\\/Afis-Idei-in-Agora-29-ianuarie-2019-212x300.jpg\",\"keywords\":[\"carte antohi\",\"Conferinta Sorin Antohi\",\"conferinte sorin antohi\",\"dialog antohi\",\"dialog sorin antohi\",\"ganditor sorin antohi\",\"imaginar social\",\"intellectual history\",\"interviu antohi\",\"interviu sorin antohi\",\"istoria ideilor\",\"istoric al ideilor\",\"sorin antohi\",\"sorin antohi carte\",\"sorin antohi istoric\",\"the history of ideas\"],\"articleSection\":[\"Audio\\\/Video\",\"Idei in Agora\",\"News\"],\"inLanguage\":\"en-GB\"},{\"@type\":\"WebPage\",\"@id\":\"https:\\\/\\\/www.societateamuzicala.ro\\\/sorinantohi\\\/globalizarea-ipocriziei-pentru-o-abordare-umanista-a-eticii-memoriei\\\/\",\"url\":\"https:\\\/\\\/www.societateamuzicala.ro\\\/sorinantohi\\\/globalizarea-ipocriziei-pentru-o-abordare-umanista-a-eticii-memoriei\\\/\",\"name\":\"Globalizarea ipocriziei. Pentru o abordare umanist\u0103 a eticii memoriei - Sorin Antohi\",\"isPartOf\":{\"@id\":\"https:\\\/\\\/www.societateamuzicala.ro\\\/sorinantohi\\\/#website\"},\"primaryImageOfPage\":{\"@id\":\"https:\\\/\\\/www.societateamuzicala.ro\\\/sorinantohi\\\/globalizarea-ipocriziei-pentru-o-abordare-umanista-a-eticii-memoriei\\\/#primaryimage\"},\"image\":{\"@id\":\"https:\\\/\\\/www.societateamuzicala.ro\\\/sorinantohi\\\/globalizarea-ipocriziei-pentru-o-abordare-umanista-a-eticii-memoriei\\\/#primaryimage\"},\"thumbnailUrl\":\"https:\\\/\\\/www.societateamuzicala.ro\\\/sorinantohi\\\/wp-content\\\/uploads\\\/2019\\\/01\\\/Afis-Idei-in-Agora-29-ianuarie-2019-212x300.jpg\",\"datePublished\":\"2019-01-29T10:07:07+00:00\",\"dateModified\":\"2019-01-31T11:03:53+00:00\",\"author\":{\"@id\":\"https:\\\/\\\/www.societateamuzicala.ro\\\/sorinantohi\\\/#\\\/schema\\\/person\\\/a6e18b6f79c277515fbffc8ab1a0066e\"},\"breadcrumb\":{\"@id\":\"https:\\\/\\\/www.societateamuzicala.ro\\\/sorinantohi\\\/globalizarea-ipocriziei-pentru-o-abordare-umanista-a-eticii-memoriei\\\/#breadcrumb\"},\"inLanguage\":\"en-GB\",\"potentialAction\":[{\"@type\":\"ReadAction\",\"target\":[\"https:\\\/\\\/www.societateamuzicala.ro\\\/sorinantohi\\\/globalizarea-ipocriziei-pentru-o-abordare-umanista-a-eticii-memoriei\\\/\"]}]},{\"@type\":\"ImageObject\",\"inLanguage\":\"en-GB\",\"@id\":\"https:\\\/\\\/www.societateamuzicala.ro\\\/sorinantohi\\\/globalizarea-ipocriziei-pentru-o-abordare-umanista-a-eticii-memoriei\\\/#primaryimage\",\"url\":\"https:\\\/\\\/www.societateamuzicala.ro\\\/sorinantohi\\\/wp-content\\\/uploads\\\/2019\\\/01\\\/Afis-Idei-in-Agora-29-ianuarie-2019.jpg\",\"contentUrl\":\"https:\\\/\\\/www.societateamuzicala.ro\\\/sorinantohi\\\/wp-content\\\/uploads\\\/2019\\\/01\\\/Afis-Idei-in-Agora-29-ianuarie-2019.jpg\",\"width\":725,\"height\":1024},{\"@type\":\"BreadcrumbList\",\"@id\":\"https:\\\/\\\/www.societateamuzicala.ro\\\/sorinantohi\\\/globalizarea-ipocriziei-pentru-o-abordare-umanista-a-eticii-memoriei\\\/#breadcrumb\",\"itemListElement\":[{\"@type\":\"ListItem\",\"position\":1,\"name\":\"Home\",\"item\":\"https:\\\/\\\/www.societateamuzicala.ro\\\/sorinantohi\\\/\"},{\"@type\":\"ListItem\",\"position\":2,\"name\":\"Globalizarea ipocriziei. Pentru o abordare umanist\u0103 a eticii memoriei\"}]},{\"@type\":\"WebSite\",\"@id\":\"https:\\\/\\\/www.societateamuzicala.ro\\\/sorinantohi\\\/#website\",\"url\":\"https:\\\/\\\/www.societateamuzicala.ro\\\/sorinantohi\\\/\",\"name\":\"Sorin Antohi\",\"description\":\"Istoric al ideilor, eseist, traduc\u0103tor\",\"potentialAction\":[{\"@type\":\"SearchAction\",\"target\":{\"@type\":\"EntryPoint\",\"urlTemplate\":\"https:\\\/\\\/www.societateamuzicala.ro\\\/sorinantohi\\\/?s={search_term_string}\"},\"query-input\":{\"@type\":\"PropertyValueSpecification\",\"valueRequired\":true,\"valueName\":\"search_term_string\"}}],\"inLanguage\":\"en-GB\"},{\"@type\":\"Person\",\"@id\":\"https:\\\/\\\/www.societateamuzicala.ro\\\/sorinantohi\\\/#\\\/schema\\\/person\\\/a6e18b6f79c277515fbffc8ab1a0066e\",\"name\":\"Daniel Catoi\",\"image\":{\"@type\":\"ImageObject\",\"inLanguage\":\"en-GB\",\"@id\":\"https:\\\/\\\/secure.gravatar.com\\\/avatar\\\/c0882a218c936889972a11c796e8ed91e0aff99b92af7212c04f740da3928233?s=96&d=mm&r=g\",\"url\":\"https:\\\/\\\/secure.gravatar.com\\\/avatar\\\/c0882a218c936889972a11c796e8ed91e0aff99b92af7212c04f740da3928233?s=96&d=mm&r=g\",\"contentUrl\":\"https:\\\/\\\/secure.gravatar.com\\\/avatar\\\/c0882a218c936889972a11c796e8ed91e0aff99b92af7212c04f740da3928233?s=96&d=mm&r=g\",\"caption\":\"Daniel Catoi\"},\"url\":\"https:\\\/\\\/www.societateamuzicala.ro\\\/sorinantohi\\\/author\\\/daniel\\\/\"}]}<\/script>\n<!-- \/ Yoast SEO plugin. -->","yoast_head_json":{"title":"Globalizarea ipocriziei. Pentru o abordare umanist\u0103 a eticii memoriei - Sorin Antohi","robots":{"index":"index","follow":"follow","max-snippet":"max-snippet:-1","max-image-preview":"max-image-preview:large","max-video-preview":"max-video-preview:-1"},"canonical":"https:\/\/www.societateamuzicala.ro\/sorinantohi\/globalizarea-ipocriziei-pentru-o-abordare-umanista-a-eticii-memoriei\/","og_locale":"en_GB","og_type":"article","og_title":"Globalizarea ipocriziei. Pentru o abordare umanist\u0103 a eticii memoriei - Sorin Antohi","og_description":"Idei \u00een Agora, XL Globalizarea ipocriziei. Pentru o abordare umanist\u0103 a eticii memoriei Gabriel Andreescu \u00een dialog cu Sorin Antohi Casa Filipescu-Cesianu, Calea Victoriei 151 29 ianuarie 2019, 18:00 Memoria colectiv\u0103 a jucat un rol \u00een construc\u021bia comunit\u0103\u021bilor politice dintotdeauna, \u00eens\u0103 dezvoltarea unui domeniu distinct al politicilor memoriei \u0219i amploarea acestora \u00een ultimii trei decenii [&hellip;]","og_url":"https:\/\/www.societateamuzicala.ro\/sorinantohi\/globalizarea-ipocriziei-pentru-o-abordare-umanista-a-eticii-memoriei\/","og_site_name":"Sorin Antohi","article_published_time":"2019-01-29T10:07:07+00:00","article_modified_time":"2019-01-31T11:03:53+00:00","og_image":[{"url":"https:\/\/www.societateamuzicala.ro\/sorinantohi\/wp-content\/uploads\/2019\/01\/Afis-Idei-in-Agora-29-ianuarie-2019-212x300.jpg","type":"","width":"","height":""}],"author":"Daniel Catoi","twitter_card":"summary_large_image","twitter_misc":{"Written by":"Daniel Catoi","Estimated reading time":"2 minutes"},"schema":{"@context":"https:\/\/schema.org","@graph":[{"@type":"Article","@id":"https:\/\/www.societateamuzicala.ro\/sorinantohi\/globalizarea-ipocriziei-pentru-o-abordare-umanista-a-eticii-memoriei\/#article","isPartOf":{"@id":"https:\/\/www.societateamuzicala.ro\/sorinantohi\/globalizarea-ipocriziei-pentru-o-abordare-umanista-a-eticii-memoriei\/"},"author":{"name":"Daniel Catoi","@id":"https:\/\/www.societateamuzicala.ro\/sorinantohi\/#\/schema\/person\/a6e18b6f79c277515fbffc8ab1a0066e"},"headline":"Globalizarea ipocriziei. Pentru o abordare umanist\u0103 a eticii memoriei","datePublished":"2019-01-29T10:07:07+00:00","dateModified":"2019-01-31T11:03:53+00:00","mainEntityOfPage":{"@id":"https:\/\/www.societateamuzicala.ro\/sorinantohi\/globalizarea-ipocriziei-pentru-o-abordare-umanista-a-eticii-memoriei\/"},"wordCount":367,"image":{"@id":"https:\/\/www.societateamuzicala.ro\/sorinantohi\/globalizarea-ipocriziei-pentru-o-abordare-umanista-a-eticii-memoriei\/#primaryimage"},"thumbnailUrl":"https:\/\/www.societateamuzicala.ro\/sorinantohi\/wp-content\/uploads\/2019\/01\/Afis-Idei-in-Agora-29-ianuarie-2019-212x300.jpg","keywords":["carte antohi","Conferinta Sorin Antohi","conferinte sorin antohi","dialog antohi","dialog sorin antohi","ganditor sorin antohi","imaginar social","intellectual history","interviu antohi","interviu sorin antohi","istoria ideilor","istoric al ideilor","sorin antohi","sorin antohi carte","sorin antohi istoric","the history of ideas"],"articleSection":["Audio\/Video","Idei in Agora","News"],"inLanguage":"en-GB"},{"@type":"WebPage","@id":"https:\/\/www.societateamuzicala.ro\/sorinantohi\/globalizarea-ipocriziei-pentru-o-abordare-umanista-a-eticii-memoriei\/","url":"https:\/\/www.societateamuzicala.ro\/sorinantohi\/globalizarea-ipocriziei-pentru-o-abordare-umanista-a-eticii-memoriei\/","name":"Globalizarea ipocriziei. Pentru o abordare umanist\u0103 a eticii memoriei - Sorin Antohi","isPartOf":{"@id":"https:\/\/www.societateamuzicala.ro\/sorinantohi\/#website"},"primaryImageOfPage":{"@id":"https:\/\/www.societateamuzicala.ro\/sorinantohi\/globalizarea-ipocriziei-pentru-o-abordare-umanista-a-eticii-memoriei\/#primaryimage"},"image":{"@id":"https:\/\/www.societateamuzicala.ro\/sorinantohi\/globalizarea-ipocriziei-pentru-o-abordare-umanista-a-eticii-memoriei\/#primaryimage"},"thumbnailUrl":"https:\/\/www.societateamuzicala.ro\/sorinantohi\/wp-content\/uploads\/2019\/01\/Afis-Idei-in-Agora-29-ianuarie-2019-212x300.jpg","datePublished":"2019-01-29T10:07:07+00:00","dateModified":"2019-01-31T11:03:53+00:00","author":{"@id":"https:\/\/www.societateamuzicala.ro\/sorinantohi\/#\/schema\/person\/a6e18b6f79c277515fbffc8ab1a0066e"},"breadcrumb":{"@id":"https:\/\/www.societateamuzicala.ro\/sorinantohi\/globalizarea-ipocriziei-pentru-o-abordare-umanista-a-eticii-memoriei\/#breadcrumb"},"inLanguage":"en-GB","potentialAction":[{"@type":"ReadAction","target":["https:\/\/www.societateamuzicala.ro\/sorinantohi\/globalizarea-ipocriziei-pentru-o-abordare-umanista-a-eticii-memoriei\/"]}]},{"@type":"ImageObject","inLanguage":"en-GB","@id":"https:\/\/www.societateamuzicala.ro\/sorinantohi\/globalizarea-ipocriziei-pentru-o-abordare-umanista-a-eticii-memoriei\/#primaryimage","url":"https:\/\/www.societateamuzicala.ro\/sorinantohi\/wp-content\/uploads\/2019\/01\/Afis-Idei-in-Agora-29-ianuarie-2019.jpg","contentUrl":"https:\/\/www.societateamuzicala.ro\/sorinantohi\/wp-content\/uploads\/2019\/01\/Afis-Idei-in-Agora-29-ianuarie-2019.jpg","width":725,"height":1024},{"@type":"BreadcrumbList","@id":"https:\/\/www.societateamuzicala.ro\/sorinantohi\/globalizarea-ipocriziei-pentru-o-abordare-umanista-a-eticii-memoriei\/#breadcrumb","itemListElement":[{"@type":"ListItem","position":1,"name":"Home","item":"https:\/\/www.societateamuzicala.ro\/sorinantohi\/"},{"@type":"ListItem","position":2,"name":"Globalizarea ipocriziei. Pentru o abordare umanist\u0103 a eticii memoriei"}]},{"@type":"WebSite","@id":"https:\/\/www.societateamuzicala.ro\/sorinantohi\/#website","url":"https:\/\/www.societateamuzicala.ro\/sorinantohi\/","name":"Sorin Antohi","description":"Istoric al ideilor, eseist, traduc\u0103tor","potentialAction":[{"@type":"SearchAction","target":{"@type":"EntryPoint","urlTemplate":"https:\/\/www.societateamuzicala.ro\/sorinantohi\/?s={search_term_string}"},"query-input":{"@type":"PropertyValueSpecification","valueRequired":true,"valueName":"search_term_string"}}],"inLanguage":"en-GB"},{"@type":"Person","@id":"https:\/\/www.societateamuzicala.ro\/sorinantohi\/#\/schema\/person\/a6e18b6f79c277515fbffc8ab1a0066e","name":"Daniel Catoi","image":{"@type":"ImageObject","inLanguage":"en-GB","@id":"https:\/\/secure.gravatar.com\/avatar\/c0882a218c936889972a11c796e8ed91e0aff99b92af7212c04f740da3928233?s=96&d=mm&r=g","url":"https:\/\/secure.gravatar.com\/avatar\/c0882a218c936889972a11c796e8ed91e0aff99b92af7212c04f740da3928233?s=96&d=mm&r=g","contentUrl":"https:\/\/secure.gravatar.com\/avatar\/c0882a218c936889972a11c796e8ed91e0aff99b92af7212c04f740da3928233?s=96&d=mm&r=g","caption":"Daniel Catoi"},"url":"https:\/\/www.societateamuzicala.ro\/sorinantohi\/author\/daniel\/"}]}},"_links":{"self":[{"href":"https:\/\/www.societateamuzicala.ro\/sorinantohi\/wp-json\/wp\/v2\/posts\/954","targetHints":{"allow":["GET"]}}],"collection":[{"href":"https:\/\/www.societateamuzicala.ro\/sorinantohi\/wp-json\/wp\/v2\/posts"}],"about":[{"href":"https:\/\/www.societateamuzicala.ro\/sorinantohi\/wp-json\/wp\/v2\/types\/post"}],"author":[{"embeddable":true,"href":"https:\/\/www.societateamuzicala.ro\/sorinantohi\/wp-json\/wp\/v2\/users\/3"}],"replies":[{"embeddable":true,"href":"https:\/\/www.societateamuzicala.ro\/sorinantohi\/wp-json\/wp\/v2\/comments?post=954"}],"version-history":[{"count":0,"href":"https:\/\/www.societateamuzicala.ro\/sorinantohi\/wp-json\/wp\/v2\/posts\/954\/revisions"}],"wp:attachment":[{"href":"https:\/\/www.societateamuzicala.ro\/sorinantohi\/wp-json\/wp\/v2\/media?parent=954"}],"wp:term":[{"taxonomy":"category","embeddable":true,"href":"https:\/\/www.societateamuzicala.ro\/sorinantohi\/wp-json\/wp\/v2\/categories?post=954"},{"taxonomy":"post_tag","embeddable":true,"href":"https:\/\/www.societateamuzicala.ro\/sorinantohi\/wp-json\/wp\/v2\/tags?post=954"}],"curies":[{"name":"wp","href":"https:\/\/api.w.org\/{rel}","templated":true}]}}