{"id":1041,"date":"2019-05-02T16:38:31","date_gmt":"2019-05-02T15:38:31","guid":{"rendered":"https:\/\/www.societateamuzicala.ro\/sorinantohi\/?p=1041"},"modified":"2019-05-23T14:33:04","modified_gmt":"2019-05-23T13:33:04","slug":"autolatria-mitologii-si-istorii-ale-identitatii-colective","status":"publish","type":"post","link":"https:\/\/www.societateamuzicala.ro\/sorinantohi\/autolatria-mitologii-si-istorii-ale-identitatii-colective\/","title":{"rendered":"Autolatria. Mitologii \u0219i istorii ale identit\u0103\u021bii colective"},"content":{"rendered":"<p><strong>Idei \u00een Agora, <\/strong><strong>XLVII<\/strong><br \/>\n<strong>Autolatria. <\/strong><strong>Mitologii \u0219i istorii ale identit\u0103\u021bii colective<\/strong><br \/>\n<strong>Dan Alexe \u00een dialog cu Sorin Antohi<\/strong><br \/>\n<strong>Casa Filipescu-Cesianu, Calea Victoriei 151<\/strong><br \/>\n<strong>7 mai 2019, 18:00<\/strong><br \/>\nUna din ironiile supreme ale Istoriei este c\u0103 originismele (autohtonismele, protocronismele), construc\u021bii fantasmatice, mitologice \u0219i chiar mistice, nu sunt autosuficiente. Au nevoie de certificatul de autenticitate conferit (\u00een opinia celor interesa\u021bi &#8211; origini\u0219tii \u00een\u0219i\u0219i) de Cel\u0103lalt. Nu exist\u0103 dec\u00e2t megalomanii tribale\/etnice\/na\u021bionale anxioase, fiindc\u0103 baza lor documentar\u0103 e lacunar\u0103, fictiv\u0103 ori problematic\u0103, iar Cel\u0103lalt are de regul\u0103 proiecte similare, eventual concurente \u0219i aflate \u00een competi\u021bie mimetic\u0103 pentru aceia\u0219i eroi (\u00een special pentru cei fondatori), acelea\u0219i limbi originare, acelea\u0219i spa\u021bii adamice, acelea\u0219i inven\u021bii (\u00eencep\u00e2nd cu focul), acelea\u0219i imaginare sociale etc.<br \/>\nAutolatria, cultul sinelui colectiv, legat\u0103 apofatic de ura-de-sine (stigmatul tribal, etnic, national), e amenin\u021bat\u0103 de compara\u021bie. Citite \u00eempreun\u0103, autolatriile particulare \u00ee\u0219i divulg\u0103 elementele comune, de la mecanismele psihologice la sursele (pseudo-) erudite, de la situa\u021biile socio-istorice la constantele antropologice.<br \/>\nDiscu\u021bia cu Dan Alexe, \u00eenceput\u0103 acum 38 de ani, ne va purta din Caucaz \u00een Carpa\u021bi, cu ocoluri edificatoare prin mai multe spa\u021bii, timpuri, limbi, culturi, religii.<br \/>\n<em>Sorin Antohi<\/em><\/p>\n<p><span style=\"color: #ff0000;\"><strong><a style=\"color: #ff0000;\" href=\"https:\/\/www.societateamuzicala.ro\/sorinantohi\/wp-content\/uploads\/2019\/05\/Descarca-pliant-Idei-in-Agora-7-mai-2019.pdf\" target=\"_blank\" rel=\"noopener noreferrer\">Descarca pliant Idei in Agora 7 mai 2019<\/a><\/strong><\/span><\/p>\n<p><iframe loading=\"lazy\" title=\"Idei \u00een Agora. Autolatria. Mitologii \u0219i istorii ale identit\u0103\u021bii colective.\" width=\"500\" height=\"281\" src=\"https:\/\/www.youtube.com\/embed\/1S-YxNtgMro?feature=oembed\" frameborder=\"0\" allow=\"accelerometer; autoplay; clipboard-write; encrypted-media; gyroscope; picture-in-picture; web-share\" referrerpolicy=\"strict-origin-when-cross-origin\" allowfullscreen><\/iframe><\/p>\n<p><a href=\"https:\/\/www.societateamuzicala.ro\/sorinantohi\/wp-content\/uploads\/2019\/05\/Afis-Idei-in-Agora-7-mai-2019.jpg\" target=\"_blank\" rel=\"noopener noreferrer\"><img loading=\"lazy\" decoding=\"async\" class=\"no-border alignnone wp-image-1043\" src=\"https:\/\/www.societateamuzicala.ro\/sorinantohi\/wp-content\/uploads\/2019\/05\/Afis-Idei-in-Agora-7-mai-2019-212x300.jpg\" alt=\"\" width=\"525\" height=\"742\" srcset=\"https:\/\/www.societateamuzicala.ro\/sorinantohi\/wp-content\/uploads\/2019\/05\/Afis-Idei-in-Agora-7-mai-2019-212x300.jpg 212w, https:\/\/www.societateamuzicala.ro\/sorinantohi\/wp-content\/uploads\/2019\/05\/Afis-Idei-in-Agora-7-mai-2019.jpg 725w\" sizes=\"auto, (max-width: 525px) 100vw, 525px\" \/><\/a><\/p>\n","protected":false},"excerpt":{"rendered":"<p>Idei \u00een Agora, XLVII Autolatria. Mitologii \u0219i istorii ale identit\u0103\u021bii colective Dan Alexe \u00een dialog cu Sorin Antohi Casa Filipescu-Cesianu, Calea Victoriei 151 7 mai 2019, 18:00 Una din ironiile supreme ale Istoriei este c\u0103 originismele (autohtonismele, protocronismele), construc\u021bii fantasmatice, mitologice \u0219i chiar mistice, nu sunt autosuficiente. Au nevoie de certificatul de autenticitate conferit (\u00een [&hellip;]<\/p>\n","protected":false},"author":3,"featured_media":0,"comment_status":"closed","ping_status":"open","sticky":false,"template":"","format":"standard","meta":{"_acf_changed":false,"footnotes":""},"categories":[161,16,13],"tags":[168,65,180,183,181,104,27,22,182,165,21,178,18,93,179,23],"class_list":["post-1041","post","type-post","status-publish","format-standard","hentry","category-audiovideo","category-idei-in-agora","category-news","tag-carte-antohi","tag-conferinta-sorin-antohi","tag-conferinte-sorin-antohi","tag-dialog-antohi","tag-dialog-sorin-antohi","tag-ganditor-sorin-antohi","tag-imaginar-social","tag-intellectual-history","tag-interviu-antohi","tag-interviu-sorin-antohi","tag-istoria-ideilor","tag-istoric-al-ideilor","tag-sorin-antohi","tag-sorin-antohi-carte","tag-sorin-antohi-istoric","tag-the-history-of-ideas"],"acf":{"cc_filter":[],"poza_fixa":false,"url_poza_fixa":"","oras":"","sector":"0","zona":"null","in_strainatate":false,"pian":false,"orga":false,"data1":"1557252000","data2":"","afiseaza_data_post":false,"acf_sala":"","centru_cultural":"","articole_parinte":"","articole_relationate":"","coordonate":false,"tab1_nume":"Despre","tab3":false},"yoast_head":"<!-- This site is optimized with the Yoast SEO plugin v27.4 - https:\/\/yoast.com\/product\/yoast-seo-wordpress\/ -->\n<title>Autolatria. Mitologii \u0219i istorii ale identit\u0103\u021bii colective - Sorin Antohi<\/title>\n<meta name=\"robots\" content=\"index, follow, max-snippet:-1, max-image-preview:large, max-video-preview:-1\" \/>\n<link rel=\"canonical\" href=\"https:\/\/www.societateamuzicala.ro\/sorinantohi\/autolatria-mitologii-si-istorii-ale-identitatii-colective\/\" \/>\n<meta property=\"og:locale\" content=\"en_GB\" \/>\n<meta property=\"og:type\" content=\"article\" \/>\n<meta property=\"og:title\" content=\"Autolatria. Mitologii \u0219i istorii ale identit\u0103\u021bii colective - Sorin Antohi\" \/>\n<meta property=\"og:description\" content=\"Idei \u00een Agora, XLVII Autolatria. Mitologii \u0219i istorii ale identit\u0103\u021bii colective Dan Alexe \u00een dialog cu Sorin Antohi Casa Filipescu-Cesianu, Calea Victoriei 151 7 mai 2019, 18:00 Una din ironiile supreme ale Istoriei este c\u0103 originismele (autohtonismele, protocronismele), construc\u021bii fantasmatice, mitologice \u0219i chiar mistice, nu sunt autosuficiente. Au nevoie de certificatul de autenticitate conferit (\u00een [&hellip;]\" \/>\n<meta property=\"og:url\" content=\"https:\/\/www.societateamuzicala.ro\/sorinantohi\/autolatria-mitologii-si-istorii-ale-identitatii-colective\/\" \/>\n<meta property=\"og:site_name\" content=\"Sorin Antohi\" \/>\n<meta property=\"article:published_time\" content=\"2019-05-02T15:38:31+00:00\" \/>\n<meta property=\"article:modified_time\" content=\"2019-05-23T13:33:04+00:00\" \/>\n<meta property=\"og:image\" content=\"https:\/\/www.societateamuzicala.ro\/sorinantohi\/wp-content\/uploads\/2019\/05\/Afis-Idei-in-Agora-7-mai-2019-212x300.jpg\" \/>\n<meta name=\"author\" content=\"Daniel Catoi\" \/>\n<meta name=\"twitter:card\" content=\"summary_large_image\" \/>\n<meta name=\"twitter:label1\" content=\"Written by\" \/>\n\t<meta name=\"twitter:data1\" content=\"Daniel Catoi\" \/>\n\t<meta name=\"twitter:label2\" content=\"Estimated reading time\" \/>\n\t<meta name=\"twitter:data2\" content=\"1 minute\" \/>\n<script type=\"application\/ld+json\" class=\"yoast-schema-graph\">{\"@context\":\"https:\\\/\\\/schema.org\",\"@graph\":[{\"@type\":\"Article\",\"@id\":\"https:\\\/\\\/www.societateamuzicala.ro\\\/sorinantohi\\\/autolatria-mitologii-si-istorii-ale-identitatii-colective\\\/#article\",\"isPartOf\":{\"@id\":\"https:\\\/\\\/www.societateamuzicala.ro\\\/sorinantohi\\\/autolatria-mitologii-si-istorii-ale-identitatii-colective\\\/\"},\"author\":{\"name\":\"Daniel Catoi\",\"@id\":\"https:\\\/\\\/www.societateamuzicala.ro\\\/sorinantohi\\\/#\\\/schema\\\/person\\\/a6e18b6f79c277515fbffc8ab1a0066e\"},\"headline\":\"Autolatria. Mitologii \u0219i istorii ale identit\u0103\u021bii colective\",\"datePublished\":\"2019-05-02T15:38:31+00:00\",\"dateModified\":\"2019-05-23T13:33:04+00:00\",\"mainEntityOfPage\":{\"@id\":\"https:\\\/\\\/www.societateamuzicala.ro\\\/sorinantohi\\\/autolatria-mitologii-si-istorii-ale-identitatii-colective\\\/\"},\"wordCount\":228,\"image\":{\"@id\":\"https:\\\/\\\/www.societateamuzicala.ro\\\/sorinantohi\\\/autolatria-mitologii-si-istorii-ale-identitatii-colective\\\/#primaryimage\"},\"thumbnailUrl\":\"https:\\\/\\\/www.societateamuzicala.ro\\\/sorinantohi\\\/wp-content\\\/uploads\\\/2019\\\/05\\\/Afis-Idei-in-Agora-7-mai-2019-212x300.jpg\",\"keywords\":[\"carte antohi\",\"Conferinta Sorin Antohi\",\"conferinte sorin antohi\",\"dialog antohi\",\"dialog sorin antohi\",\"ganditor sorin antohi\",\"imaginar social\",\"intellectual history\",\"interviu antohi\",\"interviu sorin antohi\",\"istoria ideilor\",\"istoric al ideilor\",\"sorin antohi\",\"sorin antohi carte\",\"sorin antohi istoric\",\"the history of ideas\"],\"articleSection\":[\"Audio\\\/Video\",\"Idei in Agora\",\"News\"],\"inLanguage\":\"en-GB\"},{\"@type\":\"WebPage\",\"@id\":\"https:\\\/\\\/www.societateamuzicala.ro\\\/sorinantohi\\\/autolatria-mitologii-si-istorii-ale-identitatii-colective\\\/\",\"url\":\"https:\\\/\\\/www.societateamuzicala.ro\\\/sorinantohi\\\/autolatria-mitologii-si-istorii-ale-identitatii-colective\\\/\",\"name\":\"Autolatria. Mitologii \u0219i istorii ale identit\u0103\u021bii colective - Sorin Antohi\",\"isPartOf\":{\"@id\":\"https:\\\/\\\/www.societateamuzicala.ro\\\/sorinantohi\\\/#website\"},\"primaryImageOfPage\":{\"@id\":\"https:\\\/\\\/www.societateamuzicala.ro\\\/sorinantohi\\\/autolatria-mitologii-si-istorii-ale-identitatii-colective\\\/#primaryimage\"},\"image\":{\"@id\":\"https:\\\/\\\/www.societateamuzicala.ro\\\/sorinantohi\\\/autolatria-mitologii-si-istorii-ale-identitatii-colective\\\/#primaryimage\"},\"thumbnailUrl\":\"https:\\\/\\\/www.societateamuzicala.ro\\\/sorinantohi\\\/wp-content\\\/uploads\\\/2019\\\/05\\\/Afis-Idei-in-Agora-7-mai-2019-212x300.jpg\",\"datePublished\":\"2019-05-02T15:38:31+00:00\",\"dateModified\":\"2019-05-23T13:33:04+00:00\",\"author\":{\"@id\":\"https:\\\/\\\/www.societateamuzicala.ro\\\/sorinantohi\\\/#\\\/schema\\\/person\\\/a6e18b6f79c277515fbffc8ab1a0066e\"},\"breadcrumb\":{\"@id\":\"https:\\\/\\\/www.societateamuzicala.ro\\\/sorinantohi\\\/autolatria-mitologii-si-istorii-ale-identitatii-colective\\\/#breadcrumb\"},\"inLanguage\":\"en-GB\",\"potentialAction\":[{\"@type\":\"ReadAction\",\"target\":[\"https:\\\/\\\/www.societateamuzicala.ro\\\/sorinantohi\\\/autolatria-mitologii-si-istorii-ale-identitatii-colective\\\/\"]}]},{\"@type\":\"ImageObject\",\"inLanguage\":\"en-GB\",\"@id\":\"https:\\\/\\\/www.societateamuzicala.ro\\\/sorinantohi\\\/autolatria-mitologii-si-istorii-ale-identitatii-colective\\\/#primaryimage\",\"url\":\"https:\\\/\\\/www.societateamuzicala.ro\\\/sorinantohi\\\/wp-content\\\/uploads\\\/2019\\\/05\\\/Afis-Idei-in-Agora-7-mai-2019.jpg\",\"contentUrl\":\"https:\\\/\\\/www.societateamuzicala.ro\\\/sorinantohi\\\/wp-content\\\/uploads\\\/2019\\\/05\\\/Afis-Idei-in-Agora-7-mai-2019.jpg\",\"width\":725,\"height\":1024},{\"@type\":\"BreadcrumbList\",\"@id\":\"https:\\\/\\\/www.societateamuzicala.ro\\\/sorinantohi\\\/autolatria-mitologii-si-istorii-ale-identitatii-colective\\\/#breadcrumb\",\"itemListElement\":[{\"@type\":\"ListItem\",\"position\":1,\"name\":\"Home\",\"item\":\"https:\\\/\\\/www.societateamuzicala.ro\\\/sorinantohi\\\/\"},{\"@type\":\"ListItem\",\"position\":2,\"name\":\"Autolatria. Mitologii \u0219i istorii ale identit\u0103\u021bii colective\"}]},{\"@type\":\"WebSite\",\"@id\":\"https:\\\/\\\/www.societateamuzicala.ro\\\/sorinantohi\\\/#website\",\"url\":\"https:\\\/\\\/www.societateamuzicala.ro\\\/sorinantohi\\\/\",\"name\":\"Sorin Antohi\",\"description\":\"Istoric al ideilor, eseist, traduc\u0103tor\",\"potentialAction\":[{\"@type\":\"SearchAction\",\"target\":{\"@type\":\"EntryPoint\",\"urlTemplate\":\"https:\\\/\\\/www.societateamuzicala.ro\\\/sorinantohi\\\/?s={search_term_string}\"},\"query-input\":{\"@type\":\"PropertyValueSpecification\",\"valueRequired\":true,\"valueName\":\"search_term_string\"}}],\"inLanguage\":\"en-GB\"},{\"@type\":\"Person\",\"@id\":\"https:\\\/\\\/www.societateamuzicala.ro\\\/sorinantohi\\\/#\\\/schema\\\/person\\\/a6e18b6f79c277515fbffc8ab1a0066e\",\"name\":\"Daniel Catoi\",\"image\":{\"@type\":\"ImageObject\",\"inLanguage\":\"en-GB\",\"@id\":\"https:\\\/\\\/secure.gravatar.com\\\/avatar\\\/c0882a218c936889972a11c796e8ed91e0aff99b92af7212c04f740da3928233?s=96&d=mm&r=g\",\"url\":\"https:\\\/\\\/secure.gravatar.com\\\/avatar\\\/c0882a218c936889972a11c796e8ed91e0aff99b92af7212c04f740da3928233?s=96&d=mm&r=g\",\"contentUrl\":\"https:\\\/\\\/secure.gravatar.com\\\/avatar\\\/c0882a218c936889972a11c796e8ed91e0aff99b92af7212c04f740da3928233?s=96&d=mm&r=g\",\"caption\":\"Daniel Catoi\"},\"url\":\"https:\\\/\\\/www.societateamuzicala.ro\\\/sorinantohi\\\/author\\\/daniel\\\/\"}]}<\/script>\n<!-- \/ Yoast SEO plugin. -->","yoast_head_json":{"title":"Autolatria. Mitologii \u0219i istorii ale identit\u0103\u021bii colective - Sorin Antohi","robots":{"index":"index","follow":"follow","max-snippet":"max-snippet:-1","max-image-preview":"max-image-preview:large","max-video-preview":"max-video-preview:-1"},"canonical":"https:\/\/www.societateamuzicala.ro\/sorinantohi\/autolatria-mitologii-si-istorii-ale-identitatii-colective\/","og_locale":"en_GB","og_type":"article","og_title":"Autolatria. Mitologii \u0219i istorii ale identit\u0103\u021bii colective - Sorin Antohi","og_description":"Idei \u00een Agora, XLVII Autolatria. Mitologii \u0219i istorii ale identit\u0103\u021bii colective Dan Alexe \u00een dialog cu Sorin Antohi Casa Filipescu-Cesianu, Calea Victoriei 151 7 mai 2019, 18:00 Una din ironiile supreme ale Istoriei este c\u0103 originismele (autohtonismele, protocronismele), construc\u021bii fantasmatice, mitologice \u0219i chiar mistice, nu sunt autosuficiente. Au nevoie de certificatul de autenticitate conferit (\u00een [&hellip;]","og_url":"https:\/\/www.societateamuzicala.ro\/sorinantohi\/autolatria-mitologii-si-istorii-ale-identitatii-colective\/","og_site_name":"Sorin Antohi","article_published_time":"2019-05-02T15:38:31+00:00","article_modified_time":"2019-05-23T13:33:04+00:00","og_image":[{"url":"https:\/\/www.societateamuzicala.ro\/sorinantohi\/wp-content\/uploads\/2019\/05\/Afis-Idei-in-Agora-7-mai-2019-212x300.jpg","type":"","width":"","height":""}],"author":"Daniel Catoi","twitter_card":"summary_large_image","twitter_misc":{"Written by":"Daniel Catoi","Estimated reading time":"1 minute"},"schema":{"@context":"https:\/\/schema.org","@graph":[{"@type":"Article","@id":"https:\/\/www.societateamuzicala.ro\/sorinantohi\/autolatria-mitologii-si-istorii-ale-identitatii-colective\/#article","isPartOf":{"@id":"https:\/\/www.societateamuzicala.ro\/sorinantohi\/autolatria-mitologii-si-istorii-ale-identitatii-colective\/"},"author":{"name":"Daniel Catoi","@id":"https:\/\/www.societateamuzicala.ro\/sorinantohi\/#\/schema\/person\/a6e18b6f79c277515fbffc8ab1a0066e"},"headline":"Autolatria. Mitologii \u0219i istorii ale identit\u0103\u021bii colective","datePublished":"2019-05-02T15:38:31+00:00","dateModified":"2019-05-23T13:33:04+00:00","mainEntityOfPage":{"@id":"https:\/\/www.societateamuzicala.ro\/sorinantohi\/autolatria-mitologii-si-istorii-ale-identitatii-colective\/"},"wordCount":228,"image":{"@id":"https:\/\/www.societateamuzicala.ro\/sorinantohi\/autolatria-mitologii-si-istorii-ale-identitatii-colective\/#primaryimage"},"thumbnailUrl":"https:\/\/www.societateamuzicala.ro\/sorinantohi\/wp-content\/uploads\/2019\/05\/Afis-Idei-in-Agora-7-mai-2019-212x300.jpg","keywords":["carte antohi","Conferinta Sorin Antohi","conferinte sorin antohi","dialog antohi","dialog sorin antohi","ganditor sorin antohi","imaginar social","intellectual history","interviu antohi","interviu sorin antohi","istoria ideilor","istoric al ideilor","sorin antohi","sorin antohi carte","sorin antohi istoric","the history of ideas"],"articleSection":["Audio\/Video","Idei in Agora","News"],"inLanguage":"en-GB"},{"@type":"WebPage","@id":"https:\/\/www.societateamuzicala.ro\/sorinantohi\/autolatria-mitologii-si-istorii-ale-identitatii-colective\/","url":"https:\/\/www.societateamuzicala.ro\/sorinantohi\/autolatria-mitologii-si-istorii-ale-identitatii-colective\/","name":"Autolatria. Mitologii \u0219i istorii ale identit\u0103\u021bii colective - Sorin Antohi","isPartOf":{"@id":"https:\/\/www.societateamuzicala.ro\/sorinantohi\/#website"},"primaryImageOfPage":{"@id":"https:\/\/www.societateamuzicala.ro\/sorinantohi\/autolatria-mitologii-si-istorii-ale-identitatii-colective\/#primaryimage"},"image":{"@id":"https:\/\/www.societateamuzicala.ro\/sorinantohi\/autolatria-mitologii-si-istorii-ale-identitatii-colective\/#primaryimage"},"thumbnailUrl":"https:\/\/www.societateamuzicala.ro\/sorinantohi\/wp-content\/uploads\/2019\/05\/Afis-Idei-in-Agora-7-mai-2019-212x300.jpg","datePublished":"2019-05-02T15:38:31+00:00","dateModified":"2019-05-23T13:33:04+00:00","author":{"@id":"https:\/\/www.societateamuzicala.ro\/sorinantohi\/#\/schema\/person\/a6e18b6f79c277515fbffc8ab1a0066e"},"breadcrumb":{"@id":"https:\/\/www.societateamuzicala.ro\/sorinantohi\/autolatria-mitologii-si-istorii-ale-identitatii-colective\/#breadcrumb"},"inLanguage":"en-GB","potentialAction":[{"@type":"ReadAction","target":["https:\/\/www.societateamuzicala.ro\/sorinantohi\/autolatria-mitologii-si-istorii-ale-identitatii-colective\/"]}]},{"@type":"ImageObject","inLanguage":"en-GB","@id":"https:\/\/www.societateamuzicala.ro\/sorinantohi\/autolatria-mitologii-si-istorii-ale-identitatii-colective\/#primaryimage","url":"https:\/\/www.societateamuzicala.ro\/sorinantohi\/wp-content\/uploads\/2019\/05\/Afis-Idei-in-Agora-7-mai-2019.jpg","contentUrl":"https:\/\/www.societateamuzicala.ro\/sorinantohi\/wp-content\/uploads\/2019\/05\/Afis-Idei-in-Agora-7-mai-2019.jpg","width":725,"height":1024},{"@type":"BreadcrumbList","@id":"https:\/\/www.societateamuzicala.ro\/sorinantohi\/autolatria-mitologii-si-istorii-ale-identitatii-colective\/#breadcrumb","itemListElement":[{"@type":"ListItem","position":1,"name":"Home","item":"https:\/\/www.societateamuzicala.ro\/sorinantohi\/"},{"@type":"ListItem","position":2,"name":"Autolatria. Mitologii \u0219i istorii ale identit\u0103\u021bii colective"}]},{"@type":"WebSite","@id":"https:\/\/www.societateamuzicala.ro\/sorinantohi\/#website","url":"https:\/\/www.societateamuzicala.ro\/sorinantohi\/","name":"Sorin Antohi","description":"Istoric al ideilor, eseist, traduc\u0103tor","potentialAction":[{"@type":"SearchAction","target":{"@type":"EntryPoint","urlTemplate":"https:\/\/www.societateamuzicala.ro\/sorinantohi\/?s={search_term_string}"},"query-input":{"@type":"PropertyValueSpecification","valueRequired":true,"valueName":"search_term_string"}}],"inLanguage":"en-GB"},{"@type":"Person","@id":"https:\/\/www.societateamuzicala.ro\/sorinantohi\/#\/schema\/person\/a6e18b6f79c277515fbffc8ab1a0066e","name":"Daniel Catoi","image":{"@type":"ImageObject","inLanguage":"en-GB","@id":"https:\/\/secure.gravatar.com\/avatar\/c0882a218c936889972a11c796e8ed91e0aff99b92af7212c04f740da3928233?s=96&d=mm&r=g","url":"https:\/\/secure.gravatar.com\/avatar\/c0882a218c936889972a11c796e8ed91e0aff99b92af7212c04f740da3928233?s=96&d=mm&r=g","contentUrl":"https:\/\/secure.gravatar.com\/avatar\/c0882a218c936889972a11c796e8ed91e0aff99b92af7212c04f740da3928233?s=96&d=mm&r=g","caption":"Daniel Catoi"},"url":"https:\/\/www.societateamuzicala.ro\/sorinantohi\/author\/daniel\/"}]}},"_links":{"self":[{"href":"https:\/\/www.societateamuzicala.ro\/sorinantohi\/wp-json\/wp\/v2\/posts\/1041","targetHints":{"allow":["GET"]}}],"collection":[{"href":"https:\/\/www.societateamuzicala.ro\/sorinantohi\/wp-json\/wp\/v2\/posts"}],"about":[{"href":"https:\/\/www.societateamuzicala.ro\/sorinantohi\/wp-json\/wp\/v2\/types\/post"}],"author":[{"embeddable":true,"href":"https:\/\/www.societateamuzicala.ro\/sorinantohi\/wp-json\/wp\/v2\/users\/3"}],"replies":[{"embeddable":true,"href":"https:\/\/www.societateamuzicala.ro\/sorinantohi\/wp-json\/wp\/v2\/comments?post=1041"}],"version-history":[{"count":0,"href":"https:\/\/www.societateamuzicala.ro\/sorinantohi\/wp-json\/wp\/v2\/posts\/1041\/revisions"}],"wp:attachment":[{"href":"https:\/\/www.societateamuzicala.ro\/sorinantohi\/wp-json\/wp\/v2\/media?parent=1041"}],"wp:term":[{"taxonomy":"category","embeddable":true,"href":"https:\/\/www.societateamuzicala.ro\/sorinantohi\/wp-json\/wp\/v2\/categories?post=1041"},{"taxonomy":"post_tag","embeddable":true,"href":"https:\/\/www.societateamuzicala.ro\/sorinantohi\/wp-json\/wp\/v2\/tags?post=1041"}],"curies":[{"name":"wp","href":"https:\/\/api.w.org\/{rel}","templated":true}]}}