{"id":32926,"date":"2022-10-27T12:50:08","date_gmt":"2022-10-27T12:50:08","guid":{"rendered":"https:\/\/www.societateamuzicala.ro\/societateaculturala\/?p=32926"},"modified":"2022-10-27T12:50:08","modified_gmt":"2022-10-27T12:50:08","slug":"helmut-sturmer-expune-in-noiembrie-la-arcub","status":"publish","type":"post","link":"https:\/\/www.societateamuzicala.ro\/societateaculturala\/helmut-sturmer-expune-in-noiembrie-la-arcub","title":{"rendered":"Helmut St\u00fcrmer expune \u00een noiembrie la ARCUB"},"content":{"rendered":"<p><strong>Helmut St\u00fcrmer<\/strong><strong>,<\/strong><strong> figur\u0103 prolific\u0103 a scenografiei interna\u0163ionale<\/strong><strong>,<\/strong><strong> expune, \u00een noiembrie, la ARCUB<\/strong><\/p>\n<p>\u00centre <strong>7<\/strong><strong> \u015fi 29 noiembrie<\/strong> <strong>2022<\/strong>, <strong>expozi\u021bia \u201eHelmut St\u00fcrmer<\/strong><strong>.<\/strong><strong> Decor\/Costum\/Desen\u201d <\/strong>de la <strong>ARCUB <\/strong><strong>\u2013 Hanul <\/strong><strong>Gabroveni<\/strong> reconstruie\u0219te parcursul profesional al artistului <strong>Helmut St\u00fcrmer<\/strong>, <strong>scenograf de teatru, oper\u0103 \u015fi film<\/strong>, <strong>creator de costume<\/strong> \u015fi <strong>light<\/strong> <strong>designer<\/strong>. Evenimentul face parte din programul edi\u0163iei din acest an a Festivalului Na\u0163ional de Teatru \u015fi este organizat de Prim\u0103ria Capitalei, prin ARCUB \u2013 Centrul Cultural al Municipiului Bucure\u015fti, \u00een calitate de coorganizator al FNT #32.<\/p>\n<p>Expozi\u0163ia cuprinde o serie de <strong>peste 50 de crea\u021bii<\/strong> <strong>semnate de Helmut St\u00fcrmer<\/strong>, de la <strong>machete de spectacole<\/strong>, <strong>obiecte<\/strong> \u015fi <strong>decoruri scenografice<\/strong>, la <strong>piese rare de colec\u021bie<\/strong>, <strong>fotografii<\/strong>, <strong>albume<\/strong> \u015fi <strong>schi\u0163e originale<\/strong>, precum \u015fi o serie de <strong>lucr\u0103ri<\/strong> ce fac parte <strong>din colec\u0163ia personal\u0103 a artistului<\/strong>.<\/p>\n<p><em>\u201eExpozi\u0163ia urmeaz\u0103, mai ales, drumul crea\u021biei unui decor de oper\u0103 sau teatru de la prima idee, prima schi\u0163\u0103, la machet\u0103 \u015fi p\u00e2n\u0103 la decorul finit pe scen\u0103. \u00cen paralel, este ar\u0103tat \u015fi drumul crea\u021biei unui costum, de la desen la realizarea concret\u0103 \u015fi p\u00e2n\u0103 la imaginea final\u0103 a personajului pe scen\u0103.\u201d<\/em> <strong>Helmut St\u00fcrmer<\/strong><\/p>\n<p>\u00cen cadrul expozi\u0163iei <strong>\u201eHelmut St\u00fcrmer<\/strong><strong>. <\/strong><strong>Decor\/Costum\/Desen\u201d<\/strong>, publicul poate descoperi o latur\u0103 a crea\u0163iei lui Helmut St\u00fcrmer mai pu\u0163in cunoscut\u0103, <strong>lucr\u0103ri de pictur\u0103 \u015fi grafic\u0103<\/strong> create \u00een timpul pandemiei, dar \u015fi <strong>lucr\u0103ri independente de scenografie<\/strong>.<\/p>\n<p>Expozi\u0163ia poate fi vizitat\u0103 \u00een perioada <strong>7-<\/strong><strong>29 noiembrie 2022<\/strong>, de <strong>mar\u0163i p\u00e2n\u0103 duminic\u0103<\/strong>, \u00eentre <strong>orele 12.00-20.00<\/strong>, la <strong>ARCUB <\/strong><strong>\u2013 Hanul <\/strong><strong>Gabroveni \u2013 sala Cafenea, sala Arcelor \u015fi sala Libr\u0103rie<\/strong>. \u00cen zilele de luni, expozi\u021bia este \u00eenchis\u0103, excep\u021bie f\u0103c\u00e2nd ziua de luni, <strong>7 noiembrie<\/strong>.<\/p>\n<p><strong>Biletele<\/strong> pot fi achizi\u0163ionate online de pe <a href=\"https:\/\/arcub.ro\/bilete-online\/\">arcub.ro<\/a> \u015fi bilet.ro sau de la casa de bilete ARCUB (Str. Lipscani, nr.84-90).<\/p>\n<p><strong>Pre\u021b<\/strong><strong>: 35 lei<\/strong> (Categoria I). <em>Elevii, studen\u0163ii \u0219i pensionarii care se prezint\u0103 la Casa de Bilete ARCUB cu legitima\u0163iile\/talonul de pensie pot achizi\u0163iona bilete la pre\u0163ul de<\/em> <strong>25 lei<\/strong> <em>(Categoria II).<\/em><\/p>\n<p><strong>Scurt\u0103 biografie<\/strong> <strong>Helmut St\u00fcrmer<\/strong><\/p>\n<p>Distins \u00een 2021 cu Ordinul \u201eMeritul Cultural\u201d \u00een grad de Comandor, Categoria D &#8211; \u201eArta Spectacolului\u201d \u015fi de\u021bin\u0103tor al Premiului UNITER pentru \u00eentreaga activitate, Helmut St\u00fcrmer este unul dintre cei mai importan\u021bi scenografi rom\u00e2ni de teatru \u015fi film, personalitate marcant\u0103 a scenografiei interna\u021bionale. \u00cen decursul a peste 40 de ani, a creat scenografii \u015fi costume pentru mult peste 200 de spectacole de teatru \u015fi oper\u0103.<\/p>\n<p>Fiul compozitorului \u015fi dirijorului Franz St\u00fcrmer \u015fi al Anei Maria Knauer, actri\u0163\u0103 a Teatrului German din Timi\u015foara, Helmut St\u00fcrmer s-a n\u0103scut \u00een anul 1942, la Timi\u015foara. Absolvent al Institutului de Arte din Bucure\u015fti \u00een 1967, \u00ee\u015fi \u00eencepe activitatea ca scenograf la Sibiu \u015fi debuteaz\u0103, \u00een 1968, pe scena bucure\u015ftean\u0103 ca scenograf al spectacolului \u201e\u00cengrijitorul\u201d de Harold Pinter, \u00een regia lui Ivan Helmer, la Teatrul Mic. \u00cen 1974, prime\u015fte \u201ePremiul Uniunii Arti\u015ftilor Plastici\u201d pentru scenografia spectacolului \u201eHamlet\u201d, montat de Dinu Cernescu la Teatru Nottara, iar \u00een 1975 colaboreaz\u0103 cu Liviu Ciulei la spectacolul de referin\u0163\u0103 \u201eAzilul de noapte\u201d de la Teatrul Bulandra. Pe l\u00e2ng\u0103 nenum\u0103rate spectacole pentru teatrele din Arad, Cluj, Bra\u0219ov, Bucure\u0219ti, Ia\u0219i, Pite\u0219ti, Ploie\u0219ti, Sibiu, Timi\u0219oara, face scenografia \u0219i pentru cinci filme artistice, \u00een regia lui Dan Pi\u021ba &amp; Mircea Veroiu, Radu Gabrea \u0219i Alexandru Tatos.<\/p>\n<p>\u00cen 1971 \u0219i 1975, la invita\u021bia Teatrului Municipal din K\u00f6ln, este scenograful unor spectacole regizate de David Esrig \u0219i Roberto Ciulli. A urmat, la Teatrul Municipal din M\u00fcnchen (1976) \u0219i la Old Tote Theater din Sydney (1977), spectacolul &#8222;Azilul de noapte&#8221;, \u00een regia lui Liviu Ciulei. \u00cen 1977, Helmut St\u00fcrmer se stabile\u0219te \u00een Republica Federal\u0103 German\u0103, iar \u00een urm\u0103torii 30 de ani a lucrat, printre altele, la Th\u00e9atre de la Ville din Paris, Deutsches Schauspielhaus din Hamburg, Theatre de l&#8217;Union din Limoges, Opera din Karlsruhe, Teatrele Na\u021bionale din Craiova \u0219i Cluj, Opera din Bonn, Royal Shakespeare Company, colabor\u00e2nd adesea cu Silviu Purc\u0103rete.<\/p>\n<p>Partener principal: <strong>UNITER<\/strong><\/p>\n<p>Partener: <strong>FNT (Festivalul Na\u021bional de Teatru)<\/strong><\/p>\n<p>Parteneri media: <strong>Agerpres, Radio Bucure\u0219ti FM, spotmedia.ro, STB<\/strong><\/p>\n<p>Urm\u0103ri\u021bi-ne pe <a href=\"https:\/\/www.facebook.com\/ARCUB.Bucuresti\/?ref=page_internal\">Facebook<\/a> \u0219i <a href=\"https:\/\/www.instagram.com\/arcub.bucuresti\/\">Instagram<\/a><\/p>\n<p>Detalii pe <a href=\"http:\/\/www.arcub.ro\">www.arcub.ro<\/a><\/p>\n<p><strong><em>ARCUB <\/em><\/strong><em>&#8211; Centrul Cultural al Municipiului Bucure\u015fti cultiv\u0103 identitatea cultural\u0103 a Capitalei din 1996. Proiectele ini\u021biate \u0219i desf\u0103\u0219urate de ARCUB \u00een anii de activitate au contribuit la diversificarea vie\u021bii culturale a ora\u0219ului, precum \u0219i la \u00eenscrierea acestuia \u00een r\u00e2ndul marilor capitale ale lumii.<\/em><\/p>\n<p><strong><em>ARCUB<\/em><\/strong><em> este organizatorul Festivalului interna\u021bional al luminii \u2013 Spotlight, Festivalului Interna\u0163ional de Teatru de Strad\u0103 \u2013 B-FIT in the Street!, al singurului festival interna\u0163ional de jazz din Capital\u0103, Bucharest Jazz Festival \u0219i al Zilelor Bucure\u0219tiului.<\/em><\/p>\n<p><strong>Persoan\u0103 de contact (pres\u0103):<\/strong><\/p>\n<p><strong>Renate Luic\u0103 \u2013 Consilier PR ARCUB<\/strong><\/p>\n<p><strong>E-mail: renate.luica@arcub.ro<\/strong><\/p>\n<p><a href=\"https:\/\/www.societateamuzicala.ro\/societateaculturala\/wp-content\/uploads\/2022\/10\/Helmut-Sturmer-expune-la-ARCUB.jpg\"><img loading=\"lazy\" decoding=\"async\" class=\"no-border alignnone wp-image-32927 size-large\" src=\"https:\/\/www.societateamuzicala.ro\/societateaculturala\/wp-content\/uploads\/2022\/10\/Helmut-Sturmer-expune-la-ARCUB-520x293.jpg\" alt=\"Helmut St\u00fcrmer expune la ARCUB\" width=\"520\" height=\"293\" srcset=\"https:\/\/www.societateamuzicala.ro\/societateaculturala\/wp-content\/uploads\/2022\/10\/Helmut-Sturmer-expune-la-ARCUB-520x293.jpg 520w, https:\/\/www.societateamuzicala.ro\/societateaculturala\/wp-content\/uploads\/2022\/10\/Helmut-Sturmer-expune-la-ARCUB-255x143.jpg 255w, https:\/\/www.societateamuzicala.ro\/societateaculturala\/wp-content\/uploads\/2022\/10\/Helmut-Sturmer-expune-la-ARCUB-768x432.jpg 768w, https:\/\/www.societateamuzicala.ro\/societateaculturala\/wp-content\/uploads\/2022\/10\/Helmut-Sturmer-expune-la-ARCUB.jpg 1024w\" sizes=\"auto, (max-width: 520px) 100vw, 520px\" \/><\/a><\/p>\n","protected":false},"excerpt":{"rendered":"<p>Helmut St\u00fcrmer, figur\u0103 prolific\u0103 a scenografiei interna\u0163ionale, expune, \u00een noiembrie, la ARCUB \u00centre 7 \u015fi 29 noiembrie 2022, expozi\u021bia \u201eHelmut St\u00fcrmer. Decor\/Costum\/Desen\u201d de la ARCUB \u2013 Hanul Gabroveni reconstruie\u0219te parcursul profesional al artistului Helmut St\u00fcrmer, scenograf de teatru, oper\u0103 \u015fi film, creator de costume \u015fi light designer. Evenimentul face parte din programul edi\u0163iei din acest [&hellip;]<\/p>\n","protected":false},"author":22,"featured_media":0,"comment_status":"open","ping_status":"open","sticky":false,"template":"","format":"standard","meta":{"_acf_changed":false,"footnotes":""},"categories":[68],"tags":[1393,1820,191,200,4567,6322,6330,274,197,201,273],"class_list":["post-32926","post","type-post","status-publish","format-standard","hentry","category-evenimente-si-stiri","tag-arte-plastice","tag-cinema","tag-concerte","tag-concerte-muzica-clasica","tag-cultura","tag-evenimente-culturale","tag-expozitii","tag-film","tag-muzica-clasica","tag-muzica-clasica-romania","tag-teatru"],"acf":{"cc_filter":[],"poza_fixa":"https:\/\/www.societateamuzicala.ro\/societateaculturala\/wp-content\/uploads\/2022\/10\/Helmut-Sturmer-expune-la-ARCUB.jpg","url_poza_fixa":"","format_poza_fixa":"full-img-4-3","oras":"","sector":"","zona":"","in_strainatate":false,"pian":false,"orga":false,"data1":1666885700,"data2":"","afiseaza_data_post":false,"acf_sala":"","centru_cultural":"","articole_parinte":"","articole_relationate":"","coordonate":false,"tab1_nume":"Despre","tab3":false,"tab5":false,"tab4":false},"yoast_head":"<!-- This site is optimized with the Yoast SEO plugin v27.4 - https:\/\/yoast.com\/product\/yoast-seo-wordpress\/ -->\n<title>Helmut St\u00fcrmer expune \u00een noiembrie la ARCUB - Societatea Culturala<\/title>\n<meta name=\"robots\" content=\"index, follow, max-snippet:-1, max-image-preview:large, max-video-preview:-1\" \/>\n<link rel=\"canonical\" href=\"https:\/\/www.societateamuzicala.ro\/societateaculturala\/helmut-sturmer-expune-in-noiembrie-la-arcub\" \/>\n<meta property=\"og:locale\" content=\"ro_RO\" \/>\n<meta property=\"og:type\" content=\"article\" \/>\n<meta property=\"og:title\" content=\"Helmut St\u00fcrmer expune \u00een noiembrie la ARCUB - Societatea Culturala\" \/>\n<meta property=\"og:description\" content=\"Helmut St\u00fcrmer, figur\u0103 prolific\u0103 a scenografiei interna\u0163ionale, expune, \u00een noiembrie, la ARCUB \u00centre 7 \u015fi 29 noiembrie 2022, expozi\u021bia \u201eHelmut St\u00fcrmer. Decor\/Costum\/Desen\u201d de la ARCUB \u2013 Hanul Gabroveni reconstruie\u0219te parcursul profesional al artistului Helmut St\u00fcrmer, scenograf de teatru, oper\u0103 \u015fi film, creator de costume \u015fi light designer. Evenimentul face parte din programul edi\u0163iei din acest [&hellip;]\" \/>\n<meta property=\"og:url\" content=\"https:\/\/www.societateamuzicala.ro\/societateaculturala\/helmut-sturmer-expune-in-noiembrie-la-arcub\" \/>\n<meta property=\"og:site_name\" content=\"Societatea Culturala\" \/>\n<meta property=\"article:published_time\" content=\"2022-10-27T12:50:08+00:00\" \/>\n<meta property=\"og:image\" content=\"https:\/\/www.societateamuzicala.ro\/societateaculturala\/wp-content\/uploads\/2022\/10\/Helmut-Sturmer-expune-la-ARCUB.jpg\" \/>\n\t<meta property=\"og:image:width\" content=\"1024\" \/>\n\t<meta property=\"og:image:height\" content=\"576\" \/>\n\t<meta property=\"og:image:type\" content=\"image\/jpeg\" \/>\n<meta name=\"author\" content=\"Catoi Daniel\" \/>\n<meta name=\"twitter:card\" content=\"summary_large_image\" \/>\n<meta name=\"twitter:label1\" content=\"Scris de\" \/>\n\t<meta name=\"twitter:data1\" content=\"Catoi Daniel\" \/>\n\t<meta name=\"twitter:label2\" content=\"Timp estimat pentru citire\" \/>\n\t<meta name=\"twitter:data2\" content=\"5 minute\" \/>\n<script type=\"application\/ld+json\" class=\"yoast-schema-graph\">{\"@context\":\"https:\\\/\\\/schema.org\",\"@graph\":[{\"@type\":\"Article\",\"@id\":\"https:\\\/\\\/www.societateamuzicala.ro\\\/societateaculturala\\\/helmut-sturmer-expune-in-noiembrie-la-arcub#article\",\"isPartOf\":{\"@id\":\"https:\\\/\\\/www.societateamuzicala.ro\\\/societateaculturala\\\/helmut-sturmer-expune-in-noiembrie-la-arcub\"},\"author\":{\"name\":\"Catoi Daniel\",\"@id\":\"https:\\\/\\\/www.societateamuzicala.ro\\\/societateaculturala\\\/#\\\/schema\\\/person\\\/0608b1774a3787abb7ff1d5e8d1b84eb\"},\"headline\":\"Helmut St\u00fcrmer expune \u00een noiembrie la ARCUB\",\"datePublished\":\"2022-10-27T12:50:08+00:00\",\"mainEntityOfPage\":{\"@id\":\"https:\\\/\\\/www.societateamuzicala.ro\\\/societateaculturala\\\/helmut-sturmer-expune-in-noiembrie-la-arcub\"},\"wordCount\":817,\"commentCount\":0,\"image\":{\"@id\":\"https:\\\/\\\/www.societateamuzicala.ro\\\/societateaculturala\\\/helmut-sturmer-expune-in-noiembrie-la-arcub#primaryimage\"},\"thumbnailUrl\":\"https:\\\/\\\/www.societateamuzicala.ro\\\/societateaculturala\\\/wp-content\\\/uploads\\\/2022\\\/10\\\/Helmut-Sturmer-expune-la-ARCUB-520x293.jpg\",\"keywords\":[\"arte plastice\",\"cinema\",\"concerte\",\"concerte muzica clasica\",\"Cultura\",\"evenimente culturale\",\"expozitii\",\"film\",\"muzica clasica\",\"muzica clasica romania\",\"teatru\"],\"articleSection\":[\"Evenimente si stiri\"],\"inLanguage\":\"ro-RO\",\"potentialAction\":[{\"@type\":\"CommentAction\",\"name\":\"Comment\",\"target\":[\"https:\\\/\\\/www.societateamuzicala.ro\\\/societateaculturala\\\/helmut-sturmer-expune-in-noiembrie-la-arcub#respond\"]}]},{\"@type\":\"WebPage\",\"@id\":\"https:\\\/\\\/www.societateamuzicala.ro\\\/societateaculturala\\\/helmut-sturmer-expune-in-noiembrie-la-arcub\",\"url\":\"https:\\\/\\\/www.societateamuzicala.ro\\\/societateaculturala\\\/helmut-sturmer-expune-in-noiembrie-la-arcub\",\"name\":\"Helmut St\u00fcrmer expune \u00een noiembrie la ARCUB - Societatea Culturala\",\"isPartOf\":{\"@id\":\"https:\\\/\\\/www.societateamuzicala.ro\\\/societateaculturala\\\/#website\"},\"primaryImageOfPage\":{\"@id\":\"https:\\\/\\\/www.societateamuzicala.ro\\\/societateaculturala\\\/helmut-sturmer-expune-in-noiembrie-la-arcub#primaryimage\"},\"image\":{\"@id\":\"https:\\\/\\\/www.societateamuzicala.ro\\\/societateaculturala\\\/helmut-sturmer-expune-in-noiembrie-la-arcub#primaryimage\"},\"thumbnailUrl\":\"https:\\\/\\\/www.societateamuzicala.ro\\\/societateaculturala\\\/wp-content\\\/uploads\\\/2022\\\/10\\\/Helmut-Sturmer-expune-la-ARCUB-520x293.jpg\",\"datePublished\":\"2022-10-27T12:50:08+00:00\",\"author\":{\"@id\":\"https:\\\/\\\/www.societateamuzicala.ro\\\/societateaculturala\\\/#\\\/schema\\\/person\\\/0608b1774a3787abb7ff1d5e8d1b84eb\"},\"breadcrumb\":{\"@id\":\"https:\\\/\\\/www.societateamuzicala.ro\\\/societateaculturala\\\/helmut-sturmer-expune-in-noiembrie-la-arcub#breadcrumb\"},\"inLanguage\":\"ro-RO\",\"potentialAction\":[{\"@type\":\"ReadAction\",\"target\":[\"https:\\\/\\\/www.societateamuzicala.ro\\\/societateaculturala\\\/helmut-sturmer-expune-in-noiembrie-la-arcub\"]}]},{\"@type\":\"ImageObject\",\"inLanguage\":\"ro-RO\",\"@id\":\"https:\\\/\\\/www.societateamuzicala.ro\\\/societateaculturala\\\/helmut-sturmer-expune-in-noiembrie-la-arcub#primaryimage\",\"url\":\"https:\\\/\\\/www.societateamuzicala.ro\\\/societateaculturala\\\/wp-content\\\/uploads\\\/2022\\\/10\\\/Helmut-Sturmer-expune-la-ARCUB.jpg\",\"contentUrl\":\"https:\\\/\\\/www.societateamuzicala.ro\\\/societateaculturala\\\/wp-content\\\/uploads\\\/2022\\\/10\\\/Helmut-Sturmer-expune-la-ARCUB.jpg\",\"width\":1024,\"height\":576,\"caption\":\"Helmut St\u00fcrmer expune la ARCUB\"},{\"@type\":\"BreadcrumbList\",\"@id\":\"https:\\\/\\\/www.societateamuzicala.ro\\\/societateaculturala\\\/helmut-sturmer-expune-in-noiembrie-la-arcub#breadcrumb\",\"itemListElement\":[{\"@type\":\"ListItem\",\"position\":1,\"name\":\"Acas\u0103\",\"item\":\"https:\\\/\\\/www.societateamuzicala.ro\\\/societateaculturala\"},{\"@type\":\"ListItem\",\"position\":2,\"name\":\"Helmut St\u00fcrmer expune \u00een noiembrie la ARCUB\"}]},{\"@type\":\"WebSite\",\"@id\":\"https:\\\/\\\/www.societateamuzicala.ro\\\/societateaculturala\\\/#website\",\"url\":\"https:\\\/\\\/www.societateamuzicala.ro\\\/societateaculturala\\\/\",\"name\":\"Societatea Culturala\",\"description\":\"Platforma de marketing si informatii culturale\",\"potentialAction\":[{\"@type\":\"SearchAction\",\"target\":{\"@type\":\"EntryPoint\",\"urlTemplate\":\"https:\\\/\\\/www.societateamuzicala.ro\\\/societateaculturala\\\/?s={search_term_string}\"},\"query-input\":{\"@type\":\"PropertyValueSpecification\",\"valueRequired\":true,\"valueName\":\"search_term_string\"}}],\"inLanguage\":\"ro-RO\"},{\"@type\":\"Person\",\"@id\":\"https:\\\/\\\/www.societateamuzicala.ro\\\/societateaculturala\\\/#\\\/schema\\\/person\\\/0608b1774a3787abb7ff1d5e8d1b84eb\",\"name\":\"Catoi Daniel\",\"image\":{\"@type\":\"ImageObject\",\"inLanguage\":\"ro-RO\",\"@id\":\"https:\\\/\\\/secure.gravatar.com\\\/avatar\\\/c0882a218c936889972a11c796e8ed91e0aff99b92af7212c04f740da3928233?s=96&d=mm&r=g\",\"url\":\"https:\\\/\\\/secure.gravatar.com\\\/avatar\\\/c0882a218c936889972a11c796e8ed91e0aff99b92af7212c04f740da3928233?s=96&d=mm&r=g\",\"contentUrl\":\"https:\\\/\\\/secure.gravatar.com\\\/avatar\\\/c0882a218c936889972a11c796e8ed91e0aff99b92af7212c04f740da3928233?s=96&d=mm&r=g\",\"caption\":\"Catoi Daniel\"},\"url\":\"https:\\\/\\\/www.societateamuzicala.ro\\\/societateaculturala\\\/author\\\/daniel\"}]}<\/script>\n<!-- \/ Yoast SEO plugin. -->","yoast_head_json":{"title":"Helmut St\u00fcrmer expune \u00een noiembrie la ARCUB - Societatea Culturala","robots":{"index":"index","follow":"follow","max-snippet":"max-snippet:-1","max-image-preview":"max-image-preview:large","max-video-preview":"max-video-preview:-1"},"canonical":"https:\/\/www.societateamuzicala.ro\/societateaculturala\/helmut-sturmer-expune-in-noiembrie-la-arcub","og_locale":"ro_RO","og_type":"article","og_title":"Helmut St\u00fcrmer expune \u00een noiembrie la ARCUB - Societatea Culturala","og_description":"Helmut St\u00fcrmer, figur\u0103 prolific\u0103 a scenografiei interna\u0163ionale, expune, \u00een noiembrie, la ARCUB \u00centre 7 \u015fi 29 noiembrie 2022, expozi\u021bia \u201eHelmut St\u00fcrmer. Decor\/Costum\/Desen\u201d de la ARCUB \u2013 Hanul Gabroveni reconstruie\u0219te parcursul profesional al artistului Helmut St\u00fcrmer, scenograf de teatru, oper\u0103 \u015fi film, creator de costume \u015fi light designer. Evenimentul face parte din programul edi\u0163iei din acest [&hellip;]","og_url":"https:\/\/www.societateamuzicala.ro\/societateaculturala\/helmut-sturmer-expune-in-noiembrie-la-arcub","og_site_name":"Societatea Culturala","article_published_time":"2022-10-27T12:50:08+00:00","og_image":[{"width":1024,"height":576,"url":"https:\/\/www.societateamuzicala.ro\/societateaculturala\/wp-content\/uploads\/2022\/10\/Helmut-Sturmer-expune-la-ARCUB.jpg","type":"image\/jpeg"}],"author":"Catoi Daniel","twitter_card":"summary_large_image","twitter_misc":{"Scris de":"Catoi Daniel","Timp estimat pentru citire":"5 minute"},"schema":{"@context":"https:\/\/schema.org","@graph":[{"@type":"Article","@id":"https:\/\/www.societateamuzicala.ro\/societateaculturala\/helmut-sturmer-expune-in-noiembrie-la-arcub#article","isPartOf":{"@id":"https:\/\/www.societateamuzicala.ro\/societateaculturala\/helmut-sturmer-expune-in-noiembrie-la-arcub"},"author":{"name":"Catoi Daniel","@id":"https:\/\/www.societateamuzicala.ro\/societateaculturala\/#\/schema\/person\/0608b1774a3787abb7ff1d5e8d1b84eb"},"headline":"Helmut St\u00fcrmer expune \u00een noiembrie la ARCUB","datePublished":"2022-10-27T12:50:08+00:00","mainEntityOfPage":{"@id":"https:\/\/www.societateamuzicala.ro\/societateaculturala\/helmut-sturmer-expune-in-noiembrie-la-arcub"},"wordCount":817,"commentCount":0,"image":{"@id":"https:\/\/www.societateamuzicala.ro\/societateaculturala\/helmut-sturmer-expune-in-noiembrie-la-arcub#primaryimage"},"thumbnailUrl":"https:\/\/www.societateamuzicala.ro\/societateaculturala\/wp-content\/uploads\/2022\/10\/Helmut-Sturmer-expune-la-ARCUB-520x293.jpg","keywords":["arte plastice","cinema","concerte","concerte muzica clasica","Cultura","evenimente culturale","expozitii","film","muzica clasica","muzica clasica romania","teatru"],"articleSection":["Evenimente si stiri"],"inLanguage":"ro-RO","potentialAction":[{"@type":"CommentAction","name":"Comment","target":["https:\/\/www.societateamuzicala.ro\/societateaculturala\/helmut-sturmer-expune-in-noiembrie-la-arcub#respond"]}]},{"@type":"WebPage","@id":"https:\/\/www.societateamuzicala.ro\/societateaculturala\/helmut-sturmer-expune-in-noiembrie-la-arcub","url":"https:\/\/www.societateamuzicala.ro\/societateaculturala\/helmut-sturmer-expune-in-noiembrie-la-arcub","name":"Helmut St\u00fcrmer expune \u00een noiembrie la ARCUB - Societatea Culturala","isPartOf":{"@id":"https:\/\/www.societateamuzicala.ro\/societateaculturala\/#website"},"primaryImageOfPage":{"@id":"https:\/\/www.societateamuzicala.ro\/societateaculturala\/helmut-sturmer-expune-in-noiembrie-la-arcub#primaryimage"},"image":{"@id":"https:\/\/www.societateamuzicala.ro\/societateaculturala\/helmut-sturmer-expune-in-noiembrie-la-arcub#primaryimage"},"thumbnailUrl":"https:\/\/www.societateamuzicala.ro\/societateaculturala\/wp-content\/uploads\/2022\/10\/Helmut-Sturmer-expune-la-ARCUB-520x293.jpg","datePublished":"2022-10-27T12:50:08+00:00","author":{"@id":"https:\/\/www.societateamuzicala.ro\/societateaculturala\/#\/schema\/person\/0608b1774a3787abb7ff1d5e8d1b84eb"},"breadcrumb":{"@id":"https:\/\/www.societateamuzicala.ro\/societateaculturala\/helmut-sturmer-expune-in-noiembrie-la-arcub#breadcrumb"},"inLanguage":"ro-RO","potentialAction":[{"@type":"ReadAction","target":["https:\/\/www.societateamuzicala.ro\/societateaculturala\/helmut-sturmer-expune-in-noiembrie-la-arcub"]}]},{"@type":"ImageObject","inLanguage":"ro-RO","@id":"https:\/\/www.societateamuzicala.ro\/societateaculturala\/helmut-sturmer-expune-in-noiembrie-la-arcub#primaryimage","url":"https:\/\/www.societateamuzicala.ro\/societateaculturala\/wp-content\/uploads\/2022\/10\/Helmut-Sturmer-expune-la-ARCUB.jpg","contentUrl":"https:\/\/www.societateamuzicala.ro\/societateaculturala\/wp-content\/uploads\/2022\/10\/Helmut-Sturmer-expune-la-ARCUB.jpg","width":1024,"height":576,"caption":"Helmut St\u00fcrmer expune la ARCUB"},{"@type":"BreadcrumbList","@id":"https:\/\/www.societateamuzicala.ro\/societateaculturala\/helmut-sturmer-expune-in-noiembrie-la-arcub#breadcrumb","itemListElement":[{"@type":"ListItem","position":1,"name":"Acas\u0103","item":"https:\/\/www.societateamuzicala.ro\/societateaculturala"},{"@type":"ListItem","position":2,"name":"Helmut St\u00fcrmer expune \u00een noiembrie la ARCUB"}]},{"@type":"WebSite","@id":"https:\/\/www.societateamuzicala.ro\/societateaculturala\/#website","url":"https:\/\/www.societateamuzicala.ro\/societateaculturala\/","name":"Societatea Culturala","description":"Platforma de marketing si informatii culturale","potentialAction":[{"@type":"SearchAction","target":{"@type":"EntryPoint","urlTemplate":"https:\/\/www.societateamuzicala.ro\/societateaculturala\/?s={search_term_string}"},"query-input":{"@type":"PropertyValueSpecification","valueRequired":true,"valueName":"search_term_string"}}],"inLanguage":"ro-RO"},{"@type":"Person","@id":"https:\/\/www.societateamuzicala.ro\/societateaculturala\/#\/schema\/person\/0608b1774a3787abb7ff1d5e8d1b84eb","name":"Catoi Daniel","image":{"@type":"ImageObject","inLanguage":"ro-RO","@id":"https:\/\/secure.gravatar.com\/avatar\/c0882a218c936889972a11c796e8ed91e0aff99b92af7212c04f740da3928233?s=96&d=mm&r=g","url":"https:\/\/secure.gravatar.com\/avatar\/c0882a218c936889972a11c796e8ed91e0aff99b92af7212c04f740da3928233?s=96&d=mm&r=g","contentUrl":"https:\/\/secure.gravatar.com\/avatar\/c0882a218c936889972a11c796e8ed91e0aff99b92af7212c04f740da3928233?s=96&d=mm&r=g","caption":"Catoi Daniel"},"url":"https:\/\/www.societateamuzicala.ro\/societateaculturala\/author\/daniel"}]}},"_links":{"self":[{"href":"https:\/\/www.societateamuzicala.ro\/societateaculturala\/wp-json\/wp\/v2\/posts\/32926","targetHints":{"allow":["GET"]}}],"collection":[{"href":"https:\/\/www.societateamuzicala.ro\/societateaculturala\/wp-json\/wp\/v2\/posts"}],"about":[{"href":"https:\/\/www.societateamuzicala.ro\/societateaculturala\/wp-json\/wp\/v2\/types\/post"}],"author":[{"embeddable":true,"href":"https:\/\/www.societateamuzicala.ro\/societateaculturala\/wp-json\/wp\/v2\/users\/22"}],"replies":[{"embeddable":true,"href":"https:\/\/www.societateamuzicala.ro\/societateaculturala\/wp-json\/wp\/v2\/comments?post=32926"}],"version-history":[{"count":0,"href":"https:\/\/www.societateamuzicala.ro\/societateaculturala\/wp-json\/wp\/v2\/posts\/32926\/revisions"}],"wp:attachment":[{"href":"https:\/\/www.societateamuzicala.ro\/societateaculturala\/wp-json\/wp\/v2\/media?parent=32926"}],"wp:term":[{"taxonomy":"category","embeddable":true,"href":"https:\/\/www.societateamuzicala.ro\/societateaculturala\/wp-json\/wp\/v2\/categories?post=32926"},{"taxonomy":"post_tag","embeddable":true,"href":"https:\/\/www.societateamuzicala.ro\/societateaculturala\/wp-json\/wp\/v2\/tags?post=32926"}],"curies":[{"name":"wp","href":"https:\/\/api.w.org\/{rel}","templated":true}]}}