{"id":32741,"date":"2022-07-14T11:14:55","date_gmt":"2022-07-14T11:14:55","guid":{"rendered":"https:\/\/www.societateamuzicala.ro\/societateaculturala\/?p=32741"},"modified":"2022-07-14T11:14:55","modified_gmt":"2022-07-14T11:14:55","slug":"voix-nouvelles-in-romania-concurs-adresat-tinerilor-artisti-lirici","status":"publish","type":"post","link":"https:\/\/www.societateamuzicala.ro\/societateaculturala\/voix-nouvelles-in-romania-concurs-adresat-tinerilor-artisti-lirici","title":{"rendered":"Voix Nouvelles \u00een Rom\u00e2nia &#8211; concurs adresat tinerilor arti\u0219ti lirici"},"content":{"rendered":"<p><strong>VOIX NOUVELLES \u00ceN ROM\u00c2NIA \u2013 CONCURS ADRESAT TINERILOR ARTI\u0218TI LIRICI<\/strong><\/p>\n<p>Concursul interna\u021bional <em>Voix Nouvelles<\/em> organizat de Asocia\u021bia <em>G\u00e9n\u00e9ration Op\u00e9ra<\/em> se relanseaz\u0103 \u00een 2022 la ini\u021biativa actri\u021bei Agn\u00e8s Jaoui, sub tutela c\u0103reia se desf\u0103\u0219oar\u0103 pentru a cincea oar\u0103 de la lansarea sa (\u00een 1988), cu o prim\u0103 edi\u021bie deschis\u0103 interpre\u021bilor francofoni din Rom\u00e2nia.<\/p>\n<p><em>Voix Nouvelles<\/em> a dat ocazia unor descoperiri precum Natalie Dessay, Karine Deshayes, Nathalie Manfrino, Anne-Catherine Gillet, H\u00e9l\u00e8ne Guilmette, Florian Laconi, St\u00e9phane Degout, Nicolas Test\u00e9, H\u00e9l\u00e8ne Carpentier, Ang\u00e9lique Boudeville, Eva Za\u00efcik printre mul\u021bi al\u021bii.<\/p>\n<p>\u00cen acest an, concursul se adreseaz\u0103 tinerilor arti\u0219ti lirici din Rom\u00e2nia, Fran\u021ba, Belgia, Elve\u021bia, Canada, Germania \u0219i Anglia. Probele eliminatorii au loc la Bucure\u0219ti \u00een datele de 12 \u0219i 13 decembrie 2022 la Sala Elvire Popesco a Institutului Francez din Rom\u00e2nia la Bucure\u0219ti. Doisprezece candida\u021bi vor fi selecta\u021bi pentru a interpreta pe scena Op\u00e9ra-Comique din Paris, \u00een cadrul Marii finale din noiembrie 2023.<\/p>\n<p>Primele trei premii sunt \u00een valoare de 10 000\u20ac, 7 000\u20ac \u0219i respectiv 4 000\u20ac, c\u00e2\u0219tig\u0103torii locurilor 4, 5 \u0219i 6 vor participa la turneul organizat ca urmare a concursului. De asemenea va fi oferit \u0219i Premiul Special al publicului (neremunerat) precum \u0219i Premiul Teatrelor elve\u021biene (Prix sp\u00e9cial des Th\u00e9\u00e2tres suisses) \u00een valoare de 2 000\u20ac.<\/p>\n<p>Participarea la probele de la Bucure\u0219ti nu va fi subven\u021bionat\u0103 dar persoanele selec\u021bionate pentru Finala organizat\u0103 \u00een Fran\u021ba vor beneficia de plata cheltuielilor de transport \u0219i cazare \u00een aceast\u0103 \u021bar\u0103.<\/p>\n<p>\u00censcrierile la Concursul Voix Nouvelles sunt deschise p\u00e2n\u0103 pe data de <strong>15 septembrie 2022<\/strong> pe <a href=\"https:\/\/www.generationopera.fr\/voix-nouvelles\">https:\/\/www.generationopera.fr\/voix-nouvelles<\/a> \u0219i se adreseaz\u0103 arti\u0219tilor cu v\u00e2rsta sub 32 de ani (la 30 decembrie 2022) care sunt originari, studen\u021bi sau reziden\u021bi \u00eentr-una dintre \u021b\u0103rile francofone participante.<\/p>\n<p>Mai multe informa\u021bii <a href=\"https:\/\/institutfrancais.ro\/bucuresti\/voix-nouvelles-in-romania-concurs-adresat-tinerilor-artisti-lirici\/#\/\">aici<\/a><\/p>\n<p>Partener media: <strong>Radio Rom\u00e2nia Muzical<\/strong><\/p>\n","protected":false},"excerpt":{"rendered":"<p>VOIX NOUVELLES \u00ceN ROM\u00c2NIA \u2013 CONCURS ADRESAT TINERILOR ARTI\u0218TI LIRICI Concursul interna\u021bional Voix Nouvelles organizat de Asocia\u021bia G\u00e9n\u00e9ration Op\u00e9ra se relanseaz\u0103 \u00een 2022 la ini\u021biativa actri\u021bei Agn\u00e8s Jaoui, sub tutela c\u0103reia se desf\u0103\u0219oar\u0103 pentru a cincea oar\u0103 de la lansarea sa (\u00een 1988), cu o prim\u0103 edi\u021bie deschis\u0103 interpre\u021bilor francofoni din Rom\u00e2nia. Voix Nouvelles a [&hellip;]<\/p>\n","protected":false},"author":22,"featured_media":0,"comment_status":"open","ping_status":"open","sticky":false,"template":"","format":"standard","meta":{"_acf_changed":false,"footnotes":""},"categories":[68],"tags":[1393,1820,191,200,4567,6322,6330,274,197,201,273],"class_list":["post-32741","post","type-post","status-publish","format-standard","hentry","category-evenimente-si-stiri","tag-arte-plastice","tag-cinema","tag-concerte","tag-concerte-muzica-clasica","tag-cultura","tag-evenimente-culturale","tag-expozitii","tag-film","tag-muzica-clasica","tag-muzica-clasica-romania","tag-teatru"],"acf":{"cc_filter":[],"poza_fixa":"https:\/\/www.societateamuzicala.ro\/societateaculturala\/wp-content\/uploads\/2022\/07\/voixnouvelles.jpg","url_poza_fixa":"","format_poza_fixa":"full-img-4-3","oras":"","sector":"","zona":"","in_strainatate":false,"pian":false,"orga":false,"data1":"","data2":"","afiseaza_data_post":false,"acf_sala":"","centru_cultural":"","articole_parinte":"","articole_relationate":"","coordonate":false,"tab1_nume":"Despre","tab3":false,"tab5":false,"tab4":false},"yoast_head":"<!-- This site is optimized with the Yoast SEO plugin v27.4 - https:\/\/yoast.com\/product\/yoast-seo-wordpress\/ -->\n<title>Voix Nouvelles \u00een Rom\u00e2nia - concurs adresat tinerilor arti\u0219ti lirici - Societatea Culturala<\/title>\n<meta name=\"description\" content=\"Concursul interna\u021bional Voix Nouvelles organizat de Asocia\u021bia G\u00e9n\u00e9ration Op\u00e9ra se relanseaz\u0103 \u00een 2022 la ini\u021biativa actri\u021bei...\" \/>\n<meta name=\"robots\" content=\"index, follow, max-snippet:-1, max-image-preview:large, max-video-preview:-1\" \/>\n<link rel=\"canonical\" href=\"https:\/\/www.societateamuzicala.ro\/societateaculturala\/voix-nouvelles-in-romania-concurs-adresat-tinerilor-artisti-lirici\" \/>\n<meta property=\"og:locale\" content=\"ro_RO\" \/>\n<meta property=\"og:type\" content=\"article\" \/>\n<meta property=\"og:title\" content=\"Voix Nouvelles \u00een Rom\u00e2nia - concurs adresat tinerilor arti\u0219ti lirici - Societatea Culturala\" \/>\n<meta property=\"og:description\" content=\"Concursul interna\u021bional Voix Nouvelles organizat de Asocia\u021bia G\u00e9n\u00e9ration Op\u00e9ra se relanseaz\u0103 \u00een 2022 la ini\u021biativa actri\u021bei Agn\u00e8s Jaoui, sub tutela c\u0103reia se desf\u0103\u0219oar\u0103 pentru a cincea oar\u0103 de la lansarea sa (\u00een 1988), cu o prim\u0103 edi\u021bie deschis\u0103 interpre\u021bilor francofoni din Rom\u00e2nia.\" \/>\n<meta property=\"og:url\" content=\"https:\/\/www.societateamuzicala.ro\/societateaculturala\/voix-nouvelles-in-romania-concurs-adresat-tinerilor-artisti-lirici\" \/>\n<meta property=\"og:site_name\" content=\"Societatea Culturala\" \/>\n<meta property=\"article:published_time\" content=\"2022-07-14T11:14:55+00:00\" \/>\n<meta property=\"og:image\" content=\"https:\/\/www.societateamuzicala.ro\/societateaculturala\/wp-content\/uploads\/2022\/07\/voixnouvelles.jpg\" \/>\n\t<meta property=\"og:image:width\" content=\"700\" \/>\n\t<meta property=\"og:image:height\" content=\"500\" \/>\n\t<meta property=\"og:image:type\" content=\"image\/jpeg\" \/>\n<meta name=\"author\" content=\"Catoi Daniel\" \/>\n<meta name=\"twitter:card\" content=\"summary_large_image\" \/>\n<meta name=\"twitter:label1\" content=\"Scris de\" \/>\n\t<meta name=\"twitter:data1\" content=\"Catoi Daniel\" \/>\n\t<meta name=\"twitter:label2\" content=\"Timp estimat pentru citire\" \/>\n\t<meta name=\"twitter:data2\" content=\"2 minute\" \/>\n<script type=\"application\/ld+json\" class=\"yoast-schema-graph\">{\"@context\":\"https:\\\/\\\/schema.org\",\"@graph\":[{\"@type\":\"Article\",\"@id\":\"https:\\\/\\\/www.societateamuzicala.ro\\\/societateaculturala\\\/voix-nouvelles-in-romania-concurs-adresat-tinerilor-artisti-lirici#article\",\"isPartOf\":{\"@id\":\"https:\\\/\\\/www.societateamuzicala.ro\\\/societateaculturala\\\/voix-nouvelles-in-romania-concurs-adresat-tinerilor-artisti-lirici\"},\"author\":{\"name\":\"Catoi Daniel\",\"@id\":\"https:\\\/\\\/www.societateamuzicala.ro\\\/societateaculturala\\\/#\\\/schema\\\/person\\\/0608b1774a3787abb7ff1d5e8d1b84eb\"},\"headline\":\"Voix Nouvelles \u00een Rom\u00e2nia &#8211; concurs adresat tinerilor arti\u0219ti lirici\",\"datePublished\":\"2022-07-14T11:14:55+00:00\",\"mainEntityOfPage\":{\"@id\":\"https:\\\/\\\/www.societateamuzicala.ro\\\/societateaculturala\\\/voix-nouvelles-in-romania-concurs-adresat-tinerilor-artisti-lirici\"},\"wordCount\":327,\"commentCount\":0,\"keywords\":[\"arte plastice\",\"cinema\",\"concerte\",\"concerte muzica clasica\",\"Cultura\",\"evenimente culturale\",\"expozitii\",\"film\",\"muzica clasica\",\"muzica clasica romania\",\"teatru\"],\"articleSection\":[\"Evenimente si stiri\"],\"inLanguage\":\"ro-RO\",\"potentialAction\":[{\"@type\":\"CommentAction\",\"name\":\"Comment\",\"target\":[\"https:\\\/\\\/www.societateamuzicala.ro\\\/societateaculturala\\\/voix-nouvelles-in-romania-concurs-adresat-tinerilor-artisti-lirici#respond\"]}]},{\"@type\":\"WebPage\",\"@id\":\"https:\\\/\\\/www.societateamuzicala.ro\\\/societateaculturala\\\/voix-nouvelles-in-romania-concurs-adresat-tinerilor-artisti-lirici\",\"url\":\"https:\\\/\\\/www.societateamuzicala.ro\\\/societateaculturala\\\/voix-nouvelles-in-romania-concurs-adresat-tinerilor-artisti-lirici\",\"name\":\"Voix Nouvelles \u00een Rom\u00e2nia - concurs adresat tinerilor arti\u0219ti lirici - Societatea Culturala\",\"isPartOf\":{\"@id\":\"https:\\\/\\\/www.societateamuzicala.ro\\\/societateaculturala\\\/#website\"},\"datePublished\":\"2022-07-14T11:14:55+00:00\",\"author\":{\"@id\":\"https:\\\/\\\/www.societateamuzicala.ro\\\/societateaculturala\\\/#\\\/schema\\\/person\\\/0608b1774a3787abb7ff1d5e8d1b84eb\"},\"description\":\"Concursul interna\u021bional Voix Nouvelles organizat de Asocia\u021bia G\u00e9n\u00e9ration Op\u00e9ra se relanseaz\u0103 \u00een 2022 la ini\u021biativa actri\u021bei...\",\"breadcrumb\":{\"@id\":\"https:\\\/\\\/www.societateamuzicala.ro\\\/societateaculturala\\\/voix-nouvelles-in-romania-concurs-adresat-tinerilor-artisti-lirici#breadcrumb\"},\"inLanguage\":\"ro-RO\",\"potentialAction\":[{\"@type\":\"ReadAction\",\"target\":[\"https:\\\/\\\/www.societateamuzicala.ro\\\/societateaculturala\\\/voix-nouvelles-in-romania-concurs-adresat-tinerilor-artisti-lirici\"]}]},{\"@type\":\"BreadcrumbList\",\"@id\":\"https:\\\/\\\/www.societateamuzicala.ro\\\/societateaculturala\\\/voix-nouvelles-in-romania-concurs-adresat-tinerilor-artisti-lirici#breadcrumb\",\"itemListElement\":[{\"@type\":\"ListItem\",\"position\":1,\"name\":\"Acas\u0103\",\"item\":\"https:\\\/\\\/www.societateamuzicala.ro\\\/societateaculturala\"},{\"@type\":\"ListItem\",\"position\":2,\"name\":\"Voix Nouvelles \u00een Rom\u00e2nia &#8211; concurs adresat tinerilor arti\u0219ti lirici\"}]},{\"@type\":\"WebSite\",\"@id\":\"https:\\\/\\\/www.societateamuzicala.ro\\\/societateaculturala\\\/#website\",\"url\":\"https:\\\/\\\/www.societateamuzicala.ro\\\/societateaculturala\\\/\",\"name\":\"Societatea Culturala\",\"description\":\"Platforma de marketing si informatii culturale\",\"potentialAction\":[{\"@type\":\"SearchAction\",\"target\":{\"@type\":\"EntryPoint\",\"urlTemplate\":\"https:\\\/\\\/www.societateamuzicala.ro\\\/societateaculturala\\\/?s={search_term_string}\"},\"query-input\":{\"@type\":\"PropertyValueSpecification\",\"valueRequired\":true,\"valueName\":\"search_term_string\"}}],\"inLanguage\":\"ro-RO\"},{\"@type\":\"Person\",\"@id\":\"https:\\\/\\\/www.societateamuzicala.ro\\\/societateaculturala\\\/#\\\/schema\\\/person\\\/0608b1774a3787abb7ff1d5e8d1b84eb\",\"name\":\"Catoi Daniel\",\"image\":{\"@type\":\"ImageObject\",\"inLanguage\":\"ro-RO\",\"@id\":\"https:\\\/\\\/secure.gravatar.com\\\/avatar\\\/c0882a218c936889972a11c796e8ed91e0aff99b92af7212c04f740da3928233?s=96&d=mm&r=g\",\"url\":\"https:\\\/\\\/secure.gravatar.com\\\/avatar\\\/c0882a218c936889972a11c796e8ed91e0aff99b92af7212c04f740da3928233?s=96&d=mm&r=g\",\"contentUrl\":\"https:\\\/\\\/secure.gravatar.com\\\/avatar\\\/c0882a218c936889972a11c796e8ed91e0aff99b92af7212c04f740da3928233?s=96&d=mm&r=g\",\"caption\":\"Catoi Daniel\"},\"url\":\"https:\\\/\\\/www.societateamuzicala.ro\\\/societateaculturala\\\/author\\\/daniel\"}]}<\/script>\n<!-- \/ Yoast SEO plugin. -->","yoast_head_json":{"title":"Voix Nouvelles \u00een Rom\u00e2nia - concurs adresat tinerilor arti\u0219ti lirici - Societatea Culturala","description":"Concursul interna\u021bional Voix Nouvelles organizat de Asocia\u021bia G\u00e9n\u00e9ration Op\u00e9ra se relanseaz\u0103 \u00een 2022 la ini\u021biativa actri\u021bei...","robots":{"index":"index","follow":"follow","max-snippet":"max-snippet:-1","max-image-preview":"max-image-preview:large","max-video-preview":"max-video-preview:-1"},"canonical":"https:\/\/www.societateamuzicala.ro\/societateaculturala\/voix-nouvelles-in-romania-concurs-adresat-tinerilor-artisti-lirici","og_locale":"ro_RO","og_type":"article","og_title":"Voix Nouvelles \u00een Rom\u00e2nia - concurs adresat tinerilor arti\u0219ti lirici - Societatea Culturala","og_description":"Concursul interna\u021bional Voix Nouvelles organizat de Asocia\u021bia G\u00e9n\u00e9ration Op\u00e9ra se relanseaz\u0103 \u00een 2022 la ini\u021biativa actri\u021bei Agn\u00e8s Jaoui, sub tutela c\u0103reia se desf\u0103\u0219oar\u0103 pentru a cincea oar\u0103 de la lansarea sa (\u00een 1988), cu o prim\u0103 edi\u021bie deschis\u0103 interpre\u021bilor francofoni din Rom\u00e2nia.","og_url":"https:\/\/www.societateamuzicala.ro\/societateaculturala\/voix-nouvelles-in-romania-concurs-adresat-tinerilor-artisti-lirici","og_site_name":"Societatea Culturala","article_published_time":"2022-07-14T11:14:55+00:00","og_image":[{"width":700,"height":500,"url":"https:\/\/www.societateamuzicala.ro\/societateaculturala\/wp-content\/uploads\/2022\/07\/voixnouvelles.jpg","type":"image\/jpeg"}],"author":"Catoi Daniel","twitter_card":"summary_large_image","twitter_misc":{"Scris de":"Catoi Daniel","Timp estimat pentru citire":"2 minute"},"schema":{"@context":"https:\/\/schema.org","@graph":[{"@type":"Article","@id":"https:\/\/www.societateamuzicala.ro\/societateaculturala\/voix-nouvelles-in-romania-concurs-adresat-tinerilor-artisti-lirici#article","isPartOf":{"@id":"https:\/\/www.societateamuzicala.ro\/societateaculturala\/voix-nouvelles-in-romania-concurs-adresat-tinerilor-artisti-lirici"},"author":{"name":"Catoi Daniel","@id":"https:\/\/www.societateamuzicala.ro\/societateaculturala\/#\/schema\/person\/0608b1774a3787abb7ff1d5e8d1b84eb"},"headline":"Voix Nouvelles \u00een Rom\u00e2nia &#8211; concurs adresat tinerilor arti\u0219ti lirici","datePublished":"2022-07-14T11:14:55+00:00","mainEntityOfPage":{"@id":"https:\/\/www.societateamuzicala.ro\/societateaculturala\/voix-nouvelles-in-romania-concurs-adresat-tinerilor-artisti-lirici"},"wordCount":327,"commentCount":0,"keywords":["arte plastice","cinema","concerte","concerte muzica clasica","Cultura","evenimente culturale","expozitii","film","muzica clasica","muzica clasica romania","teatru"],"articleSection":["Evenimente si stiri"],"inLanguage":"ro-RO","potentialAction":[{"@type":"CommentAction","name":"Comment","target":["https:\/\/www.societateamuzicala.ro\/societateaculturala\/voix-nouvelles-in-romania-concurs-adresat-tinerilor-artisti-lirici#respond"]}]},{"@type":"WebPage","@id":"https:\/\/www.societateamuzicala.ro\/societateaculturala\/voix-nouvelles-in-romania-concurs-adresat-tinerilor-artisti-lirici","url":"https:\/\/www.societateamuzicala.ro\/societateaculturala\/voix-nouvelles-in-romania-concurs-adresat-tinerilor-artisti-lirici","name":"Voix Nouvelles \u00een Rom\u00e2nia - concurs adresat tinerilor arti\u0219ti lirici - Societatea Culturala","isPartOf":{"@id":"https:\/\/www.societateamuzicala.ro\/societateaculturala\/#website"},"datePublished":"2022-07-14T11:14:55+00:00","author":{"@id":"https:\/\/www.societateamuzicala.ro\/societateaculturala\/#\/schema\/person\/0608b1774a3787abb7ff1d5e8d1b84eb"},"description":"Concursul interna\u021bional Voix Nouvelles organizat de Asocia\u021bia G\u00e9n\u00e9ration Op\u00e9ra se relanseaz\u0103 \u00een 2022 la ini\u021biativa actri\u021bei...","breadcrumb":{"@id":"https:\/\/www.societateamuzicala.ro\/societateaculturala\/voix-nouvelles-in-romania-concurs-adresat-tinerilor-artisti-lirici#breadcrumb"},"inLanguage":"ro-RO","potentialAction":[{"@type":"ReadAction","target":["https:\/\/www.societateamuzicala.ro\/societateaculturala\/voix-nouvelles-in-romania-concurs-adresat-tinerilor-artisti-lirici"]}]},{"@type":"BreadcrumbList","@id":"https:\/\/www.societateamuzicala.ro\/societateaculturala\/voix-nouvelles-in-romania-concurs-adresat-tinerilor-artisti-lirici#breadcrumb","itemListElement":[{"@type":"ListItem","position":1,"name":"Acas\u0103","item":"https:\/\/www.societateamuzicala.ro\/societateaculturala"},{"@type":"ListItem","position":2,"name":"Voix Nouvelles \u00een Rom\u00e2nia &#8211; concurs adresat tinerilor arti\u0219ti lirici"}]},{"@type":"WebSite","@id":"https:\/\/www.societateamuzicala.ro\/societateaculturala\/#website","url":"https:\/\/www.societateamuzicala.ro\/societateaculturala\/","name":"Societatea Culturala","description":"Platforma de marketing si informatii culturale","potentialAction":[{"@type":"SearchAction","target":{"@type":"EntryPoint","urlTemplate":"https:\/\/www.societateamuzicala.ro\/societateaculturala\/?s={search_term_string}"},"query-input":{"@type":"PropertyValueSpecification","valueRequired":true,"valueName":"search_term_string"}}],"inLanguage":"ro-RO"},{"@type":"Person","@id":"https:\/\/www.societateamuzicala.ro\/societateaculturala\/#\/schema\/person\/0608b1774a3787abb7ff1d5e8d1b84eb","name":"Catoi Daniel","image":{"@type":"ImageObject","inLanguage":"ro-RO","@id":"https:\/\/secure.gravatar.com\/avatar\/c0882a218c936889972a11c796e8ed91e0aff99b92af7212c04f740da3928233?s=96&d=mm&r=g","url":"https:\/\/secure.gravatar.com\/avatar\/c0882a218c936889972a11c796e8ed91e0aff99b92af7212c04f740da3928233?s=96&d=mm&r=g","contentUrl":"https:\/\/secure.gravatar.com\/avatar\/c0882a218c936889972a11c796e8ed91e0aff99b92af7212c04f740da3928233?s=96&d=mm&r=g","caption":"Catoi Daniel"},"url":"https:\/\/www.societateamuzicala.ro\/societateaculturala\/author\/daniel"}]}},"_links":{"self":[{"href":"https:\/\/www.societateamuzicala.ro\/societateaculturala\/wp-json\/wp\/v2\/posts\/32741","targetHints":{"allow":["GET"]}}],"collection":[{"href":"https:\/\/www.societateamuzicala.ro\/societateaculturala\/wp-json\/wp\/v2\/posts"}],"about":[{"href":"https:\/\/www.societateamuzicala.ro\/societateaculturala\/wp-json\/wp\/v2\/types\/post"}],"author":[{"embeddable":true,"href":"https:\/\/www.societateamuzicala.ro\/societateaculturala\/wp-json\/wp\/v2\/users\/22"}],"replies":[{"embeddable":true,"href":"https:\/\/www.societateamuzicala.ro\/societateaculturala\/wp-json\/wp\/v2\/comments?post=32741"}],"version-history":[{"count":0,"href":"https:\/\/www.societateamuzicala.ro\/societateaculturala\/wp-json\/wp\/v2\/posts\/32741\/revisions"}],"wp:attachment":[{"href":"https:\/\/www.societateamuzicala.ro\/societateaculturala\/wp-json\/wp\/v2\/media?parent=32741"}],"wp:term":[{"taxonomy":"category","embeddable":true,"href":"https:\/\/www.societateamuzicala.ro\/societateaculturala\/wp-json\/wp\/v2\/categories?post=32741"},{"taxonomy":"post_tag","embeddable":true,"href":"https:\/\/www.societateamuzicala.ro\/societateaculturala\/wp-json\/wp\/v2\/tags?post=32741"}],"curies":[{"name":"wp","href":"https:\/\/api.w.org\/{rel}","templated":true}]}}