{"id":32577,"date":"2021-12-09T10:49:29","date_gmt":"2021-12-09T10:49:29","guid":{"rendered":"https:\/\/www.societateamuzicala.ro\/societateaculturala\/?p=32577"},"modified":"2021-12-09T10:49:29","modified_gmt":"2021-12-09T10:49:29","slug":"duo-memorabil-in-ultima-reprezentatie-a-spectacolului-nunzio","status":"publish","type":"post","link":"https:\/\/www.societateamuzicala.ro\/societateaculturala\/duo-memorabil-in-ultima-reprezentatie-a-spectacolului-nunzio","title":{"rendered":"Duo memorabil \u00een ultima reprezenta\u021bie a spectacolului &#8222;Nunzio&#8221;"},"content":{"rendered":"<p><strong>ACTORII MIRCEA ANDREESCU \u0218I ION GROSU, DUO <\/strong><strong>ACTORICESC MEMORABIL \u00ceN ULTIMA REPREZENTA\u021aIE <\/strong><strong>A SPECTACOLULUI \u201eNUNZIO\u201d DIN ACEST AN <\/strong><\/p>\n<p><strong>Spectacolul de teatru \u201eNunzio\u201d de Spiro Scimone<\/strong>, una dintre cele mai recente mont\u0103ri de la ARCUB, completeaz\u0103 seria evenimentelor speciale programate pentru luna decembrie la sediul Hanului Gabroveni din str. Lipscani, nr.84-90. Astfel, iubitorii de teatru se vor putea delecta cu jocul actoricesc excep\u021bional al protagoni\u0219tilor Mircea Andreescu \u0219i Ion Grosu, \u00een ultima reprezenta\u021bie a spectacolului <strong>\u201eNunzio\u201d<\/strong> din acest an <strong>vineri, 10 decembrie, la Sala Mare ARCUB, de la ora 19:00.<\/strong><\/p>\n<p>Pus \u00een scen\u0103 de <strong>regizoarea Alina Hiristea<\/strong>, spectacolul pune accent pe tragi-comicul situa\u0163iilor prin tu\u015fe tragice contracarate de pusee de ludic, care apar precum plantele prin cr\u0103p\u0103turile din asfalt, cu o vitalitate uimitoare, la ambele personaje.<\/p>\n<p><em>\u201e<strong>Nunzio<\/strong>, un spectacol \u00een care am spus tot ce am avut de spus despre ce tr\u0103im cu to\u021bii azi. O poveste de via\u021b\u0103 adev\u0103rat\u0103, despre prietenie, jucat\u0103 extraordinar de Mircea Andreescu \u0219i Ion Grosu, <strong>Nunzio<\/strong> \u00a0v\u0103 va aduce aminte c\u0103 teatrul este \u0219i r\u0103m\u00e2ne o art\u0103.\u201d<\/em> &#8211; <strong>regizoarea Alina Hiristea<\/strong><\/p>\n<p>Un spectacol tonic despre un uciga\u015f pl\u0103tit, un <em>hit-man<\/em> (<strong>Ion Grosu<\/strong>) \u00eembl\u00e2nzit \u0219i vindecat de frustrare \u0219i ur\u0103 de c\u0103tre un b\u0103tr\u00e2n naiv p\u00e2n\u0103 la tragi-comic, un <em>homeless<\/em> (<strong>Mircea Andreescu<\/strong>). <strong>Nunzio<\/strong> exprim\u0103 puterea noastr\u0103 de a-i vindeca pe ceilal\u021bi, prin propriul exemplu, prin candoare, discre\u021bie \u0219i acel senzor tainic de umanitate ce poate fi activat \u00een fiecare dintre noi. <strong>Nunzio<\/strong> ne aminte\u0219te de marea for\u021b\u0103 a compasiunii umane ascuns\u0103 \u00eentr-un b\u0103tr\u00e2n \u00eencercat de via\u021b\u0103 ce nu \u0219i-a pierdut copil\u0103ria, exprimat\u0103 \u00eentr-un mod neo-cehovian, un nou Cehov de care teatrul actual are at\u00e2ta nevoie.<\/p>\n<p><em>\u201e<strong>Nunzio<\/strong>, o poveste cu totul nou\u0103 \u00een peisajul teatral rom\u00e2nesc, cu dou\u0103 personaje care se g\u0103sesc \u00een situa\u021bii limit\u0103. Este o pies\u0103 din care nu lipsesc momentele tensionate, dar \u0219i momentele de relaxare, bun\u0103 dispozi\u021bie. Personajul pe care \u00eel joc, care d\u0103 \u0219i numele piesei, <strong>Nunzio<\/strong>, este dispus s\u0103 tr\u0103iasc\u0103, s\u0103 c\u0103l\u0103toreasc\u0103, adun\u0103 bani, banii aceia, sigur, c\u0103 numai \u00een naivitatea lui, i-ar ajunge pentru o c\u0103l\u0103torie \u00een Brazilia&#8230; Un spectacol care v\u0103 va impresiona.\u201d<\/em> &#8211;\u00a0 actorul <strong>Mircea Andreescu<\/strong><\/p>\n<p><em>\u201eV\u0103 invit la spectacolul <strong>Nunzio<\/strong>, \u00een care am onoarea de a juca al\u0103turi de un actor imens, domnul Mircea Andreescu. A fost o bucurie \u0219i o pl\u0103cere s\u0103 lucr\u0103m la acest spectacol.\u201d \u2013 <\/em><strong>actorul Ion Grosu<\/strong><\/p>\n<p>Prima pies\u0103 scris\u0103 de actorul \u015fi <strong>autorul italian Spiro Scimone<\/strong>, <strong>Nunzio<\/strong> a fost distins\u0103 cu <strong>titlul \u201eAutori Noi\u201d<\/strong> \u00een anul 1994 \u015fi cu <strong>Medalia de Aur pentru dramaturgie<\/strong> \u00een 1995, din partea <strong>Institutului Italian de Dram\u0103 (I.D.I.)<\/strong>. Scris\u0103 \u00een dialectul messinez, Nunzio introduce un nou limbaj teatral \u015fi cucere\u015fte publicul \u015fi critica din lumea \u00eentreag\u0103.<\/p>\n<p>Textul lui Spiro Scimone a fost <strong>tradus \u00een limba rom\u00e2n\u0103<\/strong> de <strong>Eva Simon<\/strong>, \u00een cadrul proiectului interna\u0163ional de promovare a dramaturgiei contemporane \u201eFabula Mundi. Playwriting Europe\u201d, realizat \u00een 2012 de c\u0103tre Teatrul Odeon.<\/p>\n<p><strong>Biletele<\/strong> au fost puse \u00een v\u00e2nzare la pre\u021buri variabile \u00een func\u021bie de categoria de loc \u0219i pot fi achizi\u021bionate online de pe <a href=\"https:\/\/arcub.ro\/ticketsys-event\/nunzio-10-12-2021-1900-2\/\">acub.ro<\/a>, <a href=\"https:\/\/www.bilet.ro\/eveniment\/nunzio-9107-28502\">bilet.ro<\/a> \u0219i de la casa de bilete ARCUB.<\/p>\n<p><strong><u>Pre\u0163uri bilete:<\/u><\/strong><\/p>\n<p>Cat.I &#8211; 50 de lei;<\/p>\n<p>Cat.II &#8211; 35 lei cat.II.<\/p>\n<p><strong>Nunzio <\/strong>de<strong> Spiro Scimone<\/strong>, traducerea <strong>Eva Simon<\/strong><\/p>\n<p>Cu: <strong>Mircea Andreescu, Ion Grosu<\/strong><\/p>\n<p>Regia \u0219i ilustra\u021bia muzical\u0103: <strong>Alina Hiristea<\/strong><\/p>\n<p>Scenografie, concept video \u0219i film\u0103ri: <strong>Cristian Negoescu<\/strong><\/p>\n<p>Durata: <strong>1h 30 min. f\u0103r\u0103 pauz\u0103<\/strong><\/p>\n<p><strong>Parteneri media:<\/strong> Agerpres, Spotmedia.ro, Societatea de Transport Bucure\u0219ti.<\/p>\n<p><strong><u>IMPORTANT!<\/u><\/strong> <strong>Conform noilor reglement\u0103ri privind <\/strong><strong>m\u0103surile aplicate \u00een contextul pandemiei de COVID-19, organizarea spectacolului de teatru poate fi realizat\u0103 cu participarea spectatorilor p\u00e2n\u0103 la 30% din capacitatea maxim\u0103 a spa\u021biului, dac\u0103 participan\u021bii sunt persoane vaccinate \u00eempotriva virusului SARS-Cov-2 \u0219i pentru care au trecut 10 zile de la finalizarea schemei complete de vaccinare sau persoane care se afl\u0103 \u00een perioada cuprins\u0103 \u00eentre a 15-a zi \u0219i a 180-a zi ulterioar\u0103 confirm\u0103rii infect\u0103rii cu SARS-CoV-2. <\/strong><\/p>\n<p><strong>Purtarea m\u0103\u0219tii de protec\u021bie este obligatorie. <\/strong><\/p>\n<p>Ne pute\u021bi urm\u0103ri pe paginile de <a href=\"https:\/\/www.facebook.com\/ARCUB.Bucuresti\">Facebook<\/a> \u0219i <a href=\"https:\/\/www.instagram.com\/arcub.bucuresti\/\">Instagram<\/a> <strong>ARCUB.Bucure\u0219ti<\/strong> \u0219i pe <a href=\"http:\/\/www.arcub.ro\">www.arcub.ro<\/a>.<\/p>\n<p><strong><em>ARCUB <\/em><\/strong><em>&#8211; Centrul Cultural al Municipiului Bucure\u015fti cultiv\u0103 identitatea cultural\u0103 a Capitalei din 1996. Proiectele ini\u021biate \u0219i desf\u0103\u0219urate de ARCUB \u00een anii de activitate au contribuit la diversificarea vie\u021bii culturale a ora\u0219ului, precum \u0219i la \u00eenscrierea acestuia \u00een r\u00e2ndul marilor capitale ale lumii.<\/em><\/p>\n<p><strong><em>ARCUB<\/em><\/strong><em> este organizatorul Festivalului interna\u021bional al luminii \u2013 Spotlight, Festivalului Interna\u0163ional de Teatru de Strad\u0103 \u2013 B-FIT in the Street!, al singurului festival interna\u0163ional de jazz din Capital\u0103, Bucharest Jazz Festival \u0219i al Zilelor Bucure\u0219tiului.<\/em><\/p>\n\n\t\t<style type=\"text\/css\">\n\t\t\t#gallery-1 {\n\t\t\t\tmargin: auto;\n\t\t\t}\n\t\t\t#gallery-1 .gallery-item {\n\t\t\t\tfloat: left;\n\t\t\t\tmargin-top: 10px;\n\t\t\t\ttext-align: center;\n\t\t\t\twidth: 33%;\n\t\t\t}\n\t\t\t#gallery-1 img {\n\t\t\t\tborder: 2px solid #cfcfcf;\n\t\t\t}\n\t\t\t#gallery-1 .gallery-caption {\n\t\t\t\tmargin-left: 0;\n\t\t\t}\n\t\t\t\/* see gallery_shortcode() in wp-includes\/media.php *\/\n\t\t<\/style>\n\t\t<div data-carousel-extra='{\"blog_id\":1,\"permalink\":\"https:\\\/\\\/www.societateamuzicala.ro\\\/societateaculturala\\\/duo-memorabil-in-ultima-reprezentatie-a-spectacolului-nunzio\",\"likes_blog_id\":false}' id='gallery-1' class='gallery galleryid-32577 gallery-columns-3 gallery-size-thumbnail'><dl class='gallery-item'>\n\t\t\t<dt class='gallery-icon portrait'>\n\t\t\t\t<a title=\"Nunzio\" href='https:\/\/www.societateamuzicala.ro\/societateaculturala\/wp-content\/uploads\/2021\/12\/Nunzio-3.jpg'><img loading=\"lazy\" decoding=\"async\" width=\"170\" height=\"170\" src=\"https:\/\/www.societateamuzicala.ro\/societateaculturala\/wp-content\/uploads\/2021\/12\/Nunzio-3-170x170.jpg\" class=\"attachment-thumbnail size-thumbnail\" alt=\"Nunzio\" data-attachment-id=\"32580\" data-orig-file=\"https:\/\/www.societateamuzicala.ro\/societateaculturala\/wp-content\/uploads\/2021\/12\/Nunzio-3.jpg\" data-orig-size=\"418,627\" data-comments-opened=\"0\" data-image-meta=\"{&quot;aperture&quot;:&quot;0&quot;,&quot;credit&quot;:&quot;&quot;,&quot;camera&quot;:&quot;&quot;,&quot;caption&quot;:&quot;&quot;,&quot;created_timestamp&quot;:&quot;1637179829&quot;,&quot;copyright&quot;:&quot;&quot;,&quot;focal_length&quot;:&quot;0&quot;,&quot;iso&quot;:&quot;0&quot;,&quot;shutter_speed&quot;:&quot;0&quot;,&quot;title&quot;:&quot;&quot;,&quot;orientation&quot;:&quot;0&quot;,&quot;keywords&quot;:&quot;Array&quot;}\" data-image-title=\"Nunzio\" data-image-description=\"\" data-medium-file=\"https:\/\/www.societateamuzicala.ro\/societateaculturala\/wp-content\/uploads\/2021\/12\/Nunzio-3-170x255.jpg\" data-large-file=\"https:\/\/www.societateamuzicala.ro\/societateaculturala\/wp-content\/uploads\/2021\/12\/Nunzio-3-347x520.jpg\" \/><\/a>\n\t\t\t<\/dt><\/dl><dl class='gallery-item'>\n\t\t\t<dt class='gallery-icon landscape'>\n\t\t\t\t<a title=\"Nunzio\" href='https:\/\/www.societateamuzicala.ro\/societateaculturala\/wp-content\/uploads\/2021\/12\/Nunzio-1.jpg'><img loading=\"lazy\" decoding=\"async\" width=\"170\" height=\"170\" src=\"https:\/\/www.societateamuzicala.ro\/societateaculturala\/wp-content\/uploads\/2021\/12\/Nunzio-1-170x170.jpg\" class=\"attachment-thumbnail size-thumbnail\" alt=\"Nunzio\" data-attachment-id=\"32578\" data-orig-file=\"https:\/\/www.societateamuzicala.ro\/societateaculturala\/wp-content\/uploads\/2021\/12\/Nunzio-1.jpg\" data-orig-size=\"1024,683\" data-comments-opened=\"0\" data-image-meta=\"{&quot;aperture&quot;:&quot;0&quot;,&quot;credit&quot;:&quot;&quot;,&quot;camera&quot;:&quot;&quot;,&quot;caption&quot;:&quot;&quot;,&quot;created_timestamp&quot;:&quot;1637180514&quot;,&quot;copyright&quot;:&quot;&quot;,&quot;focal_length&quot;:&quot;0&quot;,&quot;iso&quot;:&quot;0&quot;,&quot;shutter_speed&quot;:&quot;0&quot;,&quot;title&quot;:&quot;&quot;,&quot;orientation&quot;:&quot;0&quot;,&quot;keywords&quot;:&quot;Array&quot;}\" data-image-title=\"Nunzio\" data-image-description=\"\" data-medium-file=\"https:\/\/www.societateamuzicala.ro\/societateaculturala\/wp-content\/uploads\/2021\/12\/Nunzio-1-255x170.jpg\" data-large-file=\"https:\/\/www.societateamuzicala.ro\/societateaculturala\/wp-content\/uploads\/2021\/12\/Nunzio-1-520x347.jpg\" \/><\/a>\n\t\t\t<\/dt><\/dl><dl class='gallery-item'>\n\t\t\t<dt class='gallery-icon landscape'>\n\t\t\t\t<a title=\"Nunzio\" href='https:\/\/www.societateamuzicala.ro\/societateaculturala\/wp-content\/uploads\/2021\/12\/Nunzio-2.jpg'><img loading=\"lazy\" decoding=\"async\" width=\"170\" height=\"170\" src=\"https:\/\/www.societateamuzicala.ro\/societateaculturala\/wp-content\/uploads\/2021\/12\/Nunzio-2-170x170.jpg\" class=\"attachment-thumbnail size-thumbnail\" alt=\"Nunzio\" data-attachment-id=\"32579\" data-orig-file=\"https:\/\/www.societateamuzicala.ro\/societateaculturala\/wp-content\/uploads\/2021\/12\/Nunzio-2.jpg\" data-orig-size=\"627,418\" data-comments-opened=\"0\" data-image-meta=\"{&quot;aperture&quot;:&quot;0&quot;,&quot;credit&quot;:&quot;&quot;,&quot;camera&quot;:&quot;&quot;,&quot;caption&quot;:&quot;&quot;,&quot;created_timestamp&quot;:&quot;1637179814&quot;,&quot;copyright&quot;:&quot;&quot;,&quot;focal_length&quot;:&quot;0&quot;,&quot;iso&quot;:&quot;0&quot;,&quot;shutter_speed&quot;:&quot;0&quot;,&quot;title&quot;:&quot;&quot;,&quot;orientation&quot;:&quot;0&quot;,&quot;keywords&quot;:&quot;Array&quot;}\" data-image-title=\"Nunzio\" data-image-description=\"\" data-medium-file=\"https:\/\/www.societateamuzicala.ro\/societateaculturala\/wp-content\/uploads\/2021\/12\/Nunzio-2-255x170.jpg\" data-large-file=\"https:\/\/www.societateamuzicala.ro\/societateaculturala\/wp-content\/uploads\/2021\/12\/Nunzio-2-520x347.jpg\" \/><\/a>\n\t\t\t<\/dt><\/dl><br style=\"clear: both\" \/>\n\t\t<\/div>\n\n","protected":false},"excerpt":{"rendered":"<p>ACTORII MIRCEA ANDREESCU \u0218I ION GROSU, DUO ACTORICESC MEMORABIL \u00ceN ULTIMA REPREZENTA\u021aIE A SPECTACOLULUI \u201eNUNZIO\u201d DIN ACEST AN Spectacolul de teatru \u201eNunzio\u201d de Spiro Scimone, una dintre cele mai recente mont\u0103ri de la ARCUB, completeaz\u0103 seria evenimentelor speciale programate pentru luna decembrie la sediul Hanului Gabroveni din str. Lipscani, nr.84-90. Astfel, iubitorii de teatru se [&hellip;]<\/p>\n","protected":false},"author":22,"featured_media":0,"comment_status":"open","ping_status":"open","sticky":false,"template":"","format":"standard","meta":{"_acf_changed":false,"footnotes":""},"categories":[68],"tags":[1393,1820,191,200,4567,6322,6330,274,197,201,273],"class_list":["post-32577","post","type-post","status-publish","format-standard","hentry","category-evenimente-si-stiri","tag-arte-plastice","tag-cinema","tag-concerte","tag-concerte-muzica-clasica","tag-cultura","tag-evenimente-culturale","tag-expozitii","tag-film","tag-muzica-clasica","tag-muzica-clasica-romania","tag-teatru"],"acf":{"cc_filter":[],"poza_fixa":"https:\/\/www.societateamuzicala.ro\/societateaculturala\/wp-content\/uploads\/2021\/12\/Nunzio-1.jpg","url_poza_fixa":"","format_poza_fixa":"full-img-4-3","oras":"","sector":"","zona":"","in_strainatate":false,"pian":false,"orga":false,"data1":1639053786,"data2":"","afiseaza_data_post":false,"acf_sala":"","centru_cultural":"","articole_parinte":"","articole_relationate":"","coordonate":false,"tab1_nume":"Despre","tab3":false,"tab5":false,"tab4":false},"yoast_head":"<!-- This site is optimized with the Yoast SEO plugin v27.4 - https:\/\/yoast.com\/product\/yoast-seo-wordpress\/ -->\n<title>Duo memorabil \u00een ultima reprezenta\u021bie a spectacolului &quot;Nunzio&quot; - Societatea Culturala<\/title>\n<meta name=\"robots\" content=\"index, follow, max-snippet:-1, max-image-preview:large, max-video-preview:-1\" \/>\n<link rel=\"canonical\" href=\"https:\/\/www.societateamuzicala.ro\/societateaculturala\/duo-memorabil-in-ultima-reprezentatie-a-spectacolului-nunzio\" \/>\n<meta property=\"og:locale\" content=\"ro_RO\" \/>\n<meta property=\"og:type\" content=\"article\" \/>\n<meta property=\"og:title\" content=\"Duo memorabil \u00een ultima reprezenta\u021bie a spectacolului &quot;Nunzio&quot; - Societatea Culturala\" \/>\n<meta property=\"og:description\" content=\"Spectacolul de teatru \u201eNunzio\u201d de Spiro Scimone, una dintre cele mai recente mont\u0103ri de la ARCUB, completeaz\u0103 seria evenimentelor speciale programate pentru luna decembrie la sediul Hanului Gabroveni din str. Lipscani, nr.84-90.\" \/>\n<meta property=\"og:url\" content=\"https:\/\/www.societateamuzicala.ro\/societateaculturala\/duo-memorabil-in-ultima-reprezentatie-a-spectacolului-nunzio\" \/>\n<meta property=\"og:site_name\" content=\"Societatea Culturala\" \/>\n<meta property=\"article:published_time\" content=\"2021-12-09T10:49:29+00:00\" \/>\n<meta property=\"og:image\" content=\"https:\/\/www.societateamuzicala.ro\/societateaculturala\/wp-content\/uploads\/2021\/12\/Nunzio-1.jpg\" \/>\n\t<meta property=\"og:image:width\" content=\"1024\" \/>\n\t<meta property=\"og:image:height\" content=\"683\" \/>\n\t<meta property=\"og:image:type\" content=\"image\/jpeg\" \/>\n<meta name=\"author\" content=\"Catoi Daniel\" \/>\n<meta name=\"twitter:card\" content=\"summary_large_image\" \/>\n<meta name=\"twitter:label1\" content=\"Scris de\" \/>\n\t<meta name=\"twitter:data1\" content=\"Catoi Daniel\" \/>\n\t<meta name=\"twitter:label2\" content=\"Timp estimat pentru citire\" \/>\n\t<meta name=\"twitter:data2\" content=\"4 minute\" \/>\n<script type=\"application\/ld+json\" class=\"yoast-schema-graph\">{\"@context\":\"https:\\\/\\\/schema.org\",\"@graph\":[{\"@type\":\"Article\",\"@id\":\"https:\\\/\\\/www.societateamuzicala.ro\\\/societateaculturala\\\/duo-memorabil-in-ultima-reprezentatie-a-spectacolului-nunzio#article\",\"isPartOf\":{\"@id\":\"https:\\\/\\\/www.societateamuzicala.ro\\\/societateaculturala\\\/duo-memorabil-in-ultima-reprezentatie-a-spectacolului-nunzio\"},\"author\":{\"name\":\"Catoi Daniel\",\"@id\":\"https:\\\/\\\/www.societateamuzicala.ro\\\/societateaculturala\\\/#\\\/schema\\\/person\\\/0608b1774a3787abb7ff1d5e8d1b84eb\"},\"headline\":\"Duo memorabil \u00een ultima reprezenta\u021bie a spectacolului &#8222;Nunzio&#8221;\",\"datePublished\":\"2021-12-09T10:49:29+00:00\",\"mainEntityOfPage\":{\"@id\":\"https:\\\/\\\/www.societateamuzicala.ro\\\/societateaculturala\\\/duo-memorabil-in-ultima-reprezentatie-a-spectacolului-nunzio\"},\"wordCount\":810,\"commentCount\":0,\"keywords\":[\"arte plastice\",\"cinema\",\"concerte\",\"concerte muzica clasica\",\"Cultura\",\"evenimente culturale\",\"expozitii\",\"film\",\"muzica clasica\",\"muzica clasica romania\",\"teatru\"],\"articleSection\":[\"Evenimente si stiri\"],\"inLanguage\":\"ro-RO\",\"potentialAction\":[{\"@type\":\"CommentAction\",\"name\":\"Comment\",\"target\":[\"https:\\\/\\\/www.societateamuzicala.ro\\\/societateaculturala\\\/duo-memorabil-in-ultima-reprezentatie-a-spectacolului-nunzio#respond\"]}]},{\"@type\":\"WebPage\",\"@id\":\"https:\\\/\\\/www.societateamuzicala.ro\\\/societateaculturala\\\/duo-memorabil-in-ultima-reprezentatie-a-spectacolului-nunzio\",\"url\":\"https:\\\/\\\/www.societateamuzicala.ro\\\/societateaculturala\\\/duo-memorabil-in-ultima-reprezentatie-a-spectacolului-nunzio\",\"name\":\"Duo memorabil \u00een ultima reprezenta\u021bie a spectacolului \\\"Nunzio\\\" - Societatea Culturala\",\"isPartOf\":{\"@id\":\"https:\\\/\\\/www.societateamuzicala.ro\\\/societateaculturala\\\/#website\"},\"datePublished\":\"2021-12-09T10:49:29+00:00\",\"author\":{\"@id\":\"https:\\\/\\\/www.societateamuzicala.ro\\\/societateaculturala\\\/#\\\/schema\\\/person\\\/0608b1774a3787abb7ff1d5e8d1b84eb\"},\"breadcrumb\":{\"@id\":\"https:\\\/\\\/www.societateamuzicala.ro\\\/societateaculturala\\\/duo-memorabil-in-ultima-reprezentatie-a-spectacolului-nunzio#breadcrumb\"},\"inLanguage\":\"ro-RO\",\"potentialAction\":[{\"@type\":\"ReadAction\",\"target\":[\"https:\\\/\\\/www.societateamuzicala.ro\\\/societateaculturala\\\/duo-memorabil-in-ultima-reprezentatie-a-spectacolului-nunzio\"]}]},{\"@type\":\"BreadcrumbList\",\"@id\":\"https:\\\/\\\/www.societateamuzicala.ro\\\/societateaculturala\\\/duo-memorabil-in-ultima-reprezentatie-a-spectacolului-nunzio#breadcrumb\",\"itemListElement\":[{\"@type\":\"ListItem\",\"position\":1,\"name\":\"Acas\u0103\",\"item\":\"https:\\\/\\\/www.societateamuzicala.ro\\\/societateaculturala\"},{\"@type\":\"ListItem\",\"position\":2,\"name\":\"Duo memorabil \u00een ultima reprezenta\u021bie a spectacolului &#8222;Nunzio&#8221;\"}]},{\"@type\":\"WebSite\",\"@id\":\"https:\\\/\\\/www.societateamuzicala.ro\\\/societateaculturala\\\/#website\",\"url\":\"https:\\\/\\\/www.societateamuzicala.ro\\\/societateaculturala\\\/\",\"name\":\"Societatea Culturala\",\"description\":\"Platforma de marketing si informatii culturale\",\"potentialAction\":[{\"@type\":\"SearchAction\",\"target\":{\"@type\":\"EntryPoint\",\"urlTemplate\":\"https:\\\/\\\/www.societateamuzicala.ro\\\/societateaculturala\\\/?s={search_term_string}\"},\"query-input\":{\"@type\":\"PropertyValueSpecification\",\"valueRequired\":true,\"valueName\":\"search_term_string\"}}],\"inLanguage\":\"ro-RO\"},{\"@type\":\"Person\",\"@id\":\"https:\\\/\\\/www.societateamuzicala.ro\\\/societateaculturala\\\/#\\\/schema\\\/person\\\/0608b1774a3787abb7ff1d5e8d1b84eb\",\"name\":\"Catoi Daniel\",\"image\":{\"@type\":\"ImageObject\",\"inLanguage\":\"ro-RO\",\"@id\":\"https:\\\/\\\/secure.gravatar.com\\\/avatar\\\/c0882a218c936889972a11c796e8ed91e0aff99b92af7212c04f740da3928233?s=96&d=mm&r=g\",\"url\":\"https:\\\/\\\/secure.gravatar.com\\\/avatar\\\/c0882a218c936889972a11c796e8ed91e0aff99b92af7212c04f740da3928233?s=96&d=mm&r=g\",\"contentUrl\":\"https:\\\/\\\/secure.gravatar.com\\\/avatar\\\/c0882a218c936889972a11c796e8ed91e0aff99b92af7212c04f740da3928233?s=96&d=mm&r=g\",\"caption\":\"Catoi Daniel\"},\"url\":\"https:\\\/\\\/www.societateamuzicala.ro\\\/societateaculturala\\\/author\\\/daniel\"}]}<\/script>\n<!-- \/ Yoast SEO plugin. -->","yoast_head_json":{"title":"Duo memorabil \u00een ultima reprezenta\u021bie a spectacolului \"Nunzio\" - Societatea Culturala","robots":{"index":"index","follow":"follow","max-snippet":"max-snippet:-1","max-image-preview":"max-image-preview:large","max-video-preview":"max-video-preview:-1"},"canonical":"https:\/\/www.societateamuzicala.ro\/societateaculturala\/duo-memorabil-in-ultima-reprezentatie-a-spectacolului-nunzio","og_locale":"ro_RO","og_type":"article","og_title":"Duo memorabil \u00een ultima reprezenta\u021bie a spectacolului \"Nunzio\" - Societatea Culturala","og_description":"Spectacolul de teatru \u201eNunzio\u201d de Spiro Scimone, una dintre cele mai recente mont\u0103ri de la ARCUB, completeaz\u0103 seria evenimentelor speciale programate pentru luna decembrie la sediul Hanului Gabroveni din str. Lipscani, nr.84-90.","og_url":"https:\/\/www.societateamuzicala.ro\/societateaculturala\/duo-memorabil-in-ultima-reprezentatie-a-spectacolului-nunzio","og_site_name":"Societatea Culturala","article_published_time":"2021-12-09T10:49:29+00:00","og_image":[{"width":1024,"height":683,"url":"https:\/\/www.societateamuzicala.ro\/societateaculturala\/wp-content\/uploads\/2021\/12\/Nunzio-1.jpg","type":"image\/jpeg"}],"author":"Catoi Daniel","twitter_card":"summary_large_image","twitter_misc":{"Scris de":"Catoi Daniel","Timp estimat pentru citire":"4 minute"},"schema":{"@context":"https:\/\/schema.org","@graph":[{"@type":"Article","@id":"https:\/\/www.societateamuzicala.ro\/societateaculturala\/duo-memorabil-in-ultima-reprezentatie-a-spectacolului-nunzio#article","isPartOf":{"@id":"https:\/\/www.societateamuzicala.ro\/societateaculturala\/duo-memorabil-in-ultima-reprezentatie-a-spectacolului-nunzio"},"author":{"name":"Catoi Daniel","@id":"https:\/\/www.societateamuzicala.ro\/societateaculturala\/#\/schema\/person\/0608b1774a3787abb7ff1d5e8d1b84eb"},"headline":"Duo memorabil \u00een ultima reprezenta\u021bie a spectacolului &#8222;Nunzio&#8221;","datePublished":"2021-12-09T10:49:29+00:00","mainEntityOfPage":{"@id":"https:\/\/www.societateamuzicala.ro\/societateaculturala\/duo-memorabil-in-ultima-reprezentatie-a-spectacolului-nunzio"},"wordCount":810,"commentCount":0,"keywords":["arte plastice","cinema","concerte","concerte muzica clasica","Cultura","evenimente culturale","expozitii","film","muzica clasica","muzica clasica romania","teatru"],"articleSection":["Evenimente si stiri"],"inLanguage":"ro-RO","potentialAction":[{"@type":"CommentAction","name":"Comment","target":["https:\/\/www.societateamuzicala.ro\/societateaculturala\/duo-memorabil-in-ultima-reprezentatie-a-spectacolului-nunzio#respond"]}]},{"@type":"WebPage","@id":"https:\/\/www.societateamuzicala.ro\/societateaculturala\/duo-memorabil-in-ultima-reprezentatie-a-spectacolului-nunzio","url":"https:\/\/www.societateamuzicala.ro\/societateaculturala\/duo-memorabil-in-ultima-reprezentatie-a-spectacolului-nunzio","name":"Duo memorabil \u00een ultima reprezenta\u021bie a spectacolului \"Nunzio\" - Societatea Culturala","isPartOf":{"@id":"https:\/\/www.societateamuzicala.ro\/societateaculturala\/#website"},"datePublished":"2021-12-09T10:49:29+00:00","author":{"@id":"https:\/\/www.societateamuzicala.ro\/societateaculturala\/#\/schema\/person\/0608b1774a3787abb7ff1d5e8d1b84eb"},"breadcrumb":{"@id":"https:\/\/www.societateamuzicala.ro\/societateaculturala\/duo-memorabil-in-ultima-reprezentatie-a-spectacolului-nunzio#breadcrumb"},"inLanguage":"ro-RO","potentialAction":[{"@type":"ReadAction","target":["https:\/\/www.societateamuzicala.ro\/societateaculturala\/duo-memorabil-in-ultima-reprezentatie-a-spectacolului-nunzio"]}]},{"@type":"BreadcrumbList","@id":"https:\/\/www.societateamuzicala.ro\/societateaculturala\/duo-memorabil-in-ultima-reprezentatie-a-spectacolului-nunzio#breadcrumb","itemListElement":[{"@type":"ListItem","position":1,"name":"Acas\u0103","item":"https:\/\/www.societateamuzicala.ro\/societateaculturala"},{"@type":"ListItem","position":2,"name":"Duo memorabil \u00een ultima reprezenta\u021bie a spectacolului &#8222;Nunzio&#8221;"}]},{"@type":"WebSite","@id":"https:\/\/www.societateamuzicala.ro\/societateaculturala\/#website","url":"https:\/\/www.societateamuzicala.ro\/societateaculturala\/","name":"Societatea Culturala","description":"Platforma de marketing si informatii culturale","potentialAction":[{"@type":"SearchAction","target":{"@type":"EntryPoint","urlTemplate":"https:\/\/www.societateamuzicala.ro\/societateaculturala\/?s={search_term_string}"},"query-input":{"@type":"PropertyValueSpecification","valueRequired":true,"valueName":"search_term_string"}}],"inLanguage":"ro-RO"},{"@type":"Person","@id":"https:\/\/www.societateamuzicala.ro\/societateaculturala\/#\/schema\/person\/0608b1774a3787abb7ff1d5e8d1b84eb","name":"Catoi Daniel","image":{"@type":"ImageObject","inLanguage":"ro-RO","@id":"https:\/\/secure.gravatar.com\/avatar\/c0882a218c936889972a11c796e8ed91e0aff99b92af7212c04f740da3928233?s=96&d=mm&r=g","url":"https:\/\/secure.gravatar.com\/avatar\/c0882a218c936889972a11c796e8ed91e0aff99b92af7212c04f740da3928233?s=96&d=mm&r=g","contentUrl":"https:\/\/secure.gravatar.com\/avatar\/c0882a218c936889972a11c796e8ed91e0aff99b92af7212c04f740da3928233?s=96&d=mm&r=g","caption":"Catoi Daniel"},"url":"https:\/\/www.societateamuzicala.ro\/societateaculturala\/author\/daniel"}]}},"_links":{"self":[{"href":"https:\/\/www.societateamuzicala.ro\/societateaculturala\/wp-json\/wp\/v2\/posts\/32577","targetHints":{"allow":["GET"]}}],"collection":[{"href":"https:\/\/www.societateamuzicala.ro\/societateaculturala\/wp-json\/wp\/v2\/posts"}],"about":[{"href":"https:\/\/www.societateamuzicala.ro\/societateaculturala\/wp-json\/wp\/v2\/types\/post"}],"author":[{"embeddable":true,"href":"https:\/\/www.societateamuzicala.ro\/societateaculturala\/wp-json\/wp\/v2\/users\/22"}],"replies":[{"embeddable":true,"href":"https:\/\/www.societateamuzicala.ro\/societateaculturala\/wp-json\/wp\/v2\/comments?post=32577"}],"version-history":[{"count":0,"href":"https:\/\/www.societateamuzicala.ro\/societateaculturala\/wp-json\/wp\/v2\/posts\/32577\/revisions"}],"wp:attachment":[{"href":"https:\/\/www.societateamuzicala.ro\/societateaculturala\/wp-json\/wp\/v2\/media?parent=32577"}],"wp:term":[{"taxonomy":"category","embeddable":true,"href":"https:\/\/www.societateamuzicala.ro\/societateaculturala\/wp-json\/wp\/v2\/categories?post=32577"},{"taxonomy":"post_tag","embeddable":true,"href":"https:\/\/www.societateamuzicala.ro\/societateaculturala\/wp-json\/wp\/v2\/tags?post=32577"}],"curies":[{"name":"wp","href":"https:\/\/api.w.org\/{rel}","templated":true}]}}