{"id":32528,"date":"2021-10-26T08:57:46","date_gmt":"2021-10-26T08:57:46","guid":{"rendered":"https:\/\/www.societateamuzicala.ro\/societateaculturala\/?p=32528"},"modified":"2021-10-26T08:57:46","modified_gmt":"2021-10-26T08:57:46","slug":"proiectul-culturalslavea-ajuns-la-final","status":"publish","type":"post","link":"https:\/\/www.societateamuzicala.ro\/societateaculturala\/proiectul-culturalslavea-ajuns-la-final","title":{"rendered":"Proiectul cultural\u201eS(L)AVE\u201da ajuns la final"},"content":{"rendered":"<p>Asocia\u021bia Arte dell\u2019Anima a prezentat \u00een luna octombrie 2021 spectacolul lectur\u0103 \u201eCARNE\u201d de Andreea T\u0103nase, regia George Zamfir, \u00een cadrul proiectului \u201eS(L)AVE\u201d, proiect cultural finan\u021bat de Ministerul Culturii \u00een cadrul programului ACCES 2021. Spectacolul spune povestea a dou\u0103 femei, Eva \u0219i Ana, ce ajung victime ale traficului de persoane.<\/p>\n<p>\u00cen datele de 12, 13 \u0219i 16 octombrie, s\u0103lile unde au fost sus\u021binute spectacolele lectur\u0103 au p\u0103rut ne\u00eenc\u0103p\u0103toare, chiar \u0219i \u00een condi\u021biile de capacitate 50%. Peste 400 de elevi, tineri \u0219i studen\u021bi ai Universit\u0103\u021bii POLITEHNICA Bucure\u0219ti \u0219i Universit\u0103\u021bii de Medicin\u0103 \u0219i Farmacie \u201eCarol Davila\u201d din Bucure\u0219ti au aplaudat acest text. Spectacolul din data de 15 octombrie a fost transmis live pe platforma ZOOM. Ne-am bucurat s\u0103 avem o audien\u021b\u0103 de peste 300 de spectatori, ce a reu\u0219it s\u0103 simt\u0103 emo\u021bia textului\u00a0 chiar \u0219i dincolo de ecrane, \u00een confortul propriului c\u0103min.<\/p>\n<p>Proiectul cultural \u201eS(L)AVE\u201d reprezint\u0103 o campanie social-cultural\u0103 de preven\u021bie a traficului de persoane. Scopul proiectului este s\u0103 \u00eencurajeze tinerii, \u00een special femeile, s\u0103 cear\u0103 ajutor de specialitate atunci c\u00e2nd se confrunt\u0103 cu o posibil\u0103 amenin\u021bare de trafic de persoane. Pentru al doilea an la r\u00e2nd, Rom\u00e2nia r\u0103m\u00e2ne un punct nevralgic al Europei, fiind principala surs\u0103 de export de persoane traficate \u00een scopuri sexuale sau pentru a fi exploatate la munc\u0103, arat\u0103 raportul Departamentului de Stat al SUA privind traficul de persoane \u00een 2020. Managerul proiectului este Crina Lin\u021b\u0103, actri\u021b\u0103, manager cultural acreditat \u0219i fondatoarea Teatrului Arte dell\u2019Anima.<\/p>\n<p>Echipa artistic\u0103 a fost format\u0103 din actorii Andreea Bibiri, Vlad Galer, Anda S\u00e2rbei \u0219i Cezara Petredeanu. Regizorul spectacolului a fost George Zamfir, iar de regia tehnic\u0103 s-a ocupat Alexandru Bibere. Dramaturgul textului \u201eCARNE\u201d este Andreea T\u0103nase. Psihologul proiectului a fost doamna Carmen Bu\u0219i.<\/p>\n<p>Trailer-ul proiectului poate fi urm\u0103rit aici: <a href=\"https:\/\/youtu.be\/JHyKiNPnGRw\">https:\/\/youtu.be\/JHyKiNPnGRw<\/a><\/p>\n<p>Mul\u021bumim partenerilor proiectului: Direc\u021bia de Asisten\u021b\u0103 Social\u0103 a Municipiului Bucure\u0219ti, Asocia\u021bia Necuvinte, Universitatea POLITEHNICA Bucure\u0219ti, Creart, Centrul Cultural Municipal \u201eRadu \u0218erban\u201d Caracal, cu sprijinul Prim\u0103ria Municipiului Bucure\u0219ti \u0219i ArCuB.<\/p>\n<p>Despre Asocia\u021bia ARTE DELL\u2019ANIMA<\/p>\n<p>Asocia\u021bia Arte dell&#8217;Anima are ca scop promovarea, sus\u021binerea \u0219i implicarea tinerilor arti\u0219ti prin activit\u0103\u021bi culturale, dezvoltarea comunit\u0103\u021bii prin activit\u0103\u021bi de educa\u021bie non-formal\u0103 \u0219i extra\u0219colar\u0103, ini\u021bierea \u0219i implementarea proiectelor culturale la nivel local, na\u021bional \u0219i interna\u021bional, \u00een domeniile sale de interes: cultur\u0103, mediu social \u0219i educa\u021bie.<\/p>\n<p>&nbsp;<\/p>\n<p>Asocia\u021bia Arte dell\u2019Anima este o organiza\u0163ie neguvernamental\u0103 non-profit, \u00eenfiin\u021bat\u0103 \u00een 2015, cu sediul \u00een Bucure\u0219ti, Strada F\u0103inari, nr. 17D.<\/p>\n<ul>\n<li>Contact: 0733.060.033, teatru@artedellanima.ro<\/li>\n<li>www.artedellanima.ro<\/li>\n<li>Facebook \u0219i Instagram<\/li>\n<\/ul>\n<p>Proiect cultural finan\u021bat de Ministerului Culturii.<\/p>\n","protected":false},"excerpt":{"rendered":"<p>Asocia\u021bia Arte dell\u2019Anima a prezentat \u00een luna octombrie 2021 spectacolul lectur\u0103 \u201eCARNE\u201d de Andreea T\u0103nase, regia George Zamfir, \u00een cadrul proiectului \u201eS(L)AVE\u201d, proiect cultural finan\u021bat de Ministerul Culturii \u00een cadrul programului ACCES 2021. Spectacolul spune povestea a dou\u0103 femei, Eva \u0219i Ana, ce ajung victime ale traficului de persoane. \u00cen datele de 12, 13 \u0219i [&hellip;]<\/p>\n","protected":false},"author":22,"featured_media":0,"comment_status":"open","ping_status":"open","sticky":false,"template":"","format":"standard","meta":{"_acf_changed":false,"footnotes":""},"categories":[68],"tags":[1393,1820,191,200,4567,6322,6330,274,197,201,273],"class_list":["post-32528","post","type-post","status-publish","format-standard","hentry","category-evenimente-si-stiri","tag-arte-plastice","tag-cinema","tag-concerte","tag-concerte-muzica-clasica","tag-cultura","tag-evenimente-culturale","tag-expozitii","tag-film","tag-muzica-clasica","tag-muzica-clasica-romania","tag-teatru"],"acf":{"cc_filter":[],"poza_fixa":"https:\/\/www.societateamuzicala.ro\/societateaculturala\/wp-content\/uploads\/2021\/09\/Proiectul-cultural-\u201eSLAVE.png","url_poza_fixa":"","format_poza_fixa":"full-img-4-3","oras":"","sector":"","zona":"","in_strainatate":false,"pian":false,"orga":false,"data1":1635249143,"data2":"","afiseaza_data_post":false,"acf_sala":"","centru_cultural":"","articole_parinte":"","articole_relationate":"","coordonate":false,"tab1_nume":"Despre","tab3":false,"tab5":false,"tab4":false},"yoast_head":"<!-- This site is optimized with the Yoast SEO plugin v27.5 - https:\/\/yoast.com\/product\/yoast-seo-wordpress\/ -->\n<title>Proiectul cultural\u201eS(L)AVE\u201da ajuns la final - Societatea Culturala<\/title>\n<meta name=\"robots\" content=\"index, follow, max-snippet:-1, max-image-preview:large, max-video-preview:-1\" \/>\n<link rel=\"canonical\" href=\"https:\/\/www.societateamuzicala.ro\/societateaculturala\/proiectul-culturalslavea-ajuns-la-final\" \/>\n<meta property=\"og:locale\" content=\"ro_RO\" \/>\n<meta property=\"og:type\" content=\"article\" \/>\n<meta property=\"og:title\" content=\"Proiectul cultural\u201eS(L)AVE\u201da ajuns la final - Societatea Culturala\" \/>\n<meta property=\"og:description\" content=\"Asocia\u021bia Arte dell\u2019Anima a prezentat \u00een luna octombrie 2021 spectacolul lectur\u0103 \u201eCARNE\u201d de Andreea T\u0103nase, regia George Zamfir, \u00een cadrul proiectului \u201eS(L)AVE\u201d, proiect cultural finan\u021bat de Ministerul Culturii \u00een cadrul programului ACCES 2021. Spectacolul spune povestea a dou\u0103 femei, Eva \u0219i Ana, ce ajung victime ale traficului de persoane. \u00cen datele de 12, 13 \u0219i [&hellip;]\" \/>\n<meta property=\"og:url\" content=\"https:\/\/www.societateamuzicala.ro\/societateaculturala\/proiectul-culturalslavea-ajuns-la-final\" \/>\n<meta property=\"og:site_name\" content=\"Societatea Culturala\" \/>\n<meta property=\"article:published_time\" content=\"2021-10-26T08:57:46+00:00\" \/>\n<meta property=\"og:image\" content=\"https:\/\/www.societateamuzicala.ro\/societateaculturala\/wp-content\/uploads\/2021\/09\/Proiectul-cultural-\u201eSLAVE.png\" \/>\n\t<meta property=\"og:image:width\" content=\"1080\" \/>\n\t<meta property=\"og:image:height\" content=\"1080\" \/>\n\t<meta property=\"og:image:type\" content=\"image\/png\" \/>\n<meta name=\"author\" content=\"Catoi Daniel\" \/>\n<meta name=\"twitter:card\" content=\"summary_large_image\" \/>\n<meta name=\"twitter:label1\" content=\"Scris de\" \/>\n\t<meta name=\"twitter:data1\" content=\"Catoi Daniel\" \/>\n\t<meta name=\"twitter:label2\" content=\"Timp estimat pentru citire\" \/>\n\t<meta name=\"twitter:data2\" content=\"2 minute\" \/>\n<script type=\"application\/ld+json\" class=\"yoast-schema-graph\">{\"@context\":\"https:\\\/\\\/schema.org\",\"@graph\":[{\"@type\":\"Article\",\"@id\":\"https:\\\/\\\/www.societateamuzicala.ro\\\/societateaculturala\\\/proiectul-culturalslavea-ajuns-la-final#article\",\"isPartOf\":{\"@id\":\"https:\\\/\\\/www.societateamuzicala.ro\\\/societateaculturala\\\/proiectul-culturalslavea-ajuns-la-final\"},\"author\":{\"name\":\"Catoi Daniel\",\"@id\":\"https:\\\/\\\/www.societateamuzicala.ro\\\/societateaculturala\\\/#\\\/schema\\\/person\\\/0608b1774a3787abb7ff1d5e8d1b84eb\"},\"headline\":\"Proiectul cultural\u201eS(L)AVE\u201da ajuns la final\",\"datePublished\":\"2021-10-26T08:57:46+00:00\",\"mainEntityOfPage\":{\"@id\":\"https:\\\/\\\/www.societateamuzicala.ro\\\/societateaculturala\\\/proiectul-culturalslavea-ajuns-la-final\"},\"wordCount\":465,\"commentCount\":0,\"keywords\":[\"arte plastice\",\"cinema\",\"concerte\",\"concerte muzica clasica\",\"Cultura\",\"evenimente culturale\",\"expozitii\",\"film\",\"muzica clasica\",\"muzica clasica romania\",\"teatru\"],\"articleSection\":[\"Evenimente si stiri\"],\"inLanguage\":\"ro-RO\",\"potentialAction\":[{\"@type\":\"CommentAction\",\"name\":\"Comment\",\"target\":[\"https:\\\/\\\/www.societateamuzicala.ro\\\/societateaculturala\\\/proiectul-culturalslavea-ajuns-la-final#respond\"]}]},{\"@type\":\"WebPage\",\"@id\":\"https:\\\/\\\/www.societateamuzicala.ro\\\/societateaculturala\\\/proiectul-culturalslavea-ajuns-la-final\",\"url\":\"https:\\\/\\\/www.societateamuzicala.ro\\\/societateaculturala\\\/proiectul-culturalslavea-ajuns-la-final\",\"name\":\"Proiectul cultural\u201eS(L)AVE\u201da ajuns la final - Societatea Culturala\",\"isPartOf\":{\"@id\":\"https:\\\/\\\/www.societateamuzicala.ro\\\/societateaculturala\\\/#website\"},\"datePublished\":\"2021-10-26T08:57:46+00:00\",\"author\":{\"@id\":\"https:\\\/\\\/www.societateamuzicala.ro\\\/societateaculturala\\\/#\\\/schema\\\/person\\\/0608b1774a3787abb7ff1d5e8d1b84eb\"},\"breadcrumb\":{\"@id\":\"https:\\\/\\\/www.societateamuzicala.ro\\\/societateaculturala\\\/proiectul-culturalslavea-ajuns-la-final#breadcrumb\"},\"inLanguage\":\"ro-RO\",\"potentialAction\":[{\"@type\":\"ReadAction\",\"target\":[\"https:\\\/\\\/www.societateamuzicala.ro\\\/societateaculturala\\\/proiectul-culturalslavea-ajuns-la-final\"]}]},{\"@type\":\"BreadcrumbList\",\"@id\":\"https:\\\/\\\/www.societateamuzicala.ro\\\/societateaculturala\\\/proiectul-culturalslavea-ajuns-la-final#breadcrumb\",\"itemListElement\":[{\"@type\":\"ListItem\",\"position\":1,\"name\":\"Acas\u0103\",\"item\":\"https:\\\/\\\/www.societateamuzicala.ro\\\/societateaculturala\"},{\"@type\":\"ListItem\",\"position\":2,\"name\":\"Proiectul cultural\u201eS(L)AVE\u201da ajuns la final\"}]},{\"@type\":\"WebSite\",\"@id\":\"https:\\\/\\\/www.societateamuzicala.ro\\\/societateaculturala\\\/#website\",\"url\":\"https:\\\/\\\/www.societateamuzicala.ro\\\/societateaculturala\\\/\",\"name\":\"Societatea Culturala\",\"description\":\"Platforma de marketing si informatii culturale\",\"potentialAction\":[{\"@type\":\"SearchAction\",\"target\":{\"@type\":\"EntryPoint\",\"urlTemplate\":\"https:\\\/\\\/www.societateamuzicala.ro\\\/societateaculturala\\\/?s={search_term_string}\"},\"query-input\":{\"@type\":\"PropertyValueSpecification\",\"valueRequired\":true,\"valueName\":\"search_term_string\"}}],\"inLanguage\":\"ro-RO\"},{\"@type\":\"Person\",\"@id\":\"https:\\\/\\\/www.societateamuzicala.ro\\\/societateaculturala\\\/#\\\/schema\\\/person\\\/0608b1774a3787abb7ff1d5e8d1b84eb\",\"name\":\"Catoi Daniel\",\"image\":{\"@type\":\"ImageObject\",\"inLanguage\":\"ro-RO\",\"@id\":\"https:\\\/\\\/secure.gravatar.com\\\/avatar\\\/c0882a218c936889972a11c796e8ed91e0aff99b92af7212c04f740da3928233?s=96&d=mm&r=g\",\"url\":\"https:\\\/\\\/secure.gravatar.com\\\/avatar\\\/c0882a218c936889972a11c796e8ed91e0aff99b92af7212c04f740da3928233?s=96&d=mm&r=g\",\"contentUrl\":\"https:\\\/\\\/secure.gravatar.com\\\/avatar\\\/c0882a218c936889972a11c796e8ed91e0aff99b92af7212c04f740da3928233?s=96&d=mm&r=g\",\"caption\":\"Catoi Daniel\"},\"url\":\"https:\\\/\\\/www.societateamuzicala.ro\\\/societateaculturala\\\/author\\\/daniel\"}]}<\/script>\n<!-- \/ Yoast SEO plugin. -->","yoast_head_json":{"title":"Proiectul cultural\u201eS(L)AVE\u201da ajuns la final - Societatea Culturala","robots":{"index":"index","follow":"follow","max-snippet":"max-snippet:-1","max-image-preview":"max-image-preview:large","max-video-preview":"max-video-preview:-1"},"canonical":"https:\/\/www.societateamuzicala.ro\/societateaculturala\/proiectul-culturalslavea-ajuns-la-final","og_locale":"ro_RO","og_type":"article","og_title":"Proiectul cultural\u201eS(L)AVE\u201da ajuns la final - Societatea Culturala","og_description":"Asocia\u021bia Arte dell\u2019Anima a prezentat \u00een luna octombrie 2021 spectacolul lectur\u0103 \u201eCARNE\u201d de Andreea T\u0103nase, regia George Zamfir, \u00een cadrul proiectului \u201eS(L)AVE\u201d, proiect cultural finan\u021bat de Ministerul Culturii \u00een cadrul programului ACCES 2021. Spectacolul spune povestea a dou\u0103 femei, Eva \u0219i Ana, ce ajung victime ale traficului de persoane. \u00cen datele de 12, 13 \u0219i [&hellip;]","og_url":"https:\/\/www.societateamuzicala.ro\/societateaculturala\/proiectul-culturalslavea-ajuns-la-final","og_site_name":"Societatea Culturala","article_published_time":"2021-10-26T08:57:46+00:00","og_image":[{"width":1080,"height":1080,"url":"https:\/\/www.societateamuzicala.ro\/societateaculturala\/wp-content\/uploads\/2021\/09\/Proiectul-cultural-\u201eSLAVE.png","type":"image\/png"}],"author":"Catoi Daniel","twitter_card":"summary_large_image","twitter_misc":{"Scris de":"Catoi Daniel","Timp estimat pentru citire":"2 minute"},"schema":{"@context":"https:\/\/schema.org","@graph":[{"@type":"Article","@id":"https:\/\/www.societateamuzicala.ro\/societateaculturala\/proiectul-culturalslavea-ajuns-la-final#article","isPartOf":{"@id":"https:\/\/www.societateamuzicala.ro\/societateaculturala\/proiectul-culturalslavea-ajuns-la-final"},"author":{"name":"Catoi Daniel","@id":"https:\/\/www.societateamuzicala.ro\/societateaculturala\/#\/schema\/person\/0608b1774a3787abb7ff1d5e8d1b84eb"},"headline":"Proiectul cultural\u201eS(L)AVE\u201da ajuns la final","datePublished":"2021-10-26T08:57:46+00:00","mainEntityOfPage":{"@id":"https:\/\/www.societateamuzicala.ro\/societateaculturala\/proiectul-culturalslavea-ajuns-la-final"},"wordCount":465,"commentCount":0,"keywords":["arte plastice","cinema","concerte","concerte muzica clasica","Cultura","evenimente culturale","expozitii","film","muzica clasica","muzica clasica romania","teatru"],"articleSection":["Evenimente si stiri"],"inLanguage":"ro-RO","potentialAction":[{"@type":"CommentAction","name":"Comment","target":["https:\/\/www.societateamuzicala.ro\/societateaculturala\/proiectul-culturalslavea-ajuns-la-final#respond"]}]},{"@type":"WebPage","@id":"https:\/\/www.societateamuzicala.ro\/societateaculturala\/proiectul-culturalslavea-ajuns-la-final","url":"https:\/\/www.societateamuzicala.ro\/societateaculturala\/proiectul-culturalslavea-ajuns-la-final","name":"Proiectul cultural\u201eS(L)AVE\u201da ajuns la final - Societatea Culturala","isPartOf":{"@id":"https:\/\/www.societateamuzicala.ro\/societateaculturala\/#website"},"datePublished":"2021-10-26T08:57:46+00:00","author":{"@id":"https:\/\/www.societateamuzicala.ro\/societateaculturala\/#\/schema\/person\/0608b1774a3787abb7ff1d5e8d1b84eb"},"breadcrumb":{"@id":"https:\/\/www.societateamuzicala.ro\/societateaculturala\/proiectul-culturalslavea-ajuns-la-final#breadcrumb"},"inLanguage":"ro-RO","potentialAction":[{"@type":"ReadAction","target":["https:\/\/www.societateamuzicala.ro\/societateaculturala\/proiectul-culturalslavea-ajuns-la-final"]}]},{"@type":"BreadcrumbList","@id":"https:\/\/www.societateamuzicala.ro\/societateaculturala\/proiectul-culturalslavea-ajuns-la-final#breadcrumb","itemListElement":[{"@type":"ListItem","position":1,"name":"Acas\u0103","item":"https:\/\/www.societateamuzicala.ro\/societateaculturala"},{"@type":"ListItem","position":2,"name":"Proiectul cultural\u201eS(L)AVE\u201da ajuns la final"}]},{"@type":"WebSite","@id":"https:\/\/www.societateamuzicala.ro\/societateaculturala\/#website","url":"https:\/\/www.societateamuzicala.ro\/societateaculturala\/","name":"Societatea Culturala","description":"Platforma de marketing si informatii culturale","potentialAction":[{"@type":"SearchAction","target":{"@type":"EntryPoint","urlTemplate":"https:\/\/www.societateamuzicala.ro\/societateaculturala\/?s={search_term_string}"},"query-input":{"@type":"PropertyValueSpecification","valueRequired":true,"valueName":"search_term_string"}}],"inLanguage":"ro-RO"},{"@type":"Person","@id":"https:\/\/www.societateamuzicala.ro\/societateaculturala\/#\/schema\/person\/0608b1774a3787abb7ff1d5e8d1b84eb","name":"Catoi Daniel","image":{"@type":"ImageObject","inLanguage":"ro-RO","@id":"https:\/\/secure.gravatar.com\/avatar\/c0882a218c936889972a11c796e8ed91e0aff99b92af7212c04f740da3928233?s=96&d=mm&r=g","url":"https:\/\/secure.gravatar.com\/avatar\/c0882a218c936889972a11c796e8ed91e0aff99b92af7212c04f740da3928233?s=96&d=mm&r=g","contentUrl":"https:\/\/secure.gravatar.com\/avatar\/c0882a218c936889972a11c796e8ed91e0aff99b92af7212c04f740da3928233?s=96&d=mm&r=g","caption":"Catoi Daniel"},"url":"https:\/\/www.societateamuzicala.ro\/societateaculturala\/author\/daniel"}]}},"_links":{"self":[{"href":"https:\/\/www.societateamuzicala.ro\/societateaculturala\/wp-json\/wp\/v2\/posts\/32528","targetHints":{"allow":["GET"]}}],"collection":[{"href":"https:\/\/www.societateamuzicala.ro\/societateaculturala\/wp-json\/wp\/v2\/posts"}],"about":[{"href":"https:\/\/www.societateamuzicala.ro\/societateaculturala\/wp-json\/wp\/v2\/types\/post"}],"author":[{"embeddable":true,"href":"https:\/\/www.societateamuzicala.ro\/societateaculturala\/wp-json\/wp\/v2\/users\/22"}],"replies":[{"embeddable":true,"href":"https:\/\/www.societateamuzicala.ro\/societateaculturala\/wp-json\/wp\/v2\/comments?post=32528"}],"version-history":[{"count":0,"href":"https:\/\/www.societateamuzicala.ro\/societateaculturala\/wp-json\/wp\/v2\/posts\/32528\/revisions"}],"wp:attachment":[{"href":"https:\/\/www.societateamuzicala.ro\/societateaculturala\/wp-json\/wp\/v2\/media?parent=32528"}],"wp:term":[{"taxonomy":"category","embeddable":true,"href":"https:\/\/www.societateamuzicala.ro\/societateaculturala\/wp-json\/wp\/v2\/categories?post=32528"},{"taxonomy":"post_tag","embeddable":true,"href":"https:\/\/www.societateamuzicala.ro\/societateaculturala\/wp-json\/wp\/v2\/tags?post=32528"}],"curies":[{"name":"wp","href":"https:\/\/api.w.org\/{rel}","templated":true}]}}