{"id":32403,"date":"2021-05-28T07:16:49","date_gmt":"2021-05-28T07:16:49","guid":{"rendered":"https:\/\/www.societateamuzicala.ro\/societateaculturala\/?p=32403"},"modified":"2021-05-28T07:17:24","modified_gmt":"2021-05-28T07:17:24","slug":"lockdown-italia-vazut-de-presa-straina","status":"publish","type":"post","link":"https:\/\/www.societateamuzicala.ro\/societateaculturala\/lockdown-italia-vazut-de-presa-straina","title":{"rendered":"LOCKDOWN ITALIA \u2013 v\u0103zut de presa str\u0103in\u0103"},"content":{"rendered":"<p>\u201eLOCKDOWN ITALIA \u2013 v\u0103zut de presa str\u0103in\u0103\u201d<br \/>\nExpozi\u021bie de fotografie inaugurat\u0103 cu ocazia Zilei Na\u021bionale a Republicii Italiene 2021<\/p>\n<p>\u00cen perioada 2 iunie \u2013 1 august 2021, pe gardul Muzeului Na\u021bional de Art\u0103 al Rom\u00e2niei \u2013 aripa Kretzulescu, Asocia\u021bia pentru Muzic\u0103, Art\u0103 \u0219i Cultur\u0103, Muzeul Na\u021bional de Art\u0103 al Rom\u00e2niei, Asocia\u021bia Presei Str\u0103ine din Italia, Kaufland Rom\u00e2nia \u0219i Hubart Agency \u2013 Foc\u0219ani, cu patronajul Ambasadei Republicii Italiene \u00een Rom\u00e2nia, Ambasadei Rom\u00e2niei \u00een Republica Italian\u0103 \u0219i Institutului Italian de Cultur\u0103 din Bucure\u0219ti \u0219i \u00een parteneriat cu Muzeul Na\u021bional al Satului \u201eDimitrie Gusti\u201d, Sheraton Bucharest Hotel, Uniunea Ziari\u0219tilor Profesioni\u0219ti din Rom\u00e2nia \u0219i Libr\u0103ria Pavesiana din Bucure\u0219ti, prezint\u0103 expozi\u021bia de fotografie \u201eLOCKDOWN ITALIA \u2013 v\u0103zut de presa str\u0103in\u0103\u201d.<\/p>\n<p>Expozi\u021bia de fotografie \u201eLOCKDOWN ITALIA \u2013 v\u0103zut de presa str\u0103in\u0103\u201d curatoriat\u0103 de Chris Warde-Jones \u2013 jurnalist \u0219i membru al Asocia\u021biei Presei Str\u0103ine \u00een Italia \u0219i coordonat\u0103 de Elena Postelnicu \u2013 corespondent Radio Rom\u00e2nia Actualit\u0103\u021bi \u00een Italia \u0219i secretar general al Asocia\u021biei Presei Str\u0103ine \u00een Italia este dedicat\u0103 Zilei Na\u021bionale a Republicii Italiene 2021.<\/p>\n<p>\u201e2020 este un an care va r\u0103m\u00e2ne imprimat \u00een memoria popula\u021biei lumii pentru totdeauna. \u00cen unele \u021b\u0103ri au existat chiar mai multe decese dec\u00e2t \u00een cele dou\u0103 R\u0103zboaie Mondiale. Aceast\u0103 tragedie teribil\u0103 care continu\u0103 s\u0103 fac\u0103 victime nu a putut fi ignorat\u0103 de Asocia\u021bia Presei Str\u0103ine din Italia. \u00cen acel moment, Trisha Thomas \u2013 Pre\u0219edintele \u00een exerci\u021biu al Asocia\u021biei Presei Str\u0103ine din Italia, s-a adresat fotoreporterilor care documentau zilnic efectele pandemiei. Datorit\u0103 fotografiilor celor 30 de fotografi prezenta\u021bi \u00een cadrul acestei expozi\u021bii, provenien\u021bi din zece \u021b\u0103ri diferite \u2013 inclusiv c\u00e2\u021biva jurnali\u0219ti coresponden\u021bi italieni ai celor trei agen\u021bii principale reprezentate \u00een Presa Str\u0103in\u0103, Reuters, AP \u0219i AFP \u2013, vizitatorul poate reveni la perioada martie-iunie 2020, retr\u0103ind momentele fundamentale din timpul lockdown-ului: de la primele \u00eenchideri dramatice, p\u00e2n\u0103 la accentuarea st\u0103rii de suferin\u021b\u0103 din \u021bar\u0103; de la reac\u021bia demn\u0103 a \u00eentregii comunit\u0103\u021bi, la reluarea lent\u0103 a activit\u0103\u021bilor. O c\u0103l\u0103torie fotografic\u0103 dedicat\u0103 document\u0103rii istorice, care, \u00een acela\u0219i timp, dore\u0219te s\u0103 aduc\u0103 un omagiu at\u00e2t curajului \u0219i rezilien\u021bei ar\u0103tate de italieni \u00een cele mai dificile zile ale pandemiei, c\u00e2t \u0219i profesioni\u0219tilor din lumea informa\u021biei, care s-au aflat \u00een prima linie, de cele mai multe ori pe propriul risc, pentru a o documenta. Colectarea imaginilor realizate de cei treizeci de fotografi a fost poate cea mai u\u0219oar\u0103 opera\u021biune, deoarece exista o multitudine de fotografii, unele dintre ele cople\u0219itor de dureroase, altele \u201cpur \u0219i simplu\u201d dramatice, altele suger\u00e2nd \u00eenc\u0103 speran\u021b\u0103. Dup\u0103 o rapid\u0103 selec\u021bie f\u0103cut\u0103 de organizatori, 72 de fotografii au fost alese spre a fi expuse \u00een cele trei s\u0103li ale Muzeelor Capitoline din Roma, cu un film de prezentare ce rezuma parcursul pandemiei p\u00e2n\u0103 la acel moment. Evenimentul a fost prezentat presei pe data de 7 octombrie 2020 \u0219i \u00een acea sear\u0103, \u00een Pia\u021ba Campidoglio, a avut loc un concert sus\u021binut de Orchestra Italian\u0103 a Cinematografiei, care a acompaniat proiec\u021bia fotografiilor pe un mare ecran. A\u0219a a luat na\u0219tere expozi\u021bia de fotografie \u201cLOCKDOWN ITALIA v\u0103zut de Presa Str\u0103in\u0103\u201d.<br \/>\nAst\u0103zi, datorit\u0103 colabor\u0103rii dintre Asocia\u021bia Presei Str\u0103ine din Italia \u0219i Asocia\u021bia pentru Muzic\u0103, Art\u0103 \u0219i Cultur\u0103, Muzeul Na\u021bional de Art\u0103 al Rom\u00e2niei, Kaufland Rom\u00e2nia, Hubart Agency \u2013 Foc\u0219ani \u0219i cu patronajul Ambasadei Republicii Italiene \u00een Rom\u00e2nia, al Ambasadei Rom\u00e2niei \u00een Republica Italian\u0103 \u0219i al Institutului Italian de Cultur\u0103 de la Bucure\u0219ti, aducem o parte din expozi\u021bia noastr\u0103 la Bucure\u0219ti. Expozi\u021bia reune\u0219te o serie de 30 de fotografii: 27 de fotografii realizate de fotografi \u0219i jurnali\u0219ti profesioni\u0219ti din cadrul Asocia\u021biei Presei Str\u0103ine din Italia: Andrew Medichini, Alessandra Tarantino, Luca Bruno, Antonio Calanni, Domenico Stinellis, Bruno Anastasi (Associated Press); Remo Casilli, Flavio Lo Scalzo, Guglielmo Mangiapane, Yara Nardi (Reuters Roma); Eric Vandeville (Abaca Press); Pablo Esparza (Heraldo de M\u00e9xico); Tiziana Fabi, Andrea Pattaro, Vincenzo Pinto (Agence France Press), Esma \u00c7akir (DW Deutsche Welle); Victor Sokolowicz (Clarin); Grzegorz Galazka (Sipa Press), Chris Warde-Jones (The Times); Paolo Giandotti (Ufficio Stampa del Quirinale) \u0219i Jesper S. Jensen (Italie Magazine), la care se adaug\u0103 3 fotografii cu sosirea delega\u021biei medicilor rom\u00e2ni la Milano, realizate de Bogdan Chi\u0219 de la Ambasada Rom\u00e2niei \u00een Italia.<br \/>\nMul\u021bumesc tuturor celor care au contribuit la realizarea acestei expozi\u021bii de fotografii inedite \u0219i v\u0103 invit ca, prin intermediul fotografiilor realizate de colegii mei, s\u0103 facem \u00eempreun\u0103 o c\u0103l\u0103torie \u00een ora\u0219ele italiene.\u201d<br \/>\nChris Warde-Jones, curatorul expozi\u021biei<br \/>\nAsocia\u021bia Presei Str\u0103ine \u00een Italia<\/p>\n<p>Organizatori: Asocia\u021bia pentru Muzic\u0103, Art\u0103 \u0219i Cultur\u0103, Muzeul Na\u021bional de Art\u0103 al Rom\u00e2niei, Asocia\u021bia Presei Str\u0103ine din Italia, Kaufland Rom\u00e2nia \u0219i Hubart Agency \u2013 Foc\u0219ani<br \/>\nCu patronajul: Ambasada Republicii Italiene \u00een Rom\u00e2nia, Ambasada Rom\u00e2niei \u00een Republica Italian\u0103, Institutul Italian de Cultur\u0103 din Bucure\u0219ti<br \/>\n\u00cen parteneriat cu: Muzeul Na\u021bional al Satului \u201eDimitrie Gusti\u201d, Sheraton Bucharest Hotel, Uniunea Ziari\u0219tilor Profesioni\u0219ti din Rom\u00e2nia \u0219i Libr\u0103ria Pavesiana din Bucure\u0219ti<br \/>\nParteneri Media: TVR 3, Radio Rom\u00e2nia Actualit\u0103\u021bi, Radio Rom\u00e2nia Cultural, Radio Rom\u00e2nia Bucure\u0219ti, Radio Trinitas, Radio Clasic, Agerpres, spotmedia.ro, Revista Femeia, Revista Tango\u2013Marea Dragoste, Igloo, Via\u021ba medical\u0103, Univers Psihologic, SensoTV, LiterNet.ro, Bookhub, Literomania, Modernism.ro, Ziarul Metropolis, Revista Urbea mea, IQads, Jurnalul de Afaceri, Catchy, Agentiadearte.ro, InOras.ro, Orasulmeu, Edi\u021bia de Diminea\u021b\u0103, B365.ro, ArtOut, Republika Kritica, PRwave, Bucure\u0219tii vechi \u0219i noi, Bucure\u0219ti City News, Verbs describe us, Bun\u0103 ziua Ia\u0219i, 4arte.ro, Onlinegallery.ro, Autentici.info, Cea\u0219ca de Cultur\u0103, Rom\u00e2nia Pozitiv\u0103, Bucharest Cultural Events, Bun\u0103 diminea\u021ba Bucure\u0219ti, EdPost, i-Tour, Jurnal de Bucure\u0219ti, Femei \u00een tendin\u021be.<\/p>\n<p>Birou Pres\u0103 &#8211; Asocia\u021bia pentru Muzic\u0103, Art\u0103 \u0219i Cultur\u0103<br \/>\ntel. +40 723917995; birou.presa@musicarte.ro; www.musicarte.ro<\/p>\n<p>Comunicare \u2013 Muzeul Na\u021bional de Art\u0103 al Rom\u00e2niei<br \/>\ntel. +40 21.314.81.19; comunicare@art.museum.ro; www.mnar.arts.ro<\/p>\n<p><a href=\"https:\/\/www.societateamuzicala.ro\/societateaculturala\/wp-content\/uploads\/2021\/05\/LOCKDOWN-ITALIA-afis-100x70-1.jpg\"><img loading=\"lazy\" decoding=\"async\" class=\"no-border alignnone wp-image-32404\" src=\"https:\/\/www.societateamuzicala.ro\/societateaculturala\/wp-content\/uploads\/2021\/05\/LOCKDOWN-ITALIA-afis-100x70-1-255x179.jpg\" alt=\"LOCKDOWN ITALIA - afis 100x70\" width=\"525\" height=\"368\" srcset=\"https:\/\/www.societateamuzicala.ro\/societateaculturala\/wp-content\/uploads\/2021\/05\/LOCKDOWN-ITALIA-afis-100x70-1-255x179.jpg 255w, https:\/\/www.societateamuzicala.ro\/societateaculturala\/wp-content\/uploads\/2021\/05\/LOCKDOWN-ITALIA-afis-100x70-1-520x364.jpg 520w, https:\/\/www.societateamuzicala.ro\/societateaculturala\/wp-content\/uploads\/2021\/05\/LOCKDOWN-ITALIA-afis-100x70-1-768x538.jpg 768w, https:\/\/www.societateamuzicala.ro\/societateaculturala\/wp-content\/uploads\/2021\/05\/LOCKDOWN-ITALIA-afis-100x70-1.jpg 1024w\" sizes=\"auto, (max-width: 525px) 100vw, 525px\" \/><\/a><\/p>\n","protected":false},"excerpt":{"rendered":"<p>\u201eLOCKDOWN ITALIA \u2013 v\u0103zut de presa str\u0103in\u0103\u201d Expozi\u021bie de fotografie inaugurat\u0103 cu ocazia Zilei Na\u021bionale a Republicii Italiene 2021 \u00cen perioada 2 iunie \u2013 1 august 2021, pe gardul Muzeului Na\u021bional de Art\u0103 al Rom\u00e2niei \u2013 aripa Kretzulescu, Asocia\u021bia pentru Muzic\u0103, Art\u0103 \u0219i Cultur\u0103, Muzeul Na\u021bional de Art\u0103 al Rom\u00e2niei, Asocia\u021bia Presei Str\u0103ine din Italia, [&hellip;]<\/p>\n","protected":false},"author":22,"featured_media":0,"comment_status":"open","ping_status":"open","sticky":false,"template":"","format":"standard","meta":{"_acf_changed":false,"footnotes":""},"categories":[68],"tags":[1393,1820,191,200,4567,6322,6330,274,197,201,273],"class_list":["post-32403","post","type-post","status-publish","format-standard","hentry","category-evenimente-si-stiri","tag-arte-plastice","tag-cinema","tag-concerte","tag-concerte-muzica-clasica","tag-cultura","tag-evenimente-culturale","tag-expozitii","tag-film","tag-muzica-clasica","tag-muzica-clasica-romania","tag-teatru"],"acf":{"cc_filter":[],"poza_fixa":"https:\/\/www.societateamuzicala.ro\/societateaculturala\/wp-content\/uploads\/2021\/05\/LOCKDOWN-ITALIA-afis-100x70-1.jpg","url_poza_fixa":"","format_poza_fixa":"full-img-4-3","oras":"","sector":"","zona":"","in_strainatate":false,"pian":false,"orga":false,"data1":1622196810,"data2":"","afiseaza_data_post":false,"acf_sala":"","centru_cultural":"","articole_parinte":"","articole_relationate":"","coordonate":false,"tab1_nume":"Despre","tab3":false,"tab5":false,"tab4":false},"yoast_head":"<!-- This site is optimized with the Yoast SEO plugin v27.4 - https:\/\/yoast.com\/product\/yoast-seo-wordpress\/ -->\n<title>LOCKDOWN ITALIA \u2013 v\u0103zut de presa str\u0103in\u0103 - Societatea Culturala<\/title>\n<meta name=\"description\" content=\"Expozi\u021bia de fotografie \u201eLOCKDOWN ITALIA \u2013 v\u0103zut de presa str\u0103in\u0103\u201d curatoriat\u0103 de Chris Warde-Jones \u2013 jurnalist \u0219i membru al Asocia\u021biei...\" \/>\n<meta name=\"robots\" content=\"index, follow, max-snippet:-1, max-image-preview:large, max-video-preview:-1\" \/>\n<link rel=\"canonical\" href=\"https:\/\/www.societateamuzicala.ro\/societateaculturala\/lockdown-italia-vazut-de-presa-straina\" \/>\n<meta property=\"og:locale\" content=\"ro_RO\" \/>\n<meta property=\"og:type\" content=\"article\" \/>\n<meta property=\"og:title\" content=\"LOCKDOWN ITALIA \u2013 v\u0103zut de presa str\u0103in\u0103 - Societatea Culturala\" \/>\n<meta property=\"og:description\" content=\"Expozi\u021bia de fotografie \u201eLOCKDOWN ITALIA \u2013 v\u0103zut de presa str\u0103in\u0103\u201d curatoriat\u0103 de Chris Warde-Jones \u2013 jurnalist \u0219i membru al Asocia\u021biei...\" \/>\n<meta property=\"og:url\" content=\"https:\/\/www.societateamuzicala.ro\/societateaculturala\/lockdown-italia-vazut-de-presa-straina\" \/>\n<meta property=\"og:site_name\" content=\"Societatea Culturala\" \/>\n<meta property=\"article:published_time\" content=\"2021-05-28T07:16:49+00:00\" \/>\n<meta property=\"article:modified_time\" content=\"2021-05-28T07:17:24+00:00\" \/>\n<meta property=\"og:image\" content=\"https:\/\/www.societateamuzicala.ro\/societateaculturala\/wp-content\/uploads\/2021\/05\/LOCKDOWN-ITALIA-afis-100x70-1.jpg\" \/>\n\t<meta property=\"og:image:width\" content=\"1024\" \/>\n\t<meta property=\"og:image:height\" content=\"717\" \/>\n\t<meta property=\"og:image:type\" content=\"image\/jpeg\" \/>\n<meta name=\"author\" content=\"Catoi Daniel\" \/>\n<meta name=\"twitter:card\" content=\"summary_large_image\" \/>\n<meta name=\"twitter:label1\" content=\"Scris de\" \/>\n\t<meta name=\"twitter:data1\" content=\"Catoi Daniel\" \/>\n\t<meta name=\"twitter:label2\" content=\"Timp estimat pentru citire\" \/>\n\t<meta name=\"twitter:data2\" content=\"5 minute\" \/>\n<script type=\"application\/ld+json\" class=\"yoast-schema-graph\">{\"@context\":\"https:\\\/\\\/schema.org\",\"@graph\":[{\"@type\":\"Article\",\"@id\":\"https:\\\/\\\/www.societateamuzicala.ro\\\/societateaculturala\\\/lockdown-italia-vazut-de-presa-straina#article\",\"isPartOf\":{\"@id\":\"https:\\\/\\\/www.societateamuzicala.ro\\\/societateaculturala\\\/lockdown-italia-vazut-de-presa-straina\"},\"author\":{\"name\":\"Catoi Daniel\",\"@id\":\"https:\\\/\\\/www.societateamuzicala.ro\\\/societateaculturala\\\/#\\\/schema\\\/person\\\/0608b1774a3787abb7ff1d5e8d1b84eb\"},\"headline\":\"LOCKDOWN ITALIA \u2013 v\u0103zut de presa str\u0103in\u0103\",\"datePublished\":\"2021-05-28T07:16:49+00:00\",\"dateModified\":\"2021-05-28T07:17:24+00:00\",\"mainEntityOfPage\":{\"@id\":\"https:\\\/\\\/www.societateamuzicala.ro\\\/societateaculturala\\\/lockdown-italia-vazut-de-presa-straina\"},\"wordCount\":1042,\"commentCount\":0,\"image\":{\"@id\":\"https:\\\/\\\/www.societateamuzicala.ro\\\/societateaculturala\\\/lockdown-italia-vazut-de-presa-straina#primaryimage\"},\"thumbnailUrl\":\"https:\\\/\\\/www.societateamuzicala.ro\\\/societateaculturala\\\/wp-content\\\/uploads\\\/2021\\\/05\\\/LOCKDOWN-ITALIA-afis-100x70-1-255x179.jpg\",\"keywords\":[\"arte plastice\",\"cinema\",\"concerte\",\"concerte muzica clasica\",\"Cultura\",\"evenimente culturale\",\"expozitii\",\"film\",\"muzica clasica\",\"muzica clasica romania\",\"teatru\"],\"articleSection\":[\"Evenimente si stiri\"],\"inLanguage\":\"ro-RO\",\"potentialAction\":[{\"@type\":\"CommentAction\",\"name\":\"Comment\",\"target\":[\"https:\\\/\\\/www.societateamuzicala.ro\\\/societateaculturala\\\/lockdown-italia-vazut-de-presa-straina#respond\"]}]},{\"@type\":\"WebPage\",\"@id\":\"https:\\\/\\\/www.societateamuzicala.ro\\\/societateaculturala\\\/lockdown-italia-vazut-de-presa-straina\",\"url\":\"https:\\\/\\\/www.societateamuzicala.ro\\\/societateaculturala\\\/lockdown-italia-vazut-de-presa-straina\",\"name\":\"LOCKDOWN ITALIA \u2013 v\u0103zut de presa str\u0103in\u0103 - Societatea Culturala\",\"isPartOf\":{\"@id\":\"https:\\\/\\\/www.societateamuzicala.ro\\\/societateaculturala\\\/#website\"},\"primaryImageOfPage\":{\"@id\":\"https:\\\/\\\/www.societateamuzicala.ro\\\/societateaculturala\\\/lockdown-italia-vazut-de-presa-straina#primaryimage\"},\"image\":{\"@id\":\"https:\\\/\\\/www.societateamuzicala.ro\\\/societateaculturala\\\/lockdown-italia-vazut-de-presa-straina#primaryimage\"},\"thumbnailUrl\":\"https:\\\/\\\/www.societateamuzicala.ro\\\/societateaculturala\\\/wp-content\\\/uploads\\\/2021\\\/05\\\/LOCKDOWN-ITALIA-afis-100x70-1-255x179.jpg\",\"datePublished\":\"2021-05-28T07:16:49+00:00\",\"dateModified\":\"2021-05-28T07:17:24+00:00\",\"author\":{\"@id\":\"https:\\\/\\\/www.societateamuzicala.ro\\\/societateaculturala\\\/#\\\/schema\\\/person\\\/0608b1774a3787abb7ff1d5e8d1b84eb\"},\"description\":\"Expozi\u021bia de fotografie \u201eLOCKDOWN ITALIA \u2013 v\u0103zut de presa str\u0103in\u0103\u201d curatoriat\u0103 de Chris Warde-Jones \u2013 jurnalist \u0219i membru al Asocia\u021biei...\",\"breadcrumb\":{\"@id\":\"https:\\\/\\\/www.societateamuzicala.ro\\\/societateaculturala\\\/lockdown-italia-vazut-de-presa-straina#breadcrumb\"},\"inLanguage\":\"ro-RO\",\"potentialAction\":[{\"@type\":\"ReadAction\",\"target\":[\"https:\\\/\\\/www.societateamuzicala.ro\\\/societateaculturala\\\/lockdown-italia-vazut-de-presa-straina\"]}]},{\"@type\":\"ImageObject\",\"inLanguage\":\"ro-RO\",\"@id\":\"https:\\\/\\\/www.societateamuzicala.ro\\\/societateaculturala\\\/lockdown-italia-vazut-de-presa-straina#primaryimage\",\"url\":\"https:\\\/\\\/www.societateamuzicala.ro\\\/societateaculturala\\\/wp-content\\\/uploads\\\/2021\\\/05\\\/LOCKDOWN-ITALIA-afis-100x70-1.jpg\",\"contentUrl\":\"https:\\\/\\\/www.societateamuzicala.ro\\\/societateaculturala\\\/wp-content\\\/uploads\\\/2021\\\/05\\\/LOCKDOWN-ITALIA-afis-100x70-1.jpg\",\"width\":1024,\"height\":717,\"caption\":\"LOCKDOWN ITALIA - afis 100x70\"},{\"@type\":\"BreadcrumbList\",\"@id\":\"https:\\\/\\\/www.societateamuzicala.ro\\\/societateaculturala\\\/lockdown-italia-vazut-de-presa-straina#breadcrumb\",\"itemListElement\":[{\"@type\":\"ListItem\",\"position\":1,\"name\":\"Acas\u0103\",\"item\":\"https:\\\/\\\/www.societateamuzicala.ro\\\/societateaculturala\"},{\"@type\":\"ListItem\",\"position\":2,\"name\":\"LOCKDOWN ITALIA \u2013 v\u0103zut de presa str\u0103in\u0103\"}]},{\"@type\":\"WebSite\",\"@id\":\"https:\\\/\\\/www.societateamuzicala.ro\\\/societateaculturala\\\/#website\",\"url\":\"https:\\\/\\\/www.societateamuzicala.ro\\\/societateaculturala\\\/\",\"name\":\"Societatea Culturala\",\"description\":\"Platforma de marketing si informatii culturale\",\"potentialAction\":[{\"@type\":\"SearchAction\",\"target\":{\"@type\":\"EntryPoint\",\"urlTemplate\":\"https:\\\/\\\/www.societateamuzicala.ro\\\/societateaculturala\\\/?s={search_term_string}\"},\"query-input\":{\"@type\":\"PropertyValueSpecification\",\"valueRequired\":true,\"valueName\":\"search_term_string\"}}],\"inLanguage\":\"ro-RO\"},{\"@type\":\"Person\",\"@id\":\"https:\\\/\\\/www.societateamuzicala.ro\\\/societateaculturala\\\/#\\\/schema\\\/person\\\/0608b1774a3787abb7ff1d5e8d1b84eb\",\"name\":\"Catoi Daniel\",\"image\":{\"@type\":\"ImageObject\",\"inLanguage\":\"ro-RO\",\"@id\":\"https:\\\/\\\/secure.gravatar.com\\\/avatar\\\/c0882a218c936889972a11c796e8ed91e0aff99b92af7212c04f740da3928233?s=96&d=mm&r=g\",\"url\":\"https:\\\/\\\/secure.gravatar.com\\\/avatar\\\/c0882a218c936889972a11c796e8ed91e0aff99b92af7212c04f740da3928233?s=96&d=mm&r=g\",\"contentUrl\":\"https:\\\/\\\/secure.gravatar.com\\\/avatar\\\/c0882a218c936889972a11c796e8ed91e0aff99b92af7212c04f740da3928233?s=96&d=mm&r=g\",\"caption\":\"Catoi Daniel\"},\"url\":\"https:\\\/\\\/www.societateamuzicala.ro\\\/societateaculturala\\\/author\\\/daniel\"}]}<\/script>\n<!-- \/ Yoast SEO plugin. -->","yoast_head_json":{"title":"LOCKDOWN ITALIA \u2013 v\u0103zut de presa str\u0103in\u0103 - Societatea Culturala","description":"Expozi\u021bia de fotografie \u201eLOCKDOWN ITALIA \u2013 v\u0103zut de presa str\u0103in\u0103\u201d curatoriat\u0103 de Chris Warde-Jones \u2013 jurnalist \u0219i membru al Asocia\u021biei...","robots":{"index":"index","follow":"follow","max-snippet":"max-snippet:-1","max-image-preview":"max-image-preview:large","max-video-preview":"max-video-preview:-1"},"canonical":"https:\/\/www.societateamuzicala.ro\/societateaculturala\/lockdown-italia-vazut-de-presa-straina","og_locale":"ro_RO","og_type":"article","og_title":"LOCKDOWN ITALIA \u2013 v\u0103zut de presa str\u0103in\u0103 - Societatea Culturala","og_description":"Expozi\u021bia de fotografie \u201eLOCKDOWN ITALIA \u2013 v\u0103zut de presa str\u0103in\u0103\u201d curatoriat\u0103 de Chris Warde-Jones \u2013 jurnalist \u0219i membru al Asocia\u021biei...","og_url":"https:\/\/www.societateamuzicala.ro\/societateaculturala\/lockdown-italia-vazut-de-presa-straina","og_site_name":"Societatea Culturala","article_published_time":"2021-05-28T07:16:49+00:00","article_modified_time":"2021-05-28T07:17:24+00:00","og_image":[{"width":1024,"height":717,"url":"https:\/\/www.societateamuzicala.ro\/societateaculturala\/wp-content\/uploads\/2021\/05\/LOCKDOWN-ITALIA-afis-100x70-1.jpg","type":"image\/jpeg"}],"author":"Catoi Daniel","twitter_card":"summary_large_image","twitter_misc":{"Scris de":"Catoi Daniel","Timp estimat pentru citire":"5 minute"},"schema":{"@context":"https:\/\/schema.org","@graph":[{"@type":"Article","@id":"https:\/\/www.societateamuzicala.ro\/societateaculturala\/lockdown-italia-vazut-de-presa-straina#article","isPartOf":{"@id":"https:\/\/www.societateamuzicala.ro\/societateaculturala\/lockdown-italia-vazut-de-presa-straina"},"author":{"name":"Catoi Daniel","@id":"https:\/\/www.societateamuzicala.ro\/societateaculturala\/#\/schema\/person\/0608b1774a3787abb7ff1d5e8d1b84eb"},"headline":"LOCKDOWN ITALIA \u2013 v\u0103zut de presa str\u0103in\u0103","datePublished":"2021-05-28T07:16:49+00:00","dateModified":"2021-05-28T07:17:24+00:00","mainEntityOfPage":{"@id":"https:\/\/www.societateamuzicala.ro\/societateaculturala\/lockdown-italia-vazut-de-presa-straina"},"wordCount":1042,"commentCount":0,"image":{"@id":"https:\/\/www.societateamuzicala.ro\/societateaculturala\/lockdown-italia-vazut-de-presa-straina#primaryimage"},"thumbnailUrl":"https:\/\/www.societateamuzicala.ro\/societateaculturala\/wp-content\/uploads\/2021\/05\/LOCKDOWN-ITALIA-afis-100x70-1-255x179.jpg","keywords":["arte plastice","cinema","concerte","concerte muzica clasica","Cultura","evenimente culturale","expozitii","film","muzica clasica","muzica clasica romania","teatru"],"articleSection":["Evenimente si stiri"],"inLanguage":"ro-RO","potentialAction":[{"@type":"CommentAction","name":"Comment","target":["https:\/\/www.societateamuzicala.ro\/societateaculturala\/lockdown-italia-vazut-de-presa-straina#respond"]}]},{"@type":"WebPage","@id":"https:\/\/www.societateamuzicala.ro\/societateaculturala\/lockdown-italia-vazut-de-presa-straina","url":"https:\/\/www.societateamuzicala.ro\/societateaculturala\/lockdown-italia-vazut-de-presa-straina","name":"LOCKDOWN ITALIA \u2013 v\u0103zut de presa str\u0103in\u0103 - Societatea Culturala","isPartOf":{"@id":"https:\/\/www.societateamuzicala.ro\/societateaculturala\/#website"},"primaryImageOfPage":{"@id":"https:\/\/www.societateamuzicala.ro\/societateaculturala\/lockdown-italia-vazut-de-presa-straina#primaryimage"},"image":{"@id":"https:\/\/www.societateamuzicala.ro\/societateaculturala\/lockdown-italia-vazut-de-presa-straina#primaryimage"},"thumbnailUrl":"https:\/\/www.societateamuzicala.ro\/societateaculturala\/wp-content\/uploads\/2021\/05\/LOCKDOWN-ITALIA-afis-100x70-1-255x179.jpg","datePublished":"2021-05-28T07:16:49+00:00","dateModified":"2021-05-28T07:17:24+00:00","author":{"@id":"https:\/\/www.societateamuzicala.ro\/societateaculturala\/#\/schema\/person\/0608b1774a3787abb7ff1d5e8d1b84eb"},"description":"Expozi\u021bia de fotografie \u201eLOCKDOWN ITALIA \u2013 v\u0103zut de presa str\u0103in\u0103\u201d curatoriat\u0103 de Chris Warde-Jones \u2013 jurnalist \u0219i membru al Asocia\u021biei...","breadcrumb":{"@id":"https:\/\/www.societateamuzicala.ro\/societateaculturala\/lockdown-italia-vazut-de-presa-straina#breadcrumb"},"inLanguage":"ro-RO","potentialAction":[{"@type":"ReadAction","target":["https:\/\/www.societateamuzicala.ro\/societateaculturala\/lockdown-italia-vazut-de-presa-straina"]}]},{"@type":"ImageObject","inLanguage":"ro-RO","@id":"https:\/\/www.societateamuzicala.ro\/societateaculturala\/lockdown-italia-vazut-de-presa-straina#primaryimage","url":"https:\/\/www.societateamuzicala.ro\/societateaculturala\/wp-content\/uploads\/2021\/05\/LOCKDOWN-ITALIA-afis-100x70-1.jpg","contentUrl":"https:\/\/www.societateamuzicala.ro\/societateaculturala\/wp-content\/uploads\/2021\/05\/LOCKDOWN-ITALIA-afis-100x70-1.jpg","width":1024,"height":717,"caption":"LOCKDOWN ITALIA - afis 100x70"},{"@type":"BreadcrumbList","@id":"https:\/\/www.societateamuzicala.ro\/societateaculturala\/lockdown-italia-vazut-de-presa-straina#breadcrumb","itemListElement":[{"@type":"ListItem","position":1,"name":"Acas\u0103","item":"https:\/\/www.societateamuzicala.ro\/societateaculturala"},{"@type":"ListItem","position":2,"name":"LOCKDOWN ITALIA \u2013 v\u0103zut de presa str\u0103in\u0103"}]},{"@type":"WebSite","@id":"https:\/\/www.societateamuzicala.ro\/societateaculturala\/#website","url":"https:\/\/www.societateamuzicala.ro\/societateaculturala\/","name":"Societatea Culturala","description":"Platforma de marketing si informatii culturale","potentialAction":[{"@type":"SearchAction","target":{"@type":"EntryPoint","urlTemplate":"https:\/\/www.societateamuzicala.ro\/societateaculturala\/?s={search_term_string}"},"query-input":{"@type":"PropertyValueSpecification","valueRequired":true,"valueName":"search_term_string"}}],"inLanguage":"ro-RO"},{"@type":"Person","@id":"https:\/\/www.societateamuzicala.ro\/societateaculturala\/#\/schema\/person\/0608b1774a3787abb7ff1d5e8d1b84eb","name":"Catoi Daniel","image":{"@type":"ImageObject","inLanguage":"ro-RO","@id":"https:\/\/secure.gravatar.com\/avatar\/c0882a218c936889972a11c796e8ed91e0aff99b92af7212c04f740da3928233?s=96&d=mm&r=g","url":"https:\/\/secure.gravatar.com\/avatar\/c0882a218c936889972a11c796e8ed91e0aff99b92af7212c04f740da3928233?s=96&d=mm&r=g","contentUrl":"https:\/\/secure.gravatar.com\/avatar\/c0882a218c936889972a11c796e8ed91e0aff99b92af7212c04f740da3928233?s=96&d=mm&r=g","caption":"Catoi Daniel"},"url":"https:\/\/www.societateamuzicala.ro\/societateaculturala\/author\/daniel"}]}},"_links":{"self":[{"href":"https:\/\/www.societateamuzicala.ro\/societateaculturala\/wp-json\/wp\/v2\/posts\/32403","targetHints":{"allow":["GET"]}}],"collection":[{"href":"https:\/\/www.societateamuzicala.ro\/societateaculturala\/wp-json\/wp\/v2\/posts"}],"about":[{"href":"https:\/\/www.societateamuzicala.ro\/societateaculturala\/wp-json\/wp\/v2\/types\/post"}],"author":[{"embeddable":true,"href":"https:\/\/www.societateamuzicala.ro\/societateaculturala\/wp-json\/wp\/v2\/users\/22"}],"replies":[{"embeddable":true,"href":"https:\/\/www.societateamuzicala.ro\/societateaculturala\/wp-json\/wp\/v2\/comments?post=32403"}],"version-history":[{"count":0,"href":"https:\/\/www.societateamuzicala.ro\/societateaculturala\/wp-json\/wp\/v2\/posts\/32403\/revisions"}],"wp:attachment":[{"href":"https:\/\/www.societateamuzicala.ro\/societateaculturala\/wp-json\/wp\/v2\/media?parent=32403"}],"wp:term":[{"taxonomy":"category","embeddable":true,"href":"https:\/\/www.societateamuzicala.ro\/societateaculturala\/wp-json\/wp\/v2\/categories?post=32403"},{"taxonomy":"post_tag","embeddable":true,"href":"https:\/\/www.societateamuzicala.ro\/societateaculturala\/wp-json\/wp\/v2\/tags?post=32403"}],"curies":[{"name":"wp","href":"https:\/\/api.w.org\/{rel}","templated":true}]}}