{"id":32400,"date":"2021-05-26T13:33:17","date_gmt":"2021-05-26T13:33:17","guid":{"rendered":"https:\/\/www.societateamuzicala.ro\/societateaculturala\/?p=32400"},"modified":"2021-05-26T13:33:17","modified_gmt":"2021-05-26T13:33:17","slug":"lansare-finantare-nerambursabila-arcub","status":"publish","type":"post","link":"https:\/\/www.societateamuzicala.ro\/societateaculturala\/lansare-finantare-nerambursabila-arcub","title":{"rendered":"Lansare finan\u021bare nerambursabil\u0103 ARCUB"},"content":{"rendered":"<p><strong>Lansarea Programului <\/strong><strong>de finan\u0163are nerambursabil\u0103 <\/strong><strong>\u201eBucure\u015fti \u2013 Ora\u015f deschis\u201d 2021<\/strong><\/p>\n<p><em>Prim\u0103ria Capitalei prin ARCUB \u2013 Centrul Cultural al Municipiului Bucure\u0219ti lanseaz\u0103 \u00een data de 26 mai 2021, Sesiunea de finan\u0163are nerambursabil\u0103 \u201eBucure\u015fti \u2013 Ora\u015f deschis\u201d din cadrul Programului de finan\u0163are 2021 destinat sectorului creativ din Bucure\u015fti.<\/em><\/p>\n<p><strong>Tema programului<\/strong><\/p>\n<p><a href=\"https:\/\/www.societateamuzicala.ro\/societateaculturala\/wp-content\/uploads\/2017\/01\/ARCUB.jpg\"><img loading=\"lazy\" decoding=\"async\" class=\"no-border alignleft wp-image-29326\" src=\"https:\/\/www.societateamuzicala.ro\/societateaculturala\/wp-content\/uploads\/2017\/01\/ARCUB.jpg\" alt=\"ARCUB\" width=\"200\" height=\"150\" \/><\/a><\/p>\n<p><strong>Programul de finan\u021bare \u201eBucure\u015fti \u2013 Ora\u015f deschis\u201d 2021<\/strong> \u00ee\u0219i propune s\u0103 sus\u021bin\u0103 sectorul creativ din Bucure\u015fti, profund afectat de restric\u021biile impuse de pandemie \u0219i s\u0103 r\u0103spund\u0103 nevoii acute de \u00eent\u00e2lnire \u0219i interac\u021biune direct\u0103 cu experien\u021ba artistic\u0103 \u0219i cultural\u0103 a cet\u0103\u021benilor din Bucure\u0219ti dup\u0103 un an de restric\u021bii \u0219i distan\u021bare fizic\u0103.<\/p>\n<p>\u201e<em>Ne-am dorit\u00a0 s\u0103 relu\u0103m sesiunea anual\u0103 de finan\u021bare a <\/em>ARCUB<em>, sesiune oprit\u0103 \u00een 2018, cu at\u00e2t mai mult \u00een acest an, care este un an complicat pentru sectorul cultural. Prin Programul de finan\u0163are Bucure\u015fti \u2013 Ora\u015f deschis, ne dorim s\u0103 deschidem Bucure\u015ftiul, s\u0103 stimul\u0103m relansarea activit\u0103\u0163ii comunit\u0103\u0163ilor creative \u015fi culturale din ora\u015f. Este un demers necesar \u00een strategia ARCUB pentru anul 2021<\/em>,\u201d declar\u0103 <strong>Mihaela P\u0103un, directorul ARCUB.<\/strong><\/p>\n<p><strong>Domenii de referin\u0163\u0103<\/strong><\/p>\n<p>Programul se adreseaz\u0103 tuturor <strong>domeniilor culturale <\/strong>\u2013 <strong>artele spectacolului <\/strong>(teatru, dans, muzic\u0103), <strong>arte vizuale <\/strong>(care includ dar nu se limiteaz\u0103 la: pictur\u0103, sculptur\u0103, design, grafic\u0103, arte decorative, street art, fotografie, instala\u021bii, video art, art\u0103 digital\u0103 \u0219i noile media, film), <strong>educa\u021bie prin cultur\u0103<\/strong>, <strong>interven\u021bie cultural\u0103<\/strong> <strong>\u0219i<\/strong> <strong>urban\u0103, patrimoniu<\/strong> <strong>\u0219i<\/strong> <strong>arhitectur\u0103 \u0219i promovarea culturii scrise. <\/strong>De asemenea, programul de finan\u0163are \u00eencurajeaz\u0103 <strong>abord\u0103rile interdisciplinare \u0219i colaborative<\/strong>.<\/p>\n<p>Propunerile de programe, proiecte \u0219i ac\u021biuni se pot derula deopotriv\u0103 \u00een <strong>spa\u021bii fizice \u0219i online<\/strong> \u0219i trebuie s\u0103 fie adaptate condi\u021biilor restrictive impuse de pandemie \u0219i evolu\u021biei prognozate pentru acest an.<\/p>\n<p><strong>Obiective \u201eBucure\u015fti \u2013 Ora\u015f deschis\u201d<\/strong><\/p>\n<p>\u00cen cadrul temei din acest an <strong>\u201eBucure\u015fti \u2013 Ora\u015f deschis\u201d<\/strong>, ARCUB invit\u0103 operatorii culturali din Bucure\u015fti s\u0103 propun\u0103 <strong>programe<\/strong>, <strong>proiecte<\/strong> \u015fi <strong>ac\u0163iuni culturale<\/strong> <strong>\u00een acord cu Strategia Cultural\u0103 a Municipiului Bucure\u015fti 2016-<\/strong><strong>2026<\/strong> \u2013 un document aflat \u00een proces de opera\u021bionalizare, care va fi implementat de <em>Direc\u021bia Cultur\u0103, \u00cenv\u0103\u021b\u0103m\u00e2nt, Turism din cadrul Prim\u0103riei Municipiului Bucure\u0219ti<\/em> \u2013 \u0219i adaptate contextului specific anului 2021.<\/p>\n<p><strong>Principalele obiective<\/strong> ale <strong>Programului cultural \u201eBucure\u015fti \u2013 Ora\u015f deschis\u201d<\/strong> \u00een anul 2021 sunt <strong>sus\u0163inerea unei particip\u0103ri c\u00e2t mai vaste \u0219i implicate a cet\u0103\u021benilor ora\u0219ului, at\u00e2t \u00een spa\u0163ii fizice, c\u00e2t \u015fi online<\/strong>, cu accent asupra activ\u0103rii spa\u021biului public, precum \u015fi <strong>dezvoltarea, inovarea \u015fi rezilien\u0163a sectorului cultural<\/strong> prin reinventarea \u015fi adaptarea la schimb\u0103rile provocate de pandemie.<\/p>\n<p><strong>Solicitan\u0163i eligibili<\/strong><\/p>\n<p>Finan\u021barea nerambursabil\u0103 va putea fi solicitat\u0103 de <strong>persoane fizice autorizate, asocia\u021bii, funda\u021bii, institu\u021bii publice<\/strong> care nu sunt subordonate Prim\u0103riei Capitalei, <strong>societ\u0103\u0163i comerciale<\/strong> care deruleaz\u0103 <strong>activit\u0103\u021bi culturale sau educa\u0163ionale<\/strong>.<\/p>\n<p><strong>Buget <\/strong><\/p>\n<p>Bugetul disponibil pentru sesiunea de finan\u0163are nerambursabil\u0103 din acest an este de <strong>3,5 milioane de lei<\/strong>. Solicitan\u0163ii vor putea beneficia de un <strong>plafon maxim de finan\u0163are<\/strong> de <strong>100.000 lei pentru proiecte mari<\/strong>, <strong>50.000 lei pentru proiecte medii<\/strong> \u015fi de <strong>25.000 lei pentru proiecte mici<\/strong>.<\/p>\n<p>Sesiunea de finan\u021bare a proiectelor culturale va fi urmat\u0103 de o sesiune de burse de<strong> idei<\/strong> adresat\u0103 <strong>persoanelor fizice<\/strong> active \u00een sectorul cultural din Bucure\u0219ti.<\/p>\n<p>\u00cen aceast\u0103 sesiune de finan\u021bare, cheltuielile eligibile r\u0103spund \u0219i nevoii de <strong>sus\u021binere a activit\u0103\u021bii curente a solicitan\u021bilor <\/strong>(chiriile spa\u021biilor administrative, utilit\u0103\u021bi), pe perioada derul\u0103rii proiectului, inclusiv pentru spa\u021biile culturale private, profund afectate de pandemie.<\/p>\n<p><strong>Calendar<\/strong><\/p>\n<p>Vor fi acordate finan\u0163\u0103ri nerambursabile pentru <strong>oferte culturale<\/strong> ce se vor desf\u0103\u015fura exclusiv \u00een Bucure\u015fti, \u00een <strong>perioada cuprins\u0103 \u00eentre\u00a0<\/strong><\/p>\n<p><strong>data semn\u0103rii contractului de finan\u0163are \u015fi data de 15 noiembrie 2021<\/strong>.<\/p>\n<p>Proiectele pot fi \u00eenscrise p\u00e2n\u0103 la data de <strong>25 iunie 2021, ora 17:00<\/strong>, prin e-mail, la adresa <strong>finantare2021@arcub.ro<\/strong>.<\/p>\n<p><strong>Informa\u0163ii utile<\/strong><\/p>\n<p><strong>Regulamentul de finan\u021bare<\/strong>, <strong>Anun\u021bul public privind lansarea Programului cultural<\/strong> \u0219i <strong>Calendarul programului<\/strong> sunt disponibile pe site-ul ARCUB, sec\u021biunea Finan\u021bare.<\/p>\n<p><strong>Despre Programul de finan\u0163are nerambursabil\u0103 al ARCUB<\/strong><\/p>\n<p>Pentru a diversifica oferta cultural\u0103 a ora\u015fului Bucure\u015fti \u015fi pentru a maximiza impactul culturii asupra bucure\u015ftenilor, Prim\u0103ria Capitalei \u0219i ARCUB au lansat Programul de sus\u021binere financiar\u0103 a proiectelor culturale, un apel deschis c\u0103tre arti\u015fti \u015fi organiza\u021bii culturale de a realiza proiecte \u015fi ac\u021biuni inovatoare care \u00eembog\u0103\u021besc \u015fi diversific\u0103 via\u021ba cultural\u0103 a ora\u015fului Bucure\u015fti.<\/p>\n<p>Finan\u021barea proiectelor organiza\u021biilor culturale din Bucure\u0219ti este o parte fundamental\u0103 a istoriei ARCUB, institu\u021bia fiind \u00eenfiin\u021bat\u0103 \u00een 1996 pentru a deservi exact acest scop, pe care l-a urm\u0103rit, sub diferite forme, de-a lungul \u00eentregii sale activit\u0103\u021bi.<\/p>\n<p>\u00cen perioada 2014-2017, ARCUB a sus\u021binut, prin Programul anual de Finan\u021bare Nerambursabil\u0103 pentru Operatorii Culturali, peste 300 de proiecte din toate domeniile culturale \u2013 teatru, arte vizuale, dans, muzic\u0103 \u0219i educa\u021bie prin cultur\u0103, printre care singurul festival rromani din \u021bar\u0103, piese de teatru ini\u021biate de tineri studen\u021bi, proiecte \u00eempotriva discrimin\u0103rii, festivaluri de anima\u021bie, improviza\u021bie, de chitar\u0103 sau muzic\u0103 veche, reziden\u021biate pentru arti\u0219ti emergen\u021bi, festival de muzic\u0103 balcanic\u0103 sau dedicat culturii armene, evenimente de dans, piese de teatru \u0219i festivaluri de lectur\u0103 pentru copii \u0219i, nu \u00een ultimul r\u00e2nd, evenimente dedicate revitaliz\u0103rii vechilor zone industriale \u0219i transform\u0103rii acestora \u00een centre de art\u0103 \u0219i design. Finan\u021b\u0103rile acordate au fost nerambursabile \u015fi s-au acordat anual, \u00een urma unui proces de selec\u021bie.<\/p>\n<p><strong><em>ARCUB <\/em><\/strong><em>&#8211; Centrul Cultural al Municipiului Bucure\u015fti cultiv\u0103 identitatea cultural\u0103 a Capitalei din 1996. Proiectele ini\u021biate \u0219i desf\u0103\u0219urate de ARCUB \u00een 25 de ani de activitate au contribuit la diversificarea vie\u021bii culturale a ora\u0219ului, precum \u0219i la \u00eenscrierea acestuia \u00een r\u00e2ndul marilor capitale ale lumii.<\/em><\/p>\n<p><strong><em>ARCUB<\/em><\/strong><em> este organizatorul Festivalului interna\u021bional al luminii \u2013 Spotlight, Festivalului Interna\u0163ional de Teatru de Strad\u0103 \u2013 B-FIT in the Street! \u0219i al Festivalului interna\u0163ional de jazz &#8211; Bucharest Jazz Festival.<\/em><\/p>\n<p><em>Persoan\u0103 de contact:<\/em><\/p>\n<p>Cristina Nichimi\u015f \u2013 PR Manager<\/p>\n<p>E-mail: cristina.nichimis@arcub.ro<\/p>\n","protected":false},"excerpt":{"rendered":"<p>Lansarea Programului de finan\u0163are nerambursabil\u0103 \u201eBucure\u015fti \u2013 Ora\u015f deschis\u201d 2021 Prim\u0103ria Capitalei prin ARCUB \u2013 Centrul Cultural al Municipiului Bucure\u0219ti lanseaz\u0103 \u00een data de 26 mai 2021, Sesiunea de finan\u0163are nerambursabil\u0103 \u201eBucure\u015fti \u2013 Ora\u015f deschis\u201d din cadrul Programului de finan\u0163are 2021 destinat sectorului creativ din Bucure\u015fti. Tema programului Programul de finan\u021bare \u201eBucure\u015fti \u2013 Ora\u015f deschis\u201d [&hellip;]<\/p>\n","protected":false},"author":22,"featured_media":0,"comment_status":"open","ping_status":"open","sticky":false,"template":"","format":"standard","meta":{"_acf_changed":false,"footnotes":""},"categories":[68],"tags":[1393,1820,191,200,4567,6322,6330,274,197,201,273],"class_list":["post-32400","post","type-post","status-publish","format-standard","hentry","category-evenimente-si-stiri","tag-arte-plastice","tag-cinema","tag-concerte","tag-concerte-muzica-clasica","tag-cultura","tag-evenimente-culturale","tag-expozitii","tag-film","tag-muzica-clasica","tag-muzica-clasica-romania","tag-teatru"],"acf":{"cc_filter":[],"poza_fixa":"https:\/\/www.societateamuzicala.ro\/societateaculturala\/wp-content\/uploads\/2015\/10\/Arcub-in-Centrul-Istoric.jpg","url_poza_fixa":"","format_poza_fixa":"full-img-4-3","oras":"","sector":"","zona":"","in_strainatate":false,"pian":false,"orga":false,"data1":"","data2":"","afiseaza_data_post":false,"acf_sala":"","centru_cultural":"","articole_parinte":"","articole_relationate":"","coordonate":false,"tab1_nume":"Despre","tab3":false,"tab5":false,"tab4":false},"yoast_head":"<!-- This site is optimized with the Yoast SEO plugin v27.5 - https:\/\/yoast.com\/product\/yoast-seo-wordpress\/ -->\n<title>Lansare finan\u021bare nerambursabil\u0103 ARCUB - Societatea Culturala<\/title>\n<meta name=\"robots\" content=\"index, follow, max-snippet:-1, max-image-preview:large, max-video-preview:-1\" \/>\n<link rel=\"canonical\" href=\"https:\/\/www.societateamuzicala.ro\/societateaculturala\/lansare-finantare-nerambursabila-arcub\" \/>\n<meta property=\"og:locale\" content=\"ro_RO\" \/>\n<meta property=\"og:type\" content=\"article\" \/>\n<meta property=\"og:title\" content=\"Lansare finan\u021bare nerambursabil\u0103 ARCUB - Societatea Culturala\" \/>\n<meta property=\"og:description\" content=\"Prim\u0103ria Capitalei prin ARCUB \u2013 Centrul Cultural al Municipiului Bucure\u0219ti lanseaz\u0103 \u00een data de 26 mai 2021, Sesiunea de finan\u0163are nerambursabil\u0103 \u201eBucure\u015fti \u2013 Ora\u015f deschis\u201d din cadrul Programului de finan\u0163are 2021 destinat sectorului creativ din Bucure\u015fti.\" \/>\n<meta property=\"og:url\" content=\"https:\/\/www.societateamuzicala.ro\/societateaculturala\/lansare-finantare-nerambursabila-arcub\" \/>\n<meta property=\"og:site_name\" content=\"Societatea Culturala\" \/>\n<meta property=\"article:published_time\" content=\"2021-05-26T13:33:17+00:00\" \/>\n<meta property=\"og:image\" content=\"https:\/\/www.societateamuzicala.ro\/societateaculturala\/wp-content\/uploads\/2015\/10\/Arcub-in-Centrul-Istoric.jpg\" \/>\n\t<meta property=\"og:image:width\" content=\"960\" \/>\n\t<meta property=\"og:image:height\" content=\"640\" \/>\n\t<meta property=\"og:image:type\" content=\"image\/jpeg\" \/>\n<meta name=\"author\" content=\"Catoi Daniel\" \/>\n<meta name=\"twitter:card\" content=\"summary_large_image\" \/>\n<meta name=\"twitter:label1\" content=\"Scris de\" \/>\n\t<meta name=\"twitter:data1\" content=\"Catoi Daniel\" \/>\n\t<meta name=\"twitter:label2\" content=\"Timp estimat pentru citire\" \/>\n\t<meta name=\"twitter:data2\" content=\"5 minute\" \/>\n<script type=\"application\/ld+json\" class=\"yoast-schema-graph\">{\"@context\":\"https:\\\/\\\/schema.org\",\"@graph\":[{\"@type\":\"Article\",\"@id\":\"https:\\\/\\\/www.societateamuzicala.ro\\\/societateaculturala\\\/lansare-finantare-nerambursabila-arcub#article\",\"isPartOf\":{\"@id\":\"https:\\\/\\\/www.societateamuzicala.ro\\\/societateaculturala\\\/lansare-finantare-nerambursabila-arcub\"},\"author\":{\"name\":\"Catoi Daniel\",\"@id\":\"https:\\\/\\\/www.societateamuzicala.ro\\\/societateaculturala\\\/#\\\/schema\\\/person\\\/0608b1774a3787abb7ff1d5e8d1b84eb\"},\"headline\":\"Lansare finan\u021bare nerambursabil\u0103 ARCUB\",\"datePublished\":\"2021-05-26T13:33:17+00:00\",\"mainEntityOfPage\":{\"@id\":\"https:\\\/\\\/www.societateamuzicala.ro\\\/societateaculturala\\\/lansare-finantare-nerambursabila-arcub\"},\"wordCount\":1002,\"commentCount\":1,\"image\":{\"@id\":\"https:\\\/\\\/www.societateamuzicala.ro\\\/societateaculturala\\\/lansare-finantare-nerambursabila-arcub#primaryimage\"},\"thumbnailUrl\":\"https:\\\/\\\/www.societateamuzicala.ro\\\/societateaculturala\\\/wp-content\\\/uploads\\\/2017\\\/01\\\/ARCUB.jpg\",\"keywords\":[\"arte plastice\",\"cinema\",\"concerte\",\"concerte muzica clasica\",\"Cultura\",\"evenimente culturale\",\"expozitii\",\"film\",\"muzica clasica\",\"muzica clasica romania\",\"teatru\"],\"articleSection\":[\"Evenimente si stiri\"],\"inLanguage\":\"ro-RO\",\"potentialAction\":[{\"@type\":\"CommentAction\",\"name\":\"Comment\",\"target\":[\"https:\\\/\\\/www.societateamuzicala.ro\\\/societateaculturala\\\/lansare-finantare-nerambursabila-arcub#respond\"]}]},{\"@type\":\"WebPage\",\"@id\":\"https:\\\/\\\/www.societateamuzicala.ro\\\/societateaculturala\\\/lansare-finantare-nerambursabila-arcub\",\"url\":\"https:\\\/\\\/www.societateamuzicala.ro\\\/societateaculturala\\\/lansare-finantare-nerambursabila-arcub\",\"name\":\"Lansare finan\u021bare nerambursabil\u0103 ARCUB - Societatea Culturala\",\"isPartOf\":{\"@id\":\"https:\\\/\\\/www.societateamuzicala.ro\\\/societateaculturala\\\/#website\"},\"primaryImageOfPage\":{\"@id\":\"https:\\\/\\\/www.societateamuzicala.ro\\\/societateaculturala\\\/lansare-finantare-nerambursabila-arcub#primaryimage\"},\"image\":{\"@id\":\"https:\\\/\\\/www.societateamuzicala.ro\\\/societateaculturala\\\/lansare-finantare-nerambursabila-arcub#primaryimage\"},\"thumbnailUrl\":\"https:\\\/\\\/www.societateamuzicala.ro\\\/societateaculturala\\\/wp-content\\\/uploads\\\/2017\\\/01\\\/ARCUB.jpg\",\"datePublished\":\"2021-05-26T13:33:17+00:00\",\"author\":{\"@id\":\"https:\\\/\\\/www.societateamuzicala.ro\\\/societateaculturala\\\/#\\\/schema\\\/person\\\/0608b1774a3787abb7ff1d5e8d1b84eb\"},\"breadcrumb\":{\"@id\":\"https:\\\/\\\/www.societateamuzicala.ro\\\/societateaculturala\\\/lansare-finantare-nerambursabila-arcub#breadcrumb\"},\"inLanguage\":\"ro-RO\",\"potentialAction\":[{\"@type\":\"ReadAction\",\"target\":[\"https:\\\/\\\/www.societateamuzicala.ro\\\/societateaculturala\\\/lansare-finantare-nerambursabila-arcub\"]}]},{\"@type\":\"ImageObject\",\"inLanguage\":\"ro-RO\",\"@id\":\"https:\\\/\\\/www.societateamuzicala.ro\\\/societateaculturala\\\/lansare-finantare-nerambursabila-arcub#primaryimage\",\"url\":\"https:\\\/\\\/www.societateamuzicala.ro\\\/societateaculturala\\\/wp-content\\\/uploads\\\/2017\\\/01\\\/ARCUB.jpg\",\"contentUrl\":\"https:\\\/\\\/www.societateamuzicala.ro\\\/societateaculturala\\\/wp-content\\\/uploads\\\/2017\\\/01\\\/ARCUB.jpg\",\"width\":298,\"height\":224,\"caption\":\"ARCUB\"},{\"@type\":\"BreadcrumbList\",\"@id\":\"https:\\\/\\\/www.societateamuzicala.ro\\\/societateaculturala\\\/lansare-finantare-nerambursabila-arcub#breadcrumb\",\"itemListElement\":[{\"@type\":\"ListItem\",\"position\":1,\"name\":\"Acas\u0103\",\"item\":\"https:\\\/\\\/www.societateamuzicala.ro\\\/societateaculturala\"},{\"@type\":\"ListItem\",\"position\":2,\"name\":\"Lansare finan\u021bare nerambursabil\u0103 ARCUB\"}]},{\"@type\":\"WebSite\",\"@id\":\"https:\\\/\\\/www.societateamuzicala.ro\\\/societateaculturala\\\/#website\",\"url\":\"https:\\\/\\\/www.societateamuzicala.ro\\\/societateaculturala\\\/\",\"name\":\"Societatea Culturala\",\"description\":\"Platforma de marketing si informatii culturale\",\"potentialAction\":[{\"@type\":\"SearchAction\",\"target\":{\"@type\":\"EntryPoint\",\"urlTemplate\":\"https:\\\/\\\/www.societateamuzicala.ro\\\/societateaculturala\\\/?s={search_term_string}\"},\"query-input\":{\"@type\":\"PropertyValueSpecification\",\"valueRequired\":true,\"valueName\":\"search_term_string\"}}],\"inLanguage\":\"ro-RO\"},{\"@type\":\"Person\",\"@id\":\"https:\\\/\\\/www.societateamuzicala.ro\\\/societateaculturala\\\/#\\\/schema\\\/person\\\/0608b1774a3787abb7ff1d5e8d1b84eb\",\"name\":\"Catoi Daniel\",\"image\":{\"@type\":\"ImageObject\",\"inLanguage\":\"ro-RO\",\"@id\":\"https:\\\/\\\/secure.gravatar.com\\\/avatar\\\/c0882a218c936889972a11c796e8ed91e0aff99b92af7212c04f740da3928233?s=96&d=mm&r=g\",\"url\":\"https:\\\/\\\/secure.gravatar.com\\\/avatar\\\/c0882a218c936889972a11c796e8ed91e0aff99b92af7212c04f740da3928233?s=96&d=mm&r=g\",\"contentUrl\":\"https:\\\/\\\/secure.gravatar.com\\\/avatar\\\/c0882a218c936889972a11c796e8ed91e0aff99b92af7212c04f740da3928233?s=96&d=mm&r=g\",\"caption\":\"Catoi Daniel\"},\"url\":\"https:\\\/\\\/www.societateamuzicala.ro\\\/societateaculturala\\\/author\\\/daniel\"}]}<\/script>\n<!-- \/ Yoast SEO plugin. -->","yoast_head_json":{"title":"Lansare finan\u021bare nerambursabil\u0103 ARCUB - Societatea Culturala","robots":{"index":"index","follow":"follow","max-snippet":"max-snippet:-1","max-image-preview":"max-image-preview:large","max-video-preview":"max-video-preview:-1"},"canonical":"https:\/\/www.societateamuzicala.ro\/societateaculturala\/lansare-finantare-nerambursabila-arcub","og_locale":"ro_RO","og_type":"article","og_title":"Lansare finan\u021bare nerambursabil\u0103 ARCUB - Societatea Culturala","og_description":"Prim\u0103ria Capitalei prin ARCUB \u2013 Centrul Cultural al Municipiului Bucure\u0219ti lanseaz\u0103 \u00een data de 26 mai 2021, Sesiunea de finan\u0163are nerambursabil\u0103 \u201eBucure\u015fti \u2013 Ora\u015f deschis\u201d din cadrul Programului de finan\u0163are 2021 destinat sectorului creativ din Bucure\u015fti.","og_url":"https:\/\/www.societateamuzicala.ro\/societateaculturala\/lansare-finantare-nerambursabila-arcub","og_site_name":"Societatea Culturala","article_published_time":"2021-05-26T13:33:17+00:00","og_image":[{"width":960,"height":640,"url":"https:\/\/www.societateamuzicala.ro\/societateaculturala\/wp-content\/uploads\/2015\/10\/Arcub-in-Centrul-Istoric.jpg","type":"image\/jpeg"}],"author":"Catoi Daniel","twitter_card":"summary_large_image","twitter_misc":{"Scris de":"Catoi Daniel","Timp estimat pentru citire":"5 minute"},"schema":{"@context":"https:\/\/schema.org","@graph":[{"@type":"Article","@id":"https:\/\/www.societateamuzicala.ro\/societateaculturala\/lansare-finantare-nerambursabila-arcub#article","isPartOf":{"@id":"https:\/\/www.societateamuzicala.ro\/societateaculturala\/lansare-finantare-nerambursabila-arcub"},"author":{"name":"Catoi Daniel","@id":"https:\/\/www.societateamuzicala.ro\/societateaculturala\/#\/schema\/person\/0608b1774a3787abb7ff1d5e8d1b84eb"},"headline":"Lansare finan\u021bare nerambursabil\u0103 ARCUB","datePublished":"2021-05-26T13:33:17+00:00","mainEntityOfPage":{"@id":"https:\/\/www.societateamuzicala.ro\/societateaculturala\/lansare-finantare-nerambursabila-arcub"},"wordCount":1002,"commentCount":1,"image":{"@id":"https:\/\/www.societateamuzicala.ro\/societateaculturala\/lansare-finantare-nerambursabila-arcub#primaryimage"},"thumbnailUrl":"https:\/\/www.societateamuzicala.ro\/societateaculturala\/wp-content\/uploads\/2017\/01\/ARCUB.jpg","keywords":["arte plastice","cinema","concerte","concerte muzica clasica","Cultura","evenimente culturale","expozitii","film","muzica clasica","muzica clasica romania","teatru"],"articleSection":["Evenimente si stiri"],"inLanguage":"ro-RO","potentialAction":[{"@type":"CommentAction","name":"Comment","target":["https:\/\/www.societateamuzicala.ro\/societateaculturala\/lansare-finantare-nerambursabila-arcub#respond"]}]},{"@type":"WebPage","@id":"https:\/\/www.societateamuzicala.ro\/societateaculturala\/lansare-finantare-nerambursabila-arcub","url":"https:\/\/www.societateamuzicala.ro\/societateaculturala\/lansare-finantare-nerambursabila-arcub","name":"Lansare finan\u021bare nerambursabil\u0103 ARCUB - Societatea Culturala","isPartOf":{"@id":"https:\/\/www.societateamuzicala.ro\/societateaculturala\/#website"},"primaryImageOfPage":{"@id":"https:\/\/www.societateamuzicala.ro\/societateaculturala\/lansare-finantare-nerambursabila-arcub#primaryimage"},"image":{"@id":"https:\/\/www.societateamuzicala.ro\/societateaculturala\/lansare-finantare-nerambursabila-arcub#primaryimage"},"thumbnailUrl":"https:\/\/www.societateamuzicala.ro\/societateaculturala\/wp-content\/uploads\/2017\/01\/ARCUB.jpg","datePublished":"2021-05-26T13:33:17+00:00","author":{"@id":"https:\/\/www.societateamuzicala.ro\/societateaculturala\/#\/schema\/person\/0608b1774a3787abb7ff1d5e8d1b84eb"},"breadcrumb":{"@id":"https:\/\/www.societateamuzicala.ro\/societateaculturala\/lansare-finantare-nerambursabila-arcub#breadcrumb"},"inLanguage":"ro-RO","potentialAction":[{"@type":"ReadAction","target":["https:\/\/www.societateamuzicala.ro\/societateaculturala\/lansare-finantare-nerambursabila-arcub"]}]},{"@type":"ImageObject","inLanguage":"ro-RO","@id":"https:\/\/www.societateamuzicala.ro\/societateaculturala\/lansare-finantare-nerambursabila-arcub#primaryimage","url":"https:\/\/www.societateamuzicala.ro\/societateaculturala\/wp-content\/uploads\/2017\/01\/ARCUB.jpg","contentUrl":"https:\/\/www.societateamuzicala.ro\/societateaculturala\/wp-content\/uploads\/2017\/01\/ARCUB.jpg","width":298,"height":224,"caption":"ARCUB"},{"@type":"BreadcrumbList","@id":"https:\/\/www.societateamuzicala.ro\/societateaculturala\/lansare-finantare-nerambursabila-arcub#breadcrumb","itemListElement":[{"@type":"ListItem","position":1,"name":"Acas\u0103","item":"https:\/\/www.societateamuzicala.ro\/societateaculturala"},{"@type":"ListItem","position":2,"name":"Lansare finan\u021bare nerambursabil\u0103 ARCUB"}]},{"@type":"WebSite","@id":"https:\/\/www.societateamuzicala.ro\/societateaculturala\/#website","url":"https:\/\/www.societateamuzicala.ro\/societateaculturala\/","name":"Societatea Culturala","description":"Platforma de marketing si informatii culturale","potentialAction":[{"@type":"SearchAction","target":{"@type":"EntryPoint","urlTemplate":"https:\/\/www.societateamuzicala.ro\/societateaculturala\/?s={search_term_string}"},"query-input":{"@type":"PropertyValueSpecification","valueRequired":true,"valueName":"search_term_string"}}],"inLanguage":"ro-RO"},{"@type":"Person","@id":"https:\/\/www.societateamuzicala.ro\/societateaculturala\/#\/schema\/person\/0608b1774a3787abb7ff1d5e8d1b84eb","name":"Catoi Daniel","image":{"@type":"ImageObject","inLanguage":"ro-RO","@id":"https:\/\/secure.gravatar.com\/avatar\/c0882a218c936889972a11c796e8ed91e0aff99b92af7212c04f740da3928233?s=96&d=mm&r=g","url":"https:\/\/secure.gravatar.com\/avatar\/c0882a218c936889972a11c796e8ed91e0aff99b92af7212c04f740da3928233?s=96&d=mm&r=g","contentUrl":"https:\/\/secure.gravatar.com\/avatar\/c0882a218c936889972a11c796e8ed91e0aff99b92af7212c04f740da3928233?s=96&d=mm&r=g","caption":"Catoi Daniel"},"url":"https:\/\/www.societateamuzicala.ro\/societateaculturala\/author\/daniel"}]}},"_links":{"self":[{"href":"https:\/\/www.societateamuzicala.ro\/societateaculturala\/wp-json\/wp\/v2\/posts\/32400","targetHints":{"allow":["GET"]}}],"collection":[{"href":"https:\/\/www.societateamuzicala.ro\/societateaculturala\/wp-json\/wp\/v2\/posts"}],"about":[{"href":"https:\/\/www.societateamuzicala.ro\/societateaculturala\/wp-json\/wp\/v2\/types\/post"}],"author":[{"embeddable":true,"href":"https:\/\/www.societateamuzicala.ro\/societateaculturala\/wp-json\/wp\/v2\/users\/22"}],"replies":[{"embeddable":true,"href":"https:\/\/www.societateamuzicala.ro\/societateaculturala\/wp-json\/wp\/v2\/comments?post=32400"}],"version-history":[{"count":0,"href":"https:\/\/www.societateamuzicala.ro\/societateaculturala\/wp-json\/wp\/v2\/posts\/32400\/revisions"}],"wp:attachment":[{"href":"https:\/\/www.societateamuzicala.ro\/societateaculturala\/wp-json\/wp\/v2\/media?parent=32400"}],"wp:term":[{"taxonomy":"category","embeddable":true,"href":"https:\/\/www.societateamuzicala.ro\/societateaculturala\/wp-json\/wp\/v2\/categories?post=32400"},{"taxonomy":"post_tag","embeddable":true,"href":"https:\/\/www.societateamuzicala.ro\/societateaculturala\/wp-json\/wp\/v2\/tags?post=32400"}],"curies":[{"name":"wp","href":"https:\/\/api.w.org\/{rel}","templated":true}]}}