{"id":32196,"date":"2021-03-16T10:27:09","date_gmt":"2021-03-16T10:27:09","guid":{"rendered":"https:\/\/www.societateamuzicala.ro\/societateaculturala\/?p=32196"},"modified":"2021-03-16T10:30:19","modified_gmt":"2021-03-16T10:30:19","slug":"mnac-marcheaza-20-de-ani-de-existenta","status":"publish","type":"post","link":"https:\/\/www.societateamuzicala.ro\/societateaculturala\/mnac-marcheaza-20-de-ani-de-existenta","title":{"rendered":"MNAC marcheaz\u0103 20 de ani de existen\u021b\u0103"},"content":{"rendered":"<p>Muzeul Na\u021bional de Art\u0103 Contemporan\u0103 marcheaz\u0103 anul acesta 20 de ani de existen\u021b\u0103, privind spre viitor \u0219i preg\u0103tind noi strategii de participare la dezvoltarea culturii vizuale din Rom\u00e2nia.<\/p>\n<p>Pe parcursul \u00eentregului an, MNAC va organiza o serie de evenimente on- \u0219i offline, prilejuri de reflec\u021bie asupra rolului muzeelor \u00een contextul schimb\u0103rilor fundamentale ce au loc la nivel local \u0219i global. Interviuri, lans\u0103ri de publica\u021bii \u0219i de expozi\u021bii, cursuri aplicate de istoria artei, ateliere de educa\u021bie \u0219i crea\u021bie artistic\u0103, tururi ghidate, evenimente surpriz\u0103 vor men\u021bine constant acest flux care nu e doar aniversar \u2013 ci \u0219i prospectiv.<\/p>\n<p>MNAC ocup\u0103 \u00een prezent o pozi\u021bie central\u0103 \u00een modelarea memoriei culturale colective, fiind un loc de \u00eent\u00e2lnire pentru comunit\u0103\u021bile care garanteaz\u0103 spectrul de diversitate al societ\u0103\u021bii din Rom\u00e2nia. Programele Muzeului se adreseaz\u0103 deopotriv\u0103 speciali\u0219tilor \u0219i publicului larg, minorit\u0103\u021bilor de toate tipurile, sectorului cultural independent \u0219i partenerilor institu\u021bionali din cultur\u0103, art\u0103 \u0219i educa\u021bie. Dezvolt\u00e2nd un program amplu de recuperare istoric\u0103 a culturii vizuale din Rom\u00e2nia, MNAC urm\u0103re\u0219te \u0219i sprijin\u0103 \u00een acela\u0219i timp tendin\u021bele noi \u0219i talentele manifestate \u00een genera\u021bia t\u00e2n\u0103r\u0103.<\/p>\n<p>Cu un flux mediu de 14 expozi\u021bii\/an, cu un portofoliu editorial de peste 50 de titluri, cu o colec\u021bie care cuprinde peste 7.000 de lucr\u0103ri de art\u0103 \u0219i zeci de mii de documente originale, fotografii, cataloage, publica\u021bii \u2013\u00a0 reunite \u00eentr-un impresionant fond documentar, MNAC a dezvoltat programe care \u00eembin\u0103 cultura cu preocup\u0103rile legate de dezvoltarea armonioas\u0103 a ora\u0219ului Bucure\u0219ti, de conservare a mediului natural \u0219i de recuperare a patrimoniului imaterial, fiind \u2013 prin complexitatea angajamentelor sale &#8211; o institu\u021bie muzeal\u0103 caracteristic\u0103 pentru standardele secolului 21.<\/p>\n<p>\u00cenfiin\u021bat prin Hot\u0103r\u00e2rea de Guvern 691\/ 31.08.2001, ca rezultat al fuziunii dintre Departamentului de Art\u0103 Contemporan\u0103 al Muzeului Na\u021bional de Art\u0103 al Rom\u00e2niei \u0219i Oficiul Na\u021bional pentru Documentare \u0219i Expozi\u021bii de Art\u0103, Muzeul Na\u021bional de Art\u0103 Contemporan\u0103 func\u021bioneaz\u0103 \u00eencep\u00e2nd cu 2004 \u00een sediul s\u0103u principal din Palatul Parlamentului. \u00centre 2001-2012, directorul Muzeului a fost Mihai Oroveanu. Din 2014, MNAC este condus de c\u0103tre C\u0103lin Dan.<\/p>\n<p><a href=\"https:\/\/www.societateamuzicala.ro\/societateaculturala\/wp-content\/uploads\/2021\/03\/Foto@-Dani-Gherca-Vazand-Istoria-\u2013-1947-2007.-Colectia-MNAC-15.11.2018-\u2013-vedere-din-expozitie.jpg\"><img loading=\"lazy\" decoding=\"async\" class=\"no-border alignnone wp-image-32197\" src=\"https:\/\/www.societateamuzicala.ro\/societateaculturala\/wp-content\/uploads\/2021\/03\/Foto@-Dani-Gherca-Vazand-Istoria-\u2013-1947-2007.-Colectia-MNAC-15.11.2018-\u2013-vedere-din-expozitie-255x191.jpg\" alt=\"Foto@ Dani Gherc\u0103, V\u0103z\u00e2nd Istoria \u2013 1947-2007. Colec\u021bia MNAC (15.11.2018 \u2013 ) vedere din expozi\u021bie\" width=\"525\" height=\"394\" srcset=\"https:\/\/www.societateamuzicala.ro\/societateaculturala\/wp-content\/uploads\/2021\/03\/Foto@-Dani-Gherca-Vazand-Istoria-\u2013-1947-2007.-Colectia-MNAC-15.11.2018-\u2013-vedere-din-expozitie-255x191.jpg 255w, https:\/\/www.societateamuzicala.ro\/societateaculturala\/wp-content\/uploads\/2021\/03\/Foto@-Dani-Gherca-Vazand-Istoria-\u2013-1947-2007.-Colectia-MNAC-15.11.2018-\u2013-vedere-din-expozitie-520x390.jpg 520w, https:\/\/www.societateamuzicala.ro\/societateaculturala\/wp-content\/uploads\/2021\/03\/Foto@-Dani-Gherca-Vazand-Istoria-\u2013-1947-2007.-Colectia-MNAC-15.11.2018-\u2013-vedere-din-expozitie-768x576.jpg 768w, https:\/\/www.societateamuzicala.ro\/societateaculturala\/wp-content\/uploads\/2021\/03\/Foto@-Dani-Gherca-Vazand-Istoria-\u2013-1947-2007.-Colectia-MNAC-15.11.2018-\u2013-vedere-din-expozitie.jpg 1024w\" sizes=\"auto, (max-width: 525px) 100vw, 525px\" \/><\/a><\/p>\n<p style=\"text-align: center;\">Foto@ Dani Gherc\u0103, V\u0103z\u00e2nd Istoria \u2013 1947-2007. Colec\u021bia MNAC (15.11.2018 \u2013 ) vedere din expozi\u021bie<\/p>\n","protected":false},"excerpt":{"rendered":"<p>Muzeul Na\u021bional de Art\u0103 Contemporan\u0103 marcheaz\u0103 anul acesta 20 de ani de existen\u021b\u0103, privind spre viitor \u0219i preg\u0103tind noi strategii de participare la dezvoltarea culturii vizuale din Rom\u00e2nia. Pe parcursul \u00eentregului an, MNAC va organiza o serie de evenimente on- \u0219i offline, prilejuri de reflec\u021bie asupra rolului muzeelor \u00een contextul schimb\u0103rilor fundamentale ce au loc [&hellip;]<\/p>\n","protected":false},"author":22,"featured_media":0,"comment_status":"open","ping_status":"open","sticky":false,"template":"","format":"standard","meta":{"_acf_changed":false,"footnotes":""},"categories":[68],"tags":[1393,1820,191,200,4567,6322,6330,274,197,201,273],"class_list":["post-32196","post","type-post","status-publish","format-standard","hentry","category-evenimente-si-stiri","tag-arte-plastice","tag-cinema","tag-concerte","tag-concerte-muzica-clasica","tag-cultura","tag-evenimente-culturale","tag-expozitii","tag-film","tag-muzica-clasica","tag-muzica-clasica-romania","tag-teatru"],"acf":{"cc_filter":[],"poza_fixa":"https:\/\/www.societateamuzicala.ro\/societateaculturala\/wp-content\/uploads\/2021\/03\/Foto@-Dani-Gherca-Vazand-Istoria-\u2013-1947-2007.-Colectia-MNAC-15.11.2018-\u2013-vedere-din-expozitie.jpg","url_poza_fixa":"","format_poza_fixa":"full-img-4-3","oras":"","sector":"","zona":"","in_strainatate":false,"pian":false,"orga":false,"data1":1615897396,"data2":"","afiseaza_data_post":false,"acf_sala":"","centru_cultural":"","articole_parinte":"","articole_relationate":"","coordonate":false,"tab1_nume":"Despre","tab3":false,"tab5":false,"tab4":false},"yoast_head":"<!-- This site is optimized with the Yoast SEO plugin v27.5 - https:\/\/yoast.com\/product\/yoast-seo-wordpress\/ -->\n<title>MNAC marcheaz\u0103 20 de ani de existen\u021b\u0103 - Societatea Culturala<\/title>\n<meta name=\"robots\" content=\"index, follow, max-snippet:-1, max-image-preview:large, max-video-preview:-1\" \/>\n<link rel=\"canonical\" href=\"https:\/\/www.societateamuzicala.ro\/societateaculturala\/mnac-marcheaza-20-de-ani-de-existenta\" \/>\n<meta property=\"og:locale\" content=\"ro_RO\" \/>\n<meta property=\"og:type\" content=\"article\" \/>\n<meta property=\"og:title\" content=\"MNAC marcheaz\u0103 20 de ani de existen\u021b\u0103 - Societatea Culturala\" \/>\n<meta property=\"og:description\" content=\"Cu un flux mediu de 14 expozi\u021bii\/an, cu un portofoliu editorial de peste 50 de titluri, cu o colec\u021bie care cuprinde peste 7.000 de lucr\u0103ri de art\u0103 \u0219i zeci de mii de documente originale, fotografii, cataloage, publica\u021bii \u2013\u00a0 reunite \u00eentr-un impresionant fond documentar...\" \/>\n<meta property=\"og:url\" content=\"https:\/\/www.societateamuzicala.ro\/societateaculturala\/mnac-marcheaza-20-de-ani-de-existenta\" \/>\n<meta property=\"og:site_name\" content=\"Societatea Culturala\" \/>\n<meta property=\"article:published_time\" content=\"2021-03-16T10:27:09+00:00\" \/>\n<meta property=\"article:modified_time\" content=\"2021-03-16T10:30:19+00:00\" \/>\n<meta property=\"og:image\" content=\"https:\/\/www.societateamuzicala.ro\/societateaculturala\/wp-content\/uploads\/2021\/03\/Foto@-Dani-Gherca-Vazand-Istoria-\u2013-1947-2007.-Colectia-MNAC-15.11.2018-\u2013-vedere-din-expozitie.jpg\" \/>\n\t<meta property=\"og:image:width\" content=\"1024\" \/>\n\t<meta property=\"og:image:height\" content=\"768\" \/>\n\t<meta property=\"og:image:type\" content=\"image\/jpeg\" \/>\n<meta name=\"author\" content=\"Catoi Daniel\" \/>\n<meta name=\"twitter:card\" content=\"summary_large_image\" \/>\n<meta name=\"twitter:label1\" content=\"Scris de\" \/>\n\t<meta name=\"twitter:data1\" content=\"Catoi Daniel\" \/>\n\t<meta name=\"twitter:label2\" content=\"Timp estimat pentru citire\" \/>\n\t<meta name=\"twitter:data2\" content=\"2 minute\" \/>\n<script type=\"application\/ld+json\" class=\"yoast-schema-graph\">{\"@context\":\"https:\\\/\\\/schema.org\",\"@graph\":[{\"@type\":\"Article\",\"@id\":\"https:\\\/\\\/www.societateamuzicala.ro\\\/societateaculturala\\\/mnac-marcheaza-20-de-ani-de-existenta#article\",\"isPartOf\":{\"@id\":\"https:\\\/\\\/www.societateamuzicala.ro\\\/societateaculturala\\\/mnac-marcheaza-20-de-ani-de-existenta\"},\"author\":{\"name\":\"Catoi Daniel\",\"@id\":\"https:\\\/\\\/www.societateamuzicala.ro\\\/societateaculturala\\\/#\\\/schema\\\/person\\\/0608b1774a3787abb7ff1d5e8d1b84eb\"},\"headline\":\"MNAC marcheaz\u0103 20 de ani de existen\u021b\u0103\",\"datePublished\":\"2021-03-16T10:27:09+00:00\",\"dateModified\":\"2021-03-16T10:30:19+00:00\",\"mainEntityOfPage\":{\"@id\":\"https:\\\/\\\/www.societateamuzicala.ro\\\/societateaculturala\\\/mnac-marcheaza-20-de-ani-de-existenta\"},\"wordCount\":385,\"commentCount\":0,\"keywords\":[\"arte plastice\",\"cinema\",\"concerte\",\"concerte muzica clasica\",\"Cultura\",\"evenimente culturale\",\"expozitii\",\"film\",\"muzica clasica\",\"muzica clasica romania\",\"teatru\"],\"articleSection\":[\"Evenimente si stiri\"],\"inLanguage\":\"ro-RO\",\"potentialAction\":[{\"@type\":\"CommentAction\",\"name\":\"Comment\",\"target\":[\"https:\\\/\\\/www.societateamuzicala.ro\\\/societateaculturala\\\/mnac-marcheaza-20-de-ani-de-existenta#respond\"]}]},{\"@type\":\"WebPage\",\"@id\":\"https:\\\/\\\/www.societateamuzicala.ro\\\/societateaculturala\\\/mnac-marcheaza-20-de-ani-de-existenta\",\"url\":\"https:\\\/\\\/www.societateamuzicala.ro\\\/societateaculturala\\\/mnac-marcheaza-20-de-ani-de-existenta\",\"name\":\"MNAC marcheaz\u0103 20 de ani de existen\u021b\u0103 - Societatea Culturala\",\"isPartOf\":{\"@id\":\"https:\\\/\\\/www.societateamuzicala.ro\\\/societateaculturala\\\/#website\"},\"datePublished\":\"2021-03-16T10:27:09+00:00\",\"dateModified\":\"2021-03-16T10:30:19+00:00\",\"author\":{\"@id\":\"https:\\\/\\\/www.societateamuzicala.ro\\\/societateaculturala\\\/#\\\/schema\\\/person\\\/0608b1774a3787abb7ff1d5e8d1b84eb\"},\"breadcrumb\":{\"@id\":\"https:\\\/\\\/www.societateamuzicala.ro\\\/societateaculturala\\\/mnac-marcheaza-20-de-ani-de-existenta#breadcrumb\"},\"inLanguage\":\"ro-RO\",\"potentialAction\":[{\"@type\":\"ReadAction\",\"target\":[\"https:\\\/\\\/www.societateamuzicala.ro\\\/societateaculturala\\\/mnac-marcheaza-20-de-ani-de-existenta\"]}]},{\"@type\":\"BreadcrumbList\",\"@id\":\"https:\\\/\\\/www.societateamuzicala.ro\\\/societateaculturala\\\/mnac-marcheaza-20-de-ani-de-existenta#breadcrumb\",\"itemListElement\":[{\"@type\":\"ListItem\",\"position\":1,\"name\":\"Acas\u0103\",\"item\":\"https:\\\/\\\/www.societateamuzicala.ro\\\/societateaculturala\"},{\"@type\":\"ListItem\",\"position\":2,\"name\":\"MNAC marcheaz\u0103 20 de ani de existen\u021b\u0103\"}]},{\"@type\":\"WebSite\",\"@id\":\"https:\\\/\\\/www.societateamuzicala.ro\\\/societateaculturala\\\/#website\",\"url\":\"https:\\\/\\\/www.societateamuzicala.ro\\\/societateaculturala\\\/\",\"name\":\"Societatea Culturala\",\"description\":\"Platforma de marketing si informatii culturale\",\"potentialAction\":[{\"@type\":\"SearchAction\",\"target\":{\"@type\":\"EntryPoint\",\"urlTemplate\":\"https:\\\/\\\/www.societateamuzicala.ro\\\/societateaculturala\\\/?s={search_term_string}\"},\"query-input\":{\"@type\":\"PropertyValueSpecification\",\"valueRequired\":true,\"valueName\":\"search_term_string\"}}],\"inLanguage\":\"ro-RO\"},{\"@type\":\"Person\",\"@id\":\"https:\\\/\\\/www.societateamuzicala.ro\\\/societateaculturala\\\/#\\\/schema\\\/person\\\/0608b1774a3787abb7ff1d5e8d1b84eb\",\"name\":\"Catoi Daniel\",\"image\":{\"@type\":\"ImageObject\",\"inLanguage\":\"ro-RO\",\"@id\":\"https:\\\/\\\/secure.gravatar.com\\\/avatar\\\/c0882a218c936889972a11c796e8ed91e0aff99b92af7212c04f740da3928233?s=96&d=mm&r=g\",\"url\":\"https:\\\/\\\/secure.gravatar.com\\\/avatar\\\/c0882a218c936889972a11c796e8ed91e0aff99b92af7212c04f740da3928233?s=96&d=mm&r=g\",\"contentUrl\":\"https:\\\/\\\/secure.gravatar.com\\\/avatar\\\/c0882a218c936889972a11c796e8ed91e0aff99b92af7212c04f740da3928233?s=96&d=mm&r=g\",\"caption\":\"Catoi Daniel\"},\"url\":\"https:\\\/\\\/www.societateamuzicala.ro\\\/societateaculturala\\\/author\\\/daniel\"}]}<\/script>\n<!-- \/ Yoast SEO plugin. -->","yoast_head_json":{"title":"MNAC marcheaz\u0103 20 de ani de existen\u021b\u0103 - Societatea Culturala","robots":{"index":"index","follow":"follow","max-snippet":"max-snippet:-1","max-image-preview":"max-image-preview:large","max-video-preview":"max-video-preview:-1"},"canonical":"https:\/\/www.societateamuzicala.ro\/societateaculturala\/mnac-marcheaza-20-de-ani-de-existenta","og_locale":"ro_RO","og_type":"article","og_title":"MNAC marcheaz\u0103 20 de ani de existen\u021b\u0103 - Societatea Culturala","og_description":"Cu un flux mediu de 14 expozi\u021bii\/an, cu un portofoliu editorial de peste 50 de titluri, cu o colec\u021bie care cuprinde peste 7.000 de lucr\u0103ri de art\u0103 \u0219i zeci de mii de documente originale, fotografii, cataloage, publica\u021bii \u2013\u00a0 reunite \u00eentr-un impresionant fond documentar...","og_url":"https:\/\/www.societateamuzicala.ro\/societateaculturala\/mnac-marcheaza-20-de-ani-de-existenta","og_site_name":"Societatea Culturala","article_published_time":"2021-03-16T10:27:09+00:00","article_modified_time":"2021-03-16T10:30:19+00:00","og_image":[{"width":1024,"height":768,"url":"https:\/\/www.societateamuzicala.ro\/societateaculturala\/wp-content\/uploads\/2021\/03\/Foto@-Dani-Gherca-Vazand-Istoria-\u2013-1947-2007.-Colectia-MNAC-15.11.2018-\u2013-vedere-din-expozitie.jpg","type":"image\/jpeg"}],"author":"Catoi Daniel","twitter_card":"summary_large_image","twitter_misc":{"Scris de":"Catoi Daniel","Timp estimat pentru citire":"2 minute"},"schema":{"@context":"https:\/\/schema.org","@graph":[{"@type":"Article","@id":"https:\/\/www.societateamuzicala.ro\/societateaculturala\/mnac-marcheaza-20-de-ani-de-existenta#article","isPartOf":{"@id":"https:\/\/www.societateamuzicala.ro\/societateaculturala\/mnac-marcheaza-20-de-ani-de-existenta"},"author":{"name":"Catoi Daniel","@id":"https:\/\/www.societateamuzicala.ro\/societateaculturala\/#\/schema\/person\/0608b1774a3787abb7ff1d5e8d1b84eb"},"headline":"MNAC marcheaz\u0103 20 de ani de existen\u021b\u0103","datePublished":"2021-03-16T10:27:09+00:00","dateModified":"2021-03-16T10:30:19+00:00","mainEntityOfPage":{"@id":"https:\/\/www.societateamuzicala.ro\/societateaculturala\/mnac-marcheaza-20-de-ani-de-existenta"},"wordCount":385,"commentCount":0,"keywords":["arte plastice","cinema","concerte","concerte muzica clasica","Cultura","evenimente culturale","expozitii","film","muzica clasica","muzica clasica romania","teatru"],"articleSection":["Evenimente si stiri"],"inLanguage":"ro-RO","potentialAction":[{"@type":"CommentAction","name":"Comment","target":["https:\/\/www.societateamuzicala.ro\/societateaculturala\/mnac-marcheaza-20-de-ani-de-existenta#respond"]}]},{"@type":"WebPage","@id":"https:\/\/www.societateamuzicala.ro\/societateaculturala\/mnac-marcheaza-20-de-ani-de-existenta","url":"https:\/\/www.societateamuzicala.ro\/societateaculturala\/mnac-marcheaza-20-de-ani-de-existenta","name":"MNAC marcheaz\u0103 20 de ani de existen\u021b\u0103 - Societatea Culturala","isPartOf":{"@id":"https:\/\/www.societateamuzicala.ro\/societateaculturala\/#website"},"datePublished":"2021-03-16T10:27:09+00:00","dateModified":"2021-03-16T10:30:19+00:00","author":{"@id":"https:\/\/www.societateamuzicala.ro\/societateaculturala\/#\/schema\/person\/0608b1774a3787abb7ff1d5e8d1b84eb"},"breadcrumb":{"@id":"https:\/\/www.societateamuzicala.ro\/societateaculturala\/mnac-marcheaza-20-de-ani-de-existenta#breadcrumb"},"inLanguage":"ro-RO","potentialAction":[{"@type":"ReadAction","target":["https:\/\/www.societateamuzicala.ro\/societateaculturala\/mnac-marcheaza-20-de-ani-de-existenta"]}]},{"@type":"BreadcrumbList","@id":"https:\/\/www.societateamuzicala.ro\/societateaculturala\/mnac-marcheaza-20-de-ani-de-existenta#breadcrumb","itemListElement":[{"@type":"ListItem","position":1,"name":"Acas\u0103","item":"https:\/\/www.societateamuzicala.ro\/societateaculturala"},{"@type":"ListItem","position":2,"name":"MNAC marcheaz\u0103 20 de ani de existen\u021b\u0103"}]},{"@type":"WebSite","@id":"https:\/\/www.societateamuzicala.ro\/societateaculturala\/#website","url":"https:\/\/www.societateamuzicala.ro\/societateaculturala\/","name":"Societatea Culturala","description":"Platforma de marketing si informatii culturale","potentialAction":[{"@type":"SearchAction","target":{"@type":"EntryPoint","urlTemplate":"https:\/\/www.societateamuzicala.ro\/societateaculturala\/?s={search_term_string}"},"query-input":{"@type":"PropertyValueSpecification","valueRequired":true,"valueName":"search_term_string"}}],"inLanguage":"ro-RO"},{"@type":"Person","@id":"https:\/\/www.societateamuzicala.ro\/societateaculturala\/#\/schema\/person\/0608b1774a3787abb7ff1d5e8d1b84eb","name":"Catoi Daniel","image":{"@type":"ImageObject","inLanguage":"ro-RO","@id":"https:\/\/secure.gravatar.com\/avatar\/c0882a218c936889972a11c796e8ed91e0aff99b92af7212c04f740da3928233?s=96&d=mm&r=g","url":"https:\/\/secure.gravatar.com\/avatar\/c0882a218c936889972a11c796e8ed91e0aff99b92af7212c04f740da3928233?s=96&d=mm&r=g","contentUrl":"https:\/\/secure.gravatar.com\/avatar\/c0882a218c936889972a11c796e8ed91e0aff99b92af7212c04f740da3928233?s=96&d=mm&r=g","caption":"Catoi Daniel"},"url":"https:\/\/www.societateamuzicala.ro\/societateaculturala\/author\/daniel"}]}},"_links":{"self":[{"href":"https:\/\/www.societateamuzicala.ro\/societateaculturala\/wp-json\/wp\/v2\/posts\/32196","targetHints":{"allow":["GET"]}}],"collection":[{"href":"https:\/\/www.societateamuzicala.ro\/societateaculturala\/wp-json\/wp\/v2\/posts"}],"about":[{"href":"https:\/\/www.societateamuzicala.ro\/societateaculturala\/wp-json\/wp\/v2\/types\/post"}],"author":[{"embeddable":true,"href":"https:\/\/www.societateamuzicala.ro\/societateaculturala\/wp-json\/wp\/v2\/users\/22"}],"replies":[{"embeddable":true,"href":"https:\/\/www.societateamuzicala.ro\/societateaculturala\/wp-json\/wp\/v2\/comments?post=32196"}],"version-history":[{"count":0,"href":"https:\/\/www.societateamuzicala.ro\/societateaculturala\/wp-json\/wp\/v2\/posts\/32196\/revisions"}],"wp:attachment":[{"href":"https:\/\/www.societateamuzicala.ro\/societateaculturala\/wp-json\/wp\/v2\/media?parent=32196"}],"wp:term":[{"taxonomy":"category","embeddable":true,"href":"https:\/\/www.societateamuzicala.ro\/societateaculturala\/wp-json\/wp\/v2\/categories?post=32196"},{"taxonomy":"post_tag","embeddable":true,"href":"https:\/\/www.societateamuzicala.ro\/societateaculturala\/wp-json\/wp\/v2\/tags?post=32196"}],"curies":[{"name":"wp","href":"https:\/\/api.w.org\/{rel}","templated":true}]}}