{"id":32178,"date":"2021-02-24T14:38:08","date_gmt":"2021-02-24T14:38:08","guid":{"rendered":"https:\/\/www.societateamuzicala.ro\/societateaculturala\/?p=32178"},"modified":"2021-02-24T14:38:08","modified_gmt":"2021-02-24T14:38:08","slug":"salonul-virtual-al-studiilor-in-franta","status":"publish","type":"post","link":"https:\/\/www.societateamuzicala.ro\/societateaculturala\/salonul-virtual-al-studiilor-in-franta","title":{"rendered":"Salonul virtual al studiilor \u00een Fran\u021ba"},"content":{"rendered":"<p><strong>Salonul virtual al studiilor \u00een Fran\u021ba \u0219i al <\/strong><strong>form\u0103rilor universitare \u00een limba francez\u0103 din Rom\u00e2nia va avea loc \u00eentre 25 februarie \u0219i 5 martie<\/strong><\/p>\n<p>Institutul Francez din Rom\u00e2nia organizeaz\u0103 un nou eveniment virtual, al\u0103turi de Campus France Rom\u00e2nia: <em>LE SALON VIRTUEL DES \u00c9TUDES EN FRANCE et des formations francophones en Roumanie<\/em>. Salonul este destinat nu doar elevilor de liceu, studen\u021bilor \u0219i p\u0103rin\u021bilor dar \u0219i profesioni\u0219tilor din educa\u021bie interesa\u021bi de studiile \u00een Fran\u0163a sau de form\u0103rile universitare \u00een limba francez\u0103 din Rom\u00e2nia. Evenimentul se desf\u0103\u0219oar\u0103 \u00een cadrul Lunii Francofoniei.<\/p>\n<p>Acest salon, organizat \u00een perioada 25 februarie &#8211; 5 martie, prezint\u0103 programele oferite de mai multe institu\u021bii de \u00eenv\u0103\u021b\u0103m\u00e2nt superior din Fran\u021ba, form\u0103rile universitare francofone din Rom\u00e2nia \u0219i programele de dubl\u0103 diplom\u0103 \u00eentre Rom\u00e2nia \u0219i Fran\u021ba. Atelierele destinate tinerilor vizeaz\u0103 diferite domenii, precum ingineria, medicina, \u0219tiin\u021bele politice, dreptul, administrarea afacerilor, turismul, comunicarea, limbile \u0219i artele. Astfel, vor fi zile dedicate studiilor medicale sau domeniilor artistice cu mai multe \u015fcoli invitate, dar \u0219i webinarii dedicate procedurilor de aplicare, posibilit\u0103\u021bilor de finan\u021bare a studiilor.<\/p>\n<p>De asemenea, vor fi prezen\u021bi studen\u021bi rom\u00e2ni \u0219i fo\u0219ti bursieri ai Guvernului Francez, membri ai re\u021belei France Alumni Roumanie care vor interac\u0163iona cu elevii \u015fi vor \u00eemp\u0103rt\u0103\u0219i experien\u0163ele lor interna\u0163ionale. Totodat\u0103, Liga Studen\u021bilor Rom\u00e2ni din Fran\u021ba va g\u0103zdui un webinar despre numeroasele beneficii ale studen\u021bilor din Fran\u021ba precum transportul public redus, pre\u0163ul de 1 euro al meniurilor \u00een restaurantele universitare pentru to\u0163i studen\u0163ii, ajutoarele sociale \u015fi financiare din partea statului francez.<\/p>\n<p>Printre \u015fcolile invitate se num\u0103r\u0103 \u015ecoala na\u0163ional\u0103 superioar\u0103 de chimie din Rennes, CESI \u00e9cole d&#8217;ing\u00e9nieur cu 25 de campusuri \u00een Fran\u021ba, Vatel Bordeaux &#8211; \u00e9cole de tourisme et h\u00f4tellerie, EDHEC Business School, situat\u0103 la Lille, Nisa, Paris, dar \u0219i la Londra \u0219i \u00een Singapore, Colegiul juridic franco-rom\u00e2n de studii europene care ofer\u0103 o diplom\u0103 dubl\u0103 \u00eentre Facultatea de Drept a Universit\u0103\u021bii din Bucure\u0219ti \u0219i Universitatea Paris 1 Panth\u00e9on Sorbonne, Facultatea de Economie a Universit\u0103\u021bii de Vest din Timi\u0219oara, Academia de Studii Economice din Bucure\u015fti, care ofer\u0103 programe de licen\u021b\u0103 \u0219i de masterat \u00een francez\u0103 \u0219i multe altele.<\/p>\n<p>Participarea la webinarii \u0219i ateliere este gratuit\u0103. \u00censcrieri la: <a href=\"http:\/\/bit.ly\/Salonvirtuel?fbclid=IwAR1WqyxPmmTq2bHYHpBwE5f_hDTlQfPLcsysKPtPXj4z0MS6TsyUtaSz9qM\">\u00a0http:\/\/bit.ly\/Salonvirtuel<\/a>.\u00a0 Programul detaliat este disponibil pe pagina evenimentului Salon Virtuel Des \u00c9tudes En France (<a href=\"https:\/\/www.facebook.com\/events\/133054888686842\">https:\/\/www.facebook.com\/events\/133054888686842<\/a>) \u015fi pe pagina de facebook Campus France Roumanie<a href=\"https:\/\/www.facebook.com\/CampusFranceRo\"> https:\/\/www.facebook.com\/CampusFranceRo<\/a>.<\/p>\n<p><a href=\"https:\/\/www.societateamuzicala.ro\/societateaculturala\/wp-content\/uploads\/2021\/02\/Salonul-studiilor-in-Franta.jpg\"><img loading=\"lazy\" decoding=\"async\" class=\"no-border alignnone wp-image-32182\" src=\"https:\/\/www.societateamuzicala.ro\/societateaculturala\/wp-content\/uploads\/2021\/02\/Salonul-studiilor-in-Franta-255x180.jpg\" alt=\"Salonul studiilor in Franta\" width=\"525\" height=\"371\" srcset=\"https:\/\/www.societateamuzicala.ro\/societateaculturala\/wp-content\/uploads\/2021\/02\/Salonul-studiilor-in-Franta-255x180.jpg 255w, https:\/\/www.societateamuzicala.ro\/societateaculturala\/wp-content\/uploads\/2021\/02\/Salonul-studiilor-in-Franta-520x368.jpg 520w, https:\/\/www.societateamuzicala.ro\/societateaculturala\/wp-content\/uploads\/2021\/02\/Salonul-studiilor-in-Franta-768x543.jpg 768w, https:\/\/www.societateamuzicala.ro\/societateaculturala\/wp-content\/uploads\/2021\/02\/Salonul-studiilor-in-Franta.jpg 1024w\" sizes=\"auto, (max-width: 525px) 100vw, 525px\" \/><\/a><\/p>\n","protected":false},"excerpt":{"rendered":"<p>Salonul virtual al studiilor \u00een Fran\u021ba \u0219i al form\u0103rilor universitare \u00een limba francez\u0103 din Rom\u00e2nia va avea loc \u00eentre 25 februarie \u0219i 5 martie Institutul Francez din Rom\u00e2nia organizeaz\u0103 un nou eveniment virtual, al\u0103turi de Campus France Rom\u00e2nia: LE SALON VIRTUEL DES \u00c9TUDES EN FRANCE et des formations francophones en Roumanie. Salonul este destinat nu [&hellip;]<\/p>\n","protected":false},"author":22,"featured_media":0,"comment_status":"open","ping_status":"open","sticky":false,"template":"","format":"standard","meta":{"_acf_changed":false,"footnotes":""},"categories":[68],"tags":[1393,1820,191,200,4567,6322,6330,274,197,201,273],"class_list":["post-32178","post","type-post","status-publish","format-standard","hentry","category-evenimente-si-stiri","tag-arte-plastice","tag-cinema","tag-concerte","tag-concerte-muzica-clasica","tag-cultura","tag-evenimente-culturale","tag-expozitii","tag-film","tag-muzica-clasica","tag-muzica-clasica-romania","tag-teatru"],"acf":{"cc_filter":[],"poza_fixa":"https:\/\/www.societateamuzicala.ro\/societateaculturala\/wp-content\/uploads\/2021\/02\/Salonul-studiilor-in-Franta.jpg","url_poza_fixa":"","format_poza_fixa":"full-img-4-3","oras":"","sector":"","zona":"","in_strainatate":false,"pian":false,"orga":false,"data1":1614184413,"data2":"","afiseaza_data_post":false,"acf_sala":"","centru_cultural":"","articole_parinte":"","articole_relationate":"","coordonate":false,"tab1_nume":"Despre","tab3":false,"tab5":false,"tab4":false},"yoast_head":"<!-- This site is optimized with the Yoast SEO plugin v27.5 - https:\/\/yoast.com\/product\/yoast-seo-wordpress\/ -->\n<title>Salonul virtual al studiilor \u00een Fran\u021ba - Societatea Culturala<\/title>\n<meta name=\"robots\" content=\"index, follow, max-snippet:-1, max-image-preview:large, max-video-preview:-1\" \/>\n<link rel=\"canonical\" href=\"https:\/\/www.societateamuzicala.ro\/societateaculturala\/salonul-virtual-al-studiilor-in-franta\" \/>\n<meta property=\"og:locale\" content=\"ro_RO\" \/>\n<meta property=\"og:type\" content=\"article\" \/>\n<meta property=\"og:title\" content=\"Salonul virtual al studiilor \u00een Fran\u021ba - Societatea Culturala\" \/>\n<meta property=\"og:description\" content=\"Salonul virtual al studiilor \u00een Fran\u021ba \u0219i al form\u0103rilor universitare \u00een limba francez\u0103 din Rom\u00e2nia va avea loc \u00eentre 25 februarie \u0219i 5 martie Institutul Francez din Rom\u00e2nia organizeaz\u0103 un nou eveniment virtual, al\u0103turi de Campus France Rom\u00e2nia: LE SALON VIRTUEL DES \u00c9TUDES EN FRANCE et des formations francophones en Roumanie. Salonul este destinat nu [&hellip;]\" \/>\n<meta property=\"og:url\" content=\"https:\/\/www.societateamuzicala.ro\/societateaculturala\/salonul-virtual-al-studiilor-in-franta\" \/>\n<meta property=\"og:site_name\" content=\"Societatea Culturala\" \/>\n<meta property=\"article:published_time\" content=\"2021-02-24T14:38:08+00:00\" \/>\n<meta property=\"og:image\" content=\"https:\/\/www.societateamuzicala.ro\/societateaculturala\/wp-content\/uploads\/2021\/02\/Salonul-studiilor-in-Franta.jpg\" \/>\n\t<meta property=\"og:image:width\" content=\"1024\" \/>\n\t<meta property=\"og:image:height\" content=\"724\" \/>\n\t<meta property=\"og:image:type\" content=\"image\/jpeg\" \/>\n<meta name=\"author\" content=\"Catoi Daniel\" \/>\n<meta name=\"twitter:card\" content=\"summary_large_image\" \/>\n<meta name=\"twitter:label1\" content=\"Scris de\" \/>\n\t<meta name=\"twitter:data1\" content=\"Catoi Daniel\" \/>\n\t<meta name=\"twitter:label2\" content=\"Timp estimat pentru citire\" \/>\n\t<meta name=\"twitter:data2\" content=\"2 minute\" \/>\n<script type=\"application\/ld+json\" class=\"yoast-schema-graph\">{\"@context\":\"https:\\\/\\\/schema.org\",\"@graph\":[{\"@type\":\"Article\",\"@id\":\"https:\\\/\\\/www.societateamuzicala.ro\\\/societateaculturala\\\/salonul-virtual-al-studiilor-in-franta#article\",\"isPartOf\":{\"@id\":\"https:\\\/\\\/www.societateamuzicala.ro\\\/societateaculturala\\\/salonul-virtual-al-studiilor-in-franta\"},\"author\":{\"name\":\"Catoi Daniel\",\"@id\":\"https:\\\/\\\/www.societateamuzicala.ro\\\/societateaculturala\\\/#\\\/schema\\\/person\\\/0608b1774a3787abb7ff1d5e8d1b84eb\"},\"headline\":\"Salonul virtual al studiilor \u00een Fran\u021ba\",\"datePublished\":\"2021-02-24T14:38:08+00:00\",\"mainEntityOfPage\":{\"@id\":\"https:\\\/\\\/www.societateamuzicala.ro\\\/societateaculturala\\\/salonul-virtual-al-studiilor-in-franta\"},\"wordCount\":441,\"commentCount\":0,\"image\":{\"@id\":\"https:\\\/\\\/www.societateamuzicala.ro\\\/societateaculturala\\\/salonul-virtual-al-studiilor-in-franta#primaryimage\"},\"thumbnailUrl\":\"https:\\\/\\\/www.societateamuzicala.ro\\\/societateaculturala\\\/wp-content\\\/uploads\\\/2021\\\/02\\\/Salonul-studiilor-in-Franta-255x180.jpg\",\"keywords\":[\"arte plastice\",\"cinema\",\"concerte\",\"concerte muzica clasica\",\"Cultura\",\"evenimente culturale\",\"expozitii\",\"film\",\"muzica clasica\",\"muzica clasica romania\",\"teatru\"],\"articleSection\":[\"Evenimente si stiri\"],\"inLanguage\":\"ro-RO\",\"potentialAction\":[{\"@type\":\"CommentAction\",\"name\":\"Comment\",\"target\":[\"https:\\\/\\\/www.societateamuzicala.ro\\\/societateaculturala\\\/salonul-virtual-al-studiilor-in-franta#respond\"]}]},{\"@type\":\"WebPage\",\"@id\":\"https:\\\/\\\/www.societateamuzicala.ro\\\/societateaculturala\\\/salonul-virtual-al-studiilor-in-franta\",\"url\":\"https:\\\/\\\/www.societateamuzicala.ro\\\/societateaculturala\\\/salonul-virtual-al-studiilor-in-franta\",\"name\":\"Salonul virtual al studiilor \u00een Fran\u021ba - Societatea Culturala\",\"isPartOf\":{\"@id\":\"https:\\\/\\\/www.societateamuzicala.ro\\\/societateaculturala\\\/#website\"},\"primaryImageOfPage\":{\"@id\":\"https:\\\/\\\/www.societateamuzicala.ro\\\/societateaculturala\\\/salonul-virtual-al-studiilor-in-franta#primaryimage\"},\"image\":{\"@id\":\"https:\\\/\\\/www.societateamuzicala.ro\\\/societateaculturala\\\/salonul-virtual-al-studiilor-in-franta#primaryimage\"},\"thumbnailUrl\":\"https:\\\/\\\/www.societateamuzicala.ro\\\/societateaculturala\\\/wp-content\\\/uploads\\\/2021\\\/02\\\/Salonul-studiilor-in-Franta-255x180.jpg\",\"datePublished\":\"2021-02-24T14:38:08+00:00\",\"author\":{\"@id\":\"https:\\\/\\\/www.societateamuzicala.ro\\\/societateaculturala\\\/#\\\/schema\\\/person\\\/0608b1774a3787abb7ff1d5e8d1b84eb\"},\"breadcrumb\":{\"@id\":\"https:\\\/\\\/www.societateamuzicala.ro\\\/societateaculturala\\\/salonul-virtual-al-studiilor-in-franta#breadcrumb\"},\"inLanguage\":\"ro-RO\",\"potentialAction\":[{\"@type\":\"ReadAction\",\"target\":[\"https:\\\/\\\/www.societateamuzicala.ro\\\/societateaculturala\\\/salonul-virtual-al-studiilor-in-franta\"]}]},{\"@type\":\"ImageObject\",\"inLanguage\":\"ro-RO\",\"@id\":\"https:\\\/\\\/www.societateamuzicala.ro\\\/societateaculturala\\\/salonul-virtual-al-studiilor-in-franta#primaryimage\",\"url\":\"https:\\\/\\\/www.societateamuzicala.ro\\\/societateaculturala\\\/wp-content\\\/uploads\\\/2021\\\/02\\\/Salonul-studiilor-in-Franta.jpg\",\"contentUrl\":\"https:\\\/\\\/www.societateamuzicala.ro\\\/societateaculturala\\\/wp-content\\\/uploads\\\/2021\\\/02\\\/Salonul-studiilor-in-Franta.jpg\",\"width\":1024,\"height\":724,\"caption\":\"Salonul studiilor in Franta\"},{\"@type\":\"BreadcrumbList\",\"@id\":\"https:\\\/\\\/www.societateamuzicala.ro\\\/societateaculturala\\\/salonul-virtual-al-studiilor-in-franta#breadcrumb\",\"itemListElement\":[{\"@type\":\"ListItem\",\"position\":1,\"name\":\"Acas\u0103\",\"item\":\"https:\\\/\\\/www.societateamuzicala.ro\\\/societateaculturala\"},{\"@type\":\"ListItem\",\"position\":2,\"name\":\"Salonul virtual al studiilor \u00een Fran\u021ba\"}]},{\"@type\":\"WebSite\",\"@id\":\"https:\\\/\\\/www.societateamuzicala.ro\\\/societateaculturala\\\/#website\",\"url\":\"https:\\\/\\\/www.societateamuzicala.ro\\\/societateaculturala\\\/\",\"name\":\"Societatea Culturala\",\"description\":\"Platforma de marketing si informatii culturale\",\"potentialAction\":[{\"@type\":\"SearchAction\",\"target\":{\"@type\":\"EntryPoint\",\"urlTemplate\":\"https:\\\/\\\/www.societateamuzicala.ro\\\/societateaculturala\\\/?s={search_term_string}\"},\"query-input\":{\"@type\":\"PropertyValueSpecification\",\"valueRequired\":true,\"valueName\":\"search_term_string\"}}],\"inLanguage\":\"ro-RO\"},{\"@type\":\"Person\",\"@id\":\"https:\\\/\\\/www.societateamuzicala.ro\\\/societateaculturala\\\/#\\\/schema\\\/person\\\/0608b1774a3787abb7ff1d5e8d1b84eb\",\"name\":\"Catoi Daniel\",\"image\":{\"@type\":\"ImageObject\",\"inLanguage\":\"ro-RO\",\"@id\":\"https:\\\/\\\/secure.gravatar.com\\\/avatar\\\/c0882a218c936889972a11c796e8ed91e0aff99b92af7212c04f740da3928233?s=96&d=mm&r=g\",\"url\":\"https:\\\/\\\/secure.gravatar.com\\\/avatar\\\/c0882a218c936889972a11c796e8ed91e0aff99b92af7212c04f740da3928233?s=96&d=mm&r=g\",\"contentUrl\":\"https:\\\/\\\/secure.gravatar.com\\\/avatar\\\/c0882a218c936889972a11c796e8ed91e0aff99b92af7212c04f740da3928233?s=96&d=mm&r=g\",\"caption\":\"Catoi Daniel\"},\"url\":\"https:\\\/\\\/www.societateamuzicala.ro\\\/societateaculturala\\\/author\\\/daniel\"}]}<\/script>\n<!-- \/ Yoast SEO plugin. -->","yoast_head_json":{"title":"Salonul virtual al studiilor \u00een Fran\u021ba - Societatea Culturala","robots":{"index":"index","follow":"follow","max-snippet":"max-snippet:-1","max-image-preview":"max-image-preview:large","max-video-preview":"max-video-preview:-1"},"canonical":"https:\/\/www.societateamuzicala.ro\/societateaculturala\/salonul-virtual-al-studiilor-in-franta","og_locale":"ro_RO","og_type":"article","og_title":"Salonul virtual al studiilor \u00een Fran\u021ba - Societatea Culturala","og_description":"Salonul virtual al studiilor \u00een Fran\u021ba \u0219i al form\u0103rilor universitare \u00een limba francez\u0103 din Rom\u00e2nia va avea loc \u00eentre 25 februarie \u0219i 5 martie Institutul Francez din Rom\u00e2nia organizeaz\u0103 un nou eveniment virtual, al\u0103turi de Campus France Rom\u00e2nia: LE SALON VIRTUEL DES \u00c9TUDES EN FRANCE et des formations francophones en Roumanie. Salonul este destinat nu [&hellip;]","og_url":"https:\/\/www.societateamuzicala.ro\/societateaculturala\/salonul-virtual-al-studiilor-in-franta","og_site_name":"Societatea Culturala","article_published_time":"2021-02-24T14:38:08+00:00","og_image":[{"width":1024,"height":724,"url":"https:\/\/www.societateamuzicala.ro\/societateaculturala\/wp-content\/uploads\/2021\/02\/Salonul-studiilor-in-Franta.jpg","type":"image\/jpeg"}],"author":"Catoi Daniel","twitter_card":"summary_large_image","twitter_misc":{"Scris de":"Catoi Daniel","Timp estimat pentru citire":"2 minute"},"schema":{"@context":"https:\/\/schema.org","@graph":[{"@type":"Article","@id":"https:\/\/www.societateamuzicala.ro\/societateaculturala\/salonul-virtual-al-studiilor-in-franta#article","isPartOf":{"@id":"https:\/\/www.societateamuzicala.ro\/societateaculturala\/salonul-virtual-al-studiilor-in-franta"},"author":{"name":"Catoi Daniel","@id":"https:\/\/www.societateamuzicala.ro\/societateaculturala\/#\/schema\/person\/0608b1774a3787abb7ff1d5e8d1b84eb"},"headline":"Salonul virtual al studiilor \u00een Fran\u021ba","datePublished":"2021-02-24T14:38:08+00:00","mainEntityOfPage":{"@id":"https:\/\/www.societateamuzicala.ro\/societateaculturala\/salonul-virtual-al-studiilor-in-franta"},"wordCount":441,"commentCount":0,"image":{"@id":"https:\/\/www.societateamuzicala.ro\/societateaculturala\/salonul-virtual-al-studiilor-in-franta#primaryimage"},"thumbnailUrl":"https:\/\/www.societateamuzicala.ro\/societateaculturala\/wp-content\/uploads\/2021\/02\/Salonul-studiilor-in-Franta-255x180.jpg","keywords":["arte plastice","cinema","concerte","concerte muzica clasica","Cultura","evenimente culturale","expozitii","film","muzica clasica","muzica clasica romania","teatru"],"articleSection":["Evenimente si stiri"],"inLanguage":"ro-RO","potentialAction":[{"@type":"CommentAction","name":"Comment","target":["https:\/\/www.societateamuzicala.ro\/societateaculturala\/salonul-virtual-al-studiilor-in-franta#respond"]}]},{"@type":"WebPage","@id":"https:\/\/www.societateamuzicala.ro\/societateaculturala\/salonul-virtual-al-studiilor-in-franta","url":"https:\/\/www.societateamuzicala.ro\/societateaculturala\/salonul-virtual-al-studiilor-in-franta","name":"Salonul virtual al studiilor \u00een Fran\u021ba - Societatea Culturala","isPartOf":{"@id":"https:\/\/www.societateamuzicala.ro\/societateaculturala\/#website"},"primaryImageOfPage":{"@id":"https:\/\/www.societateamuzicala.ro\/societateaculturala\/salonul-virtual-al-studiilor-in-franta#primaryimage"},"image":{"@id":"https:\/\/www.societateamuzicala.ro\/societateaculturala\/salonul-virtual-al-studiilor-in-franta#primaryimage"},"thumbnailUrl":"https:\/\/www.societateamuzicala.ro\/societateaculturala\/wp-content\/uploads\/2021\/02\/Salonul-studiilor-in-Franta-255x180.jpg","datePublished":"2021-02-24T14:38:08+00:00","author":{"@id":"https:\/\/www.societateamuzicala.ro\/societateaculturala\/#\/schema\/person\/0608b1774a3787abb7ff1d5e8d1b84eb"},"breadcrumb":{"@id":"https:\/\/www.societateamuzicala.ro\/societateaculturala\/salonul-virtual-al-studiilor-in-franta#breadcrumb"},"inLanguage":"ro-RO","potentialAction":[{"@type":"ReadAction","target":["https:\/\/www.societateamuzicala.ro\/societateaculturala\/salonul-virtual-al-studiilor-in-franta"]}]},{"@type":"ImageObject","inLanguage":"ro-RO","@id":"https:\/\/www.societateamuzicala.ro\/societateaculturala\/salonul-virtual-al-studiilor-in-franta#primaryimage","url":"https:\/\/www.societateamuzicala.ro\/societateaculturala\/wp-content\/uploads\/2021\/02\/Salonul-studiilor-in-Franta.jpg","contentUrl":"https:\/\/www.societateamuzicala.ro\/societateaculturala\/wp-content\/uploads\/2021\/02\/Salonul-studiilor-in-Franta.jpg","width":1024,"height":724,"caption":"Salonul studiilor in Franta"},{"@type":"BreadcrumbList","@id":"https:\/\/www.societateamuzicala.ro\/societateaculturala\/salonul-virtual-al-studiilor-in-franta#breadcrumb","itemListElement":[{"@type":"ListItem","position":1,"name":"Acas\u0103","item":"https:\/\/www.societateamuzicala.ro\/societateaculturala"},{"@type":"ListItem","position":2,"name":"Salonul virtual al studiilor \u00een Fran\u021ba"}]},{"@type":"WebSite","@id":"https:\/\/www.societateamuzicala.ro\/societateaculturala\/#website","url":"https:\/\/www.societateamuzicala.ro\/societateaculturala\/","name":"Societatea Culturala","description":"Platforma de marketing si informatii culturale","potentialAction":[{"@type":"SearchAction","target":{"@type":"EntryPoint","urlTemplate":"https:\/\/www.societateamuzicala.ro\/societateaculturala\/?s={search_term_string}"},"query-input":{"@type":"PropertyValueSpecification","valueRequired":true,"valueName":"search_term_string"}}],"inLanguage":"ro-RO"},{"@type":"Person","@id":"https:\/\/www.societateamuzicala.ro\/societateaculturala\/#\/schema\/person\/0608b1774a3787abb7ff1d5e8d1b84eb","name":"Catoi Daniel","image":{"@type":"ImageObject","inLanguage":"ro-RO","@id":"https:\/\/secure.gravatar.com\/avatar\/c0882a218c936889972a11c796e8ed91e0aff99b92af7212c04f740da3928233?s=96&d=mm&r=g","url":"https:\/\/secure.gravatar.com\/avatar\/c0882a218c936889972a11c796e8ed91e0aff99b92af7212c04f740da3928233?s=96&d=mm&r=g","contentUrl":"https:\/\/secure.gravatar.com\/avatar\/c0882a218c936889972a11c796e8ed91e0aff99b92af7212c04f740da3928233?s=96&d=mm&r=g","caption":"Catoi Daniel"},"url":"https:\/\/www.societateamuzicala.ro\/societateaculturala\/author\/daniel"}]}},"_links":{"self":[{"href":"https:\/\/www.societateamuzicala.ro\/societateaculturala\/wp-json\/wp\/v2\/posts\/32178","targetHints":{"allow":["GET"]}}],"collection":[{"href":"https:\/\/www.societateamuzicala.ro\/societateaculturala\/wp-json\/wp\/v2\/posts"}],"about":[{"href":"https:\/\/www.societateamuzicala.ro\/societateaculturala\/wp-json\/wp\/v2\/types\/post"}],"author":[{"embeddable":true,"href":"https:\/\/www.societateamuzicala.ro\/societateaculturala\/wp-json\/wp\/v2\/users\/22"}],"replies":[{"embeddable":true,"href":"https:\/\/www.societateamuzicala.ro\/societateaculturala\/wp-json\/wp\/v2\/comments?post=32178"}],"version-history":[{"count":0,"href":"https:\/\/www.societateamuzicala.ro\/societateaculturala\/wp-json\/wp\/v2\/posts\/32178\/revisions"}],"wp:attachment":[{"href":"https:\/\/www.societateamuzicala.ro\/societateaculturala\/wp-json\/wp\/v2\/media?parent=32178"}],"wp:term":[{"taxonomy":"category","embeddable":true,"href":"https:\/\/www.societateamuzicala.ro\/societateaculturala\/wp-json\/wp\/v2\/categories?post=32178"},{"taxonomy":"post_tag","embeddable":true,"href":"https:\/\/www.societateamuzicala.ro\/societateaculturala\/wp-json\/wp\/v2\/tags?post=32178"}],"curies":[{"name":"wp","href":"https:\/\/api.w.org\/{rel}","templated":true}]}}