{"id":32155,"date":"2021-02-02T14:47:28","date_gmt":"2021-02-02T14:47:28","guid":{"rendered":"https:\/\/www.societateamuzicala.ro\/societateaculturala\/?p=32155"},"modified":"2021-02-02T14:48:57","modified_gmt":"2021-02-02T14:48:57","slug":"teza-mea-de-doctorat-in-180-de-secunde-2","status":"publish","type":"post","link":"https:\/\/www.societateamuzicala.ro\/societateaculturala\/teza-mea-de-doctorat-in-180-de-secunde-2","title":{"rendered":"Teza mea de doctorat \u00een 180 de secunde"},"content":{"rendered":"<p>Institutul Francez din Rom\u00e2nia \u015fi Agen\u021bia Universitar\u0103 a Francofoniei \u00een Europa Central\u0103 \u015fi Oriental\u0103 organizeaz\u0103 a patra edi\u021bie a concursului \u00ab\u00a0Teza mea de doctorat \u00een 180 secunde\u00a0\u00bb. Competi\u0163ia permite doctoranzilor \u015fi tinerilor doctori \u00een \u015ftiin\u0163e s\u0103-\u015fi prezinte subiectele de cercetare \u00een termeni accesibili, \u00een limba francez\u0103, unui public divers \u015fi neini\u0163iat, \u00een doar trei minute.<\/p>\n<p>Fiecare candidat are la dispozi\u021bie 180 de secunde \u0219i un singur diapozitiv pentru a prezenta audien\u021bei rezultatele cercet\u0103rii sale doctorale \u00eentr-o manier\u0103 clar\u0103, ludic\u0103 \u0219i conving\u0103toare.<\/p>\n<p>Concursul este un foarte bun mijloc de popularizare a \u015ftiin\u0163elor, prin care publicul larg poate intra \u00een contact cu diverse domenii de cercetare. \u00cen acela\u015fi timp, competi\u0163ia este \u015fi un binevenit exerci\u0163iu de comunicare public\u0103 pentru doctoranzi.<\/p>\n<p>Se pot \u00eenscrie la concurs candida\u021bii care urmeaz\u0103 un program de doctorat \u00een anul universitar 2020-2021 sau cei care au sus\u021binut teza de doctorat \u00een cursul anilor universitari 2018-2019 sau 2019-2020, \u00een cadrul unei institu\u021bii de \u00eenv\u0103\u021b\u0103m\u00e2nt superior din Rom\u00e2nia.<\/p>\n<p>\u00censcrierile la concurs se fac p\u00e2n\u0103 la data de 1 martie 2021, complet\u00e2nd formularul de aici:<\/p>\n<p><a href=\"https:\/\/formulaires.auf.org\/europe-centrale-et-orientale\/ma-these-en-180-secondes-mt180-edition-2021\/\">https:\/\/formulaires.auf.org\/europe-centrale-et-orientale\/ma-these-en-180-secondes-mt180-edition-2021\/<\/a><\/p>\n<p>Semifinalele na\u0163ionale se vor organiza la Bucure\u015fti, Cluj-Napoca, Ia\u015fi \u015fi Timi\u015foara la \u00eenceputul lunii aprilie 2021. Finala na\u021bional\u0103 va fi organizat\u0103 la Bucure\u0219ti pe 6 iunie 2021, iar juriul va acorda trei premii. Laureatul finalei na\u021bionale va reprezenta Rom\u00e2nia la finala interna\u021bional\u0103 de la Paris, \u00een toamna anului 2021. Ambele etape la nivelul \u0163\u0103rii vor fi transmise \u00een direct. \u00cen func\u0163ie de situa\u0163ia sanitar\u0103, modul de desf\u0103\u015furare a semifinalelor na\u0163ionale sau a finalei na\u0163ionale ar putea fi modificat.<\/p>\n<p>Parteneri media ai edi\u021biei 2021: RFI Rom\u00e2nia, Observator Cultural, Radio Rom\u00e2nia Interna\u0163ional, Radio Romania Cultural.<\/p>\n<p><strong>Istoria concursului<\/strong><\/p>\n<p>Inspirat\u0103 de concursul de origine australian\u0103, intitulat \u201e<em>Three minute thesis<\/em> (<a href=\"http:\/\/threeminutethesis.org\/\">3MT\u00ae open_in_new<\/a>)\u201d, competi\u021bia \u201eTeza mea \u00een 180 de secunde\u201d a fost ini\u021biat\u0103 \u00een Quebec, \u00een 2012, de c\u0103tre Asocia\u021bia francofon\u0103 pentru cunoa\u0219tere (ACFAS).<\/p>\n<p>Rom\u00e2nia particip\u0103 la concurs din 2017 \u015fi are deja o istorie de succes \u00een cadrul acestuia. \u00cen finala interna\u0163ional\u0103 din 2018 Veronica-Diana Hagi de la Universitatea \u201eOvidius\u201d din Constan\u0163a a ob\u0163inut locul trei pentru prezentarea proiectului s\u0103u doctoral \u201eLa biographie linguistique, un outil didactique plurivalent\u201d (\u201eBiografia lingvistic\u0103, un instrument didactic plurivalent\u201d).<\/p>\n<p><strong>Despre Institutul Francez din Rom\u00e2nia<\/strong><\/p>\n<p>Institutul Francez este unul dintre cei mai importan\u021bi \u0219i influen\u021bi operatori culturali \u0219i de cooperare din Rom\u00e2nia, av\u00e2nd direc\u0163ii regionale la Bucure\u0219ti, Cluj-Napoca, Ia\u0219i \u0219i Timi\u0219oara. Institu\u021bie oficial\u0103 a Ministerului Afacerilor Externe al Fran\u021bei, \u00eenfiin\u021bat\u0103 acum mai bine de opt decenii, Institutul Francez din Rom\u00e2nia favorizeaz\u0103 \u0219i sus\u021bine cooperarea educativ\u0103, universitar\u0103 \u0219i \u0219tiin\u021bific\u0103, dezvoltarea teritorial\u0103 \u0219i cooperarea descentralizat\u0103, precum \u0219i colaborarea \u00een domeniul s\u0103n\u0103t\u0103\u021bii \u0219i incluziunii sociale. Aceste ac\u021biuni de cooperare bi- \u0219i multilateral\u0103 sunt implementate \u00een cadrul unor parteneriate cu structuri institu\u0163ionale \u0219i actori independen\u0163i locali. Limba francez\u0103, limb\u0103 a culturii \u0219i a crea\u021biei, este un element motor al multilingvismului, Institutul Francez \u00eemp\u0103rt\u0103\u0219ind valorile unei Europe multiculturale.<\/p>\n<p>Pentru mai multe detalii: <a href=\"http:\/\/www.institutfrancais.ro\">http:\/\/www.institutfrancais.ro<\/a><\/p>\n<p><strong>Despre AUF<\/strong><\/p>\n<p>Agen\u021bia Universitar\u0103 a Francofoniei (AUF) este cea mai important\u0103 re\u021bea universitar\u0103 din lume, regrup\u00e2nd peste 1000 de institu\u021bii de \u00eenv\u0103\u021b\u0103m\u00e2nt superior \u0219i de cercetare din 117 \u021b\u0103ri. Operator de expertiz\u0103 \u00een domeniul cercet\u0103rii francofone, creat\u0103 \u00een urm\u0103 cu 60 de ani, Agen\u021bia intervine \u00een multe domenii precum cercetare, digital, dezvoltarea durabil\u0103, guvernan\u021b\u0103 universitar\u0103, antreprenoriat \u0219i inser\u021bia studen\u021bilor pe pia\u021ba muncii. AUF activeaz\u0103 \u00een 10 regiuni ale lumii, inclusiv \u00een Europa Central\u0103 \u0219i de Est.<\/p>\n<p>Pentru mai multe informa\u021bii: <u><a href=\"http:\/\/www.auf.org\/\">www.auf.org<\/a><\/u><\/p>\n<p>Pentru <strong>contacte de pres\u0103, program\u0103ri de interviuri \u0219i\/sau reportaje, <\/strong>v\u0103 rug\u0103m s\u0103 lua\u021bi leg\u0103tura cu:<\/p>\n<p>Irina Ghinet, responsabil\u0103 regional\u0103 de comunicare &#8211; Agen\u021bia Universitar\u0103 a Francofoniei: <a href=\"mailto:irina.ghinet@auf.org\">irina.ghinet@auf.org<\/a>, 0741 130\u00a0711<\/p>\n<p>\u0219i Stilyan Deyanov, ata\u015fat de pres\u0103 &#8211; Institutul Francez din Rom\u00e2nia: <a href=\"mailto:stilyan.deyanov@institutfrancais.ro\">stilyan.deyanov@institutfrancais.ro<\/a>, 0743 126 229<\/p>\n<p><a href=\"https:\/\/www.societateamuzicala.ro\/societateaculturala\/wp-content\/uploads\/2021\/02\/Afis-MT180-2021.jpg\"><img loading=\"lazy\" decoding=\"async\" class=\"no-border alignnone wp-image-32156 \" src=\"https:\/\/www.societateamuzicala.ro\/societateaculturala\/wp-content\/uploads\/2021\/02\/Afis-MT180-2021-368x520.jpg\" alt=\"Afis MT 180 2021\" width=\"525\" height=\"742\" srcset=\"https:\/\/www.societateamuzicala.ro\/societateaculturala\/wp-content\/uploads\/2021\/02\/Afis-MT180-2021-368x520.jpg 368w, https:\/\/www.societateamuzicala.ro\/societateaculturala\/wp-content\/uploads\/2021\/02\/Afis-MT180-2021-180x255.jpg 180w, https:\/\/www.societateamuzicala.ro\/societateaculturala\/wp-content\/uploads\/2021\/02\/Afis-MT180-2021.jpg 724w\" sizes=\"auto, (max-width: 525px) 100vw, 525px\" \/><\/a><\/p>\n","protected":false},"excerpt":{"rendered":"<p>Institutul Francez din Rom\u00e2nia \u015fi Agen\u021bia Universitar\u0103 a Francofoniei \u00een Europa Central\u0103 \u015fi Oriental\u0103 organizeaz\u0103 a patra edi\u021bie a concursului \u00ab\u00a0Teza mea de doctorat \u00een 180 secunde\u00a0\u00bb. Competi\u0163ia permite doctoranzilor \u015fi tinerilor doctori \u00een \u015ftiin\u0163e s\u0103-\u015fi prezinte subiectele de cercetare \u00een termeni accesibili, \u00een limba francez\u0103, unui public divers \u015fi neini\u0163iat, \u00een doar trei minute. [&hellip;]<\/p>\n","protected":false},"author":22,"featured_media":0,"comment_status":"open","ping_status":"open","sticky":false,"template":"","format":"standard","meta":{"_acf_changed":false,"footnotes":""},"categories":[68],"tags":[1393,1820,191,200,4567,6322,6330,274,197,201,273],"class_list":["post-32155","post","type-post","status-publish","format-standard","hentry","category-evenimente-si-stiri","tag-arte-plastice","tag-cinema","tag-concerte","tag-concerte-muzica-clasica","tag-cultura","tag-evenimente-culturale","tag-expozitii","tag-film","tag-muzica-clasica","tag-muzica-clasica-romania","tag-teatru"],"acf":{"cc_filter":[],"poza_fixa":"https:\/\/www.societateamuzicala.ro\/societateaculturala\/wp-content\/uploads\/2021\/02\/Facebook-cover-MT-180.jpg","url_poza_fixa":"","oras":"","sector":"","zona":"","in_strainatate":false,"pian":false,"orga":false,"data1":1612284235,"data2":"","afiseaza_data_post":false,"acf_sala":"","centru_cultural":"","articole_parinte":"","articole_relationate":"","coordonate":false,"tab1_nume":"Despre","tab3":false,"tab5":false,"tab4":false},"yoast_head":"<!-- This site is optimized with the Yoast SEO plugin v27.5 - https:\/\/yoast.com\/product\/yoast-seo-wordpress\/ -->\n<title>Teza mea de doctorat \u00een 180 de secunde - Societatea Culturala<\/title>\n<meta name=\"robots\" content=\"index, follow, max-snippet:-1, max-image-preview:large, max-video-preview:-1\" \/>\n<link rel=\"canonical\" href=\"https:\/\/www.societateamuzicala.ro\/societateaculturala\/teza-mea-de-doctorat-in-180-de-secunde-2\" \/>\n<meta property=\"og:locale\" content=\"ro_RO\" \/>\n<meta property=\"og:type\" content=\"article\" \/>\n<meta property=\"og:title\" content=\"Teza mea de doctorat \u00een 180 de secunde - Societatea Culturala\" \/>\n<meta property=\"og:description\" content=\"Semifinalele na\u0163ionale se vor organiza la Bucure\u015fti, Cluj-Napoca, Ia\u015fi \u015fi Timi\u015foara la \u00eenceputul lunii aprilie 2021. Finala na\u021bional\u0103 va fi organizat\u0103 la Bucure\u0219ti pe 6 iunie 2021, iar juriul va acorda trei premii.\" \/>\n<meta property=\"og:url\" content=\"https:\/\/www.societateamuzicala.ro\/societateaculturala\/teza-mea-de-doctorat-in-180-de-secunde-2\" \/>\n<meta property=\"og:site_name\" content=\"Societatea Culturala\" \/>\n<meta property=\"article:published_time\" content=\"2021-02-02T14:47:28+00:00\" \/>\n<meta property=\"article:modified_time\" content=\"2021-02-02T14:48:57+00:00\" \/>\n<meta property=\"og:image\" content=\"https:\/\/www.societateamuzicala.ro\/societateaculturala\/wp-content\/uploads\/2021\/02\/Facebook-cover-MT-180.jpg\" \/>\n\t<meta property=\"og:image:width\" content=\"1024\" \/>\n\t<meta property=\"og:image:height\" content=\"512\" \/>\n\t<meta property=\"og:image:type\" content=\"image\/jpeg\" \/>\n<meta name=\"author\" content=\"Catoi Daniel\" \/>\n<meta name=\"twitter:card\" content=\"summary_large_image\" \/>\n<meta name=\"twitter:label1\" content=\"Scris de\" \/>\n\t<meta name=\"twitter:data1\" content=\"Catoi Daniel\" \/>\n\t<meta name=\"twitter:label2\" content=\"Timp estimat pentru citire\" \/>\n\t<meta name=\"twitter:data2\" content=\"3 minute\" \/>\n<script type=\"application\/ld+json\" class=\"yoast-schema-graph\">{\"@context\":\"https:\\\/\\\/schema.org\",\"@graph\":[{\"@type\":\"Article\",\"@id\":\"https:\\\/\\\/www.societateamuzicala.ro\\\/societateaculturala\\\/teza-mea-de-doctorat-in-180-de-secunde-2#article\",\"isPartOf\":{\"@id\":\"https:\\\/\\\/www.societateamuzicala.ro\\\/societateaculturala\\\/teza-mea-de-doctorat-in-180-de-secunde-2\"},\"author\":{\"name\":\"Catoi Daniel\",\"@id\":\"https:\\\/\\\/www.societateamuzicala.ro\\\/societateaculturala\\\/#\\\/schema\\\/person\\\/0608b1774a3787abb7ff1d5e8d1b84eb\"},\"headline\":\"Teza mea de doctorat \u00een 180 de secunde\",\"datePublished\":\"2021-02-02T14:47:28+00:00\",\"dateModified\":\"2021-02-02T14:48:57+00:00\",\"mainEntityOfPage\":{\"@id\":\"https:\\\/\\\/www.societateamuzicala.ro\\\/societateaculturala\\\/teza-mea-de-doctorat-in-180-de-secunde-2\"},\"wordCount\":698,\"commentCount\":0,\"image\":{\"@id\":\"https:\\\/\\\/www.societateamuzicala.ro\\\/societateaculturala\\\/teza-mea-de-doctorat-in-180-de-secunde-2#primaryimage\"},\"thumbnailUrl\":\"https:\\\/\\\/www.societateamuzicala.ro\\\/societateaculturala\\\/wp-content\\\/uploads\\\/2021\\\/02\\\/Afis-MT180-2021-368x520.jpg\",\"keywords\":[\"arte plastice\",\"cinema\",\"concerte\",\"concerte muzica clasica\",\"Cultura\",\"evenimente culturale\",\"expozitii\",\"film\",\"muzica clasica\",\"muzica clasica romania\",\"teatru\"],\"articleSection\":[\"Evenimente si stiri\"],\"inLanguage\":\"ro-RO\",\"potentialAction\":[{\"@type\":\"CommentAction\",\"name\":\"Comment\",\"target\":[\"https:\\\/\\\/www.societateamuzicala.ro\\\/societateaculturala\\\/teza-mea-de-doctorat-in-180-de-secunde-2#respond\"]}]},{\"@type\":\"WebPage\",\"@id\":\"https:\\\/\\\/www.societateamuzicala.ro\\\/societateaculturala\\\/teza-mea-de-doctorat-in-180-de-secunde-2\",\"url\":\"https:\\\/\\\/www.societateamuzicala.ro\\\/societateaculturala\\\/teza-mea-de-doctorat-in-180-de-secunde-2\",\"name\":\"Teza mea de doctorat \u00een 180 de secunde - Societatea Culturala\",\"isPartOf\":{\"@id\":\"https:\\\/\\\/www.societateamuzicala.ro\\\/societateaculturala\\\/#website\"},\"primaryImageOfPage\":{\"@id\":\"https:\\\/\\\/www.societateamuzicala.ro\\\/societateaculturala\\\/teza-mea-de-doctorat-in-180-de-secunde-2#primaryimage\"},\"image\":{\"@id\":\"https:\\\/\\\/www.societateamuzicala.ro\\\/societateaculturala\\\/teza-mea-de-doctorat-in-180-de-secunde-2#primaryimage\"},\"thumbnailUrl\":\"https:\\\/\\\/www.societateamuzicala.ro\\\/societateaculturala\\\/wp-content\\\/uploads\\\/2021\\\/02\\\/Afis-MT180-2021-368x520.jpg\",\"datePublished\":\"2021-02-02T14:47:28+00:00\",\"dateModified\":\"2021-02-02T14:48:57+00:00\",\"author\":{\"@id\":\"https:\\\/\\\/www.societateamuzicala.ro\\\/societateaculturala\\\/#\\\/schema\\\/person\\\/0608b1774a3787abb7ff1d5e8d1b84eb\"},\"breadcrumb\":{\"@id\":\"https:\\\/\\\/www.societateamuzicala.ro\\\/societateaculturala\\\/teza-mea-de-doctorat-in-180-de-secunde-2#breadcrumb\"},\"inLanguage\":\"ro-RO\",\"potentialAction\":[{\"@type\":\"ReadAction\",\"target\":[\"https:\\\/\\\/www.societateamuzicala.ro\\\/societateaculturala\\\/teza-mea-de-doctorat-in-180-de-secunde-2\"]}]},{\"@type\":\"ImageObject\",\"inLanguage\":\"ro-RO\",\"@id\":\"https:\\\/\\\/www.societateamuzicala.ro\\\/societateaculturala\\\/teza-mea-de-doctorat-in-180-de-secunde-2#primaryimage\",\"url\":\"https:\\\/\\\/www.societateamuzicala.ro\\\/societateaculturala\\\/wp-content\\\/uploads\\\/2021\\\/02\\\/Afis-MT180-2021.jpg\",\"contentUrl\":\"https:\\\/\\\/www.societateamuzicala.ro\\\/societateaculturala\\\/wp-content\\\/uploads\\\/2021\\\/02\\\/Afis-MT180-2021.jpg\",\"width\":724,\"height\":1024,\"caption\":\"Afis MT 180 2021\"},{\"@type\":\"BreadcrumbList\",\"@id\":\"https:\\\/\\\/www.societateamuzicala.ro\\\/societateaculturala\\\/teza-mea-de-doctorat-in-180-de-secunde-2#breadcrumb\",\"itemListElement\":[{\"@type\":\"ListItem\",\"position\":1,\"name\":\"Acas\u0103\",\"item\":\"https:\\\/\\\/www.societateamuzicala.ro\\\/societateaculturala\"},{\"@type\":\"ListItem\",\"position\":2,\"name\":\"Teza mea de doctorat \u00een 180 de secunde\"}]},{\"@type\":\"WebSite\",\"@id\":\"https:\\\/\\\/www.societateamuzicala.ro\\\/societateaculturala\\\/#website\",\"url\":\"https:\\\/\\\/www.societateamuzicala.ro\\\/societateaculturala\\\/\",\"name\":\"Societatea Culturala\",\"description\":\"Platforma de marketing si informatii culturale\",\"potentialAction\":[{\"@type\":\"SearchAction\",\"target\":{\"@type\":\"EntryPoint\",\"urlTemplate\":\"https:\\\/\\\/www.societateamuzicala.ro\\\/societateaculturala\\\/?s={search_term_string}\"},\"query-input\":{\"@type\":\"PropertyValueSpecification\",\"valueRequired\":true,\"valueName\":\"search_term_string\"}}],\"inLanguage\":\"ro-RO\"},{\"@type\":\"Person\",\"@id\":\"https:\\\/\\\/www.societateamuzicala.ro\\\/societateaculturala\\\/#\\\/schema\\\/person\\\/0608b1774a3787abb7ff1d5e8d1b84eb\",\"name\":\"Catoi Daniel\",\"image\":{\"@type\":\"ImageObject\",\"inLanguage\":\"ro-RO\",\"@id\":\"https:\\\/\\\/secure.gravatar.com\\\/avatar\\\/c0882a218c936889972a11c796e8ed91e0aff99b92af7212c04f740da3928233?s=96&d=mm&r=g\",\"url\":\"https:\\\/\\\/secure.gravatar.com\\\/avatar\\\/c0882a218c936889972a11c796e8ed91e0aff99b92af7212c04f740da3928233?s=96&d=mm&r=g\",\"contentUrl\":\"https:\\\/\\\/secure.gravatar.com\\\/avatar\\\/c0882a218c936889972a11c796e8ed91e0aff99b92af7212c04f740da3928233?s=96&d=mm&r=g\",\"caption\":\"Catoi Daniel\"},\"url\":\"https:\\\/\\\/www.societateamuzicala.ro\\\/societateaculturala\\\/author\\\/daniel\"}]}<\/script>\n<!-- \/ Yoast SEO plugin. -->","yoast_head_json":{"title":"Teza mea de doctorat \u00een 180 de secunde - Societatea Culturala","robots":{"index":"index","follow":"follow","max-snippet":"max-snippet:-1","max-image-preview":"max-image-preview:large","max-video-preview":"max-video-preview:-1"},"canonical":"https:\/\/www.societateamuzicala.ro\/societateaculturala\/teza-mea-de-doctorat-in-180-de-secunde-2","og_locale":"ro_RO","og_type":"article","og_title":"Teza mea de doctorat \u00een 180 de secunde - Societatea Culturala","og_description":"Semifinalele na\u0163ionale se vor organiza la Bucure\u015fti, Cluj-Napoca, Ia\u015fi \u015fi Timi\u015foara la \u00eenceputul lunii aprilie 2021. Finala na\u021bional\u0103 va fi organizat\u0103 la Bucure\u0219ti pe 6 iunie 2021, iar juriul va acorda trei premii.","og_url":"https:\/\/www.societateamuzicala.ro\/societateaculturala\/teza-mea-de-doctorat-in-180-de-secunde-2","og_site_name":"Societatea Culturala","article_published_time":"2021-02-02T14:47:28+00:00","article_modified_time":"2021-02-02T14:48:57+00:00","og_image":[{"width":1024,"height":512,"url":"https:\/\/www.societateamuzicala.ro\/societateaculturala\/wp-content\/uploads\/2021\/02\/Facebook-cover-MT-180.jpg","type":"image\/jpeg"}],"author":"Catoi Daniel","twitter_card":"summary_large_image","twitter_misc":{"Scris de":"Catoi Daniel","Timp estimat pentru citire":"3 minute"},"schema":{"@context":"https:\/\/schema.org","@graph":[{"@type":"Article","@id":"https:\/\/www.societateamuzicala.ro\/societateaculturala\/teza-mea-de-doctorat-in-180-de-secunde-2#article","isPartOf":{"@id":"https:\/\/www.societateamuzicala.ro\/societateaculturala\/teza-mea-de-doctorat-in-180-de-secunde-2"},"author":{"name":"Catoi Daniel","@id":"https:\/\/www.societateamuzicala.ro\/societateaculturala\/#\/schema\/person\/0608b1774a3787abb7ff1d5e8d1b84eb"},"headline":"Teza mea de doctorat \u00een 180 de secunde","datePublished":"2021-02-02T14:47:28+00:00","dateModified":"2021-02-02T14:48:57+00:00","mainEntityOfPage":{"@id":"https:\/\/www.societateamuzicala.ro\/societateaculturala\/teza-mea-de-doctorat-in-180-de-secunde-2"},"wordCount":698,"commentCount":0,"image":{"@id":"https:\/\/www.societateamuzicala.ro\/societateaculturala\/teza-mea-de-doctorat-in-180-de-secunde-2#primaryimage"},"thumbnailUrl":"https:\/\/www.societateamuzicala.ro\/societateaculturala\/wp-content\/uploads\/2021\/02\/Afis-MT180-2021-368x520.jpg","keywords":["arte plastice","cinema","concerte","concerte muzica clasica","Cultura","evenimente culturale","expozitii","film","muzica clasica","muzica clasica romania","teatru"],"articleSection":["Evenimente si stiri"],"inLanguage":"ro-RO","potentialAction":[{"@type":"CommentAction","name":"Comment","target":["https:\/\/www.societateamuzicala.ro\/societateaculturala\/teza-mea-de-doctorat-in-180-de-secunde-2#respond"]}]},{"@type":"WebPage","@id":"https:\/\/www.societateamuzicala.ro\/societateaculturala\/teza-mea-de-doctorat-in-180-de-secunde-2","url":"https:\/\/www.societateamuzicala.ro\/societateaculturala\/teza-mea-de-doctorat-in-180-de-secunde-2","name":"Teza mea de doctorat \u00een 180 de secunde - Societatea Culturala","isPartOf":{"@id":"https:\/\/www.societateamuzicala.ro\/societateaculturala\/#website"},"primaryImageOfPage":{"@id":"https:\/\/www.societateamuzicala.ro\/societateaculturala\/teza-mea-de-doctorat-in-180-de-secunde-2#primaryimage"},"image":{"@id":"https:\/\/www.societateamuzicala.ro\/societateaculturala\/teza-mea-de-doctorat-in-180-de-secunde-2#primaryimage"},"thumbnailUrl":"https:\/\/www.societateamuzicala.ro\/societateaculturala\/wp-content\/uploads\/2021\/02\/Afis-MT180-2021-368x520.jpg","datePublished":"2021-02-02T14:47:28+00:00","dateModified":"2021-02-02T14:48:57+00:00","author":{"@id":"https:\/\/www.societateamuzicala.ro\/societateaculturala\/#\/schema\/person\/0608b1774a3787abb7ff1d5e8d1b84eb"},"breadcrumb":{"@id":"https:\/\/www.societateamuzicala.ro\/societateaculturala\/teza-mea-de-doctorat-in-180-de-secunde-2#breadcrumb"},"inLanguage":"ro-RO","potentialAction":[{"@type":"ReadAction","target":["https:\/\/www.societateamuzicala.ro\/societateaculturala\/teza-mea-de-doctorat-in-180-de-secunde-2"]}]},{"@type":"ImageObject","inLanguage":"ro-RO","@id":"https:\/\/www.societateamuzicala.ro\/societateaculturala\/teza-mea-de-doctorat-in-180-de-secunde-2#primaryimage","url":"https:\/\/www.societateamuzicala.ro\/societateaculturala\/wp-content\/uploads\/2021\/02\/Afis-MT180-2021.jpg","contentUrl":"https:\/\/www.societateamuzicala.ro\/societateaculturala\/wp-content\/uploads\/2021\/02\/Afis-MT180-2021.jpg","width":724,"height":1024,"caption":"Afis MT 180 2021"},{"@type":"BreadcrumbList","@id":"https:\/\/www.societateamuzicala.ro\/societateaculturala\/teza-mea-de-doctorat-in-180-de-secunde-2#breadcrumb","itemListElement":[{"@type":"ListItem","position":1,"name":"Acas\u0103","item":"https:\/\/www.societateamuzicala.ro\/societateaculturala"},{"@type":"ListItem","position":2,"name":"Teza mea de doctorat \u00een 180 de secunde"}]},{"@type":"WebSite","@id":"https:\/\/www.societateamuzicala.ro\/societateaculturala\/#website","url":"https:\/\/www.societateamuzicala.ro\/societateaculturala\/","name":"Societatea Culturala","description":"Platforma de marketing si informatii culturale","potentialAction":[{"@type":"SearchAction","target":{"@type":"EntryPoint","urlTemplate":"https:\/\/www.societateamuzicala.ro\/societateaculturala\/?s={search_term_string}"},"query-input":{"@type":"PropertyValueSpecification","valueRequired":true,"valueName":"search_term_string"}}],"inLanguage":"ro-RO"},{"@type":"Person","@id":"https:\/\/www.societateamuzicala.ro\/societateaculturala\/#\/schema\/person\/0608b1774a3787abb7ff1d5e8d1b84eb","name":"Catoi Daniel","image":{"@type":"ImageObject","inLanguage":"ro-RO","@id":"https:\/\/secure.gravatar.com\/avatar\/c0882a218c936889972a11c796e8ed91e0aff99b92af7212c04f740da3928233?s=96&d=mm&r=g","url":"https:\/\/secure.gravatar.com\/avatar\/c0882a218c936889972a11c796e8ed91e0aff99b92af7212c04f740da3928233?s=96&d=mm&r=g","contentUrl":"https:\/\/secure.gravatar.com\/avatar\/c0882a218c936889972a11c796e8ed91e0aff99b92af7212c04f740da3928233?s=96&d=mm&r=g","caption":"Catoi Daniel"},"url":"https:\/\/www.societateamuzicala.ro\/societateaculturala\/author\/daniel"}]}},"_links":{"self":[{"href":"https:\/\/www.societateamuzicala.ro\/societateaculturala\/wp-json\/wp\/v2\/posts\/32155","targetHints":{"allow":["GET"]}}],"collection":[{"href":"https:\/\/www.societateamuzicala.ro\/societateaculturala\/wp-json\/wp\/v2\/posts"}],"about":[{"href":"https:\/\/www.societateamuzicala.ro\/societateaculturala\/wp-json\/wp\/v2\/types\/post"}],"author":[{"embeddable":true,"href":"https:\/\/www.societateamuzicala.ro\/societateaculturala\/wp-json\/wp\/v2\/users\/22"}],"replies":[{"embeddable":true,"href":"https:\/\/www.societateamuzicala.ro\/societateaculturala\/wp-json\/wp\/v2\/comments?post=32155"}],"version-history":[{"count":0,"href":"https:\/\/www.societateamuzicala.ro\/societateaculturala\/wp-json\/wp\/v2\/posts\/32155\/revisions"}],"wp:attachment":[{"href":"https:\/\/www.societateamuzicala.ro\/societateaculturala\/wp-json\/wp\/v2\/media?parent=32155"}],"wp:term":[{"taxonomy":"category","embeddable":true,"href":"https:\/\/www.societateamuzicala.ro\/societateaculturala\/wp-json\/wp\/v2\/categories?post=32155"},{"taxonomy":"post_tag","embeddable":true,"href":"https:\/\/www.societateamuzicala.ro\/societateaculturala\/wp-json\/wp\/v2\/tags?post=32155"}],"curies":[{"name":"wp","href":"https:\/\/api.w.org\/{rel}","templated":true}]}}