{"id":32103,"date":"2020-11-09T12:20:13","date_gmt":"2020-11-09T12:20:13","guid":{"rendered":"https:\/\/www.societateamuzicala.ro\/societateaculturala\/?p=32103"},"modified":"2020-11-09T12:21:38","modified_gmt":"2020-11-09T12:21:38","slug":"institutul-francez-digital","status":"publish","type":"post","link":"https:\/\/www.societateamuzicala.ro\/societateaculturala\/institutul-francez-digital","title":{"rendered":"Institutul Francez Digital"},"content":{"rendered":"<p><strong>Institutul Francez Digital: Elvire chez vous, Noiembrie Digital online \u015fi, \u00een cur\u00e2nd, un nou site<\/strong><\/p>\n<p>Av\u00e2nd \u00een vedere contextul actual \u0219i restric\u0163iile care fac imposibil\u0103 organizarea unor evenimente cu publicul, Institutul Francez din Rom\u00e2nia a \u00eenceput o tranzi\u021bie spre digitalizare: creare \u0219i distribuire de con\u021binut creativ pe re\u021belele sociale, adaptarea proiectelor tradi\u021bionale la mediul online, organizarea unor webinarii specializate pentru prima dat\u0103 \u00een istoria institu\u021biei, lansarea unui nou site \u015fi multe altele. Cea mai mare provocare \u00een acest moment este \u00eens\u0103 adaptarea cinematografului Elvire Popesco la noile condi\u0163ii.<\/p>\n<p><strong>Elvire chez vous<\/strong><br \/>\nDup\u0103 programele Elvire Popesco en plein air, cu proiec\u021bii \u00een aer liber din iunie p\u00e2n\u0103 \u00een octombrie, \u0219i Elvire Popesco hors les murs, prin care filmele franceze au ajuns la spectatorii din alte locuri, Institutul Francez lanseaz\u0103 Elvire chez vous, care aduce programul de la Elvire Popesco direct \u00een casele spectatorilor din toat\u0103 \u021bara.<br \/>\nCiclul Elvire chez vous propune \u00een fiecare s\u0103pt\u0103m\u00e2n\u0103 o serie de proiec\u0163ii online, c\u00e2t mai apropiate de experien\u0163a din cinema, fiecare film fiind disponibil doar o sear\u0103, de la ora 19.00 \u015fi p\u00e2n\u0103 la miezul nop\u0163ii, pe platforma Eventbook. Joia \u015fi vinerea vor fi dedicate cu prec\u0103dere avanpremierelor de filme rom\u00e2ne\u015fti recente, care au circulat \u00een festivaluri interna\u0163ionale, dar nu au avut ocazia s\u0103 fie v\u0103zute de spectatorii din \u0163ar\u0103. Proiec\u0163iile vor fi urmate de \u00eent\u00e2lniri virtuale cu regizorii \u015fi protagoni\u015ftii filmelor, retransmise live, unele dintre ele fiind prezentate \u00een parteneriat cu revista de cinema Films in Frame \u015fi moderate de redactorii acesteia. S\u00e2mb\u0103ta va fi dedicat\u0103 filmelor franceze inedite, care nu au fost distribuite pe ecranele cinematografelor din Rom\u00e2nia, \u015fi \u00eent\u00e2lnirilor virtuale cu regizorii lor, iar duminica programul va fi \u00eentregit de titluri din cinematografia european\u0103 a ultimilor ani.<br \/>\nElvire chez vous va debuta joi, 12 noiembrie, cu titlul C\u0102L\u0102TORIE \u00ceN JURUL CASEI \u00ceN 60 DE ZILE, un omnibus alc\u0103tuit din 6 scurtmetraje, eclectice \u015fi personale, produse \u00een perioada de izolare din prim\u0103vara anului 2020 de c\u0103tre regizori consacra\u021bi \u0219i debutan\u021bi: Alina Manolache, Alexandru Solomon, Laura Pop, Andra Tarara \u0219i David Schwartz, Vlad Petri \u015fi Teona Galgo\u021biu. Regizorii \u00eempreun\u0103 cu produc\u0103torul Andrei T\u0103n\u0103sescu vor da \u00eent\u00e2lnire publicului, tot prin intermediul micilor ecrane, dup\u0103 proiec\u0163ie.<br \/>\nDar pentru ca a\u015fteptarea s\u0103 fie mai scurt\u0103, Institutul Francez v\u0103 propune un \u201eaperitiv\u201d: pentru a marca Ziua Cinematografelor Arthouse din Europa, duminic\u0103, 8 noiembrie, Elvire aduce \u00een casele \u015fi pe ecranele spectatorilor Cyrano, mon amour, o comedie francez\u0103 savuroas\u0103, c\u00e2\u0219tig\u0103toarea Premiului Publicului la Festivalul Filmului Francez 2019.<br \/>\nBiletele sunt deja \u00een v\u00e2nzare pe www.elvirepopesco.ro<\/p>\n<p><strong>Noiembrie Digital Online<\/strong><br \/>\nAcum mai mult ca oric\u00e2nd, Festivalul Noiembrie Digital \u00ee\u0219i propune s\u0103 ofere tuturor accesul la noile tehnologii, majoritatea evenimentelor desf\u0103\u0219ur\u00e2ndu-se \u00een mediul online. Astfel, publicul va avea posibilitatea s\u0103 urm\u0103reasc\u0103 toate activit\u0103\u021bile organizate de c\u0103tre echipele Institutului Francez din Rom\u00e2nia la Bucure\u0219ti, Cluj-Napoca, Ia\u0219i \u0219i Timi\u0219oara f\u0103r\u0103 a \u021bine cont de restric\u021biile geografice care existau \u00een anii preceden\u021bi. \u00cen cadrul Festivalului, Institutul Francez din Rom\u00e2nia organizeaz\u0103 o serie de ateliere, spectacole, mese rotunde \u0219i webinarii dedicate crea\u021biei digitale sub toate formele: realitate virtual\u0103, jocuri video, benzi desenate create pe calculator, realitate augmentat\u0103, tehnologii de ultim\u0103 genera\u021bie etc.<br \/>\nAstfel \u00een a doua jum\u0103tate a lunii noiembrie va avea loc un \u201eAtelier de crea\u021bie \u00een realitate virtual\u0103\u201d, \u00een cadrul c\u0103reia participan\u021bii vor fi provoca\u021bi s\u0103 descopere \u0219i s\u0103 creeze universuri virtuale cu ajutorul c\u0103\u0219tilor de realitate virtual\u0103 \u0219i al aplica\u021biei de pictur\u0103 digital\u0103 Tilt Brush. Pe 30 noiembrie va avea loc \u015fi \u201eSeara French Tech dedicat\u0103 Inteligen\u021bei Artificiale \u2013 mize economice \u0219i noi provoc\u0103ri\u201d. Programul \u00eentreg poate fi g\u0103sit pe pagina de Facebook a Institutului Francez din Rom\u00e2nia.<\/p>\n<p><strong>Un nou site<\/strong><\/p>\n<p>Digitalizarea va fi cuv\u00e2ntul cheie pentru toate celelalte proiecte deja tradi\u021bionale pentru Institutul Francez. Pe 3 decembrie Institutul Francez din Rom\u00e2nia va lansa un nou site web \u2013 dinamic, prietenos \u0219i interactiv: www.institutfrancais.ro. Noua platforma va avea o structur\u0103 clar\u0103, intuitiv\u0103 \u0219i con\u021binut creativ despre oferta de cursuri \u0219i examene de limba francez\u0103, mediatec\u0103, nout\u0103\u021bi culturale, evenimente online, burse \u0219i programe de finan\u021bare.<\/p>\n<p><a href=\"https:\/\/www.societateamuzicala.ro\/societateaculturala\/wp-content\/uploads\/2020\/11\/Elvire-chez-vous.jpg\"><img loading=\"lazy\" decoding=\"async\" class=\"no-border alignnone wp-image-32104 size-large\" src=\"https:\/\/www.societateamuzicala.ro\/societateaculturala\/wp-content\/uploads\/2020\/11\/Elvire-chez-vous-520x293.jpg\" alt=\"Elvire chez vous\" width=\"520\" height=\"293\" srcset=\"https:\/\/www.societateamuzicala.ro\/societateaculturala\/wp-content\/uploads\/2020\/11\/Elvire-chez-vous-520x293.jpg 520w, https:\/\/www.societateamuzicala.ro\/societateaculturala\/wp-content\/uploads\/2020\/11\/Elvire-chez-vous-255x143.jpg 255w, https:\/\/www.societateamuzicala.ro\/societateaculturala\/wp-content\/uploads\/2020\/11\/Elvire-chez-vous-768x432.jpg 768w, https:\/\/www.societateamuzicala.ro\/societateaculturala\/wp-content\/uploads\/2020\/11\/Elvire-chez-vous.jpg 1024w\" sizes=\"auto, (max-width: 520px) 100vw, 520px\" \/><\/a><\/p>\n","protected":false},"excerpt":{"rendered":"<p>Institutul Francez Digital: Elvire chez vous, Noiembrie Digital online \u015fi, \u00een cur\u00e2nd, un nou site Av\u00e2nd \u00een vedere contextul actual \u0219i restric\u0163iile care fac imposibil\u0103 organizarea unor evenimente cu publicul, Institutul Francez din Rom\u00e2nia a \u00eenceput o tranzi\u021bie spre digitalizare: creare \u0219i distribuire de con\u021binut creativ pe re\u021belele sociale, adaptarea proiectelor tradi\u021bionale la mediul online, [&hellip;]<\/p>\n","protected":false},"author":22,"featured_media":0,"comment_status":"open","ping_status":"open","sticky":false,"template":"","format":"standard","meta":{"_acf_changed":false,"footnotes":""},"categories":[68],"tags":[1393,1820,191,200,4567,6322,6330,274,197,201,273],"class_list":["post-32103","post","type-post","status-publish","format-standard","hentry","category-evenimente-si-stiri","tag-arte-plastice","tag-cinema","tag-concerte","tag-concerte-muzica-clasica","tag-cultura","tag-evenimente-culturale","tag-expozitii","tag-film","tag-muzica-clasica","tag-muzica-clasica-romania","tag-teatru"],"acf":{"cc_filter":[],"poza_fixa":"https:\/\/www.societateamuzicala.ro\/societateaculturala\/wp-content\/uploads\/2020\/11\/Elvire-chez-vous.jpg","url_poza_fixa":"","oras":"","sector":"","zona":"","in_strainatate":false,"pian":false,"orga":false,"data1":"","data2":"","afiseaza_data_post":false,"acf_sala":"","centru_cultural":"","articole_parinte":"","articole_relationate":"","coordonate":false,"tab1_nume":"Despre","tab3":false,"tab5":false,"tab4":false},"yoast_head":"<!-- This site is optimized with the Yoast SEO plugin v27.5 - https:\/\/yoast.com\/product\/yoast-seo-wordpress\/ -->\n<title>Institutul Francez Digital - Societatea Culturala<\/title>\n<meta name=\"robots\" content=\"index, follow, max-snippet:-1, max-image-preview:large, max-video-preview:-1\" \/>\n<link rel=\"canonical\" href=\"https:\/\/www.societateamuzicala.ro\/societateaculturala\/institutul-francez-digital\" \/>\n<meta property=\"og:locale\" content=\"ro_RO\" \/>\n<meta property=\"og:type\" content=\"article\" \/>\n<meta property=\"og:title\" content=\"Institutul Francez Digital - Societatea Culturala\" \/>\n<meta property=\"og:description\" content=\"Institutul Francez Digital: Elvire chez vous, Noiembrie Digital online \u015fi, \u00een cur\u00e2nd, un nou site Av\u00e2nd \u00een vedere contextul actual \u0219i restric\u0163iile care fac imposibil\u0103 organizarea unor evenimente cu publicul, Institutul Francez din Rom\u00e2nia a \u00eenceput o tranzi\u021bie spre digitalizare: creare \u0219i distribuire de con\u021binut creativ pe re\u021belele sociale, adaptarea proiectelor tradi\u021bionale la mediul online, [&hellip;]\" \/>\n<meta property=\"og:url\" content=\"https:\/\/www.societateamuzicala.ro\/societateaculturala\/institutul-francez-digital\" \/>\n<meta property=\"og:site_name\" content=\"Societatea Culturala\" \/>\n<meta property=\"article:published_time\" content=\"2020-11-09T12:20:13+00:00\" \/>\n<meta property=\"article:modified_time\" content=\"2020-11-09T12:21:38+00:00\" \/>\n<meta property=\"og:image\" content=\"https:\/\/www.societateamuzicala.ro\/societateaculturala\/wp-content\/uploads\/2020\/11\/Elvire-chez-vous.jpg\" \/>\n\t<meta property=\"og:image:width\" content=\"1024\" \/>\n\t<meta property=\"og:image:height\" content=\"576\" \/>\n\t<meta property=\"og:image:type\" content=\"image\/jpeg\" \/>\n<meta name=\"author\" content=\"Catoi Daniel\" \/>\n<meta name=\"twitter:card\" content=\"summary_large_image\" \/>\n<meta name=\"twitter:label1\" content=\"Scris de\" \/>\n\t<meta name=\"twitter:data1\" content=\"Catoi Daniel\" \/>\n\t<meta name=\"twitter:label2\" content=\"Timp estimat pentru citire\" \/>\n\t<meta name=\"twitter:data2\" content=\"4 minute\" \/>\n<script type=\"application\/ld+json\" class=\"yoast-schema-graph\">{\"@context\":\"https:\\\/\\\/schema.org\",\"@graph\":[{\"@type\":\"Article\",\"@id\":\"https:\\\/\\\/www.societateamuzicala.ro\\\/societateaculturala\\\/institutul-francez-digital#article\",\"isPartOf\":{\"@id\":\"https:\\\/\\\/www.societateamuzicala.ro\\\/societateaculturala\\\/institutul-francez-digital\"},\"author\":{\"name\":\"Catoi Daniel\",\"@id\":\"https:\\\/\\\/www.societateamuzicala.ro\\\/societateaculturala\\\/#\\\/schema\\\/person\\\/0608b1774a3787abb7ff1d5e8d1b84eb\"},\"headline\":\"Institutul Francez Digital\",\"datePublished\":\"2020-11-09T12:20:13+00:00\",\"dateModified\":\"2020-11-09T12:21:38+00:00\",\"mainEntityOfPage\":{\"@id\":\"https:\\\/\\\/www.societateamuzicala.ro\\\/societateaculturala\\\/institutul-francez-digital\"},\"wordCount\":738,\"commentCount\":0,\"image\":{\"@id\":\"https:\\\/\\\/www.societateamuzicala.ro\\\/societateaculturala\\\/institutul-francez-digital#primaryimage\"},\"thumbnailUrl\":\"https:\\\/\\\/www.societateamuzicala.ro\\\/societateaculturala\\\/wp-content\\\/uploads\\\/2020\\\/11\\\/Elvire-chez-vous-520x293.jpg\",\"keywords\":[\"arte plastice\",\"cinema\",\"concerte\",\"concerte muzica clasica\",\"Cultura\",\"evenimente culturale\",\"expozitii\",\"film\",\"muzica clasica\",\"muzica clasica romania\",\"teatru\"],\"articleSection\":[\"Evenimente si stiri\"],\"inLanguage\":\"ro-RO\",\"potentialAction\":[{\"@type\":\"CommentAction\",\"name\":\"Comment\",\"target\":[\"https:\\\/\\\/www.societateamuzicala.ro\\\/societateaculturala\\\/institutul-francez-digital#respond\"]}]},{\"@type\":\"WebPage\",\"@id\":\"https:\\\/\\\/www.societateamuzicala.ro\\\/societateaculturala\\\/institutul-francez-digital\",\"url\":\"https:\\\/\\\/www.societateamuzicala.ro\\\/societateaculturala\\\/institutul-francez-digital\",\"name\":\"Institutul Francez Digital - Societatea Culturala\",\"isPartOf\":{\"@id\":\"https:\\\/\\\/www.societateamuzicala.ro\\\/societateaculturala\\\/#website\"},\"primaryImageOfPage\":{\"@id\":\"https:\\\/\\\/www.societateamuzicala.ro\\\/societateaculturala\\\/institutul-francez-digital#primaryimage\"},\"image\":{\"@id\":\"https:\\\/\\\/www.societateamuzicala.ro\\\/societateaculturala\\\/institutul-francez-digital#primaryimage\"},\"thumbnailUrl\":\"https:\\\/\\\/www.societateamuzicala.ro\\\/societateaculturala\\\/wp-content\\\/uploads\\\/2020\\\/11\\\/Elvire-chez-vous-520x293.jpg\",\"datePublished\":\"2020-11-09T12:20:13+00:00\",\"dateModified\":\"2020-11-09T12:21:38+00:00\",\"author\":{\"@id\":\"https:\\\/\\\/www.societateamuzicala.ro\\\/societateaculturala\\\/#\\\/schema\\\/person\\\/0608b1774a3787abb7ff1d5e8d1b84eb\"},\"breadcrumb\":{\"@id\":\"https:\\\/\\\/www.societateamuzicala.ro\\\/societateaculturala\\\/institutul-francez-digital#breadcrumb\"},\"inLanguage\":\"ro-RO\",\"potentialAction\":[{\"@type\":\"ReadAction\",\"target\":[\"https:\\\/\\\/www.societateamuzicala.ro\\\/societateaculturala\\\/institutul-francez-digital\"]}]},{\"@type\":\"ImageObject\",\"inLanguage\":\"ro-RO\",\"@id\":\"https:\\\/\\\/www.societateamuzicala.ro\\\/societateaculturala\\\/institutul-francez-digital#primaryimage\",\"url\":\"https:\\\/\\\/www.societateamuzicala.ro\\\/societateaculturala\\\/wp-content\\\/uploads\\\/2020\\\/11\\\/Elvire-chez-vous.jpg\",\"contentUrl\":\"https:\\\/\\\/www.societateamuzicala.ro\\\/societateaculturala\\\/wp-content\\\/uploads\\\/2020\\\/11\\\/Elvire-chez-vous.jpg\",\"width\":1024,\"height\":576,\"caption\":\"\"},{\"@type\":\"BreadcrumbList\",\"@id\":\"https:\\\/\\\/www.societateamuzicala.ro\\\/societateaculturala\\\/institutul-francez-digital#breadcrumb\",\"itemListElement\":[{\"@type\":\"ListItem\",\"position\":1,\"name\":\"Acas\u0103\",\"item\":\"https:\\\/\\\/www.societateamuzicala.ro\\\/societateaculturala\"},{\"@type\":\"ListItem\",\"position\":2,\"name\":\"Institutul Francez Digital\"}]},{\"@type\":\"WebSite\",\"@id\":\"https:\\\/\\\/www.societateamuzicala.ro\\\/societateaculturala\\\/#website\",\"url\":\"https:\\\/\\\/www.societateamuzicala.ro\\\/societateaculturala\\\/\",\"name\":\"Societatea Culturala\",\"description\":\"Platforma de marketing si informatii culturale\",\"potentialAction\":[{\"@type\":\"SearchAction\",\"target\":{\"@type\":\"EntryPoint\",\"urlTemplate\":\"https:\\\/\\\/www.societateamuzicala.ro\\\/societateaculturala\\\/?s={search_term_string}\"},\"query-input\":{\"@type\":\"PropertyValueSpecification\",\"valueRequired\":true,\"valueName\":\"search_term_string\"}}],\"inLanguage\":\"ro-RO\"},{\"@type\":\"Person\",\"@id\":\"https:\\\/\\\/www.societateamuzicala.ro\\\/societateaculturala\\\/#\\\/schema\\\/person\\\/0608b1774a3787abb7ff1d5e8d1b84eb\",\"name\":\"Catoi Daniel\",\"image\":{\"@type\":\"ImageObject\",\"inLanguage\":\"ro-RO\",\"@id\":\"https:\\\/\\\/secure.gravatar.com\\\/avatar\\\/c0882a218c936889972a11c796e8ed91e0aff99b92af7212c04f740da3928233?s=96&d=mm&r=g\",\"url\":\"https:\\\/\\\/secure.gravatar.com\\\/avatar\\\/c0882a218c936889972a11c796e8ed91e0aff99b92af7212c04f740da3928233?s=96&d=mm&r=g\",\"contentUrl\":\"https:\\\/\\\/secure.gravatar.com\\\/avatar\\\/c0882a218c936889972a11c796e8ed91e0aff99b92af7212c04f740da3928233?s=96&d=mm&r=g\",\"caption\":\"Catoi Daniel\"},\"url\":\"https:\\\/\\\/www.societateamuzicala.ro\\\/societateaculturala\\\/author\\\/daniel\"}]}<\/script>\n<!-- \/ Yoast SEO plugin. -->","yoast_head_json":{"title":"Institutul Francez Digital - Societatea Culturala","robots":{"index":"index","follow":"follow","max-snippet":"max-snippet:-1","max-image-preview":"max-image-preview:large","max-video-preview":"max-video-preview:-1"},"canonical":"https:\/\/www.societateamuzicala.ro\/societateaculturala\/institutul-francez-digital","og_locale":"ro_RO","og_type":"article","og_title":"Institutul Francez Digital - Societatea Culturala","og_description":"Institutul Francez Digital: Elvire chez vous, Noiembrie Digital online \u015fi, \u00een cur\u00e2nd, un nou site Av\u00e2nd \u00een vedere contextul actual \u0219i restric\u0163iile care fac imposibil\u0103 organizarea unor evenimente cu publicul, Institutul Francez din Rom\u00e2nia a \u00eenceput o tranzi\u021bie spre digitalizare: creare \u0219i distribuire de con\u021binut creativ pe re\u021belele sociale, adaptarea proiectelor tradi\u021bionale la mediul online, [&hellip;]","og_url":"https:\/\/www.societateamuzicala.ro\/societateaculturala\/institutul-francez-digital","og_site_name":"Societatea Culturala","article_published_time":"2020-11-09T12:20:13+00:00","article_modified_time":"2020-11-09T12:21:38+00:00","og_image":[{"width":1024,"height":576,"url":"https:\/\/www.societateamuzicala.ro\/societateaculturala\/wp-content\/uploads\/2020\/11\/Elvire-chez-vous.jpg","type":"image\/jpeg"}],"author":"Catoi Daniel","twitter_card":"summary_large_image","twitter_misc":{"Scris de":"Catoi Daniel","Timp estimat pentru citire":"4 minute"},"schema":{"@context":"https:\/\/schema.org","@graph":[{"@type":"Article","@id":"https:\/\/www.societateamuzicala.ro\/societateaculturala\/institutul-francez-digital#article","isPartOf":{"@id":"https:\/\/www.societateamuzicala.ro\/societateaculturala\/institutul-francez-digital"},"author":{"name":"Catoi Daniel","@id":"https:\/\/www.societateamuzicala.ro\/societateaculturala\/#\/schema\/person\/0608b1774a3787abb7ff1d5e8d1b84eb"},"headline":"Institutul Francez Digital","datePublished":"2020-11-09T12:20:13+00:00","dateModified":"2020-11-09T12:21:38+00:00","mainEntityOfPage":{"@id":"https:\/\/www.societateamuzicala.ro\/societateaculturala\/institutul-francez-digital"},"wordCount":738,"commentCount":0,"image":{"@id":"https:\/\/www.societateamuzicala.ro\/societateaculturala\/institutul-francez-digital#primaryimage"},"thumbnailUrl":"https:\/\/www.societateamuzicala.ro\/societateaculturala\/wp-content\/uploads\/2020\/11\/Elvire-chez-vous-520x293.jpg","keywords":["arte plastice","cinema","concerte","concerte muzica clasica","Cultura","evenimente culturale","expozitii","film","muzica clasica","muzica clasica romania","teatru"],"articleSection":["Evenimente si stiri"],"inLanguage":"ro-RO","potentialAction":[{"@type":"CommentAction","name":"Comment","target":["https:\/\/www.societateamuzicala.ro\/societateaculturala\/institutul-francez-digital#respond"]}]},{"@type":"WebPage","@id":"https:\/\/www.societateamuzicala.ro\/societateaculturala\/institutul-francez-digital","url":"https:\/\/www.societateamuzicala.ro\/societateaculturala\/institutul-francez-digital","name":"Institutul Francez Digital - Societatea Culturala","isPartOf":{"@id":"https:\/\/www.societateamuzicala.ro\/societateaculturala\/#website"},"primaryImageOfPage":{"@id":"https:\/\/www.societateamuzicala.ro\/societateaculturala\/institutul-francez-digital#primaryimage"},"image":{"@id":"https:\/\/www.societateamuzicala.ro\/societateaculturala\/institutul-francez-digital#primaryimage"},"thumbnailUrl":"https:\/\/www.societateamuzicala.ro\/societateaculturala\/wp-content\/uploads\/2020\/11\/Elvire-chez-vous-520x293.jpg","datePublished":"2020-11-09T12:20:13+00:00","dateModified":"2020-11-09T12:21:38+00:00","author":{"@id":"https:\/\/www.societateamuzicala.ro\/societateaculturala\/#\/schema\/person\/0608b1774a3787abb7ff1d5e8d1b84eb"},"breadcrumb":{"@id":"https:\/\/www.societateamuzicala.ro\/societateaculturala\/institutul-francez-digital#breadcrumb"},"inLanguage":"ro-RO","potentialAction":[{"@type":"ReadAction","target":["https:\/\/www.societateamuzicala.ro\/societateaculturala\/institutul-francez-digital"]}]},{"@type":"ImageObject","inLanguage":"ro-RO","@id":"https:\/\/www.societateamuzicala.ro\/societateaculturala\/institutul-francez-digital#primaryimage","url":"https:\/\/www.societateamuzicala.ro\/societateaculturala\/wp-content\/uploads\/2020\/11\/Elvire-chez-vous.jpg","contentUrl":"https:\/\/www.societateamuzicala.ro\/societateaculturala\/wp-content\/uploads\/2020\/11\/Elvire-chez-vous.jpg","width":1024,"height":576,"caption":""},{"@type":"BreadcrumbList","@id":"https:\/\/www.societateamuzicala.ro\/societateaculturala\/institutul-francez-digital#breadcrumb","itemListElement":[{"@type":"ListItem","position":1,"name":"Acas\u0103","item":"https:\/\/www.societateamuzicala.ro\/societateaculturala"},{"@type":"ListItem","position":2,"name":"Institutul Francez Digital"}]},{"@type":"WebSite","@id":"https:\/\/www.societateamuzicala.ro\/societateaculturala\/#website","url":"https:\/\/www.societateamuzicala.ro\/societateaculturala\/","name":"Societatea Culturala","description":"Platforma de marketing si informatii culturale","potentialAction":[{"@type":"SearchAction","target":{"@type":"EntryPoint","urlTemplate":"https:\/\/www.societateamuzicala.ro\/societateaculturala\/?s={search_term_string}"},"query-input":{"@type":"PropertyValueSpecification","valueRequired":true,"valueName":"search_term_string"}}],"inLanguage":"ro-RO"},{"@type":"Person","@id":"https:\/\/www.societateamuzicala.ro\/societateaculturala\/#\/schema\/person\/0608b1774a3787abb7ff1d5e8d1b84eb","name":"Catoi Daniel","image":{"@type":"ImageObject","inLanguage":"ro-RO","@id":"https:\/\/secure.gravatar.com\/avatar\/c0882a218c936889972a11c796e8ed91e0aff99b92af7212c04f740da3928233?s=96&d=mm&r=g","url":"https:\/\/secure.gravatar.com\/avatar\/c0882a218c936889972a11c796e8ed91e0aff99b92af7212c04f740da3928233?s=96&d=mm&r=g","contentUrl":"https:\/\/secure.gravatar.com\/avatar\/c0882a218c936889972a11c796e8ed91e0aff99b92af7212c04f740da3928233?s=96&d=mm&r=g","caption":"Catoi Daniel"},"url":"https:\/\/www.societateamuzicala.ro\/societateaculturala\/author\/daniel"}]}},"_links":{"self":[{"href":"https:\/\/www.societateamuzicala.ro\/societateaculturala\/wp-json\/wp\/v2\/posts\/32103","targetHints":{"allow":["GET"]}}],"collection":[{"href":"https:\/\/www.societateamuzicala.ro\/societateaculturala\/wp-json\/wp\/v2\/posts"}],"about":[{"href":"https:\/\/www.societateamuzicala.ro\/societateaculturala\/wp-json\/wp\/v2\/types\/post"}],"author":[{"embeddable":true,"href":"https:\/\/www.societateamuzicala.ro\/societateaculturala\/wp-json\/wp\/v2\/users\/22"}],"replies":[{"embeddable":true,"href":"https:\/\/www.societateamuzicala.ro\/societateaculturala\/wp-json\/wp\/v2\/comments?post=32103"}],"version-history":[{"count":0,"href":"https:\/\/www.societateamuzicala.ro\/societateaculturala\/wp-json\/wp\/v2\/posts\/32103\/revisions"}],"wp:attachment":[{"href":"https:\/\/www.societateamuzicala.ro\/societateaculturala\/wp-json\/wp\/v2\/media?parent=32103"}],"wp:term":[{"taxonomy":"category","embeddable":true,"href":"https:\/\/www.societateamuzicala.ro\/societateaculturala\/wp-json\/wp\/v2\/categories?post=32103"},{"taxonomy":"post_tag","embeddable":true,"href":"https:\/\/www.societateamuzicala.ro\/societateaculturala\/wp-json\/wp\/v2\/tags?post=32103"}],"curies":[{"name":"wp","href":"https:\/\/api.w.org\/{rel}","templated":true}]}}