{"id":32065,"date":"2020-09-11T08:42:29","date_gmt":"2020-09-11T08:42:29","guid":{"rendered":"https:\/\/www.societateamuzicala.ro\/societateaculturala\/?p=32065"},"modified":"2020-09-11T08:43:30","modified_gmt":"2020-09-11T08:43:30","slug":"festivalul-filmului-francez-pe-marile-ecrane","status":"publish","type":"post","link":"https:\/\/www.societateamuzicala.ro\/societateaculturala\/festivalul-filmului-francez-pe-marile-ecrane","title":{"rendered":"Festivalul Filmului Francez pe marile ecrane"},"content":{"rendered":"<p><strong>Festivalul Filmului Francez pe marile ecrane <\/strong><strong>din 11 ora\u0219e din Rom\u00e2nia<\/strong><\/p>\n<p>Cea de-a 24-a edi\u0163ie a Festivalului Filmului Francez vine cu surprize \u00een 11 ora\u015fe din Rom\u00e2nia \u0219i va avea loc pe marile ecrane, at\u00e2t \u00een interior, c\u00e2t \u0219i \u00een aer liber, \u00een perioada 23 septembrie &#8211; 4 octombrie! \u00cen urma noilor reglement\u0103ri care permit redeschiderea s\u0103lilor de cinema, Institutul Francez anun\u021b\u0103 c\u0103 se al\u0103tur\u0103\u00a0\u00a0 \u00eenc\u0103 3 ora\u0219e la lista comunicat\u0103 la \u00eenceputul lunii: Bucure\u0219ti, Cluj-Napoca, Timi\u015foara, Ia\u015fi, Arad, Bra\u015fov, Br\u0103ila, Constan\u0163a, Sf\u00e2ntu Gheorghe, Sibiu \u0219i Suceava. \u00cen contextul actual, organizatorii pun accentul pe respectarea strict\u0103 a regulilor sanitare, pentru siguran\u021ba tuturor.<\/p>\n<p>Festivalul se desf\u0103\u0219oar\u0103 sub deviza &#8222;Le film fran\u00e7ais au feminin&#8221;\/ &#8222;Filmul francez la feminin&#8221; \u0219i propune publicului o selec\u021bie de filme cu totul special\u0103, pun\u00e2nd \u00een valoare crea\u0163ia feminin\u0103 din cinematografia francez\u0103 \u2013 actri\u021be \u0219i regizoare consacrate sau debutante, personaje feminine remarcabile.<\/p>\n<p>\u00cen sec\u021biunea <strong>Panorama <\/strong>ve\u021bi putea descoperi \u00een premier\u0103 \u00een Rom\u00e2nia ultimul film cu celebra actri\u021b\u0103 Eva Green, PROXIMA, o poveste impresionant\u0103 despre dep\u0103\u0219irea propriilor limite, dar \u0219i a canoanelor sociale. Filmul a debutat \u00een Festivalurile de la Toronto, San Sebastian \u0219i Rotterdam. Tot \u00een categoria filmelor majore ale anului vor fi prezentate PORTRAIT DE LA JEUNE FILLE EN FEU de C\u00e9line Sciamma, premiat pentru cel mai bun scenariu la Cannes 2019, un film de epoc\u0103 despre o dragoste interzis\u0103 \u0219i LA BONNE \u00c9POUSE, de Martin Provost, o comedie spumoas\u0103 despre stereotipurile unei alte epoci, cea a anilor \u201860, cu un trio imbatabil de actri\u021be: Juliette Binoche, Yolande Moreau \u0219i No\u00e9mie Lvovsky.<\/p>\n<p>Dou\u0103 dintre filmele din sec\u021biunea <strong>Cahiers du Cin<\/strong><strong>\u00e9<\/strong><strong>ma: vive les insoumuses <\/strong>! pun, de asemenea, \u00een lumina reflectoarelor importan\u021ba revolu\u021biei din 1968 pentru istoria emancip\u0103rii feminine. Filmul clasic LA FIANC\u00c9E DU PIRATE de Nelly Kaplan, lansat \u00een 1969, o readuce pe ecrane pe marea actri\u021b\u0103 Bernadette Lafont \u00eentr-unul dintre rolurile marcante ale lungii sale cariere, iar documentarul DELPHINE ET CAROLE ne transpune \u00een miezul feminismului anilor \u201970, al\u0103turi de actri\u021ba francez\u0103 Delphine Seyrig \u0219i de cineasta elve\u021bian\u0103 Carole Roussopoulos, care lupt\u0103, cu camera de filmat pe um\u0103r, pentru ca femeile s\u0103 aib\u0103 dreptul la propriul punct de vedere artistic. La \u00eenceputul secolului trecut, \u00een anii 1900, aceea\u0219i lupt\u0103 era purtat\u0103 \u2013 cu mijloace de filmare diferite \u2013 de Alice Guy, prima realizatoare de film din istorie, ale c\u0103rei scurtmetraje vor fi prezentate \u00een premier\u0103 \u00een cadrul festivalului.<\/p>\n<p>\u00cen sec\u021biunea <strong>Focus Tinere Talente<\/strong> nu rata\u021bi ALICE ET LE MAIRE de Nicolas Parizer, care trateaz\u0103 chiar tema alegerilor locale \u0219i pentru care Anais Demoustier a fost recompensat\u0103 cu <em>C<\/em><em>\u00e9<\/em><em>sar pentru cea mai bun\u0103 actri\u021b\u0103<\/em>, dar \u0219i alte filme de debut care s-au bucurat de succes \u00een r\u00e2ndul criticilor de cinema \u0219i al publicului francez, ca UN DIVAN \u00c0 TUNIS cu Golshifteh Farahani sau TU M\u00c9RITES UN AMOUR, \u00een care Hafsia Herzi este actri\u021b\u0103 principal\u0103, regizoare \u0219i scenarist\u0103. Nu \u00een ultimul r\u00e2nd, Festivalul aduce un omagiu marii realizatoare Agn\u00e8s Varda, care ne-a p\u0103r\u0103sit \u00een 2019, prin proiec\u021bia ultimului s\u0103u film, VARDA PAR AGN\u00c8S.<\/p>\n<p>Pentru a afla toate detaliile despre selec\u021bia de filme, consulta\u021bi bro\u0219ura festivalului: \u00a0<a href=\"http:\/\/bit.ly\/BrosuraFFF\">http:\/\/bit.ly\/BrosuraFFF<\/a><\/p>\n<p>Programul proiec\u021biilor \u00een fiecare ora\u0219 este disponibil aici: <a href=\"http:\/\/bit.ly\/ProgramFFF\">http:\/\/bit.ly\/ProgramFFF<\/a><\/p>\n<p>Spotul de prezentare: <a href=\"http:\/\/bit.ly\/SpotFFF\">http:\/\/bit.ly\/SpotFFF<\/a><\/p>\n<p>Toate filmele sunt \u00een francez\u0103, subtitrate \u00een limba rom\u00e2n\u0103.<\/p>\n<p>La Bucure\u0219ti, proiec\u021biile vor avea loc at\u00e2t \u00een sala de cinema Elvire Popesco c\u00e2t \u0219i \u00een aer liber, \u00een curtea Institutului Francez \u0219i \u00een spa\u021biul Cinema Sub Clar De Lun\u0103, o curte ampl\u0103, al\u0103turat\u0103 Casei Florescu-Manu de pe Calea Victoriei 192A.<\/p>\n<p>\u201eCinema Sub Clar De Lun\u0103\u201d\u00a0este un proiect al Asocia\u021biei Festivalul de Film Transilvania (AFFT), c\u0103reia Institutul Francez din Rom\u00e2nia \u00eei mul\u021bume\u0219te pentru g\u0103zduirea unor proiec\u021bii din cadrul Festivalului Filmului Francez 2020.<\/p>\n<p>Biletele sunt deja disponibile pe Eventbook, <a href=\"https:\/\/eventbook.ro\/festival\/festivalul-filmului-francez\">https:\/\/eventbook.ro\/festival\/festivalul-filmului-francez<\/a> \u0219i la casa de bilete a Cinema Elvire Popesco.<\/p>\n<p>Regulile sanitare pentru proiec\u021biile \u00een aer liber, dar \u0219i \u00een interiorul s\u0103lilor, pot fi consultate aici: www.elvirepopesco.ro<\/p>\n<p><strong>LISTA ORA\u0218ELOR \u0218I LOCUL PROIEC\u021aIILOR<\/strong><\/p>\n<ul>\n<li><strong>BUCURE\u0218TI<\/strong><\/li>\n<\/ul>\n<p>23 SEPTEMBRIE \u2013 2 OCTOMBRIE<\/p>\n<p>Proiec\u021bii\u00a0 \u00een interior \u015fi \u00een exterior: CINEMA ELVIRE POPESCO, Bd. Dacia nr. 77 &amp; CINEMA SUB CLAR DE LUN\u0102, Calea Victoriei 192A<\/p>\n<ul>\n<li><strong>CLUJ-NAPOCA <\/strong><\/li>\n<\/ul>\n<p>24 \u2013 27 SEPTEMBRIE<\/p>\n<p>Proiec\u021bii\u00a0 \u00een interior: CINEMA VICTORIA, Bd. Eroilor nr. 51<\/p>\n<ul>\n<li><strong>IA\u0218I<\/strong><\/li>\n<\/ul>\n<p>23 \u2013 27 SEPTEMBRIE<\/p>\n<p>Proiec\u021bii\u00a0 \u00een exterior: GR\u0102DINA INSTITUTULUI FRANCEZ, Bd. Carol I nr. 26<\/p>\n<ul>\n<li><strong>TIMI\u0218OARA<\/strong><\/li>\n<\/ul>\n<p>1 \u2013 4 OCTOMBRIE<\/p>\n<p>Proiec\u021bii\u00a0 \u00een exterior: FABER, Splaiul Pene\u0219 Curcanul nr. 4-5<\/p>\n<ul>\n<li><strong>ARAD<\/strong><\/li>\n<\/ul>\n<p>1 \u2013 4 OCTOMBRIE<\/p>\n<p>Proiec\u021bii\u00a0 \u00een interior: CINEMA ARTA, Str. Vasile Alecsandri nr. 2<\/p>\n<ul>\n<li><strong>BRA\u0218OV<\/strong><\/li>\n<\/ul>\n<p>24 \u2013 27 SEPTEMBRIE<\/p>\n<p>Proiec\u021bii\u00a0 \u00een interior: CINEMA ONE, Str. Zaharia Stancu nr. 1, Centrul comercial Coresi<\/p>\n<ul>\n<li><strong>BR\u0102ILA<\/strong><\/li>\n<\/ul>\n<p>29 SEPTEMBRIE \u2013 2 OCTOMBRIE<\/p>\n<p>Proiec\u021bii\u00a0 \u00een exterior: SUNRISE MARINA BISTRO, Str. Danubiu nr 20C<\/p>\n<ul>\n<li><strong>CONSTAN\u0162A\u00a0<\/strong><\/li>\n<\/ul>\n<p>1 \u2013 4 OCTOMBRIE<\/p>\n<p>Proiec\u021bii\u00a0 \u00een interior: CINEMA JEAN CONSTANTIN, Bd. Ferdinand nr. 56<\/p>\n<ul>\n<li><strong>SF\u00c2NTU GHEORGHE\u00a0<\/strong><\/li>\n<\/ul>\n<p>1 \u2013 4 OCTOMBRIE<\/p>\n<p>Proiec\u021bii\u00a0 \u00een interior: CINEMA ARTA BY CITYPLEX, Str. K\u0151r\u00f6si Csoma S\u00e1ndor nr. 10<\/p>\n<ul>\n<li><strong>SIBIU\u00a0<\/strong><\/li>\n<\/ul>\n<p>3 \u2013 4 OCTOMBRIE<\/p>\n<p>Proiec\u021bii \u00een interior: HABITUS, Pia\u021ba Mic\u0103 nr. 4<\/p>\n<ul>\n<li><strong>SUCEAVA<\/strong><\/li>\n<\/ul>\n<p>30 SEPTEMBRIE \u2013 4 OCTOMBRIE<\/p>\n<p>Proiec\u021bii \u00een interior: UNIVERSITATEA \u015eTEFAN CEL MARE SUCEAVA, Auditorium Joseph Schmidt, Str. Universit\u0103\u0163ii nr. 13<\/p>\n<p>&nbsp;<\/p>\n<p>Organizat de: INSTITUTUL FRANCEZ DIN ROM\u00c2NIA<br \/>\n(Bucure\u0219ti, Cluj-Napoca, Ia\u0219i, Timi\u0219oara)<\/p>\n<p>Co-organizatori: Cinema Victoria, Centrul Municipal de Cultur\u0103 Arad, Alian\u021ba Francez\u0103 Bra\u0219ov, Cinema One, Cinefeel Br\u0103ila, Alian\u021ba Francez\u0103 Constan\u021ba, Centrul Multifunc\u021bional Educativ pentru Tineret \u201eJean Constantin\u201d, Arta by Cityplex, Teatrul Na\u021bional Radu Stanca Sibiu, Universitatea \u015etefan cel Mare Suceava<\/p>\n<p>Prezentat de: ORANGE*<\/p>\n<p>Parteneri: FUNDATIA GROUPE RENAULT*, GROUPAMA ASIGUR\u0102RI, CARREFOUR<\/p>\n<p>Parteneri media: TV5MONDE, RFI Rom\u00e2nia, Observator Cultural, Radio Guerrilla, Radio Rom\u00e2nia Cultural, Radio Rom\u00e2nia Interna\u021bional, Phoenix Media, LiterNet, Ziarul Metropolis, IQads, Literomania<\/p>\n<p>Cu sprijinul: Cahiers du Cin\u00e9ma, Asocia\u021bia Rom\u00e2n\u0103 a Femeilor \u00een Cinema (ARFC), TOUD<\/p>\n<p>Proiect labelizat \u00een cadrul anivers\u0103rii a 50 de ani de francofonie institu\u021bional\u0103 \u00a0\u2013 \u00ab Le 50e anniversaire de la Francophonie \u00bb<\/p>\n<p>*Parteneri strategici ai Institutului Francez din Rom\u00e2nia<\/p>\n<p><a href=\"https:\/\/www.societateamuzicala.ro\/societateaculturala\/wp-content\/uploads\/2020\/09\/Afis-national-Festivalul-Filmului-Francez-2020.jpg\"><img loading=\"lazy\" decoding=\"async\" class=\"no-border alignnone wp-image-32066\" src=\"https:\/\/www.societateamuzicala.ro\/societateaculturala\/wp-content\/uploads\/2020\/09\/Afis-national-Festivalul-Filmului-Francez-2020-212x300.jpg\" alt=\"Festivalul Filmului Francez 2020\" width=\"525\" height=\"743\" srcset=\"https:\/\/www.societateamuzicala.ro\/societateaculturala\/wp-content\/uploads\/2020\/09\/Afis-national-Festivalul-Filmului-Francez-2020-212x300.jpg 212w, https:\/\/www.societateamuzicala.ro\/societateaculturala\/wp-content\/uploads\/2020\/09\/Afis-national-Festivalul-Filmului-Francez-2020.jpg 724w\" sizes=\"auto, (max-width: 525px) 100vw, 525px\" \/><\/a><\/p>\n","protected":false},"excerpt":{"rendered":"<p>Festivalul Filmului Francez pe marile ecrane din 11 ora\u0219e din Rom\u00e2nia Cea de-a 24-a edi\u0163ie a Festivalului Filmului Francez vine cu surprize \u00een 11 ora\u015fe din Rom\u00e2nia \u0219i va avea loc pe marile ecrane, at\u00e2t \u00een interior, c\u00e2t \u0219i \u00een aer liber, \u00een perioada 23 septembrie &#8211; 4 octombrie! \u00cen urma noilor reglement\u0103ri care permit [&hellip;]<\/p>\n","protected":false},"author":22,"featured_media":0,"comment_status":"open","ping_status":"open","sticky":false,"template":"","format":"standard","meta":{"_acf_changed":false,"footnotes":""},"categories":[68],"tags":[1393,1820,191,200,4567,6322,6330,274,197,201,273],"class_list":["post-32065","post","type-post","status-publish","format-standard","hentry","category-evenimente-si-stiri","tag-arte-plastice","tag-cinema","tag-concerte","tag-concerte-muzica-clasica","tag-cultura","tag-evenimente-culturale","tag-expozitii","tag-film","tag-muzica-clasica","tag-muzica-clasica-romania","tag-teatru"],"acf":{"cc_filter":[],"poza_fixa":"https:\/\/www.societateamuzicala.ro\/societateaculturala\/wp-content\/uploads\/2020\/09\/Afis-national-Festivalul-Filmului-Francez-2020.jpg","url_poza_fixa":"","oras":"","sector":"","zona":"","in_strainatate":false,"pian":false,"orga":false,"data1":1599824434,"data2":"","afiseaza_data_post":false,"acf_sala":"","centru_cultural":"","articole_parinte":"","articole_relationate":"","coordonate":false,"tab1_nume":"Despre","tab3":false,"tab5":false,"tab4":false},"yoast_head":"<!-- This site is optimized with the Yoast SEO plugin v27.4 - https:\/\/yoast.com\/product\/yoast-seo-wordpress\/ -->\n<title>Festivalul Filmului Francez pe marile ecrane - Societatea Culturala<\/title>\n<meta name=\"robots\" content=\"index, follow, max-snippet:-1, max-image-preview:large, max-video-preview:-1\" \/>\n<link rel=\"canonical\" href=\"https:\/\/www.societateamuzicala.ro\/societateaculturala\/festivalul-filmului-francez-pe-marile-ecrane\" \/>\n<meta property=\"og:locale\" content=\"ro_RO\" \/>\n<meta property=\"og:type\" content=\"article\" \/>\n<meta property=\"og:title\" content=\"Festivalul Filmului Francez pe marile ecrane - Societatea Culturala\" \/>\n<meta property=\"og:description\" content=\"Festivalul Filmului Francez pe marile ecrane din 11 ora\u0219e din Rom\u00e2nia Cea de-a 24-a edi\u0163ie a Festivalului Filmului Francez vine cu surprize \u00een 11 ora\u015fe din Rom\u00e2nia \u0219i va avea loc pe marile ecrane, at\u00e2t \u00een interior, c\u00e2t \u0219i \u00een aer liber, \u00een perioada 23 septembrie &#8211; 4 octombrie! \u00cen urma noilor reglement\u0103ri care permit [&hellip;]\" \/>\n<meta property=\"og:url\" content=\"https:\/\/www.societateamuzicala.ro\/societateaculturala\/festivalul-filmului-francez-pe-marile-ecrane\" \/>\n<meta property=\"og:site_name\" content=\"Societatea Culturala\" \/>\n<meta property=\"article:published_time\" content=\"2020-09-11T08:42:29+00:00\" \/>\n<meta property=\"article:modified_time\" content=\"2020-09-11T08:43:30+00:00\" \/>\n<meta property=\"og:image\" content=\"https:\/\/www.societateamuzicala.ro\/societateaculturala\/wp-content\/uploads\/2020\/09\/Afis-national-Festivalul-Filmului-Francez-2020.jpg\" \/>\n\t<meta property=\"og:image:width\" content=\"724\" \/>\n\t<meta property=\"og:image:height\" content=\"1024\" \/>\n\t<meta property=\"og:image:type\" content=\"image\/jpeg\" \/>\n<meta name=\"author\" content=\"Catoi Daniel\" \/>\n<meta name=\"twitter:card\" content=\"summary_large_image\" \/>\n<meta name=\"twitter:label1\" content=\"Scris de\" \/>\n\t<meta name=\"twitter:data1\" content=\"Catoi Daniel\" \/>\n\t<meta name=\"twitter:label2\" content=\"Timp estimat pentru citire\" \/>\n\t<meta name=\"twitter:data2\" content=\"5 minute\" \/>\n<script type=\"application\/ld+json\" class=\"yoast-schema-graph\">{\"@context\":\"https:\\\/\\\/schema.org\",\"@graph\":[{\"@type\":\"Article\",\"@id\":\"https:\\\/\\\/www.societateamuzicala.ro\\\/societateaculturala\\\/festivalul-filmului-francez-pe-marile-ecrane#article\",\"isPartOf\":{\"@id\":\"https:\\\/\\\/www.societateamuzicala.ro\\\/societateaculturala\\\/festivalul-filmului-francez-pe-marile-ecrane\"},\"author\":{\"name\":\"Catoi Daniel\",\"@id\":\"https:\\\/\\\/www.societateamuzicala.ro\\\/societateaculturala\\\/#\\\/schema\\\/person\\\/0608b1774a3787abb7ff1d5e8d1b84eb\"},\"headline\":\"Festivalul Filmului Francez pe marile ecrane\",\"datePublished\":\"2020-09-11T08:42:29+00:00\",\"dateModified\":\"2020-09-11T08:43:30+00:00\",\"mainEntityOfPage\":{\"@id\":\"https:\\\/\\\/www.societateamuzicala.ro\\\/societateaculturala\\\/festivalul-filmului-francez-pe-marile-ecrane\"},\"wordCount\":1034,\"commentCount\":0,\"image\":{\"@id\":\"https:\\\/\\\/www.societateamuzicala.ro\\\/societateaculturala\\\/festivalul-filmului-francez-pe-marile-ecrane#primaryimage\"},\"thumbnailUrl\":\"https:\\\/\\\/www.societateamuzicala.ro\\\/societateaculturala\\\/wp-content\\\/uploads\\\/2020\\\/09\\\/Afis-national-Festivalul-Filmului-Francez-2020-212x300.jpg\",\"keywords\":[\"arte plastice\",\"cinema\",\"concerte\",\"concerte muzica clasica\",\"Cultura\",\"evenimente culturale\",\"expozitii\",\"film\",\"muzica clasica\",\"muzica clasica romania\",\"teatru\"],\"articleSection\":[\"Evenimente si stiri\"],\"inLanguage\":\"ro-RO\",\"potentialAction\":[{\"@type\":\"CommentAction\",\"name\":\"Comment\",\"target\":[\"https:\\\/\\\/www.societateamuzicala.ro\\\/societateaculturala\\\/festivalul-filmului-francez-pe-marile-ecrane#respond\"]}]},{\"@type\":\"WebPage\",\"@id\":\"https:\\\/\\\/www.societateamuzicala.ro\\\/societateaculturala\\\/festivalul-filmului-francez-pe-marile-ecrane\",\"url\":\"https:\\\/\\\/www.societateamuzicala.ro\\\/societateaculturala\\\/festivalul-filmului-francez-pe-marile-ecrane\",\"name\":\"Festivalul Filmului Francez pe marile ecrane - Societatea Culturala\",\"isPartOf\":{\"@id\":\"https:\\\/\\\/www.societateamuzicala.ro\\\/societateaculturala\\\/#website\"},\"primaryImageOfPage\":{\"@id\":\"https:\\\/\\\/www.societateamuzicala.ro\\\/societateaculturala\\\/festivalul-filmului-francez-pe-marile-ecrane#primaryimage\"},\"image\":{\"@id\":\"https:\\\/\\\/www.societateamuzicala.ro\\\/societateaculturala\\\/festivalul-filmului-francez-pe-marile-ecrane#primaryimage\"},\"thumbnailUrl\":\"https:\\\/\\\/www.societateamuzicala.ro\\\/societateaculturala\\\/wp-content\\\/uploads\\\/2020\\\/09\\\/Afis-national-Festivalul-Filmului-Francez-2020-212x300.jpg\",\"datePublished\":\"2020-09-11T08:42:29+00:00\",\"dateModified\":\"2020-09-11T08:43:30+00:00\",\"author\":{\"@id\":\"https:\\\/\\\/www.societateamuzicala.ro\\\/societateaculturala\\\/#\\\/schema\\\/person\\\/0608b1774a3787abb7ff1d5e8d1b84eb\"},\"breadcrumb\":{\"@id\":\"https:\\\/\\\/www.societateamuzicala.ro\\\/societateaculturala\\\/festivalul-filmului-francez-pe-marile-ecrane#breadcrumb\"},\"inLanguage\":\"ro-RO\",\"potentialAction\":[{\"@type\":\"ReadAction\",\"target\":[\"https:\\\/\\\/www.societateamuzicala.ro\\\/societateaculturala\\\/festivalul-filmului-francez-pe-marile-ecrane\"]}]},{\"@type\":\"ImageObject\",\"inLanguage\":\"ro-RO\",\"@id\":\"https:\\\/\\\/www.societateamuzicala.ro\\\/societateaculturala\\\/festivalul-filmului-francez-pe-marile-ecrane#primaryimage\",\"url\":\"https:\\\/\\\/www.societateamuzicala.ro\\\/societateaculturala\\\/wp-content\\\/uploads\\\/2020\\\/09\\\/Afis-national-Festivalul-Filmului-Francez-2020.jpg\",\"contentUrl\":\"https:\\\/\\\/www.societateamuzicala.ro\\\/societateaculturala\\\/wp-content\\\/uploads\\\/2020\\\/09\\\/Afis-national-Festivalul-Filmului-Francez-2020.jpg\",\"width\":724,\"height\":1024,\"caption\":\"\"},{\"@type\":\"BreadcrumbList\",\"@id\":\"https:\\\/\\\/www.societateamuzicala.ro\\\/societateaculturala\\\/festivalul-filmului-francez-pe-marile-ecrane#breadcrumb\",\"itemListElement\":[{\"@type\":\"ListItem\",\"position\":1,\"name\":\"Acas\u0103\",\"item\":\"https:\\\/\\\/www.societateamuzicala.ro\\\/societateaculturala\"},{\"@type\":\"ListItem\",\"position\":2,\"name\":\"Festivalul Filmului Francez pe marile ecrane\"}]},{\"@type\":\"WebSite\",\"@id\":\"https:\\\/\\\/www.societateamuzicala.ro\\\/societateaculturala\\\/#website\",\"url\":\"https:\\\/\\\/www.societateamuzicala.ro\\\/societateaculturala\\\/\",\"name\":\"Societatea Culturala\",\"description\":\"Platforma de marketing si informatii culturale\",\"potentialAction\":[{\"@type\":\"SearchAction\",\"target\":{\"@type\":\"EntryPoint\",\"urlTemplate\":\"https:\\\/\\\/www.societateamuzicala.ro\\\/societateaculturala\\\/?s={search_term_string}\"},\"query-input\":{\"@type\":\"PropertyValueSpecification\",\"valueRequired\":true,\"valueName\":\"search_term_string\"}}],\"inLanguage\":\"ro-RO\"},{\"@type\":\"Person\",\"@id\":\"https:\\\/\\\/www.societateamuzicala.ro\\\/societateaculturala\\\/#\\\/schema\\\/person\\\/0608b1774a3787abb7ff1d5e8d1b84eb\",\"name\":\"Catoi Daniel\",\"image\":{\"@type\":\"ImageObject\",\"inLanguage\":\"ro-RO\",\"@id\":\"https:\\\/\\\/secure.gravatar.com\\\/avatar\\\/c0882a218c936889972a11c796e8ed91e0aff99b92af7212c04f740da3928233?s=96&d=mm&r=g\",\"url\":\"https:\\\/\\\/secure.gravatar.com\\\/avatar\\\/c0882a218c936889972a11c796e8ed91e0aff99b92af7212c04f740da3928233?s=96&d=mm&r=g\",\"contentUrl\":\"https:\\\/\\\/secure.gravatar.com\\\/avatar\\\/c0882a218c936889972a11c796e8ed91e0aff99b92af7212c04f740da3928233?s=96&d=mm&r=g\",\"caption\":\"Catoi Daniel\"},\"url\":\"https:\\\/\\\/www.societateamuzicala.ro\\\/societateaculturala\\\/author\\\/daniel\"}]}<\/script>\n<!-- \/ Yoast SEO plugin. -->","yoast_head_json":{"title":"Festivalul Filmului Francez pe marile ecrane - Societatea Culturala","robots":{"index":"index","follow":"follow","max-snippet":"max-snippet:-1","max-image-preview":"max-image-preview:large","max-video-preview":"max-video-preview:-1"},"canonical":"https:\/\/www.societateamuzicala.ro\/societateaculturala\/festivalul-filmului-francez-pe-marile-ecrane","og_locale":"ro_RO","og_type":"article","og_title":"Festivalul Filmului Francez pe marile ecrane - Societatea Culturala","og_description":"Festivalul Filmului Francez pe marile ecrane din 11 ora\u0219e din Rom\u00e2nia Cea de-a 24-a edi\u0163ie a Festivalului Filmului Francez vine cu surprize \u00een 11 ora\u015fe din Rom\u00e2nia \u0219i va avea loc pe marile ecrane, at\u00e2t \u00een interior, c\u00e2t \u0219i \u00een aer liber, \u00een perioada 23 septembrie &#8211; 4 octombrie! \u00cen urma noilor reglement\u0103ri care permit [&hellip;]","og_url":"https:\/\/www.societateamuzicala.ro\/societateaculturala\/festivalul-filmului-francez-pe-marile-ecrane","og_site_name":"Societatea Culturala","article_published_time":"2020-09-11T08:42:29+00:00","article_modified_time":"2020-09-11T08:43:30+00:00","og_image":[{"width":724,"height":1024,"url":"https:\/\/www.societateamuzicala.ro\/societateaculturala\/wp-content\/uploads\/2020\/09\/Afis-national-Festivalul-Filmului-Francez-2020.jpg","type":"image\/jpeg"}],"author":"Catoi Daniel","twitter_card":"summary_large_image","twitter_misc":{"Scris de":"Catoi Daniel","Timp estimat pentru citire":"5 minute"},"schema":{"@context":"https:\/\/schema.org","@graph":[{"@type":"Article","@id":"https:\/\/www.societateamuzicala.ro\/societateaculturala\/festivalul-filmului-francez-pe-marile-ecrane#article","isPartOf":{"@id":"https:\/\/www.societateamuzicala.ro\/societateaculturala\/festivalul-filmului-francez-pe-marile-ecrane"},"author":{"name":"Catoi Daniel","@id":"https:\/\/www.societateamuzicala.ro\/societateaculturala\/#\/schema\/person\/0608b1774a3787abb7ff1d5e8d1b84eb"},"headline":"Festivalul Filmului Francez pe marile ecrane","datePublished":"2020-09-11T08:42:29+00:00","dateModified":"2020-09-11T08:43:30+00:00","mainEntityOfPage":{"@id":"https:\/\/www.societateamuzicala.ro\/societateaculturala\/festivalul-filmului-francez-pe-marile-ecrane"},"wordCount":1034,"commentCount":0,"image":{"@id":"https:\/\/www.societateamuzicala.ro\/societateaculturala\/festivalul-filmului-francez-pe-marile-ecrane#primaryimage"},"thumbnailUrl":"https:\/\/www.societateamuzicala.ro\/societateaculturala\/wp-content\/uploads\/2020\/09\/Afis-national-Festivalul-Filmului-Francez-2020-212x300.jpg","keywords":["arte plastice","cinema","concerte","concerte muzica clasica","Cultura","evenimente culturale","expozitii","film","muzica clasica","muzica clasica romania","teatru"],"articleSection":["Evenimente si stiri"],"inLanguage":"ro-RO","potentialAction":[{"@type":"CommentAction","name":"Comment","target":["https:\/\/www.societateamuzicala.ro\/societateaculturala\/festivalul-filmului-francez-pe-marile-ecrane#respond"]}]},{"@type":"WebPage","@id":"https:\/\/www.societateamuzicala.ro\/societateaculturala\/festivalul-filmului-francez-pe-marile-ecrane","url":"https:\/\/www.societateamuzicala.ro\/societateaculturala\/festivalul-filmului-francez-pe-marile-ecrane","name":"Festivalul Filmului Francez pe marile ecrane - Societatea Culturala","isPartOf":{"@id":"https:\/\/www.societateamuzicala.ro\/societateaculturala\/#website"},"primaryImageOfPage":{"@id":"https:\/\/www.societateamuzicala.ro\/societateaculturala\/festivalul-filmului-francez-pe-marile-ecrane#primaryimage"},"image":{"@id":"https:\/\/www.societateamuzicala.ro\/societateaculturala\/festivalul-filmului-francez-pe-marile-ecrane#primaryimage"},"thumbnailUrl":"https:\/\/www.societateamuzicala.ro\/societateaculturala\/wp-content\/uploads\/2020\/09\/Afis-national-Festivalul-Filmului-Francez-2020-212x300.jpg","datePublished":"2020-09-11T08:42:29+00:00","dateModified":"2020-09-11T08:43:30+00:00","author":{"@id":"https:\/\/www.societateamuzicala.ro\/societateaculturala\/#\/schema\/person\/0608b1774a3787abb7ff1d5e8d1b84eb"},"breadcrumb":{"@id":"https:\/\/www.societateamuzicala.ro\/societateaculturala\/festivalul-filmului-francez-pe-marile-ecrane#breadcrumb"},"inLanguage":"ro-RO","potentialAction":[{"@type":"ReadAction","target":["https:\/\/www.societateamuzicala.ro\/societateaculturala\/festivalul-filmului-francez-pe-marile-ecrane"]}]},{"@type":"ImageObject","inLanguage":"ro-RO","@id":"https:\/\/www.societateamuzicala.ro\/societateaculturala\/festivalul-filmului-francez-pe-marile-ecrane#primaryimage","url":"https:\/\/www.societateamuzicala.ro\/societateaculturala\/wp-content\/uploads\/2020\/09\/Afis-national-Festivalul-Filmului-Francez-2020.jpg","contentUrl":"https:\/\/www.societateamuzicala.ro\/societateaculturala\/wp-content\/uploads\/2020\/09\/Afis-national-Festivalul-Filmului-Francez-2020.jpg","width":724,"height":1024,"caption":""},{"@type":"BreadcrumbList","@id":"https:\/\/www.societateamuzicala.ro\/societateaculturala\/festivalul-filmului-francez-pe-marile-ecrane#breadcrumb","itemListElement":[{"@type":"ListItem","position":1,"name":"Acas\u0103","item":"https:\/\/www.societateamuzicala.ro\/societateaculturala"},{"@type":"ListItem","position":2,"name":"Festivalul Filmului Francez pe marile ecrane"}]},{"@type":"WebSite","@id":"https:\/\/www.societateamuzicala.ro\/societateaculturala\/#website","url":"https:\/\/www.societateamuzicala.ro\/societateaculturala\/","name":"Societatea Culturala","description":"Platforma de marketing si informatii culturale","potentialAction":[{"@type":"SearchAction","target":{"@type":"EntryPoint","urlTemplate":"https:\/\/www.societateamuzicala.ro\/societateaculturala\/?s={search_term_string}"},"query-input":{"@type":"PropertyValueSpecification","valueRequired":true,"valueName":"search_term_string"}}],"inLanguage":"ro-RO"},{"@type":"Person","@id":"https:\/\/www.societateamuzicala.ro\/societateaculturala\/#\/schema\/person\/0608b1774a3787abb7ff1d5e8d1b84eb","name":"Catoi Daniel","image":{"@type":"ImageObject","inLanguage":"ro-RO","@id":"https:\/\/secure.gravatar.com\/avatar\/c0882a218c936889972a11c796e8ed91e0aff99b92af7212c04f740da3928233?s=96&d=mm&r=g","url":"https:\/\/secure.gravatar.com\/avatar\/c0882a218c936889972a11c796e8ed91e0aff99b92af7212c04f740da3928233?s=96&d=mm&r=g","contentUrl":"https:\/\/secure.gravatar.com\/avatar\/c0882a218c936889972a11c796e8ed91e0aff99b92af7212c04f740da3928233?s=96&d=mm&r=g","caption":"Catoi Daniel"},"url":"https:\/\/www.societateamuzicala.ro\/societateaculturala\/author\/daniel"}]}},"_links":{"self":[{"href":"https:\/\/www.societateamuzicala.ro\/societateaculturala\/wp-json\/wp\/v2\/posts\/32065","targetHints":{"allow":["GET"]}}],"collection":[{"href":"https:\/\/www.societateamuzicala.ro\/societateaculturala\/wp-json\/wp\/v2\/posts"}],"about":[{"href":"https:\/\/www.societateamuzicala.ro\/societateaculturala\/wp-json\/wp\/v2\/types\/post"}],"author":[{"embeddable":true,"href":"https:\/\/www.societateamuzicala.ro\/societateaculturala\/wp-json\/wp\/v2\/users\/22"}],"replies":[{"embeddable":true,"href":"https:\/\/www.societateamuzicala.ro\/societateaculturala\/wp-json\/wp\/v2\/comments?post=32065"}],"version-history":[{"count":0,"href":"https:\/\/www.societateamuzicala.ro\/societateaculturala\/wp-json\/wp\/v2\/posts\/32065\/revisions"}],"wp:attachment":[{"href":"https:\/\/www.societateamuzicala.ro\/societateaculturala\/wp-json\/wp\/v2\/media?parent=32065"}],"wp:term":[{"taxonomy":"category","embeddable":true,"href":"https:\/\/www.societateamuzicala.ro\/societateaculturala\/wp-json\/wp\/v2\/categories?post=32065"},{"taxonomy":"post_tag","embeddable":true,"href":"https:\/\/www.societateamuzicala.ro\/societateaculturala\/wp-json\/wp\/v2\/tags?post=32065"}],"curies":[{"name":"wp","href":"https:\/\/api.w.org\/{rel}","templated":true}]}}