{"id":32031,"date":"2020-07-10T08:38:53","date_gmt":"2020-07-10T08:38:53","guid":{"rendered":"https:\/\/www.societateamuzicala.ro\/societateaculturala\/?p=32031"},"modified":"2020-07-10T08:44:41","modified_gmt":"2020-07-10T08:44:41","slug":"la-tnb-premiera-in-plina-criza-jurnal-de-romania-1989","status":"publish","type":"post","link":"https:\/\/www.societateamuzicala.ro\/societateaculturala\/la-tnb-premiera-in-plina-criza-jurnal-de-romania-1989","title":{"rendered":"La TNB, premier\u0103 \u00een plin\u0103 criz\u0103: Jurnal de Rom\u00e2nia.1989"},"content":{"rendered":"<p>\u00centr-o perioad\u0103 extrem de dificil\u0103 prin care trece lumea artistic\u0103, Teatrul Na\u0163ional I.L.Caragiale din Bucure\u015fti anun\u0163\u0103 prima premier\u0103 \u00een plin\u0103 perioad\u0103 de pandemie: <strong>Jurnal de Rom\u00e2nia. 1989.<\/strong>\u00a0Spectacolul conceput \u0219i regizat de <strong>Carmen Lidia Vidu<\/strong>\u00a0va avea primele trei reprezenta\u021bii \u00een 24, 25 \u0219i 26 iulie 2020, de la ora 21.30.<\/p>\n<p>\u00cen seara de 25 iulie, va avea loc un <strong>dialog post-spectacol<\/strong> \u00eentre spectatorii prezen\u021bi \u0219i realizatori. Invitat special: <strong>M\u0103d\u0103lin Hodor,<\/strong> consilier la Direc\u021bia Investiga\u021bii a CNSAS.<\/p>\n<p>Spectacolele se vor desf\u0103\u0219ura \u00een condi\u021biile impuse de autorit\u0103\u021bi, \u00een <strong><em>Amfiteatru TNB<\/em><\/strong>, sala de spectacole \u00een aer liber de pe acoperi\u0219ul teatrului.<\/p>\n<p>La 30 de ani de la Revolu\u021bia care l-a \u00eenl\u0103turat \u00een mod violent pe pre\u0219edintele comunist Nicolae Ceau\u0219escu, patru actori ai Na\u021bionalului povestesc experien\u021bele personale din perioada respectiv\u0103, felul \u00een care au tr\u0103it acele evenimente s\u00e2ngeroase \u0219i modul \u00een care li s-a schimbat (sau nu) via\u021ba de atunci.<\/p>\n<p><strong>Carmen Lidia Vidu<\/strong>, regizoarea care a dus teatrul rom\u00e2nesc \u00een zona documentarului multimedia, a ales patru dintre cei mai cunoscu\u0163i actori rom\u00e2ni pentru a le scoate la lumin\u0103 pove\u0219tile: <strong>Ion Caramitru, Oana Pellea, Florentina \u0162ilea <\/strong>\u015fi<strong> Daniel Badale <\/strong>\u00ee\u0219i joac\u0103 propriile roluri.<\/p>\n<p>Despre Ion Caramitru se cunosc am\u0103nunte ale felului \u00een care a participat activ la Revolu\u021bie, r\u0103m\u00e2n\u00e2nd legendar\u0103 expresia televizat\u0103 \u00een direct &#8211; \u201eFra\u021bilor, am \u00eenvins!\u201d.<\/p>\n<p>\u00cen 1989, Daniel Badale era soldat \u00een Armat\u0103 \u0219i este interesant\u0103 confesiunea celui care, &#8222;teoretic&#8221;, era \u00eempotriva revolu\u021bionarilor.<\/p>\n<p>Florentina \u021ailea a fost recitatoarea lui Nicolae Ceau\u0219escu \u00een vizitele lui oficiale la Ia\u0219i, iar Oana Pellea a fost luat\u0103 drept so\u021bia teroristului Vlase atunci c\u00e2nd s-a prezentat la Televiziunea Rom\u00e2n\u0103 pentru a o ap\u0103ra \u00een urma &#8222;Apelului pentru arti\u0219ti&#8221;.<\/p>\n<p>Celor patru actori li se vor al\u0103tura, prin apari\u021bii video, <strong>Germina Nag\u00e2\u021b<\/strong>, membru \u00een Colegiul Consiliului Na\u0163ional pentru Studierea Arhivelor Securit\u0103\u0163ii (CNSAS), fostul procuror militar <strong>Dan Voinea<\/strong>, cel care a instrumentat ini\u021bial \u201eDosarul Revolu\u021biei\u201d \u0219i cunoscutul istoric britanic <strong>Dennis Deletant<\/strong>, un expert \u00een materie de comunism rom\u00e2nesc.<\/p>\n<p>Odat\u0103 cu acest spectacol, Teatrul Na\u021bional mai scoate la ramp\u0103 o premier\u0103 \u0219i bifeaz\u0103, totodat\u0103, un record \u00een istoria teatrului rom\u00e2nesc, cu cea mai mare proiec\u0163ie video, pe un perete uria\u0219, de 33 de metri lungime \u015fi 21 de metri \u00een\u0103l\u0163ime.<\/p>\n<p>Spectacolul multimedia va da spectatorilor ocazia de a pune laolalt\u0103 un puzzle puternic \u0219i foarte uman. Istoria e v\u0103zut\u0103 prin prisma biografiilor personale. Cercetarea, imaginea \u0219i sunetele alc\u0103tuiesc universul multimedia care completeaz\u0103 pove\u0219tile actorilor.<\/p>\n<p>Cel mai apreciat proiect al regizoarei Carmen Lidia Vidu, \u00een \u0163ar\u0103 \u015fi peste hotare, <strong>Jurnal de Rom\u00e2nia<\/strong> include p\u00e2n\u0103 \u00een prezent 3 spectacole de teatru (<strong>Jurnal de Rom\u00e2nia. Timi\u0219oara;<\/strong> <strong>Jurnal de Rom\u00e2nia. Constan\u021ba <\/strong>\u0219i <strong>Jurnal de Rom\u00e2nia. Sf\u00e2ntu Gheorghe<\/strong>), dou\u0103 scurtmetraje (<strong>My Romanian Diary<\/strong> \u015fi <strong>Jurnal de Rom\u00e2nia. Jurnal de musulman<\/strong>) precum \u0219i o <strong>expozi\u021bie.<\/strong><\/p>\n<p><strong>Jurnal de Rom\u00e2nia<\/strong> este un proiect multidisciplinar ce reune\u0219te filmul, fotografia \u0219i teatrul, care \u00ee\u0219i propune s\u0103 fie, printr-o serie de confesiuni necenzurate \u0219i nemijlocite, o oglind\u0103 sincer\u0103 a rela\u021biilor interumane, influen\u021bate decisiv de mediul urban, dar \u0219i un \u00eendemn la implicare social\u0103 \u0219i comunitar\u0103.<\/p>\n<p>Amintim c\u00e2teva premii \u015fi particip\u0103ri interna\u0163ionale care \u00eencununeaz\u0103 alonja interna\u0163ional\u0103 a proiectului: <em>\u201e<\/em>My Romanian Diary\u201d, Independent Days International Film Festival, Germany, European Cinematography AWARDS (ECA), Netherlands \u015fi FILMFEST DRESDEN &#8211; \u00een 2020. \u00cen 2019, pentru <em>\u201e<\/em>Jurnal de Rom\u00e2nia. Timi\u0219oara\u201d &#8211; Premiul de Excelen\u021b\u0103 oferit de Prim\u0103ria Timi\u0219oara \u015fi Voice of Europe, Jena, Germania. \u00cen acela\u015fi an, participare cu <em>\u201e<\/em>Jurnal de Rom\u00e2nia. Constan\u021ba\u201d la EUROPALIA, Belgia. Numeroase particip\u0103ri cu <em>\u201e<\/em>Jurnal de Rom\u00e2nia. Timi\u0219oara\u201d, \u00eentre care: Festivalul Na\u021bional de Teatru \u015fi FEST-FDR, 2019. Cu <em>\u201e<\/em>Romanian Diary. Muslim Diary\u201d, \u00een 2018: Best Women Short &#8211; Independent Shorts Awards, Los Angeles, Best Documentary based on Women (Non-Fiction) &#8211; JIFF 16 International Film Festivals \u00een Jaipur, India, Award Winner &#8211; Changing Face International Film Festival, Sydney \u015fi Finalist &#8211; Eurasia International Monthly Film Festival, Moscow. Iar \u00een 2017, la Schauspielhaus din Viena, au fost prezentate <em>\u201e<\/em>Jurnal de Rom\u00e2nia. Sf\u00e2ntu Gheorghe\u201d \u015fi <em>\u201e<\/em>Jurnal de Rom\u00e2nia. Constan\u021ba\u201d.<\/p>\n<p><em>\u201e<\/em><em>Teatrul risc\u0103 s\u0103 devin\u0103 irelevant pentru comunitate\u201d,<\/em> precizeaz\u0103 regizoarea<em>. <\/em><em>\u201ePericolul vanit\u0103\u021bii ne p\u00e2nde\u0219te \u0219i ne duce la izolare. Nu mai ascult\u0103m dec\u00e2t p\u0103rerile care le confirm\u0103 pe ale noastre. <strong>Jurnal de Rom\u00e2nia. 1989<\/strong> este felul meu de a spune c\u0103 &#8222;tu faci istoria, atitudinea ta conteaz\u0103&#8221;, <\/em>declar\u0103 Carmen Lidia Vidu.<\/p>\n<p>V\u0103 a\u015ftept\u0103m la teatru!<\/p>\n<p>Urm\u0103toarele reprezenta\u0163ii vor avea loc pe: 6, 7, 8 \u015fi 9 august 2020.\u00a0 Toate reprezenta\u0163iile \u00eencep la ora 21.30.<\/p>\n<p>Pe site-ul TNB ve\u0163i g\u0103si regulile impuse de perioada pandemiei \u00een privin\u0163a accesului \u00een teatru \u015fi particip\u0103rii la spectacol. V\u0103 invit\u0103m s\u0103 le citi\u0163i.<\/p>\n<p>Ne vedem la teatru. P\u00e2n\u0103 atunci, v\u0103 a\u015ftept\u0103m online, pe: Facebook: \u00a0\u00a0<a href=\"https:\/\/www.facebook.com\/jurnalderomania1989\/\">https:\/\/www.facebook.com\/jurnalderomania1989\/<\/a>,\u00a0 pagina de internet TNB &#8211; <a href=\"https:\/\/www.tnb.ro\/ro\/jurnal-de-romania1989#tabs-1\">https:\/\/www.tnb.ro\/ro\/jurnal-de-romania1989#tabs-1<\/a>, \u015fi teaser: <a href=\"https:\/\/youtu.be\/wdOqZqWx8xs\">https:\/\/youtu.be\/wdOqZqWx8xs<\/a> <em>(Comunicat de presa &#8211; iulie 2020)<\/em><\/p>\n<p><a href=\"https:\/\/www.societateamuzicala.ro\/societateaculturala\/wp-content\/uploads\/2020\/07\/Jurnalul-unei-Revolutii.jpg\"><img loading=\"lazy\" decoding=\"async\" class=\"no-border alignnone wp-image-32032\" src=\"https:\/\/www.societateamuzicala.ro\/societateaculturala\/wp-content\/uploads\/2020\/07\/Jurnalul-unei-Revolutii-213x300.jpg\" alt=\"Jurnalul unei Revolutii\" width=\"525\" height=\"741\" srcset=\"https:\/\/www.societateamuzicala.ro\/societateaculturala\/wp-content\/uploads\/2020\/07\/Jurnalul-unei-Revolutii-213x300.jpg 213w, https:\/\/www.societateamuzicala.ro\/societateaculturala\/wp-content\/uploads\/2020\/07\/Jurnalul-unei-Revolutii.jpg 448w\" sizes=\"auto, (max-width: 525px) 100vw, 525px\" \/><\/a><\/p>\n","protected":false},"excerpt":{"rendered":"<p>\u00centr-o perioad\u0103 extrem de dificil\u0103 prin care trece lumea artistic\u0103, Teatrul Na\u0163ional I.L.Caragiale din Bucure\u015fti anun\u0163\u0103 prima premier\u0103 \u00een plin\u0103 perioad\u0103 de pandemie: Jurnal de Rom\u00e2nia. 1989.\u00a0Spectacolul conceput \u0219i regizat de Carmen Lidia Vidu\u00a0va avea primele trei reprezenta\u021bii \u00een 24, 25 \u0219i 26 iulie 2020, de la ora 21.30. \u00cen seara de 25 iulie, va [&hellip;]<\/p>\n","protected":false},"author":22,"featured_media":0,"comment_status":"open","ping_status":"open","sticky":false,"template":"","format":"standard","meta":{"_acf_changed":false,"footnotes":""},"categories":[68],"tags":[1393,1820,191,200,4567,6322,6330,274,197,201,273],"class_list":["post-32031","post","type-post","status-publish","format-standard","hentry","category-evenimente-si-stiri","tag-arte-plastice","tag-cinema","tag-concerte","tag-concerte-muzica-clasica","tag-cultura","tag-evenimente-culturale","tag-expozitii","tag-film","tag-muzica-clasica","tag-muzica-clasica-romania","tag-teatru"],"acf":{"cc_filter":[],"poza_fixa":"https:\/\/www.societateamuzicala.ro\/societateaculturala\/wp-content\/uploads\/2020\/03\/TNB.jpg","url_poza_fixa":"","oras":"","sector":"","zona":"","in_strainatate":false,"pian":false,"orga":false,"data1":1594381044,"data2":"","afiseaza_data_post":false,"acf_sala":"","centru_cultural":"","articole_parinte":"","articole_relationate":"","coordonate":false,"tab1_nume":"Despre","tab3":false,"tab5":false,"tab4":false},"yoast_head":"<!-- This site is optimized with the Yoast SEO plugin v27.5 - https:\/\/yoast.com\/product\/yoast-seo-wordpress\/ -->\n<title>La TNB, premier\u0103 \u00een plin\u0103 criz\u0103: Jurnal de Rom\u00e2nia.1989 - Societatea Culturala<\/title>\n<meta name=\"robots\" content=\"index, follow, max-snippet:-1, max-image-preview:large, max-video-preview:-1\" \/>\n<link rel=\"canonical\" href=\"https:\/\/www.societateamuzicala.ro\/societateaculturala\/la-tnb-premiera-in-plina-criza-jurnal-de-romania-1989\" \/>\n<meta property=\"og:locale\" content=\"ro_RO\" \/>\n<meta property=\"og:type\" content=\"article\" \/>\n<meta property=\"og:title\" content=\"La TNB, premier\u0103 \u00een plin\u0103 criz\u0103: Jurnal de Rom\u00e2nia.1989 - Societatea Culturala\" \/>\n<meta property=\"og:description\" content=\"\u00centr-o perioad\u0103 extrem de dificil\u0103 prin care trece lumea artistic\u0103, Teatrul Na\u0163ional I.L.Caragiale din Bucure\u015fti anun\u0163\u0103 prima premier\u0103 \u00een plin\u0103 perioad\u0103 de pandemie: Jurnal de Rom\u00e2nia. 1989.\u00a0Spectacolul conceput \u0219i regizat de Carmen Lidia Vidu\u00a0va avea primele trei reprezenta\u021bii \u00een 24, 25 \u0219i 26 iulie 2020, de la ora 21.30. \u00cen seara de 25 iulie, va [&hellip;]\" \/>\n<meta property=\"og:url\" content=\"https:\/\/www.societateamuzicala.ro\/societateaculturala\/la-tnb-premiera-in-plina-criza-jurnal-de-romania-1989\" \/>\n<meta property=\"og:site_name\" content=\"Societatea Culturala\" \/>\n<meta property=\"article:published_time\" content=\"2020-07-10T08:38:53+00:00\" \/>\n<meta property=\"article:modified_time\" content=\"2020-07-10T08:44:41+00:00\" \/>\n<meta property=\"og:image\" content=\"https:\/\/www.societateamuzicala.ro\/societateaculturala\/wp-content\/uploads\/2020\/03\/TNB.jpg\" \/>\n\t<meta property=\"og:image:width\" content=\"1276\" \/>\n\t<meta property=\"og:image:height\" content=\"802\" \/>\n\t<meta property=\"og:image:type\" content=\"image\/jpeg\" \/>\n<meta name=\"author\" content=\"Catoi Daniel\" \/>\n<meta name=\"twitter:card\" content=\"summary_large_image\" \/>\n<meta name=\"twitter:label1\" content=\"Scris de\" \/>\n\t<meta name=\"twitter:data1\" content=\"Catoi Daniel\" \/>\n\t<meta name=\"twitter:label2\" content=\"Timp estimat pentru citire\" \/>\n\t<meta name=\"twitter:data2\" content=\"4 minute\" \/>\n<script type=\"application\/ld+json\" class=\"yoast-schema-graph\">{\"@context\":\"https:\\\/\\\/schema.org\",\"@graph\":[{\"@type\":\"Article\",\"@id\":\"https:\\\/\\\/www.societateamuzicala.ro\\\/societateaculturala\\\/la-tnb-premiera-in-plina-criza-jurnal-de-romania-1989#article\",\"isPartOf\":{\"@id\":\"https:\\\/\\\/www.societateamuzicala.ro\\\/societateaculturala\\\/la-tnb-premiera-in-plina-criza-jurnal-de-romania-1989\"},\"author\":{\"name\":\"Catoi Daniel\",\"@id\":\"https:\\\/\\\/www.societateamuzicala.ro\\\/societateaculturala\\\/#\\\/schema\\\/person\\\/0608b1774a3787abb7ff1d5e8d1b84eb\"},\"headline\":\"La TNB, premier\u0103 \u00een plin\u0103 criz\u0103: Jurnal de Rom\u00e2nia.1989\",\"datePublished\":\"2020-07-10T08:38:53+00:00\",\"dateModified\":\"2020-07-10T08:44:41+00:00\",\"mainEntityOfPage\":{\"@id\":\"https:\\\/\\\/www.societateamuzicala.ro\\\/societateaculturala\\\/la-tnb-premiera-in-plina-criza-jurnal-de-romania-1989\"},\"wordCount\":877,\"commentCount\":0,\"image\":{\"@id\":\"https:\\\/\\\/www.societateamuzicala.ro\\\/societateaculturala\\\/la-tnb-premiera-in-plina-criza-jurnal-de-romania-1989#primaryimage\"},\"thumbnailUrl\":\"https:\\\/\\\/www.societateamuzicala.ro\\\/societateaculturala\\\/wp-content\\\/uploads\\\/2020\\\/07\\\/Jurnalul-unei-Revolutii-213x300.jpg\",\"keywords\":[\"arte plastice\",\"cinema\",\"concerte\",\"concerte muzica clasica\",\"Cultura\",\"evenimente culturale\",\"expozitii\",\"film\",\"muzica clasica\",\"muzica clasica romania\",\"teatru\"],\"articleSection\":[\"Evenimente si stiri\"],\"inLanguage\":\"ro-RO\",\"potentialAction\":[{\"@type\":\"CommentAction\",\"name\":\"Comment\",\"target\":[\"https:\\\/\\\/www.societateamuzicala.ro\\\/societateaculturala\\\/la-tnb-premiera-in-plina-criza-jurnal-de-romania-1989#respond\"]}]},{\"@type\":\"WebPage\",\"@id\":\"https:\\\/\\\/www.societateamuzicala.ro\\\/societateaculturala\\\/la-tnb-premiera-in-plina-criza-jurnal-de-romania-1989\",\"url\":\"https:\\\/\\\/www.societateamuzicala.ro\\\/societateaculturala\\\/la-tnb-premiera-in-plina-criza-jurnal-de-romania-1989\",\"name\":\"La TNB, premier\u0103 \u00een plin\u0103 criz\u0103: Jurnal de Rom\u00e2nia.1989 - Societatea Culturala\",\"isPartOf\":{\"@id\":\"https:\\\/\\\/www.societateamuzicala.ro\\\/societateaculturala\\\/#website\"},\"primaryImageOfPage\":{\"@id\":\"https:\\\/\\\/www.societateamuzicala.ro\\\/societateaculturala\\\/la-tnb-premiera-in-plina-criza-jurnal-de-romania-1989#primaryimage\"},\"image\":{\"@id\":\"https:\\\/\\\/www.societateamuzicala.ro\\\/societateaculturala\\\/la-tnb-premiera-in-plina-criza-jurnal-de-romania-1989#primaryimage\"},\"thumbnailUrl\":\"https:\\\/\\\/www.societateamuzicala.ro\\\/societateaculturala\\\/wp-content\\\/uploads\\\/2020\\\/07\\\/Jurnalul-unei-Revolutii-213x300.jpg\",\"datePublished\":\"2020-07-10T08:38:53+00:00\",\"dateModified\":\"2020-07-10T08:44:41+00:00\",\"author\":{\"@id\":\"https:\\\/\\\/www.societateamuzicala.ro\\\/societateaculturala\\\/#\\\/schema\\\/person\\\/0608b1774a3787abb7ff1d5e8d1b84eb\"},\"breadcrumb\":{\"@id\":\"https:\\\/\\\/www.societateamuzicala.ro\\\/societateaculturala\\\/la-tnb-premiera-in-plina-criza-jurnal-de-romania-1989#breadcrumb\"},\"inLanguage\":\"ro-RO\",\"potentialAction\":[{\"@type\":\"ReadAction\",\"target\":[\"https:\\\/\\\/www.societateamuzicala.ro\\\/societateaculturala\\\/la-tnb-premiera-in-plina-criza-jurnal-de-romania-1989\"]}]},{\"@type\":\"ImageObject\",\"inLanguage\":\"ro-RO\",\"@id\":\"https:\\\/\\\/www.societateamuzicala.ro\\\/societateaculturala\\\/la-tnb-premiera-in-plina-criza-jurnal-de-romania-1989#primaryimage\",\"url\":\"https:\\\/\\\/www.societateamuzicala.ro\\\/societateaculturala\\\/wp-content\\\/uploads\\\/2020\\\/07\\\/Jurnalul-unei-Revolutii.jpg\",\"contentUrl\":\"https:\\\/\\\/www.societateamuzicala.ro\\\/societateaculturala\\\/wp-content\\\/uploads\\\/2020\\\/07\\\/Jurnalul-unei-Revolutii.jpg\",\"width\":448,\"height\":632,\"caption\":\"Jurnalul unei Revolutii\"},{\"@type\":\"BreadcrumbList\",\"@id\":\"https:\\\/\\\/www.societateamuzicala.ro\\\/societateaculturala\\\/la-tnb-premiera-in-plina-criza-jurnal-de-romania-1989#breadcrumb\",\"itemListElement\":[{\"@type\":\"ListItem\",\"position\":1,\"name\":\"Acas\u0103\",\"item\":\"https:\\\/\\\/www.societateamuzicala.ro\\\/societateaculturala\"},{\"@type\":\"ListItem\",\"position\":2,\"name\":\"La TNB, premier\u0103 \u00een plin\u0103 criz\u0103: Jurnal de Rom\u00e2nia.1989\"}]},{\"@type\":\"WebSite\",\"@id\":\"https:\\\/\\\/www.societateamuzicala.ro\\\/societateaculturala\\\/#website\",\"url\":\"https:\\\/\\\/www.societateamuzicala.ro\\\/societateaculturala\\\/\",\"name\":\"Societatea Culturala\",\"description\":\"Platforma de marketing si informatii culturale\",\"potentialAction\":[{\"@type\":\"SearchAction\",\"target\":{\"@type\":\"EntryPoint\",\"urlTemplate\":\"https:\\\/\\\/www.societateamuzicala.ro\\\/societateaculturala\\\/?s={search_term_string}\"},\"query-input\":{\"@type\":\"PropertyValueSpecification\",\"valueRequired\":true,\"valueName\":\"search_term_string\"}}],\"inLanguage\":\"ro-RO\"},{\"@type\":\"Person\",\"@id\":\"https:\\\/\\\/www.societateamuzicala.ro\\\/societateaculturala\\\/#\\\/schema\\\/person\\\/0608b1774a3787abb7ff1d5e8d1b84eb\",\"name\":\"Catoi Daniel\",\"image\":{\"@type\":\"ImageObject\",\"inLanguage\":\"ro-RO\",\"@id\":\"https:\\\/\\\/secure.gravatar.com\\\/avatar\\\/c0882a218c936889972a11c796e8ed91e0aff99b92af7212c04f740da3928233?s=96&d=mm&r=g\",\"url\":\"https:\\\/\\\/secure.gravatar.com\\\/avatar\\\/c0882a218c936889972a11c796e8ed91e0aff99b92af7212c04f740da3928233?s=96&d=mm&r=g\",\"contentUrl\":\"https:\\\/\\\/secure.gravatar.com\\\/avatar\\\/c0882a218c936889972a11c796e8ed91e0aff99b92af7212c04f740da3928233?s=96&d=mm&r=g\",\"caption\":\"Catoi Daniel\"},\"url\":\"https:\\\/\\\/www.societateamuzicala.ro\\\/societateaculturala\\\/author\\\/daniel\"}]}<\/script>\n<!-- \/ Yoast SEO plugin. -->","yoast_head_json":{"title":"La TNB, premier\u0103 \u00een plin\u0103 criz\u0103: Jurnal de Rom\u00e2nia.1989 - Societatea Culturala","robots":{"index":"index","follow":"follow","max-snippet":"max-snippet:-1","max-image-preview":"max-image-preview:large","max-video-preview":"max-video-preview:-1"},"canonical":"https:\/\/www.societateamuzicala.ro\/societateaculturala\/la-tnb-premiera-in-plina-criza-jurnal-de-romania-1989","og_locale":"ro_RO","og_type":"article","og_title":"La TNB, premier\u0103 \u00een plin\u0103 criz\u0103: Jurnal de Rom\u00e2nia.1989 - Societatea Culturala","og_description":"\u00centr-o perioad\u0103 extrem de dificil\u0103 prin care trece lumea artistic\u0103, Teatrul Na\u0163ional I.L.Caragiale din Bucure\u015fti anun\u0163\u0103 prima premier\u0103 \u00een plin\u0103 perioad\u0103 de pandemie: Jurnal de Rom\u00e2nia. 1989.\u00a0Spectacolul conceput \u0219i regizat de Carmen Lidia Vidu\u00a0va avea primele trei reprezenta\u021bii \u00een 24, 25 \u0219i 26 iulie 2020, de la ora 21.30. \u00cen seara de 25 iulie, va [&hellip;]","og_url":"https:\/\/www.societateamuzicala.ro\/societateaculturala\/la-tnb-premiera-in-plina-criza-jurnal-de-romania-1989","og_site_name":"Societatea Culturala","article_published_time":"2020-07-10T08:38:53+00:00","article_modified_time":"2020-07-10T08:44:41+00:00","og_image":[{"width":1276,"height":802,"url":"https:\/\/www.societateamuzicala.ro\/societateaculturala\/wp-content\/uploads\/2020\/03\/TNB.jpg","type":"image\/jpeg"}],"author":"Catoi Daniel","twitter_card":"summary_large_image","twitter_misc":{"Scris de":"Catoi Daniel","Timp estimat pentru citire":"4 minute"},"schema":{"@context":"https:\/\/schema.org","@graph":[{"@type":"Article","@id":"https:\/\/www.societateamuzicala.ro\/societateaculturala\/la-tnb-premiera-in-plina-criza-jurnal-de-romania-1989#article","isPartOf":{"@id":"https:\/\/www.societateamuzicala.ro\/societateaculturala\/la-tnb-premiera-in-plina-criza-jurnal-de-romania-1989"},"author":{"name":"Catoi Daniel","@id":"https:\/\/www.societateamuzicala.ro\/societateaculturala\/#\/schema\/person\/0608b1774a3787abb7ff1d5e8d1b84eb"},"headline":"La TNB, premier\u0103 \u00een plin\u0103 criz\u0103: Jurnal de Rom\u00e2nia.1989","datePublished":"2020-07-10T08:38:53+00:00","dateModified":"2020-07-10T08:44:41+00:00","mainEntityOfPage":{"@id":"https:\/\/www.societateamuzicala.ro\/societateaculturala\/la-tnb-premiera-in-plina-criza-jurnal-de-romania-1989"},"wordCount":877,"commentCount":0,"image":{"@id":"https:\/\/www.societateamuzicala.ro\/societateaculturala\/la-tnb-premiera-in-plina-criza-jurnal-de-romania-1989#primaryimage"},"thumbnailUrl":"https:\/\/www.societateamuzicala.ro\/societateaculturala\/wp-content\/uploads\/2020\/07\/Jurnalul-unei-Revolutii-213x300.jpg","keywords":["arte plastice","cinema","concerte","concerte muzica clasica","Cultura","evenimente culturale","expozitii","film","muzica clasica","muzica clasica romania","teatru"],"articleSection":["Evenimente si stiri"],"inLanguage":"ro-RO","potentialAction":[{"@type":"CommentAction","name":"Comment","target":["https:\/\/www.societateamuzicala.ro\/societateaculturala\/la-tnb-premiera-in-plina-criza-jurnal-de-romania-1989#respond"]}]},{"@type":"WebPage","@id":"https:\/\/www.societateamuzicala.ro\/societateaculturala\/la-tnb-premiera-in-plina-criza-jurnal-de-romania-1989","url":"https:\/\/www.societateamuzicala.ro\/societateaculturala\/la-tnb-premiera-in-plina-criza-jurnal-de-romania-1989","name":"La TNB, premier\u0103 \u00een plin\u0103 criz\u0103: Jurnal de Rom\u00e2nia.1989 - Societatea Culturala","isPartOf":{"@id":"https:\/\/www.societateamuzicala.ro\/societateaculturala\/#website"},"primaryImageOfPage":{"@id":"https:\/\/www.societateamuzicala.ro\/societateaculturala\/la-tnb-premiera-in-plina-criza-jurnal-de-romania-1989#primaryimage"},"image":{"@id":"https:\/\/www.societateamuzicala.ro\/societateaculturala\/la-tnb-premiera-in-plina-criza-jurnal-de-romania-1989#primaryimage"},"thumbnailUrl":"https:\/\/www.societateamuzicala.ro\/societateaculturala\/wp-content\/uploads\/2020\/07\/Jurnalul-unei-Revolutii-213x300.jpg","datePublished":"2020-07-10T08:38:53+00:00","dateModified":"2020-07-10T08:44:41+00:00","author":{"@id":"https:\/\/www.societateamuzicala.ro\/societateaculturala\/#\/schema\/person\/0608b1774a3787abb7ff1d5e8d1b84eb"},"breadcrumb":{"@id":"https:\/\/www.societateamuzicala.ro\/societateaculturala\/la-tnb-premiera-in-plina-criza-jurnal-de-romania-1989#breadcrumb"},"inLanguage":"ro-RO","potentialAction":[{"@type":"ReadAction","target":["https:\/\/www.societateamuzicala.ro\/societateaculturala\/la-tnb-premiera-in-plina-criza-jurnal-de-romania-1989"]}]},{"@type":"ImageObject","inLanguage":"ro-RO","@id":"https:\/\/www.societateamuzicala.ro\/societateaculturala\/la-tnb-premiera-in-plina-criza-jurnal-de-romania-1989#primaryimage","url":"https:\/\/www.societateamuzicala.ro\/societateaculturala\/wp-content\/uploads\/2020\/07\/Jurnalul-unei-Revolutii.jpg","contentUrl":"https:\/\/www.societateamuzicala.ro\/societateaculturala\/wp-content\/uploads\/2020\/07\/Jurnalul-unei-Revolutii.jpg","width":448,"height":632,"caption":"Jurnalul unei Revolutii"},{"@type":"BreadcrumbList","@id":"https:\/\/www.societateamuzicala.ro\/societateaculturala\/la-tnb-premiera-in-plina-criza-jurnal-de-romania-1989#breadcrumb","itemListElement":[{"@type":"ListItem","position":1,"name":"Acas\u0103","item":"https:\/\/www.societateamuzicala.ro\/societateaculturala"},{"@type":"ListItem","position":2,"name":"La TNB, premier\u0103 \u00een plin\u0103 criz\u0103: Jurnal de Rom\u00e2nia.1989"}]},{"@type":"WebSite","@id":"https:\/\/www.societateamuzicala.ro\/societateaculturala\/#website","url":"https:\/\/www.societateamuzicala.ro\/societateaculturala\/","name":"Societatea Culturala","description":"Platforma de marketing si informatii culturale","potentialAction":[{"@type":"SearchAction","target":{"@type":"EntryPoint","urlTemplate":"https:\/\/www.societateamuzicala.ro\/societateaculturala\/?s={search_term_string}"},"query-input":{"@type":"PropertyValueSpecification","valueRequired":true,"valueName":"search_term_string"}}],"inLanguage":"ro-RO"},{"@type":"Person","@id":"https:\/\/www.societateamuzicala.ro\/societateaculturala\/#\/schema\/person\/0608b1774a3787abb7ff1d5e8d1b84eb","name":"Catoi Daniel","image":{"@type":"ImageObject","inLanguage":"ro-RO","@id":"https:\/\/secure.gravatar.com\/avatar\/c0882a218c936889972a11c796e8ed91e0aff99b92af7212c04f740da3928233?s=96&d=mm&r=g","url":"https:\/\/secure.gravatar.com\/avatar\/c0882a218c936889972a11c796e8ed91e0aff99b92af7212c04f740da3928233?s=96&d=mm&r=g","contentUrl":"https:\/\/secure.gravatar.com\/avatar\/c0882a218c936889972a11c796e8ed91e0aff99b92af7212c04f740da3928233?s=96&d=mm&r=g","caption":"Catoi Daniel"},"url":"https:\/\/www.societateamuzicala.ro\/societateaculturala\/author\/daniel"}]}},"_links":{"self":[{"href":"https:\/\/www.societateamuzicala.ro\/societateaculturala\/wp-json\/wp\/v2\/posts\/32031","targetHints":{"allow":["GET"]}}],"collection":[{"href":"https:\/\/www.societateamuzicala.ro\/societateaculturala\/wp-json\/wp\/v2\/posts"}],"about":[{"href":"https:\/\/www.societateamuzicala.ro\/societateaculturala\/wp-json\/wp\/v2\/types\/post"}],"author":[{"embeddable":true,"href":"https:\/\/www.societateamuzicala.ro\/societateaculturala\/wp-json\/wp\/v2\/users\/22"}],"replies":[{"embeddable":true,"href":"https:\/\/www.societateamuzicala.ro\/societateaculturala\/wp-json\/wp\/v2\/comments?post=32031"}],"version-history":[{"count":0,"href":"https:\/\/www.societateamuzicala.ro\/societateaculturala\/wp-json\/wp\/v2\/posts\/32031\/revisions"}],"wp:attachment":[{"href":"https:\/\/www.societateamuzicala.ro\/societateaculturala\/wp-json\/wp\/v2\/media?parent=32031"}],"wp:term":[{"taxonomy":"category","embeddable":true,"href":"https:\/\/www.societateamuzicala.ro\/societateaculturala\/wp-json\/wp\/v2\/categories?post=32031"},{"taxonomy":"post_tag","embeddable":true,"href":"https:\/\/www.societateamuzicala.ro\/societateaculturala\/wp-json\/wp\/v2\/tags?post=32031"}],"curies":[{"name":"wp","href":"https:\/\/api.w.org\/{rel}","templated":true}]}}