{"id":31910,"date":"2019-12-19T13:20:14","date_gmt":"2019-12-19T13:20:14","guid":{"rendered":"https:\/\/www.societateamuzicala.ro\/societateaculturala\/?p=31910"},"modified":"2019-12-19T13:27:20","modified_gmt":"2019-12-19T13:27:20","slug":"profitori-si-beneficiari-ai-revolutiei","status":"publish","type":"post","link":"https:\/\/www.societateamuzicala.ro\/societateaculturala\/profitori-si-beneficiari-ai-revolutiei","title":{"rendered":"Profitori \u0219i beneficiari ai Revolu\u021biei"},"content":{"rendered":"<p><strong>Duminic<\/strong><strong>\u0103 22 decembrie <\/strong><strong>2019, de la ora 11.00, <\/strong>la Sala Mic\u0103, \u00een cadrul programului <strong>CONFERIN\u0162ELE TEATRULUI NA\u0162IONAL,<\/strong><strong>\u00a0Profitori \u0219i beneficiari ai Revolu\u021biei <\/strong><strong>&#8211; O dezbatere a Revistei \u201e22\u201d la Teatrul Na\u021bional Bucure\u0219ti\u00a0\u00a0<\/strong><\/p>\n<p><strong>\u00a0<\/strong><\/p>\n<p><em>Despre conferin\u0163\u0103<\/em><\/p>\n<p>Sunt 30 de ani de la revolu\u021bia rom\u00e2nilor. Persist\u0103 \u00eentreb\u0103ri f\u0103r\u0103 r\u0103spuns despre vinova\u021bii pentru mor\u021bii Revolu\u021biei, despre felul cum s-au pozi\u021bionat institu\u021biile statului \u0219i politicienii fa\u021b\u0103 de nevoia de adev\u0103r.<\/p>\n<p>Dar exist\u0103 \u0219i \u00eentreb\u0103ri mai generale despre evolu\u021bia Rom\u00e2niei \u00een cele trei decenii, despre dreptatea social\u0103, despre c\u00e2\u0219tiguri \u0219i pierderi. Acestea vor fi temele puse \u00een discu\u021bie de <strong>Revista \u201e22\u201d<\/strong> la edi\u021bia din 22 decembrie 2019, ora 11.00, a\u00a0<em>Conferin\u021belor Teatrului Na\u021bional Bucure\u0219ti<\/em> sub titlul \u00a0<strong>Revolu\u021bia &#8211; 30 de ani. Profitori \u0219i beneficiari<\/strong>,\u00a0dezbatere care va avea loc \u00een Sala Mic\u0103 a TNB. Moderat\u0103 de jurnalista Br\u00eendu\u0219a Armanca, dezbaterea are invita\u021bi de prestigiu care vor contura o imagine consistent\u0103 a Rom\u00e2niei postdecembriste: Andreea Pora, redactor-\u0219ef\u00a0 al revistei, Prof.univ.Dr. Andrei Cornea -editorialist, Germina Nag\u00e2\u021b &#8211; membr\u0103 \u00een Colegiul CNSAS, Andrei Oi\u0219teanu, scriitor \u0219i Dan Perjovschi, artist plastic, designerul revistei.<\/p>\n<p>Contribu\u021biile din sal\u0103 vor completa tabloul \u0219i vor reitera practica dialogului deschis despre ceea ce ne preocup\u0103 pe to\u021bi.<\/p>\n<p>Urm\u0103toarea conferin\u021b\u0103 va avea loc duminic\u0103, 19 ianuarie 2020, ora 11.00, la Sala Mic\u0103 \u0219i va fi sus\u021binut\u0103 de Prof. Dr. Dinu Antonescu cu tema \u201eImpactul comunismului asupra medicinii rom\u00e2ne\u0219ti\u201d.<\/p>\n<p>Pentru mai multe informa\u0163ii legate de bilete:<\/p>\n<p><strong>021.314.71.71 (Agen\u0163ia de bilete)<\/strong><\/p>\n<p><strong>Biletele se pot achizi\u0163iona \u015fi online, pe <\/strong><a href=\"https:\/\/www.mystage.ro\/spectacole\/conferintele-tnb-gheorghe-florescu-cafeaua-noastra-cea-de-toate-zilele-si-dizidenta-1650?af=41\"><strong>mystage.ro<\/strong><\/a><\/p>\n<p><a href=\"https:\/\/www.societateamuzicala.ro\/societateaculturala\/wp-content\/uploads\/2019\/12\/Conferinta-TNB-Revista-22.jpg\"><img loading=\"lazy\" decoding=\"async\" class=\"no-border alignnone wp-image-31912\" title=\"Conferinta TNB - Revista 22\" src=\"https:\/\/www.societateamuzicala.ro\/societateaculturala\/wp-content\/uploads\/2019\/12\/Conferinta-TNB-Revista-22.jpg\" alt=\"Conferinta TNB - Revista 22\" width=\"525\" height=\"733\" \/><\/a><\/p>\n","protected":false},"excerpt":{"rendered":"<p>Duminic\u0103 22 decembrie 2019, de la ora 11.00, la Sala Mic\u0103, \u00een cadrul programului CONFERIN\u0162ELE TEATRULUI NA\u0162IONAL,\u00a0Profitori \u0219i beneficiari ai Revolu\u021biei &#8211; O dezbatere a Revistei \u201e22\u201d la Teatrul Na\u021bional Bucure\u0219ti\u00a0\u00a0 \u00a0 Despre conferin\u0163\u0103 Sunt 30 de ani de la revolu\u021bia rom\u00e2nilor. Persist\u0103 \u00eentreb\u0103ri f\u0103r\u0103 r\u0103spuns despre vinova\u021bii pentru mor\u021bii Revolu\u021biei, despre felul cum s-au [&hellip;]<\/p>\n","protected":false},"author":22,"featured_media":0,"comment_status":"open","ping_status":"open","sticky":false,"template":"","format":"standard","meta":{"_acf_changed":false,"footnotes":""},"categories":[68],"tags":[1393,1820,191,200,4567,6322,6330,274,197,201,273],"class_list":["post-31910","post","type-post","status-publish","format-standard","hentry","category-evenimente-si-stiri","tag-arte-plastice","tag-cinema","tag-concerte","tag-concerte-muzica-clasica","tag-cultura","tag-evenimente-culturale","tag-expozitii","tag-film","tag-muzica-clasica","tag-muzica-clasica-romania","tag-teatru"],"acf":{"cc_filter":[],"poza_fixa":"https:\/\/www.societateamuzicala.ro\/societateaculturala\/wp-content\/uploads\/2018\/09\/TNB.jpg","url_poza_fixa":"","oras":"","sector":"","zona":"","in_strainatate":false,"pian":false,"orga":false,"data1":"","data2":"","afiseaza_data_post":false,"acf_sala":"","centru_cultural":"","articole_parinte":"","articole_relationate":"","coordonate":false,"tab1_nume":"Despre","tab3":false,"tab5":false,"tab4":false},"yoast_head":"<!-- This site is optimized with the Yoast SEO plugin v27.5 - https:\/\/yoast.com\/product\/yoast-seo-wordpress\/ -->\n<title>Profitori \u0219i beneficiari ai Revolu\u021biei - Societatea Culturala<\/title>\n<meta name=\"robots\" content=\"index, follow, max-snippet:-1, max-image-preview:large, max-video-preview:-1\" \/>\n<link rel=\"canonical\" href=\"https:\/\/www.societateamuzicala.ro\/societateaculturala\/profitori-si-beneficiari-ai-revolutiei\" \/>\n<meta property=\"og:locale\" content=\"ro_RO\" \/>\n<meta property=\"og:type\" content=\"article\" \/>\n<meta property=\"og:title\" content=\"Profitori \u0219i beneficiari ai Revolu\u021biei - Societatea Culturala\" \/>\n<meta property=\"og:description\" content=\"Duminic\u0103 22 decembrie 2019, de la ora 11.00, la Sala Mic\u0103, \u00een cadrul programului CONFERIN\u0162ELE TEATRULUI NA\u0162IONAL,\u00a0Profitori \u0219i beneficiari ai Revolu\u021biei &#8211; O dezbatere a Revistei \u201e22\u201d la Teatrul Na\u021bional Bucure\u0219ti\u00a0\u00a0 \u00a0 Despre conferin\u0163\u0103 Sunt 30 de ani de la revolu\u021bia rom\u00e2nilor. Persist\u0103 \u00eentreb\u0103ri f\u0103r\u0103 r\u0103spuns despre vinova\u021bii pentru mor\u021bii Revolu\u021biei, despre felul cum s-au [&hellip;]\" \/>\n<meta property=\"og:url\" content=\"https:\/\/www.societateamuzicala.ro\/societateaculturala\/profitori-si-beneficiari-ai-revolutiei\" \/>\n<meta property=\"og:site_name\" content=\"Societatea Culturala\" \/>\n<meta property=\"article:published_time\" content=\"2019-12-19T13:20:14+00:00\" \/>\n<meta property=\"article:modified_time\" content=\"2019-12-19T13:27:20+00:00\" \/>\n<meta property=\"og:image\" content=\"https:\/\/www.societateamuzicala.ro\/societateaculturala\/wp-content\/uploads\/2019\/12\/Conferinta-TNB-Revista-22.jpg\" \/>\n<meta name=\"author\" content=\"Catoi Daniel\" \/>\n<meta name=\"twitter:card\" content=\"summary_large_image\" \/>\n<meta name=\"twitter:label1\" content=\"Scris de\" \/>\n\t<meta name=\"twitter:data1\" content=\"Catoi Daniel\" \/>\n\t<meta name=\"twitter:label2\" content=\"Timp estimat pentru citire\" \/>\n\t<meta name=\"twitter:data2\" content=\"1 minut\" \/>\n<script type=\"application\/ld+json\" class=\"yoast-schema-graph\">{\"@context\":\"https:\\\/\\\/schema.org\",\"@graph\":[{\"@type\":\"Article\",\"@id\":\"https:\\\/\\\/www.societateamuzicala.ro\\\/societateaculturala\\\/profitori-si-beneficiari-ai-revolutiei#article\",\"isPartOf\":{\"@id\":\"https:\\\/\\\/www.societateamuzicala.ro\\\/societateaculturala\\\/profitori-si-beneficiari-ai-revolutiei\"},\"author\":{\"name\":\"Catoi Daniel\",\"@id\":\"https:\\\/\\\/www.societateamuzicala.ro\\\/societateaculturala\\\/#\\\/schema\\\/person\\\/0608b1774a3787abb7ff1d5e8d1b84eb\"},\"headline\":\"Profitori \u0219i beneficiari ai Revolu\u021biei\",\"datePublished\":\"2019-12-19T13:20:14+00:00\",\"dateModified\":\"2019-12-19T13:27:20+00:00\",\"mainEntityOfPage\":{\"@id\":\"https:\\\/\\\/www.societateamuzicala.ro\\\/societateaculturala\\\/profitori-si-beneficiari-ai-revolutiei\"},\"wordCount\":277,\"commentCount\":0,\"image\":{\"@id\":\"https:\\\/\\\/www.societateamuzicala.ro\\\/societateaculturala\\\/profitori-si-beneficiari-ai-revolutiei#primaryimage\"},\"thumbnailUrl\":\"https:\\\/\\\/www.societateamuzicala.ro\\\/societateaculturala\\\/wp-content\\\/uploads\\\/2019\\\/12\\\/Conferinta-TNB-Revista-22.jpg\",\"keywords\":[\"arte plastice\",\"cinema\",\"concerte\",\"concerte muzica clasica\",\"Cultura\",\"evenimente culturale\",\"expozitii\",\"film\",\"muzica clasica\",\"muzica clasica romania\",\"teatru\"],\"articleSection\":[\"Evenimente si stiri\"],\"inLanguage\":\"ro-RO\",\"potentialAction\":[{\"@type\":\"CommentAction\",\"name\":\"Comment\",\"target\":[\"https:\\\/\\\/www.societateamuzicala.ro\\\/societateaculturala\\\/profitori-si-beneficiari-ai-revolutiei#respond\"]}]},{\"@type\":\"WebPage\",\"@id\":\"https:\\\/\\\/www.societateamuzicala.ro\\\/societateaculturala\\\/profitori-si-beneficiari-ai-revolutiei\",\"url\":\"https:\\\/\\\/www.societateamuzicala.ro\\\/societateaculturala\\\/profitori-si-beneficiari-ai-revolutiei\",\"name\":\"Profitori \u0219i beneficiari ai Revolu\u021biei - Societatea Culturala\",\"isPartOf\":{\"@id\":\"https:\\\/\\\/www.societateamuzicala.ro\\\/societateaculturala\\\/#website\"},\"primaryImageOfPage\":{\"@id\":\"https:\\\/\\\/www.societateamuzicala.ro\\\/societateaculturala\\\/profitori-si-beneficiari-ai-revolutiei#primaryimage\"},\"image\":{\"@id\":\"https:\\\/\\\/www.societateamuzicala.ro\\\/societateaculturala\\\/profitori-si-beneficiari-ai-revolutiei#primaryimage\"},\"thumbnailUrl\":\"https:\\\/\\\/www.societateamuzicala.ro\\\/societateaculturala\\\/wp-content\\\/uploads\\\/2019\\\/12\\\/Conferinta-TNB-Revista-22.jpg\",\"datePublished\":\"2019-12-19T13:20:14+00:00\",\"dateModified\":\"2019-12-19T13:27:20+00:00\",\"author\":{\"@id\":\"https:\\\/\\\/www.societateamuzicala.ro\\\/societateaculturala\\\/#\\\/schema\\\/person\\\/0608b1774a3787abb7ff1d5e8d1b84eb\"},\"breadcrumb\":{\"@id\":\"https:\\\/\\\/www.societateamuzicala.ro\\\/societateaculturala\\\/profitori-si-beneficiari-ai-revolutiei#breadcrumb\"},\"inLanguage\":\"ro-RO\",\"potentialAction\":[{\"@type\":\"ReadAction\",\"target\":[\"https:\\\/\\\/www.societateamuzicala.ro\\\/societateaculturala\\\/profitori-si-beneficiari-ai-revolutiei\"]}]},{\"@type\":\"ImageObject\",\"inLanguage\":\"ro-RO\",\"@id\":\"https:\\\/\\\/www.societateamuzicala.ro\\\/societateaculturala\\\/profitori-si-beneficiari-ai-revolutiei#primaryimage\",\"url\":\"https:\\\/\\\/www.societateamuzicala.ro\\\/societateaculturala\\\/wp-content\\\/uploads\\\/2019\\\/12\\\/Conferinta-TNB-Revista-22.jpg\",\"contentUrl\":\"https:\\\/\\\/www.societateamuzicala.ro\\\/societateaculturala\\\/wp-content\\\/uploads\\\/2019\\\/12\\\/Conferinta-TNB-Revista-22.jpg\",\"width\":733,\"height\":1024},{\"@type\":\"BreadcrumbList\",\"@id\":\"https:\\\/\\\/www.societateamuzicala.ro\\\/societateaculturala\\\/profitori-si-beneficiari-ai-revolutiei#breadcrumb\",\"itemListElement\":[{\"@type\":\"ListItem\",\"position\":1,\"name\":\"Acas\u0103\",\"item\":\"https:\\\/\\\/www.societateamuzicala.ro\\\/societateaculturala\"},{\"@type\":\"ListItem\",\"position\":2,\"name\":\"Profitori \u0219i beneficiari ai Revolu\u021biei\"}]},{\"@type\":\"WebSite\",\"@id\":\"https:\\\/\\\/www.societateamuzicala.ro\\\/societateaculturala\\\/#website\",\"url\":\"https:\\\/\\\/www.societateamuzicala.ro\\\/societateaculturala\\\/\",\"name\":\"Societatea Culturala\",\"description\":\"Platforma de marketing si informatii culturale\",\"potentialAction\":[{\"@type\":\"SearchAction\",\"target\":{\"@type\":\"EntryPoint\",\"urlTemplate\":\"https:\\\/\\\/www.societateamuzicala.ro\\\/societateaculturala\\\/?s={search_term_string}\"},\"query-input\":{\"@type\":\"PropertyValueSpecification\",\"valueRequired\":true,\"valueName\":\"search_term_string\"}}],\"inLanguage\":\"ro-RO\"},{\"@type\":\"Person\",\"@id\":\"https:\\\/\\\/www.societateamuzicala.ro\\\/societateaculturala\\\/#\\\/schema\\\/person\\\/0608b1774a3787abb7ff1d5e8d1b84eb\",\"name\":\"Catoi Daniel\",\"image\":{\"@type\":\"ImageObject\",\"inLanguage\":\"ro-RO\",\"@id\":\"https:\\\/\\\/secure.gravatar.com\\\/avatar\\\/c0882a218c936889972a11c796e8ed91e0aff99b92af7212c04f740da3928233?s=96&d=mm&r=g\",\"url\":\"https:\\\/\\\/secure.gravatar.com\\\/avatar\\\/c0882a218c936889972a11c796e8ed91e0aff99b92af7212c04f740da3928233?s=96&d=mm&r=g\",\"contentUrl\":\"https:\\\/\\\/secure.gravatar.com\\\/avatar\\\/c0882a218c936889972a11c796e8ed91e0aff99b92af7212c04f740da3928233?s=96&d=mm&r=g\",\"caption\":\"Catoi Daniel\"},\"url\":\"https:\\\/\\\/www.societateamuzicala.ro\\\/societateaculturala\\\/author\\\/daniel\"}]}<\/script>\n<!-- \/ Yoast SEO plugin. -->","yoast_head_json":{"title":"Profitori \u0219i beneficiari ai Revolu\u021biei - Societatea Culturala","robots":{"index":"index","follow":"follow","max-snippet":"max-snippet:-1","max-image-preview":"max-image-preview:large","max-video-preview":"max-video-preview:-1"},"canonical":"https:\/\/www.societateamuzicala.ro\/societateaculturala\/profitori-si-beneficiari-ai-revolutiei","og_locale":"ro_RO","og_type":"article","og_title":"Profitori \u0219i beneficiari ai Revolu\u021biei - Societatea Culturala","og_description":"Duminic\u0103 22 decembrie 2019, de la ora 11.00, la Sala Mic\u0103, \u00een cadrul programului CONFERIN\u0162ELE TEATRULUI NA\u0162IONAL,\u00a0Profitori \u0219i beneficiari ai Revolu\u021biei &#8211; O dezbatere a Revistei \u201e22\u201d la Teatrul Na\u021bional Bucure\u0219ti\u00a0\u00a0 \u00a0 Despre conferin\u0163\u0103 Sunt 30 de ani de la revolu\u021bia rom\u00e2nilor. Persist\u0103 \u00eentreb\u0103ri f\u0103r\u0103 r\u0103spuns despre vinova\u021bii pentru mor\u021bii Revolu\u021biei, despre felul cum s-au [&hellip;]","og_url":"https:\/\/www.societateamuzicala.ro\/societateaculturala\/profitori-si-beneficiari-ai-revolutiei","og_site_name":"Societatea Culturala","article_published_time":"2019-12-19T13:20:14+00:00","article_modified_time":"2019-12-19T13:27:20+00:00","og_image":[{"url":"https:\/\/www.societateamuzicala.ro\/societateaculturala\/wp-content\/uploads\/2019\/12\/Conferinta-TNB-Revista-22.jpg","type":"","width":"","height":""}],"author":"Catoi Daniel","twitter_card":"summary_large_image","twitter_misc":{"Scris de":"Catoi Daniel","Timp estimat pentru citire":"1 minut"},"schema":{"@context":"https:\/\/schema.org","@graph":[{"@type":"Article","@id":"https:\/\/www.societateamuzicala.ro\/societateaculturala\/profitori-si-beneficiari-ai-revolutiei#article","isPartOf":{"@id":"https:\/\/www.societateamuzicala.ro\/societateaculturala\/profitori-si-beneficiari-ai-revolutiei"},"author":{"name":"Catoi Daniel","@id":"https:\/\/www.societateamuzicala.ro\/societateaculturala\/#\/schema\/person\/0608b1774a3787abb7ff1d5e8d1b84eb"},"headline":"Profitori \u0219i beneficiari ai Revolu\u021biei","datePublished":"2019-12-19T13:20:14+00:00","dateModified":"2019-12-19T13:27:20+00:00","mainEntityOfPage":{"@id":"https:\/\/www.societateamuzicala.ro\/societateaculturala\/profitori-si-beneficiari-ai-revolutiei"},"wordCount":277,"commentCount":0,"image":{"@id":"https:\/\/www.societateamuzicala.ro\/societateaculturala\/profitori-si-beneficiari-ai-revolutiei#primaryimage"},"thumbnailUrl":"https:\/\/www.societateamuzicala.ro\/societateaculturala\/wp-content\/uploads\/2019\/12\/Conferinta-TNB-Revista-22.jpg","keywords":["arte plastice","cinema","concerte","concerte muzica clasica","Cultura","evenimente culturale","expozitii","film","muzica clasica","muzica clasica romania","teatru"],"articleSection":["Evenimente si stiri"],"inLanguage":"ro-RO","potentialAction":[{"@type":"CommentAction","name":"Comment","target":["https:\/\/www.societateamuzicala.ro\/societateaculturala\/profitori-si-beneficiari-ai-revolutiei#respond"]}]},{"@type":"WebPage","@id":"https:\/\/www.societateamuzicala.ro\/societateaculturala\/profitori-si-beneficiari-ai-revolutiei","url":"https:\/\/www.societateamuzicala.ro\/societateaculturala\/profitori-si-beneficiari-ai-revolutiei","name":"Profitori \u0219i beneficiari ai Revolu\u021biei - Societatea Culturala","isPartOf":{"@id":"https:\/\/www.societateamuzicala.ro\/societateaculturala\/#website"},"primaryImageOfPage":{"@id":"https:\/\/www.societateamuzicala.ro\/societateaculturala\/profitori-si-beneficiari-ai-revolutiei#primaryimage"},"image":{"@id":"https:\/\/www.societateamuzicala.ro\/societateaculturala\/profitori-si-beneficiari-ai-revolutiei#primaryimage"},"thumbnailUrl":"https:\/\/www.societateamuzicala.ro\/societateaculturala\/wp-content\/uploads\/2019\/12\/Conferinta-TNB-Revista-22.jpg","datePublished":"2019-12-19T13:20:14+00:00","dateModified":"2019-12-19T13:27:20+00:00","author":{"@id":"https:\/\/www.societateamuzicala.ro\/societateaculturala\/#\/schema\/person\/0608b1774a3787abb7ff1d5e8d1b84eb"},"breadcrumb":{"@id":"https:\/\/www.societateamuzicala.ro\/societateaculturala\/profitori-si-beneficiari-ai-revolutiei#breadcrumb"},"inLanguage":"ro-RO","potentialAction":[{"@type":"ReadAction","target":["https:\/\/www.societateamuzicala.ro\/societateaculturala\/profitori-si-beneficiari-ai-revolutiei"]}]},{"@type":"ImageObject","inLanguage":"ro-RO","@id":"https:\/\/www.societateamuzicala.ro\/societateaculturala\/profitori-si-beneficiari-ai-revolutiei#primaryimage","url":"https:\/\/www.societateamuzicala.ro\/societateaculturala\/wp-content\/uploads\/2019\/12\/Conferinta-TNB-Revista-22.jpg","contentUrl":"https:\/\/www.societateamuzicala.ro\/societateaculturala\/wp-content\/uploads\/2019\/12\/Conferinta-TNB-Revista-22.jpg","width":733,"height":1024},{"@type":"BreadcrumbList","@id":"https:\/\/www.societateamuzicala.ro\/societateaculturala\/profitori-si-beneficiari-ai-revolutiei#breadcrumb","itemListElement":[{"@type":"ListItem","position":1,"name":"Acas\u0103","item":"https:\/\/www.societateamuzicala.ro\/societateaculturala"},{"@type":"ListItem","position":2,"name":"Profitori \u0219i beneficiari ai Revolu\u021biei"}]},{"@type":"WebSite","@id":"https:\/\/www.societateamuzicala.ro\/societateaculturala\/#website","url":"https:\/\/www.societateamuzicala.ro\/societateaculturala\/","name":"Societatea Culturala","description":"Platforma de marketing si informatii culturale","potentialAction":[{"@type":"SearchAction","target":{"@type":"EntryPoint","urlTemplate":"https:\/\/www.societateamuzicala.ro\/societateaculturala\/?s={search_term_string}"},"query-input":{"@type":"PropertyValueSpecification","valueRequired":true,"valueName":"search_term_string"}}],"inLanguage":"ro-RO"},{"@type":"Person","@id":"https:\/\/www.societateamuzicala.ro\/societateaculturala\/#\/schema\/person\/0608b1774a3787abb7ff1d5e8d1b84eb","name":"Catoi Daniel","image":{"@type":"ImageObject","inLanguage":"ro-RO","@id":"https:\/\/secure.gravatar.com\/avatar\/c0882a218c936889972a11c796e8ed91e0aff99b92af7212c04f740da3928233?s=96&d=mm&r=g","url":"https:\/\/secure.gravatar.com\/avatar\/c0882a218c936889972a11c796e8ed91e0aff99b92af7212c04f740da3928233?s=96&d=mm&r=g","contentUrl":"https:\/\/secure.gravatar.com\/avatar\/c0882a218c936889972a11c796e8ed91e0aff99b92af7212c04f740da3928233?s=96&d=mm&r=g","caption":"Catoi Daniel"},"url":"https:\/\/www.societateamuzicala.ro\/societateaculturala\/author\/daniel"}]}},"_links":{"self":[{"href":"https:\/\/www.societateamuzicala.ro\/societateaculturala\/wp-json\/wp\/v2\/posts\/31910","targetHints":{"allow":["GET"]}}],"collection":[{"href":"https:\/\/www.societateamuzicala.ro\/societateaculturala\/wp-json\/wp\/v2\/posts"}],"about":[{"href":"https:\/\/www.societateamuzicala.ro\/societateaculturala\/wp-json\/wp\/v2\/types\/post"}],"author":[{"embeddable":true,"href":"https:\/\/www.societateamuzicala.ro\/societateaculturala\/wp-json\/wp\/v2\/users\/22"}],"replies":[{"embeddable":true,"href":"https:\/\/www.societateamuzicala.ro\/societateaculturala\/wp-json\/wp\/v2\/comments?post=31910"}],"version-history":[{"count":0,"href":"https:\/\/www.societateamuzicala.ro\/societateaculturala\/wp-json\/wp\/v2\/posts\/31910\/revisions"}],"wp:attachment":[{"href":"https:\/\/www.societateamuzicala.ro\/societateaculturala\/wp-json\/wp\/v2\/media?parent=31910"}],"wp:term":[{"taxonomy":"category","embeddable":true,"href":"https:\/\/www.societateamuzicala.ro\/societateaculturala\/wp-json\/wp\/v2\/categories?post=31910"},{"taxonomy":"post_tag","embeddable":true,"href":"https:\/\/www.societateamuzicala.ro\/societateaculturala\/wp-json\/wp\/v2\/tags?post=31910"}],"curies":[{"name":"wp","href":"https:\/\/api.w.org\/{rel}","templated":true}]}}