{"id":31885,"date":"2019-11-22T10:45:20","date_gmt":"2019-11-22T10:45:20","guid":{"rendered":"https:\/\/www.societateamuzicala.ro\/societateaculturala\/?p=31885"},"modified":"2019-11-22T10:45:36","modified_gmt":"2019-11-22T10:45:36","slug":"romania-literara-in-dialog-cu-cititorii","status":"publish","type":"post","link":"https:\/\/www.societateamuzicala.ro\/societateaculturala\/romania-literara-in-dialog-cu-cititorii","title":{"rendered":"Rom\u00e2nia literar\u0103 \u00een dialog cu cititorii"},"content":{"rendered":"<p><strong>Duminic<\/strong><strong>\u0103 24 noiembrie <\/strong><strong>2019, de la ora 11.00, <\/strong>la <strong>Sala Atelier<\/strong>, \u00een cadrul programului <strong>CONFERIN\u0162ELE TEATRULUI NA\u0162IONAL<\/strong><\/p>\n<p><strong>TNB &amp; Revista Rom\u00e2nia Literar\u0103 v\u0103 invit\u0103 la o \u00eent\u00e2lnire extraordinar\u0103, Rom\u00e2nia literar\u0103 \u00een dialog cu cititorii<\/strong><\/p>\n<p>\u00cen cadrul lunii noiembrie, dedicate parteneriatului dintre Teatrul Na\u0163ional \u201eI.L.Caragiale\u201d din Bucure\u015fti \u015fi revista \u201eRom\u00e2nia literar\u0103\u201d, echipa redac\u021bional\u0103, grupat\u0103 \u00een jurul directorului Nicolae Manolescu, va purta un dialog cu cititorii s\u0103i.<\/p>\n<p>Al\u0103turi de redac\u021bia celei mai longevive reviste culturale din Rom\u00e2nia, invita\u021bii speciali ai acestei conferin\u021be, personalit\u0103\u021bi marcante ale momentului, vor r\u0103spunde la \u00eentreb\u0103rile publicului.<\/p>\n<p>Din partea redac\u0163iei particip\u0103:\u00a0 Nicolae Manolescu, Gabriel Chifu, Daniel Cristea-Enache, Sorin Lavric, Cristian P\u0103tr\u0103\u0219coniu, R\u0103zvan Voncu.<\/p>\n<p>Invita\u021bi speciali: Andrei Ple\u0219u, Horia-Roman Patapievici, Livius Cioc\u00e2rlie, Alex \u0218tef\u0103nescu, Mihai Zamfir.<\/p>\n<p>Biletele se pot achizi\u0163iona de la Casa de bilete TNB (din foaierul S\u0103lii Mari), precum \u015fi online \u2013 <a href=\"https:\/\/www.mystage.ro\/spectacole\/conferintele-tnb-romania-literara-in-dialog-cu-cititorii-2160\">https:\/\/www.mystage.ro\/spectacole\/conferintele-tnb-romania-literara-in-dialog-cu-cititorii-2160<\/a><\/p>\n<p>V\u0103 a\u015ftept\u0103m la dialog, \u00eempreun\u0103 cu redac\u0163ia \u201eRom\u00e2nia literar\u0103\u201d \u015fi invita\u0163ii ei speciali.<\/p>\n<p>*<\/p>\n<p>Pentru mai multe informa\u0163ii legate de bilete:<\/p>\n<p><strong>021.314.71.71 (Agen\u0163ia de bilete)<\/strong><\/p>\n<p><strong>Biletele se pot achizi\u0163iona \u015fi online, pe <\/strong><a href=\"http:\/\/www.mystage.ro\"><strong>www.mystage.ro<\/strong><\/a><\/p>\n<p><img loading=\"lazy\" decoding=\"async\" class=\"no-border alignnone wp-image-31886\" src=\"https:\/\/www.societateamuzicala.ro\/societateaculturala\/wp-content\/uploads\/2019\/11\/Conferinta-TNB-24-nov-2019-214x300.jpg\" alt=\"\" width=\"525\" height=\"735\" srcset=\"https:\/\/www.societateamuzicala.ro\/societateaculturala\/wp-content\/uploads\/2019\/11\/Conferinta-TNB-24-nov-2019-214x300.jpg 214w, https:\/\/www.societateamuzicala.ro\/societateaculturala\/wp-content\/uploads\/2019\/11\/Conferinta-TNB-24-nov-2019.jpg 731w\" sizes=\"auto, (max-width: 525px) 100vw, 525px\" \/><\/p>\n","protected":false},"excerpt":{"rendered":"<p>Duminic\u0103 24 noiembrie 2019, de la ora 11.00, la Sala Atelier, \u00een cadrul programului CONFERIN\u0162ELE TEATRULUI NA\u0162IONAL TNB &amp; Revista Rom\u00e2nia Literar\u0103 v\u0103 invit\u0103 la o \u00eent\u00e2lnire extraordinar\u0103, Rom\u00e2nia literar\u0103 \u00een dialog cu cititorii \u00cen cadrul lunii noiembrie, dedicate parteneriatului dintre Teatrul Na\u0163ional \u201eI.L.Caragiale\u201d din Bucure\u015fti \u015fi revista \u201eRom\u00e2nia literar\u0103\u201d, echipa redac\u021bional\u0103, grupat\u0103 \u00een jurul [&hellip;]<\/p>\n","protected":false},"author":22,"featured_media":0,"comment_status":"open","ping_status":"open","sticky":false,"template":"","format":"standard","meta":{"_acf_changed":false,"footnotes":""},"categories":[68],"tags":[1393,1820,191,200,4567,6322,6330,274,197,201,273],"class_list":["post-31885","post","type-post","status-publish","format-standard","hentry","category-evenimente-si-stiri","tag-arte-plastice","tag-cinema","tag-concerte","tag-concerte-muzica-clasica","tag-cultura","tag-evenimente-culturale","tag-expozitii","tag-film","tag-muzica-clasica","tag-muzica-clasica-romania","tag-teatru"],"acf":{"cc_filter":[],"poza_fixa":"https:\/\/www.societateamuzicala.ro\/societateaculturala\/wp-content\/uploads\/2019\/03\/TNB.jpg","url_poza_fixa":"","oras":"","sector":"","zona":"","in_strainatate":false,"pian":false,"orga":false,"data1":"","data2":"","afiseaza_data_post":false,"acf_sala":"","centru_cultural":"","articole_parinte":"","articole_relationate":"","coordonate":false,"tab1_nume":"Despre","tab3":false,"tab5":false,"tab4":false},"yoast_head":"<!-- This site is optimized with the Yoast SEO plugin v27.5 - https:\/\/yoast.com\/product\/yoast-seo-wordpress\/ -->\n<title>Rom\u00e2nia literar\u0103 \u00een dialog cu cititorii - Societatea Culturala<\/title>\n<meta name=\"robots\" content=\"index, follow, max-snippet:-1, max-image-preview:large, max-video-preview:-1\" \/>\n<link rel=\"canonical\" href=\"https:\/\/www.societateamuzicala.ro\/societateaculturala\/romania-literara-in-dialog-cu-cititorii\" \/>\n<meta property=\"og:locale\" content=\"ro_RO\" \/>\n<meta property=\"og:type\" content=\"article\" \/>\n<meta property=\"og:title\" content=\"Rom\u00e2nia literar\u0103 \u00een dialog cu cititorii - Societatea Culturala\" \/>\n<meta property=\"og:description\" content=\"Duminic\u0103 24 noiembrie 2019, de la ora 11.00, la Sala Atelier, \u00een cadrul programului CONFERIN\u0162ELE TEATRULUI NA\u0162IONAL TNB &amp; Revista Rom\u00e2nia Literar\u0103 v\u0103 invit\u0103 la o \u00eent\u00e2lnire extraordinar\u0103, Rom\u00e2nia literar\u0103 \u00een dialog cu cititorii \u00cen cadrul lunii noiembrie, dedicate parteneriatului dintre Teatrul Na\u0163ional \u201eI.L.Caragiale\u201d din Bucure\u015fti \u015fi revista \u201eRom\u00e2nia literar\u0103\u201d, echipa redac\u021bional\u0103, grupat\u0103 \u00een jurul [&hellip;]\" \/>\n<meta property=\"og:url\" content=\"https:\/\/www.societateamuzicala.ro\/societateaculturala\/romania-literara-in-dialog-cu-cititorii\" \/>\n<meta property=\"og:site_name\" content=\"Societatea Culturala\" \/>\n<meta property=\"article:published_time\" content=\"2019-11-22T10:45:20+00:00\" \/>\n<meta property=\"article:modified_time\" content=\"2019-11-22T10:45:36+00:00\" \/>\n<meta property=\"og:image\" content=\"https:\/\/www.societateamuzicala.ro\/societateaculturala\/wp-content\/uploads\/2019\/11\/Conferinta-TNB-24-nov-2019-214x300.jpg\" \/>\n<meta name=\"author\" content=\"Catoi Daniel\" \/>\n<meta name=\"twitter:card\" content=\"summary_large_image\" \/>\n<meta name=\"twitter:label1\" content=\"Scris de\" \/>\n\t<meta name=\"twitter:data1\" content=\"Catoi Daniel\" \/>\n\t<meta name=\"twitter:label2\" content=\"Timp estimat pentru citire\" \/>\n\t<meta name=\"twitter:data2\" content=\"1 minut\" \/>\n<script type=\"application\/ld+json\" class=\"yoast-schema-graph\">{\"@context\":\"https:\\\/\\\/schema.org\",\"@graph\":[{\"@type\":\"Article\",\"@id\":\"https:\\\/\\\/www.societateamuzicala.ro\\\/societateaculturala\\\/romania-literara-in-dialog-cu-cititorii#article\",\"isPartOf\":{\"@id\":\"https:\\\/\\\/www.societateamuzicala.ro\\\/societateaculturala\\\/romania-literara-in-dialog-cu-cititorii\"},\"author\":{\"name\":\"Catoi Daniel\",\"@id\":\"https:\\\/\\\/www.societateamuzicala.ro\\\/societateaculturala\\\/#\\\/schema\\\/person\\\/0608b1774a3787abb7ff1d5e8d1b84eb\"},\"headline\":\"Rom\u00e2nia literar\u0103 \u00een dialog cu cititorii\",\"datePublished\":\"2019-11-22T10:45:20+00:00\",\"dateModified\":\"2019-11-22T10:45:36+00:00\",\"mainEntityOfPage\":{\"@id\":\"https:\\\/\\\/www.societateamuzicala.ro\\\/societateaculturala\\\/romania-literara-in-dialog-cu-cititorii\"},\"wordCount\":215,\"commentCount\":0,\"image\":{\"@id\":\"https:\\\/\\\/www.societateamuzicala.ro\\\/societateaculturala\\\/romania-literara-in-dialog-cu-cititorii#primaryimage\"},\"thumbnailUrl\":\"https:\\\/\\\/www.societateamuzicala.ro\\\/societateaculturala\\\/wp-content\\\/uploads\\\/2019\\\/11\\\/Conferinta-TNB-24-nov-2019-214x300.jpg\",\"keywords\":[\"arte plastice\",\"cinema\",\"concerte\",\"concerte muzica clasica\",\"Cultura\",\"evenimente culturale\",\"expozitii\",\"film\",\"muzica clasica\",\"muzica clasica romania\",\"teatru\"],\"articleSection\":[\"Evenimente si stiri\"],\"inLanguage\":\"ro-RO\",\"potentialAction\":[{\"@type\":\"CommentAction\",\"name\":\"Comment\",\"target\":[\"https:\\\/\\\/www.societateamuzicala.ro\\\/societateaculturala\\\/romania-literara-in-dialog-cu-cititorii#respond\"]}]},{\"@type\":\"WebPage\",\"@id\":\"https:\\\/\\\/www.societateamuzicala.ro\\\/societateaculturala\\\/romania-literara-in-dialog-cu-cititorii\",\"url\":\"https:\\\/\\\/www.societateamuzicala.ro\\\/societateaculturala\\\/romania-literara-in-dialog-cu-cititorii\",\"name\":\"Rom\u00e2nia literar\u0103 \u00een dialog cu cititorii - Societatea Culturala\",\"isPartOf\":{\"@id\":\"https:\\\/\\\/www.societateamuzicala.ro\\\/societateaculturala\\\/#website\"},\"primaryImageOfPage\":{\"@id\":\"https:\\\/\\\/www.societateamuzicala.ro\\\/societateaculturala\\\/romania-literara-in-dialog-cu-cititorii#primaryimage\"},\"image\":{\"@id\":\"https:\\\/\\\/www.societateamuzicala.ro\\\/societateaculturala\\\/romania-literara-in-dialog-cu-cititorii#primaryimage\"},\"thumbnailUrl\":\"https:\\\/\\\/www.societateamuzicala.ro\\\/societateaculturala\\\/wp-content\\\/uploads\\\/2019\\\/11\\\/Conferinta-TNB-24-nov-2019-214x300.jpg\",\"datePublished\":\"2019-11-22T10:45:20+00:00\",\"dateModified\":\"2019-11-22T10:45:36+00:00\",\"author\":{\"@id\":\"https:\\\/\\\/www.societateamuzicala.ro\\\/societateaculturala\\\/#\\\/schema\\\/person\\\/0608b1774a3787abb7ff1d5e8d1b84eb\"},\"breadcrumb\":{\"@id\":\"https:\\\/\\\/www.societateamuzicala.ro\\\/societateaculturala\\\/romania-literara-in-dialog-cu-cititorii#breadcrumb\"},\"inLanguage\":\"ro-RO\",\"potentialAction\":[{\"@type\":\"ReadAction\",\"target\":[\"https:\\\/\\\/www.societateamuzicala.ro\\\/societateaculturala\\\/romania-literara-in-dialog-cu-cititorii\"]}]},{\"@type\":\"ImageObject\",\"inLanguage\":\"ro-RO\",\"@id\":\"https:\\\/\\\/www.societateamuzicala.ro\\\/societateaculturala\\\/romania-literara-in-dialog-cu-cititorii#primaryimage\",\"url\":\"https:\\\/\\\/www.societateamuzicala.ro\\\/societateaculturala\\\/wp-content\\\/uploads\\\/2019\\\/11\\\/Conferinta-TNB-24-nov-2019.jpg\",\"contentUrl\":\"https:\\\/\\\/www.societateamuzicala.ro\\\/societateaculturala\\\/wp-content\\\/uploads\\\/2019\\\/11\\\/Conferinta-TNB-24-nov-2019.jpg\",\"width\":731,\"height\":1024},{\"@type\":\"BreadcrumbList\",\"@id\":\"https:\\\/\\\/www.societateamuzicala.ro\\\/societateaculturala\\\/romania-literara-in-dialog-cu-cititorii#breadcrumb\",\"itemListElement\":[{\"@type\":\"ListItem\",\"position\":1,\"name\":\"Acas\u0103\",\"item\":\"https:\\\/\\\/www.societateamuzicala.ro\\\/societateaculturala\"},{\"@type\":\"ListItem\",\"position\":2,\"name\":\"Rom\u00e2nia literar\u0103 \u00een dialog cu cititorii\"}]},{\"@type\":\"WebSite\",\"@id\":\"https:\\\/\\\/www.societateamuzicala.ro\\\/societateaculturala\\\/#website\",\"url\":\"https:\\\/\\\/www.societateamuzicala.ro\\\/societateaculturala\\\/\",\"name\":\"Societatea Culturala\",\"description\":\"Platforma de marketing si informatii culturale\",\"potentialAction\":[{\"@type\":\"SearchAction\",\"target\":{\"@type\":\"EntryPoint\",\"urlTemplate\":\"https:\\\/\\\/www.societateamuzicala.ro\\\/societateaculturala\\\/?s={search_term_string}\"},\"query-input\":{\"@type\":\"PropertyValueSpecification\",\"valueRequired\":true,\"valueName\":\"search_term_string\"}}],\"inLanguage\":\"ro-RO\"},{\"@type\":\"Person\",\"@id\":\"https:\\\/\\\/www.societateamuzicala.ro\\\/societateaculturala\\\/#\\\/schema\\\/person\\\/0608b1774a3787abb7ff1d5e8d1b84eb\",\"name\":\"Catoi Daniel\",\"image\":{\"@type\":\"ImageObject\",\"inLanguage\":\"ro-RO\",\"@id\":\"https:\\\/\\\/secure.gravatar.com\\\/avatar\\\/c0882a218c936889972a11c796e8ed91e0aff99b92af7212c04f740da3928233?s=96&d=mm&r=g\",\"url\":\"https:\\\/\\\/secure.gravatar.com\\\/avatar\\\/c0882a218c936889972a11c796e8ed91e0aff99b92af7212c04f740da3928233?s=96&d=mm&r=g\",\"contentUrl\":\"https:\\\/\\\/secure.gravatar.com\\\/avatar\\\/c0882a218c936889972a11c796e8ed91e0aff99b92af7212c04f740da3928233?s=96&d=mm&r=g\",\"caption\":\"Catoi Daniel\"},\"url\":\"https:\\\/\\\/www.societateamuzicala.ro\\\/societateaculturala\\\/author\\\/daniel\"}]}<\/script>\n<!-- \/ Yoast SEO plugin. -->","yoast_head_json":{"title":"Rom\u00e2nia literar\u0103 \u00een dialog cu cititorii - Societatea Culturala","robots":{"index":"index","follow":"follow","max-snippet":"max-snippet:-1","max-image-preview":"max-image-preview:large","max-video-preview":"max-video-preview:-1"},"canonical":"https:\/\/www.societateamuzicala.ro\/societateaculturala\/romania-literara-in-dialog-cu-cititorii","og_locale":"ro_RO","og_type":"article","og_title":"Rom\u00e2nia literar\u0103 \u00een dialog cu cititorii - Societatea Culturala","og_description":"Duminic\u0103 24 noiembrie 2019, de la ora 11.00, la Sala Atelier, \u00een cadrul programului CONFERIN\u0162ELE TEATRULUI NA\u0162IONAL TNB &amp; Revista Rom\u00e2nia Literar\u0103 v\u0103 invit\u0103 la o \u00eent\u00e2lnire extraordinar\u0103, Rom\u00e2nia literar\u0103 \u00een dialog cu cititorii \u00cen cadrul lunii noiembrie, dedicate parteneriatului dintre Teatrul Na\u0163ional \u201eI.L.Caragiale\u201d din Bucure\u015fti \u015fi revista \u201eRom\u00e2nia literar\u0103\u201d, echipa redac\u021bional\u0103, grupat\u0103 \u00een jurul [&hellip;]","og_url":"https:\/\/www.societateamuzicala.ro\/societateaculturala\/romania-literara-in-dialog-cu-cititorii","og_site_name":"Societatea Culturala","article_published_time":"2019-11-22T10:45:20+00:00","article_modified_time":"2019-11-22T10:45:36+00:00","og_image":[{"url":"https:\/\/www.societateamuzicala.ro\/societateaculturala\/wp-content\/uploads\/2019\/11\/Conferinta-TNB-24-nov-2019-214x300.jpg","type":"","width":"","height":""}],"author":"Catoi Daniel","twitter_card":"summary_large_image","twitter_misc":{"Scris de":"Catoi Daniel","Timp estimat pentru citire":"1 minut"},"schema":{"@context":"https:\/\/schema.org","@graph":[{"@type":"Article","@id":"https:\/\/www.societateamuzicala.ro\/societateaculturala\/romania-literara-in-dialog-cu-cititorii#article","isPartOf":{"@id":"https:\/\/www.societateamuzicala.ro\/societateaculturala\/romania-literara-in-dialog-cu-cititorii"},"author":{"name":"Catoi Daniel","@id":"https:\/\/www.societateamuzicala.ro\/societateaculturala\/#\/schema\/person\/0608b1774a3787abb7ff1d5e8d1b84eb"},"headline":"Rom\u00e2nia literar\u0103 \u00een dialog cu cititorii","datePublished":"2019-11-22T10:45:20+00:00","dateModified":"2019-11-22T10:45:36+00:00","mainEntityOfPage":{"@id":"https:\/\/www.societateamuzicala.ro\/societateaculturala\/romania-literara-in-dialog-cu-cititorii"},"wordCount":215,"commentCount":0,"image":{"@id":"https:\/\/www.societateamuzicala.ro\/societateaculturala\/romania-literara-in-dialog-cu-cititorii#primaryimage"},"thumbnailUrl":"https:\/\/www.societateamuzicala.ro\/societateaculturala\/wp-content\/uploads\/2019\/11\/Conferinta-TNB-24-nov-2019-214x300.jpg","keywords":["arte plastice","cinema","concerte","concerte muzica clasica","Cultura","evenimente culturale","expozitii","film","muzica clasica","muzica clasica romania","teatru"],"articleSection":["Evenimente si stiri"],"inLanguage":"ro-RO","potentialAction":[{"@type":"CommentAction","name":"Comment","target":["https:\/\/www.societateamuzicala.ro\/societateaculturala\/romania-literara-in-dialog-cu-cititorii#respond"]}]},{"@type":"WebPage","@id":"https:\/\/www.societateamuzicala.ro\/societateaculturala\/romania-literara-in-dialog-cu-cititorii","url":"https:\/\/www.societateamuzicala.ro\/societateaculturala\/romania-literara-in-dialog-cu-cititorii","name":"Rom\u00e2nia literar\u0103 \u00een dialog cu cititorii - Societatea Culturala","isPartOf":{"@id":"https:\/\/www.societateamuzicala.ro\/societateaculturala\/#website"},"primaryImageOfPage":{"@id":"https:\/\/www.societateamuzicala.ro\/societateaculturala\/romania-literara-in-dialog-cu-cititorii#primaryimage"},"image":{"@id":"https:\/\/www.societateamuzicala.ro\/societateaculturala\/romania-literara-in-dialog-cu-cititorii#primaryimage"},"thumbnailUrl":"https:\/\/www.societateamuzicala.ro\/societateaculturala\/wp-content\/uploads\/2019\/11\/Conferinta-TNB-24-nov-2019-214x300.jpg","datePublished":"2019-11-22T10:45:20+00:00","dateModified":"2019-11-22T10:45:36+00:00","author":{"@id":"https:\/\/www.societateamuzicala.ro\/societateaculturala\/#\/schema\/person\/0608b1774a3787abb7ff1d5e8d1b84eb"},"breadcrumb":{"@id":"https:\/\/www.societateamuzicala.ro\/societateaculturala\/romania-literara-in-dialog-cu-cititorii#breadcrumb"},"inLanguage":"ro-RO","potentialAction":[{"@type":"ReadAction","target":["https:\/\/www.societateamuzicala.ro\/societateaculturala\/romania-literara-in-dialog-cu-cititorii"]}]},{"@type":"ImageObject","inLanguage":"ro-RO","@id":"https:\/\/www.societateamuzicala.ro\/societateaculturala\/romania-literara-in-dialog-cu-cititorii#primaryimage","url":"https:\/\/www.societateamuzicala.ro\/societateaculturala\/wp-content\/uploads\/2019\/11\/Conferinta-TNB-24-nov-2019.jpg","contentUrl":"https:\/\/www.societateamuzicala.ro\/societateaculturala\/wp-content\/uploads\/2019\/11\/Conferinta-TNB-24-nov-2019.jpg","width":731,"height":1024},{"@type":"BreadcrumbList","@id":"https:\/\/www.societateamuzicala.ro\/societateaculturala\/romania-literara-in-dialog-cu-cititorii#breadcrumb","itemListElement":[{"@type":"ListItem","position":1,"name":"Acas\u0103","item":"https:\/\/www.societateamuzicala.ro\/societateaculturala"},{"@type":"ListItem","position":2,"name":"Rom\u00e2nia literar\u0103 \u00een dialog cu cititorii"}]},{"@type":"WebSite","@id":"https:\/\/www.societateamuzicala.ro\/societateaculturala\/#website","url":"https:\/\/www.societateamuzicala.ro\/societateaculturala\/","name":"Societatea Culturala","description":"Platforma de marketing si informatii culturale","potentialAction":[{"@type":"SearchAction","target":{"@type":"EntryPoint","urlTemplate":"https:\/\/www.societateamuzicala.ro\/societateaculturala\/?s={search_term_string}"},"query-input":{"@type":"PropertyValueSpecification","valueRequired":true,"valueName":"search_term_string"}}],"inLanguage":"ro-RO"},{"@type":"Person","@id":"https:\/\/www.societateamuzicala.ro\/societateaculturala\/#\/schema\/person\/0608b1774a3787abb7ff1d5e8d1b84eb","name":"Catoi Daniel","image":{"@type":"ImageObject","inLanguage":"ro-RO","@id":"https:\/\/secure.gravatar.com\/avatar\/c0882a218c936889972a11c796e8ed91e0aff99b92af7212c04f740da3928233?s=96&d=mm&r=g","url":"https:\/\/secure.gravatar.com\/avatar\/c0882a218c936889972a11c796e8ed91e0aff99b92af7212c04f740da3928233?s=96&d=mm&r=g","contentUrl":"https:\/\/secure.gravatar.com\/avatar\/c0882a218c936889972a11c796e8ed91e0aff99b92af7212c04f740da3928233?s=96&d=mm&r=g","caption":"Catoi Daniel"},"url":"https:\/\/www.societateamuzicala.ro\/societateaculturala\/author\/daniel"}]}},"_links":{"self":[{"href":"https:\/\/www.societateamuzicala.ro\/societateaculturala\/wp-json\/wp\/v2\/posts\/31885","targetHints":{"allow":["GET"]}}],"collection":[{"href":"https:\/\/www.societateamuzicala.ro\/societateaculturala\/wp-json\/wp\/v2\/posts"}],"about":[{"href":"https:\/\/www.societateamuzicala.ro\/societateaculturala\/wp-json\/wp\/v2\/types\/post"}],"author":[{"embeddable":true,"href":"https:\/\/www.societateamuzicala.ro\/societateaculturala\/wp-json\/wp\/v2\/users\/22"}],"replies":[{"embeddable":true,"href":"https:\/\/www.societateamuzicala.ro\/societateaculturala\/wp-json\/wp\/v2\/comments?post=31885"}],"version-history":[{"count":0,"href":"https:\/\/www.societateamuzicala.ro\/societateaculturala\/wp-json\/wp\/v2\/posts\/31885\/revisions"}],"wp:attachment":[{"href":"https:\/\/www.societateamuzicala.ro\/societateaculturala\/wp-json\/wp\/v2\/media?parent=31885"}],"wp:term":[{"taxonomy":"category","embeddable":true,"href":"https:\/\/www.societateamuzicala.ro\/societateaculturala\/wp-json\/wp\/v2\/categories?post=31885"},{"taxonomy":"post_tag","embeddable":true,"href":"https:\/\/www.societateamuzicala.ro\/societateaculturala\/wp-json\/wp\/v2\/tags?post=31885"}],"curies":[{"name":"wp","href":"https:\/\/api.w.org\/{rel}","templated":true}]}}