{"id":31773,"date":"2019-09-11T14:07:05","date_gmt":"2019-09-11T14:07:05","guid":{"rendered":"https:\/\/www.societateamuzicala.ro\/societateaculturala\/?p=31773"},"modified":"2019-09-11T14:08:07","modified_gmt":"2019-09-11T14:08:07","slug":"tnb-anunta-deschiderea-noii-stagiuni-2019-2020","status":"publish","type":"post","link":"https:\/\/www.societateamuzicala.ro\/societateaculturala\/tnb-anunta-deschiderea-noii-stagiuni-2019-2020","title":{"rendered":"TNB anun\u021b\u0103 deschiderea noii stagiuni 2019-2020"},"content":{"rendered":"<p>Ca \u00een fiecare an, la mijlocul lunii septembrie, Teatrul Na\u021bional I.L.Caragiale din Bucure\u0219ti anun\u021b\u0103 deschiderea stagiunii.\u00a0Primele spectacole sunt programate pentru week-end-ul 13-15 septembrie 2019, iar biletele au fost puse \u00een v\u00e2nzare online \u0219i la Casa de bilete a teatrului.<\/p>\n<p>\u00cenc\u0103 din primele s\u0103pt\u0103m\u00e2ni ale noii stagiuni 2019-2020, vor putea fi v\u0103zute unele dintre cele mai apreciate spectacole ale repertoriului. Pe scenele TNB se \u00eentorc, r\u00e2nd pe r\u00e2nd, titluri ce au st\u00e2rnit aplauze \u0219i aprecieri pline de substan\u021b\u0103, cum ar fi\u00a0: &#8222;Regele moare&#8221;, &#8222;To\u021bi fiii mei&#8221;, &#8222;Dineu cu pro\u0219ti&#8221;, \u00a0&#8222;Idolul \u0219i Ion Anapoda&#8221;, &#8222;Omul care a v\u0103zut moartea&#8221;, &#8222;Micul infern&#8221;, &#8222;Umbre&#8221;, &#8222;Cursa de \u0219oareci&#8221;, &#8222;Orchestra Titanic&#8221;, &#8222;O \u00eent\u00e2mplare ciudat\u0103 cu un c\u00e2ine la miezul nop\u021bii&#8221;, &#8222;Butoiul cu pulbere&#8221;, &#8222;Tectonica sentimentelor&#8221;, precum \u0219i recentele premiere\u00a0: &#8222;Noii infractori&#8221;,&#8221;Pre\u0219ul&#8221;, &#8222;Class&#8221;, &#8222;50 de secunde&#8221;.<\/p>\n<p>\u00cen urm\u0103toarea perioad\u0103, stagiunea de var\u0103 de pe acoperi\u0219, de la \u201dAmfiteatru\u201d, derulat\u0103 pe tot parcursul sezonului estival sub titlul \u201dNop\u021bi de var\u0103, sus, pe teatru\u201d, \u00eembie \u00een continuare spectatorii la ceas t\u00e2rziu de sear\u0103 cald\u0103 \u0219i senin\u0103, anun\u021b\u00e2nd spectacole p\u00e2n\u0103 la final de septembrie. Dup\u0103 ce s\u0103lile teatrului au intrat \u00een vacan\u021b\u0103, publicul s-a retras \u00een atmosfera primitoare \u0219i reconfortant\u0103 a spa\u021biului de spectacole amplasat deasupra S\u0103lii Mari,\u00a0 acolo unde serile acestei veri au fost animate, pentru prima dat\u0103 dup\u0103 reconstruc\u021bia TNB \u0219i inaugurarea acestui nou spa\u021biu, \u00a0\u0219i de teatru, \u0219i de muzic\u0103, dans sau film. Gala T\u00e2n\u0103rului Actor \u201dHop\u201d a avut un prolog aici, prin premiera spectacolului &#8222;On the Roof&#8221;, proiect condus de excep\u021bionalul artist Gigi C\u0103ciuleanu \u0219i primit cu mult entuziasm de public \u0219i de critici.<\/p>\n<p>\u00cen luna septembrie, spectacolul bazat pe piesa declarat\u0103, la Gala Premiilor UNITER, &#8222;Cea mai bun\u0103 pies\u0103 rom\u00e2neasc\u0103 a anului 2017&#8221;, &#8222;<strong>50 de secunde<\/strong>&#8221; de Daniel Oltean, a fost invitat s\u0103\u00a0 participe la Festivalul\u00a0\u201dZile \u0219i Nop\u021bi de Teatru la Br\u0103ila\u201d.<\/p>\n<p>Spre finalul lunii septembrie, una din cele mai recente premiere, produc\u021bie a stagiunii trecute, montarea piesei &#8222;<strong>Noii infractori<\/strong>&#8221; de Edna Mazia, va avea dou\u0103 reprezenta\u021bii pe scena Teatrului &#8222;Mihai Eminescu&#8221; din Chi\u0219in\u0103u, cu ocazia \u00a0Reuniunii Teatrelor Na\u021bionale Rom\u00e2ne\u0219ti.<\/p>\n<p><strong>Conferintele TNB<\/strong>\u00a0vor avea, din aceast\u0103 toamn\u0103, un format nou, fiind organizate \u00een luna octombrie, \u00een parteneriat cu Dilema Veche, \u00een noiembrie, cu Rom\u00e2nia literar\u0103 \u0219i \u00een decembrie, cu Revista 22. Prima conferin\u021b\u0103 din seria noii stagiuni este programat\u0103 pe 29 septembrie.<\/p>\n<p>Dup\u0103 ce, \u00een prim\u0103var\u0103, a trecut pragul majoratului, programul destinat copiilor, <strong>Teatrul Na\u021bional pentru Copii <\/strong>&#8222;<strong>Abracadabra<\/strong>&#8222;<strong>,<\/strong> realizat \u00een coproduc\u021bie de Funda\u021bia Abracadabra \u0219i TNB, se preg\u0103te\u0219te s\u0103 \u00eenceap\u0103 cea de-a 19-a stagiune \u00een care cei mai mici dintre spectatorii teatrului vor continua <em>Jocul de-a Teatrul<\/em> sub \u00eendrumarea \u00eendr\u0103gitului Magician al Pove\u0219tilor, Marian R\u00e2lea \u0219i a echipei sale.<\/p>\n<p>Teatrul Na\u021bional \u201dI.L.Caragiale\u201d din Bucure\u0219ti anun\u021b\u0103, pentru noua stagiune, dou\u0103 mont\u0103ri dup\u0103 titluri de referin\u021b\u0103 ale dramaturgiei universale, sub semn\u0103turile a doi regizori de succes \u0219i cu distribu\u021bii cuceritoare.<\/p>\n<p>Prima nou\u0103 montare pe scena Na\u021bionalului pentru stagiunea de toamn\u0103 se afl\u0103 \u00eentr-un stadiu avansat de repeti\u021bii,\u00a0la care lucreaz\u0103 regizorul bulgar <strong>Alexander Morfov.<\/strong> Cu alte trei mont\u0103ri la TNB, &#8222;Vizita b\u0103tr\u00e2nei doamne&#8221;, &#8222;Furtuna&#8221; \u0219i &#8222;No Man\u2019s Land&#8221;, regizor cu o cot\u0103 de originalitate apreciat\u0103 la nivel interna\u021bional, Morfov a revenit la Teatrul Na\u021bional bucure\u0219tean pentru o nou\u0103 provocare shakespearian\u0103. De aceast\u0103 dat\u0103, alegerea lui este\u00a0 piesa &#8222;<strong>Negu\u021b\u0103torul din Vene\u021bia<\/strong>&#8222;, cu <strong>Ion Caramitru<\/strong> \u00een rolul lui Shylock \u0219i cu\u00a0 <strong>Ada Gale\u0219,\u00a0Richard Bovnoczki, Alexandru Potocean<\/strong>, \u00een alte roluri principale, seconda\u021bi de o distribu\u021bie numeroas\u0103.\u00a0Decorurile: Gabi Albu, Costumele: Liliana Cenean, Coregrafia: Inga Krasovska, Light Design: Chris Jaeger.<\/p>\n<p>Scris\u0103 la finalul secolului al XVI-lea, \u201eNegu\u021b\u0103torul din Vene\u021bia\u201d este \u0219i ast\u0103zi o pies\u0103 extrem de actual\u0103, despre bani, l\u0103comie, dragoste \u0219i tensiuni inter-rasiale, despre discriminare \u0219i r\u0103zbunare. Shakespeare r\u0103m\u00e2ne \u201econtemporanul nostru\u201d, cum a spus-o cu peste patru decenii \u00een urm\u0103 Jan Kott.<\/p>\n<p>Primele reprezenta\u021bii sunt programate s\u0103 aib\u0103 loc \u00een zilele de 18 \u0219i 19 septembrie, iar premiera pe 20 \u0219i 22 septembrie, la Sala Studio.<\/p>\n<p>Tot \u00een luna septembrie, la TNB, vor \u00eencepe repeti\u021biile la un nou spectacol, \u00een regia lui Radu Afrim. \u201dTrei surori\u201d de A.P.Cehov, urmeaz\u0103 s\u0103 aib\u0103 premiera \u00een decembrie 2019.<\/p>\n<p>Informa\u021bii actualizate constant, calendarul spectacolelor \u0219i evenimentelor desf\u0103\u0219urate la TNB \u0219i toate detaliile despre activit\u0103\u021bile diverse ale teatrului, precum \u0219i noi posibilit\u0103\u021bi de comunicare interactive \u0219i un chestionar online deschis spectatorilor pe pagina \u201dP\u0103rerea ta\u201d, pot fi g\u0103site \u00a0\u0219i pe parcursul noii stagiuni, pe <a href=\"http:\/\/www.tnb.ro\" target=\"_blank\" rel=\"noopener\">www.tnb.ro<\/a> \u0219i pe paginile noastre de socializare.<\/p>\n<p>V\u0103 a\u0219tept\u0103m, a\u0219adar, al\u0103turi de noi ! Se deschide Stagiunea 2019-2020, la Na\u021bional!<\/p>\n<p><a href=\"https:\/\/www.societateamuzicala.ro\/societateaculturala\/wp-content\/uploads\/2019\/09\/Repetitii-Negutatorul.jpg\"><img loading=\"lazy\" decoding=\"async\" class=\"no-border alignnone wp-image-31774\" src=\"https:\/\/www.societateamuzicala.ro\/societateaculturala\/wp-content\/uploads\/2019\/09\/Repetitii-Negutatorul-300x169.jpg\" alt=\"\" width=\"525\" height=\"295\" srcset=\"https:\/\/www.societateamuzicala.ro\/societateaculturala\/wp-content\/uploads\/2019\/09\/Repetitii-Negutatorul-300x169.jpg 300w, https:\/\/www.societateamuzicala.ro\/societateaculturala\/wp-content\/uploads\/2019\/09\/Repetitii-Negutatorul-768x432.jpg 768w, https:\/\/www.societateamuzicala.ro\/societateaculturala\/wp-content\/uploads\/2019\/09\/Repetitii-Negutatorul.jpg 1024w\" sizes=\"auto, (max-width: 525px) 100vw, 525px\" \/><\/a><\/p>\n","protected":false},"excerpt":{"rendered":"<p>Ca \u00een fiecare an, la mijlocul lunii septembrie, Teatrul Na\u021bional I.L.Caragiale din Bucure\u0219ti anun\u021b\u0103 deschiderea stagiunii.\u00a0Primele spectacole sunt programate pentru week-end-ul 13-15 septembrie 2019, iar biletele au fost puse \u00een v\u00e2nzare online \u0219i la Casa de bilete a teatrului. \u00cenc\u0103 din primele s\u0103pt\u0103m\u00e2ni ale noii stagiuni 2019-2020, vor putea fi v\u0103zute unele dintre cele mai [&hellip;]<\/p>\n","protected":false},"author":22,"featured_media":0,"comment_status":"open","ping_status":"open","sticky":false,"template":"","format":"standard","meta":{"_acf_changed":false,"footnotes":""},"categories":[68],"tags":[1393,1820,191,200,4567,6322,6330,274,197,201,273],"class_list":["post-31773","post","type-post","status-publish","format-standard","hentry","category-evenimente-si-stiri","tag-arte-plastice","tag-cinema","tag-concerte","tag-concerte-muzica-clasica","tag-cultura","tag-evenimente-culturale","tag-expozitii","tag-film","tag-muzica-clasica","tag-muzica-clasica-romania","tag-teatru"],"acf":{"cc_filter":["teatru"],"poza_fixa":"https:\/\/www.societateamuzicala.ro\/societateaculturala\/wp-content\/uploads\/2019\/03\/TNB.jpg","url_poza_fixa":"","oras":"","sector":"0","zona":"null","in_strainatate":false,"pian":false,"orga":false,"data1":"","data2":"","afiseaza_data_post":false,"acf_sala":"","centru_cultural":"","articole_parinte":"","articole_relationate":"","coordonate":false,"tab1_nume":"Despre","tab3":false},"yoast_head":"<!-- This site is optimized with the Yoast SEO plugin v27.4 - https:\/\/yoast.com\/product\/yoast-seo-wordpress\/ -->\n<title>TNB anun\u021b\u0103 deschiderea noii stagiuni 2019-2020 - Societatea Culturala<\/title>\n<meta name=\"robots\" content=\"index, follow, max-snippet:-1, max-image-preview:large, max-video-preview:-1\" \/>\n<link rel=\"canonical\" href=\"https:\/\/www.societateamuzicala.ro\/societateaculturala\/tnb-anunta-deschiderea-noii-stagiuni-2019-2020\" \/>\n<meta property=\"og:locale\" content=\"ro_RO\" \/>\n<meta property=\"og:type\" content=\"article\" \/>\n<meta property=\"og:title\" content=\"TNB anun\u021b\u0103 deschiderea noii stagiuni 2019-2020 - Societatea Culturala\" \/>\n<meta property=\"og:description\" content=\"Ca \u00een fiecare an, la mijlocul lunii septembrie, Teatrul Na\u021bional I.L.Caragiale din Bucure\u0219ti anun\u021b\u0103 deschiderea stagiunii.\u00a0Primele spectacole sunt programate pentru week-end-ul 13-15 septembrie 2019, iar biletele au fost puse \u00een v\u00e2nzare online \u0219i la Casa de bilete a teatrului. \u00cenc\u0103 din primele s\u0103pt\u0103m\u00e2ni ale noii stagiuni 2019-2020, vor putea fi v\u0103zute unele dintre cele mai [&hellip;]\" \/>\n<meta property=\"og:url\" content=\"https:\/\/www.societateamuzicala.ro\/societateaculturala\/tnb-anunta-deschiderea-noii-stagiuni-2019-2020\" \/>\n<meta property=\"og:site_name\" content=\"Societatea Culturala\" \/>\n<meta property=\"article:published_time\" content=\"2019-09-11T14:07:05+00:00\" \/>\n<meta property=\"article:modified_time\" content=\"2019-09-11T14:08:07+00:00\" \/>\n<meta property=\"og:image\" content=\"https:\/\/www.societateamuzicala.ro\/societateaculturala\/wp-content\/uploads\/2019\/09\/Repetitii-Negutatorul.jpg\" \/>\n\t<meta property=\"og:image:width\" content=\"1024\" \/>\n\t<meta property=\"og:image:height\" content=\"576\" \/>\n\t<meta property=\"og:image:type\" content=\"image\/jpeg\" \/>\n<meta name=\"author\" content=\"Catoi Daniel\" \/>\n<meta name=\"twitter:card\" content=\"summary_large_image\" \/>\n<meta name=\"twitter:label1\" content=\"Scris de\" \/>\n\t<meta name=\"twitter:data1\" content=\"Catoi Daniel\" \/>\n\t<meta name=\"twitter:label2\" content=\"Timp estimat pentru citire\" \/>\n\t<meta name=\"twitter:data2\" content=\"4 minute\" \/>\n<script type=\"application\/ld+json\" class=\"yoast-schema-graph\">{\"@context\":\"https:\\\/\\\/schema.org\",\"@graph\":[{\"@type\":\"Article\",\"@id\":\"https:\\\/\\\/www.societateamuzicala.ro\\\/societateaculturala\\\/tnb-anunta-deschiderea-noii-stagiuni-2019-2020#article\",\"isPartOf\":{\"@id\":\"https:\\\/\\\/www.societateamuzicala.ro\\\/societateaculturala\\\/tnb-anunta-deschiderea-noii-stagiuni-2019-2020\"},\"author\":{\"name\":\"Catoi Daniel\",\"@id\":\"https:\\\/\\\/www.societateamuzicala.ro\\\/societateaculturala\\\/#\\\/schema\\\/person\\\/0608b1774a3787abb7ff1d5e8d1b84eb\"},\"headline\":\"TNB anun\u021b\u0103 deschiderea noii stagiuni 2019-2020\",\"datePublished\":\"2019-09-11T14:07:05+00:00\",\"dateModified\":\"2019-09-11T14:08:07+00:00\",\"mainEntityOfPage\":{\"@id\":\"https:\\\/\\\/www.societateamuzicala.ro\\\/societateaculturala\\\/tnb-anunta-deschiderea-noii-stagiuni-2019-2020\"},\"wordCount\":824,\"commentCount\":0,\"image\":{\"@id\":\"https:\\\/\\\/www.societateamuzicala.ro\\\/societateaculturala\\\/tnb-anunta-deschiderea-noii-stagiuni-2019-2020#primaryimage\"},\"thumbnailUrl\":\"https:\\\/\\\/www.societateamuzicala.ro\\\/societateaculturala\\\/wp-content\\\/uploads\\\/2019\\\/09\\\/Repetitii-Negutatorul-300x169.jpg\",\"keywords\":[\"arte plastice\",\"cinema\",\"concerte\",\"concerte muzica clasica\",\"Cultura\",\"evenimente culturale\",\"expozitii\",\"film\",\"muzica clasica\",\"muzica clasica romania\",\"teatru\"],\"articleSection\":[\"Evenimente si stiri\"],\"inLanguage\":\"ro-RO\",\"potentialAction\":[{\"@type\":\"CommentAction\",\"name\":\"Comment\",\"target\":[\"https:\\\/\\\/www.societateamuzicala.ro\\\/societateaculturala\\\/tnb-anunta-deschiderea-noii-stagiuni-2019-2020#respond\"]}]},{\"@type\":\"WebPage\",\"@id\":\"https:\\\/\\\/www.societateamuzicala.ro\\\/societateaculturala\\\/tnb-anunta-deschiderea-noii-stagiuni-2019-2020\",\"url\":\"https:\\\/\\\/www.societateamuzicala.ro\\\/societateaculturala\\\/tnb-anunta-deschiderea-noii-stagiuni-2019-2020\",\"name\":\"TNB anun\u021b\u0103 deschiderea noii stagiuni 2019-2020 - Societatea Culturala\",\"isPartOf\":{\"@id\":\"https:\\\/\\\/www.societateamuzicala.ro\\\/societateaculturala\\\/#website\"},\"primaryImageOfPage\":{\"@id\":\"https:\\\/\\\/www.societateamuzicala.ro\\\/societateaculturala\\\/tnb-anunta-deschiderea-noii-stagiuni-2019-2020#primaryimage\"},\"image\":{\"@id\":\"https:\\\/\\\/www.societateamuzicala.ro\\\/societateaculturala\\\/tnb-anunta-deschiderea-noii-stagiuni-2019-2020#primaryimage\"},\"thumbnailUrl\":\"https:\\\/\\\/www.societateamuzicala.ro\\\/societateaculturala\\\/wp-content\\\/uploads\\\/2019\\\/09\\\/Repetitii-Negutatorul-300x169.jpg\",\"datePublished\":\"2019-09-11T14:07:05+00:00\",\"dateModified\":\"2019-09-11T14:08:07+00:00\",\"author\":{\"@id\":\"https:\\\/\\\/www.societateamuzicala.ro\\\/societateaculturala\\\/#\\\/schema\\\/person\\\/0608b1774a3787abb7ff1d5e8d1b84eb\"},\"breadcrumb\":{\"@id\":\"https:\\\/\\\/www.societateamuzicala.ro\\\/societateaculturala\\\/tnb-anunta-deschiderea-noii-stagiuni-2019-2020#breadcrumb\"},\"inLanguage\":\"ro-RO\",\"potentialAction\":[{\"@type\":\"ReadAction\",\"target\":[\"https:\\\/\\\/www.societateamuzicala.ro\\\/societateaculturala\\\/tnb-anunta-deschiderea-noii-stagiuni-2019-2020\"]}]},{\"@type\":\"ImageObject\",\"inLanguage\":\"ro-RO\",\"@id\":\"https:\\\/\\\/www.societateamuzicala.ro\\\/societateaculturala\\\/tnb-anunta-deschiderea-noii-stagiuni-2019-2020#primaryimage\",\"url\":\"https:\\\/\\\/www.societateamuzicala.ro\\\/societateaculturala\\\/wp-content\\\/uploads\\\/2019\\\/09\\\/Repetitii-Negutatorul.jpg\",\"contentUrl\":\"https:\\\/\\\/www.societateamuzicala.ro\\\/societateaculturala\\\/wp-content\\\/uploads\\\/2019\\\/09\\\/Repetitii-Negutatorul.jpg\",\"width\":1024,\"height\":576},{\"@type\":\"BreadcrumbList\",\"@id\":\"https:\\\/\\\/www.societateamuzicala.ro\\\/societateaculturala\\\/tnb-anunta-deschiderea-noii-stagiuni-2019-2020#breadcrumb\",\"itemListElement\":[{\"@type\":\"ListItem\",\"position\":1,\"name\":\"Acas\u0103\",\"item\":\"https:\\\/\\\/www.societateamuzicala.ro\\\/societateaculturala\"},{\"@type\":\"ListItem\",\"position\":2,\"name\":\"TNB anun\u021b\u0103 deschiderea noii stagiuni 2019-2020\"}]},{\"@type\":\"WebSite\",\"@id\":\"https:\\\/\\\/www.societateamuzicala.ro\\\/societateaculturala\\\/#website\",\"url\":\"https:\\\/\\\/www.societateamuzicala.ro\\\/societateaculturala\\\/\",\"name\":\"Societatea Culturala\",\"description\":\"Platforma de marketing si informatii culturale\",\"potentialAction\":[{\"@type\":\"SearchAction\",\"target\":{\"@type\":\"EntryPoint\",\"urlTemplate\":\"https:\\\/\\\/www.societateamuzicala.ro\\\/societateaculturala\\\/?s={search_term_string}\"},\"query-input\":{\"@type\":\"PropertyValueSpecification\",\"valueRequired\":true,\"valueName\":\"search_term_string\"}}],\"inLanguage\":\"ro-RO\"},{\"@type\":\"Person\",\"@id\":\"https:\\\/\\\/www.societateamuzicala.ro\\\/societateaculturala\\\/#\\\/schema\\\/person\\\/0608b1774a3787abb7ff1d5e8d1b84eb\",\"name\":\"Catoi Daniel\",\"image\":{\"@type\":\"ImageObject\",\"inLanguage\":\"ro-RO\",\"@id\":\"https:\\\/\\\/secure.gravatar.com\\\/avatar\\\/c0882a218c936889972a11c796e8ed91e0aff99b92af7212c04f740da3928233?s=96&d=mm&r=g\",\"url\":\"https:\\\/\\\/secure.gravatar.com\\\/avatar\\\/c0882a218c936889972a11c796e8ed91e0aff99b92af7212c04f740da3928233?s=96&d=mm&r=g\",\"contentUrl\":\"https:\\\/\\\/secure.gravatar.com\\\/avatar\\\/c0882a218c936889972a11c796e8ed91e0aff99b92af7212c04f740da3928233?s=96&d=mm&r=g\",\"caption\":\"Catoi Daniel\"},\"url\":\"https:\\\/\\\/www.societateamuzicala.ro\\\/societateaculturala\\\/author\\\/daniel\"}]}<\/script>\n<!-- \/ Yoast SEO plugin. -->","yoast_head_json":{"title":"TNB anun\u021b\u0103 deschiderea noii stagiuni 2019-2020 - Societatea Culturala","robots":{"index":"index","follow":"follow","max-snippet":"max-snippet:-1","max-image-preview":"max-image-preview:large","max-video-preview":"max-video-preview:-1"},"canonical":"https:\/\/www.societateamuzicala.ro\/societateaculturala\/tnb-anunta-deschiderea-noii-stagiuni-2019-2020","og_locale":"ro_RO","og_type":"article","og_title":"TNB anun\u021b\u0103 deschiderea noii stagiuni 2019-2020 - Societatea Culturala","og_description":"Ca \u00een fiecare an, la mijlocul lunii septembrie, Teatrul Na\u021bional I.L.Caragiale din Bucure\u0219ti anun\u021b\u0103 deschiderea stagiunii.\u00a0Primele spectacole sunt programate pentru week-end-ul 13-15 septembrie 2019, iar biletele au fost puse \u00een v\u00e2nzare online \u0219i la Casa de bilete a teatrului. \u00cenc\u0103 din primele s\u0103pt\u0103m\u00e2ni ale noii stagiuni 2019-2020, vor putea fi v\u0103zute unele dintre cele mai [&hellip;]","og_url":"https:\/\/www.societateamuzicala.ro\/societateaculturala\/tnb-anunta-deschiderea-noii-stagiuni-2019-2020","og_site_name":"Societatea Culturala","article_published_time":"2019-09-11T14:07:05+00:00","article_modified_time":"2019-09-11T14:08:07+00:00","og_image":[{"width":1024,"height":576,"url":"https:\/\/www.societateamuzicala.ro\/societateaculturala\/wp-content\/uploads\/2019\/09\/Repetitii-Negutatorul.jpg","type":"image\/jpeg"}],"author":"Catoi Daniel","twitter_card":"summary_large_image","twitter_misc":{"Scris de":"Catoi Daniel","Timp estimat pentru citire":"4 minute"},"schema":{"@context":"https:\/\/schema.org","@graph":[{"@type":"Article","@id":"https:\/\/www.societateamuzicala.ro\/societateaculturala\/tnb-anunta-deschiderea-noii-stagiuni-2019-2020#article","isPartOf":{"@id":"https:\/\/www.societateamuzicala.ro\/societateaculturala\/tnb-anunta-deschiderea-noii-stagiuni-2019-2020"},"author":{"name":"Catoi Daniel","@id":"https:\/\/www.societateamuzicala.ro\/societateaculturala\/#\/schema\/person\/0608b1774a3787abb7ff1d5e8d1b84eb"},"headline":"TNB anun\u021b\u0103 deschiderea noii stagiuni 2019-2020","datePublished":"2019-09-11T14:07:05+00:00","dateModified":"2019-09-11T14:08:07+00:00","mainEntityOfPage":{"@id":"https:\/\/www.societateamuzicala.ro\/societateaculturala\/tnb-anunta-deschiderea-noii-stagiuni-2019-2020"},"wordCount":824,"commentCount":0,"image":{"@id":"https:\/\/www.societateamuzicala.ro\/societateaculturala\/tnb-anunta-deschiderea-noii-stagiuni-2019-2020#primaryimage"},"thumbnailUrl":"https:\/\/www.societateamuzicala.ro\/societateaculturala\/wp-content\/uploads\/2019\/09\/Repetitii-Negutatorul-300x169.jpg","keywords":["arte plastice","cinema","concerte","concerte muzica clasica","Cultura","evenimente culturale","expozitii","film","muzica clasica","muzica clasica romania","teatru"],"articleSection":["Evenimente si stiri"],"inLanguage":"ro-RO","potentialAction":[{"@type":"CommentAction","name":"Comment","target":["https:\/\/www.societateamuzicala.ro\/societateaculturala\/tnb-anunta-deschiderea-noii-stagiuni-2019-2020#respond"]}]},{"@type":"WebPage","@id":"https:\/\/www.societateamuzicala.ro\/societateaculturala\/tnb-anunta-deschiderea-noii-stagiuni-2019-2020","url":"https:\/\/www.societateamuzicala.ro\/societateaculturala\/tnb-anunta-deschiderea-noii-stagiuni-2019-2020","name":"TNB anun\u021b\u0103 deschiderea noii stagiuni 2019-2020 - Societatea Culturala","isPartOf":{"@id":"https:\/\/www.societateamuzicala.ro\/societateaculturala\/#website"},"primaryImageOfPage":{"@id":"https:\/\/www.societateamuzicala.ro\/societateaculturala\/tnb-anunta-deschiderea-noii-stagiuni-2019-2020#primaryimage"},"image":{"@id":"https:\/\/www.societateamuzicala.ro\/societateaculturala\/tnb-anunta-deschiderea-noii-stagiuni-2019-2020#primaryimage"},"thumbnailUrl":"https:\/\/www.societateamuzicala.ro\/societateaculturala\/wp-content\/uploads\/2019\/09\/Repetitii-Negutatorul-300x169.jpg","datePublished":"2019-09-11T14:07:05+00:00","dateModified":"2019-09-11T14:08:07+00:00","author":{"@id":"https:\/\/www.societateamuzicala.ro\/societateaculturala\/#\/schema\/person\/0608b1774a3787abb7ff1d5e8d1b84eb"},"breadcrumb":{"@id":"https:\/\/www.societateamuzicala.ro\/societateaculturala\/tnb-anunta-deschiderea-noii-stagiuni-2019-2020#breadcrumb"},"inLanguage":"ro-RO","potentialAction":[{"@type":"ReadAction","target":["https:\/\/www.societateamuzicala.ro\/societateaculturala\/tnb-anunta-deschiderea-noii-stagiuni-2019-2020"]}]},{"@type":"ImageObject","inLanguage":"ro-RO","@id":"https:\/\/www.societateamuzicala.ro\/societateaculturala\/tnb-anunta-deschiderea-noii-stagiuni-2019-2020#primaryimage","url":"https:\/\/www.societateamuzicala.ro\/societateaculturala\/wp-content\/uploads\/2019\/09\/Repetitii-Negutatorul.jpg","contentUrl":"https:\/\/www.societateamuzicala.ro\/societateaculturala\/wp-content\/uploads\/2019\/09\/Repetitii-Negutatorul.jpg","width":1024,"height":576},{"@type":"BreadcrumbList","@id":"https:\/\/www.societateamuzicala.ro\/societateaculturala\/tnb-anunta-deschiderea-noii-stagiuni-2019-2020#breadcrumb","itemListElement":[{"@type":"ListItem","position":1,"name":"Acas\u0103","item":"https:\/\/www.societateamuzicala.ro\/societateaculturala"},{"@type":"ListItem","position":2,"name":"TNB anun\u021b\u0103 deschiderea noii stagiuni 2019-2020"}]},{"@type":"WebSite","@id":"https:\/\/www.societateamuzicala.ro\/societateaculturala\/#website","url":"https:\/\/www.societateamuzicala.ro\/societateaculturala\/","name":"Societatea Culturala","description":"Platforma de marketing si informatii culturale","potentialAction":[{"@type":"SearchAction","target":{"@type":"EntryPoint","urlTemplate":"https:\/\/www.societateamuzicala.ro\/societateaculturala\/?s={search_term_string}"},"query-input":{"@type":"PropertyValueSpecification","valueRequired":true,"valueName":"search_term_string"}}],"inLanguage":"ro-RO"},{"@type":"Person","@id":"https:\/\/www.societateamuzicala.ro\/societateaculturala\/#\/schema\/person\/0608b1774a3787abb7ff1d5e8d1b84eb","name":"Catoi Daniel","image":{"@type":"ImageObject","inLanguage":"ro-RO","@id":"https:\/\/secure.gravatar.com\/avatar\/c0882a218c936889972a11c796e8ed91e0aff99b92af7212c04f740da3928233?s=96&d=mm&r=g","url":"https:\/\/secure.gravatar.com\/avatar\/c0882a218c936889972a11c796e8ed91e0aff99b92af7212c04f740da3928233?s=96&d=mm&r=g","contentUrl":"https:\/\/secure.gravatar.com\/avatar\/c0882a218c936889972a11c796e8ed91e0aff99b92af7212c04f740da3928233?s=96&d=mm&r=g","caption":"Catoi Daniel"},"url":"https:\/\/www.societateamuzicala.ro\/societateaculturala\/author\/daniel"}]}},"_links":{"self":[{"href":"https:\/\/www.societateamuzicala.ro\/societateaculturala\/wp-json\/wp\/v2\/posts\/31773","targetHints":{"allow":["GET"]}}],"collection":[{"href":"https:\/\/www.societateamuzicala.ro\/societateaculturala\/wp-json\/wp\/v2\/posts"}],"about":[{"href":"https:\/\/www.societateamuzicala.ro\/societateaculturala\/wp-json\/wp\/v2\/types\/post"}],"author":[{"embeddable":true,"href":"https:\/\/www.societateamuzicala.ro\/societateaculturala\/wp-json\/wp\/v2\/users\/22"}],"replies":[{"embeddable":true,"href":"https:\/\/www.societateamuzicala.ro\/societateaculturala\/wp-json\/wp\/v2\/comments?post=31773"}],"version-history":[{"count":0,"href":"https:\/\/www.societateamuzicala.ro\/societateaculturala\/wp-json\/wp\/v2\/posts\/31773\/revisions"}],"wp:attachment":[{"href":"https:\/\/www.societateamuzicala.ro\/societateaculturala\/wp-json\/wp\/v2\/media?parent=31773"}],"wp:term":[{"taxonomy":"category","embeddable":true,"href":"https:\/\/www.societateamuzicala.ro\/societateaculturala\/wp-json\/wp\/v2\/categories?post=31773"},{"taxonomy":"post_tag","embeddable":true,"href":"https:\/\/www.societateamuzicala.ro\/societateaculturala\/wp-json\/wp\/v2\/tags?post=31773"}],"curies":[{"name":"wp","href":"https:\/\/api.w.org\/{rel}","templated":true}]}}