{"id":31725,"date":"2019-06-28T09:58:16","date_gmt":"2019-06-28T09:58:16","guid":{"rendered":"https:\/\/www.societateamuzicala.ro\/societateaculturala\/?p=31725"},"modified":"2019-06-28T09:58:16","modified_gmt":"2019-06-28T09:58:16","slug":"final-nedorit-de-stagiune-la-tnb","status":"publish","type":"post","link":"https:\/\/www.societateamuzicala.ro\/societateaculturala\/final-nedorit-de-stagiune-la-tnb","title":{"rendered":"Final (nedorit) de stagiune la TNB"},"content":{"rendered":"<p>Suntem pentru prima dat\u0103 \u00een situa\u021bia de a putea promite ferm <strong>doar o singur\u0103 premier\u0103<\/strong> spectatorilor de teatru care a\u0219teapt\u0103 ca stagiunea TNB s\u0103 re\u00eenceap\u0103 \u00een for\u021b\u0103 \u00een septembrie!<\/p>\n<p>A\u0219adar, deschiderea stagiunii 2019 &#8211; 2020 la TNB va avea loc la Sala Studio, \u00a0cu premiera spectacolului <strong>Negu\u021b\u0103torul din Vene\u021bia<\/strong> de William Shakespeare, \u00een regia \u0219i versiunea scenic\u0103 a lui <strong>Alexander Morfov<\/strong>, cu <strong>Ion Caramitru, Richard Bovnoczki, Alexandru Potocean, Ada Gale\u0219<\/strong> \u00een rolurile principale, seconda\u021bi de o distribu\u021bie numeroas\u0103. Decorurile: <strong>Alexander Morfov<\/strong> \u0219i <strong>Gabi Albu<\/strong>, Costumele: <strong>Liliana Cenean<\/strong>, Coregrafia: <strong>Inga Krasovska<\/strong>, Light Design: <strong>Chris Jaeger<\/strong>.<\/p>\n<p>Aflat la limita supravie\u021buirii artistice din cauza drasticelor restr\u00e2ngeri bugetare, Teatrul Na\u021bional \u201cI.L. Caragiale\u201d, asemenea multor altor institu\u021bii de cultur\u0103, este obligat s\u0103 \u00ee\u0219i limiteze, deocamdat\u0103, activit\u0103\u021bile, din motivele pe care le g\u0103si\u021bi explicate, pe larg, de managerul <strong>Ion Caramitru,<\/strong> \u00een textul reprodus mai jos:<\/p>\n<p>\u201eCeea ce tr\u0103im acum, nu numai \u00een Teatrul Na\u021bional, ci absolut \u00een toate institu\u021biile care sunt acum \u00een subordinea Ministerului Culturii, dar \u0219i \u00een institu\u021biile din subordinea Prim\u0103riei Generale, este f\u0103r\u0103 precedent. (\u2026)<\/p>\n<p>Conform legii, bugetul statului rom\u00e2n ar fi trebuit s\u0103 apar\u0103 din noiembrie, anul anterior \u0219i s\u0103 fie votat pentru a deveni opera\u021bional \u00eencep\u00e2nd cu 1 ianuarie 2019. \u00cen realitate, el a fost aprobat abia \u00een aprilie 2019, devenind opera\u021bional abia \u00een luna mai. Au mai fost situa\u021bii de acest gen, dar nu at\u00e2t de grave. Ca s\u0103 ajung\u0103 la institu\u021biile din subordine, dup\u0103 ce el este repartizat prin Ministere, mai ia un timp destul de lung, astfel \u00eenc\u00e2t momentul zero, momentul \u00een care teatrul nostru, de exemplu, putea s\u0103 \u00eenceap\u0103 orice activitate, legal\u0103, din punct de vedere al deschiderii finan\u021b\u0103rii, este momentul \u00een care ministrul ne aprob\u0103 <strong>Programul minimal<\/strong>. Programul minimal este un fel de contract sine qua-non care permite managementului teatrului s\u0103-\u0219i fac\u0103 treaba.<\/p>\n<p>Noi am devenit \u201eopera\u021bionali\u201d abia la mijlocul lunii mai. P\u00e2n\u0103 \u00een acel moment n-am avut dreptul s\u0103 cheltuim lunar dec\u00e2t ceea ce legea ne permite, adic\u0103 <strong>a 12-a parte<\/strong>\u00a0 din bugetul anului anterior, deci o sum\u0103 infim\u0103! Din aceste sume pe care le-am avut la dispozi\u021bie, am putut face dou\u0103 spectacole, <em>Pre\u0219ul<\/em> de Ion B\u0103ie\u0219u, la Sala Studio \u0219i <em>Class<\/em> la Sala Atelier. Dou\u0103 spectacole cu cheltuieli relativ mici. (\u2026) Cum abia \u00een 15 mai am avut liber la cheltuieli, v\u0103 da\u021bi seama c\u0103 \u00eentr-o lun\u0103 nu puteam deschide finan\u021barea, s\u0103 facem \u015fi decoruri, \u015fi costume, s\u0103 pl\u0103tim contracte de drepturi de autor, s\u0103 rezerv\u0103m sala pentru alte premiere de anvergur\u0103 etc. <strong>La ora aceasta, nu pot s\u0103 v\u0103 spun ce alte spectacole se vor face \u00een acest an, pentru c\u0103 nu v\u0103 pot spune care este situa\u021bia la zi!<\/strong><\/p>\n<p>P\u00e2n\u0103 \u00een acest an TNB, a avut o produc\u021bie, \u00een medie, de opt spectacole pe an. Asta \u00eenseamn\u0103 dou\u0103 produc\u0163ii pe fiecare din cele patru s\u0103li \u00een care ne desf\u0103\u0219ur\u0103m stagiunea, \u015fi \u00eenseamn\u0103 o premier\u0103 la fiecare 2 luni per sal\u0103! Am fi putut s\u0103 producem mai multe, dar nu am avut nici fonduri \u0219i, mai mult dec\u00e2t at\u00e2t, nu avem suficien\u021bi oameni la scene pentru a putea asigura autonomia fiec\u0103rei scene. Am raportat acest lucru ministrului, am tot trimis la minister diferite documente, nu pu\u021bine, \u00een leg\u0103tur\u0103 cu aceast\u0103 problem\u0103.<\/p>\n<p>Anul acesta, \u00een cel mai fericit caz, am putea realiza patru premiere, deci jum\u0103tate din produc\u021bia anului trecut.<\/p>\n<p>(\u2026) Ast\u0103zi ne afl\u0103m \u00een situa\u021bia total aberant\u0103 \u00een care Ministerul ne-a sc\u0103zut de la capitolul \u201eBunuri \u0219i Servicii\u201d dou\u0103 milioane de lei \u0219i ne-a crescut obliga\u021biile la capitolul \u201eVenituri proprii\u201d cu un milion. Cu alte cuvinte, primim mai pu\u021bini bani pentru produc\u021bii \u0219i ni se cre\u0219te valoarea v\u00e2nz\u0103rii produc\u021biilor pe care nu le putem face de fapt, sau le facem pe jum\u0103tate. Toate cheltuielile prev\u0103zute a fi f\u0103cute lunar pentru utilit\u0103\u021bi (c\u0103ldur\u0103, lumin\u0103, aer condi\u021bionat), pentru firmele care ne asigur\u0103 mentenan\u021ba pe diferite domenii, pentru paz\u0103, pompieri, cur\u0103\u021benie etc. se efectueaz\u0103 din bugetul prev\u0103zut la capitolul \u201eBunuri \u0219i Servicii\u2019!<\/p>\n<p>\u00cen plus, tuturor managerilor ni s-a condi\u021bionat aprobarea, de c\u0103tre Minister, a Contractului pentru Programul Minimal de acceptarea, sub semn\u0103tur\u0103, a urm\u0103toarei clauze: \u201eManagerul institu\u021biei a \u00eentocmit programul minimal pentru anul 2019, asigur\u00e2nd cheltuielile de \u00eentre\u021binere \u0219i func\u021bionare a institu\u021biei pe tot parcursul exerci\u021biului financiar\u201d. A\u0219a ceva nu se poate semna dec\u00e2t dac\u0103 \u021bi se asigur\u0103 bugetul integral, a\u0219a cum a fost calculat de contabilitate pe toate cheltuielile! Ori noi, la ora aceasta, nu avem a\u0219a ceva. Totu\u0219i, a trebuit s\u0103 semnez, ca s\u0103 putem fi func\u021bionali.<strong> Este o ingerin\u021b\u0103 teribil\u0103 \u00een disciplina muncii<\/strong> \u0219i \u00een drepturile pe care cineva le are, dar altfel ar fi trebuit s\u0103 oprim produc\u021bia \u0219i to\u021bi managerii au semnat acest lucru. Deci, dup\u0103 ce s-a f\u0103cut programul minimal, dup\u0103 ce bugetul a fost aprobat de Ministerul Culturii \u00een termenii trimi\u0219i de contabilitate, \u021bin\u00e2nd cont de cele dou\u0103 milioane care au sc\u0103zut la buget de la capitolul Bunuri \u0219i Servicii \u0219i de m\u0103rirea veniturilor proprii, dup\u0103 ce s-au semnat aceste documente, a venit o nou\u0103 dispozi\u021bie, de data aceasta via Ministerul de Finan\u021be, adres\u0103 prin care suntem \u00een\u0219tiin\u021ba\u021bi c\u0103 nu avem dreptul s\u0103 cheltuim <strong>dec\u00e2t 30% din bugetul aprobat<\/strong>!<\/p>\n<p>Cu alte cuvinte, dup\u0103 calculele mele de artist \u201eliber cuget\u0103tor\u201d, ne afl\u0103m \u00een fa\u021ba unui faliment. Falimentul \u021bine de proasta gospod\u0103rire a \u00eentregului sistem financiar rom\u00e2nesc. Exist\u0103 un faliment la vedere. De\u0219i am fost la ministru \u00eempreun\u0103 cu 20 de manageri din \u021bar\u0103, toate Operele Na\u021bionale, toate Teatrele Na\u021bionale, Muzeul Na\u021bional de Istorie, Muzeul de Art\u0103, \u201dAntipa\u201d etc., cu un document trimis sub semn\u0103tura mea \u0219i a lor, pentru a discuta fa\u021b\u0103 \u00een fa\u021b\u0103 despre acest faliment \u00een care suntem adu\u0219i, nu am ajuns la <strong>nici o concluzie.<\/strong><\/p>\n<p>Cel mai grav lucru este c\u0103 noi avem angaja\u021bi, acum, 54 de oameni din afara teatrului (pentru c\u0103 de\u0219i cerem de ani de zile posturi, nu primim), dintre care 39 deservesc scena. Practic, f\u0103r\u0103 ace\u0219ti oameni teatrul nu poate func\u021biona. Numai c\u0103, ace\u0219ti oameni, angaja\u021bi printr-o agen\u021bie de for\u021b\u0103 de munc\u0103, ne cost\u0103 cu 24% mai mult, fiecare. Conform legii, ei trebuie s\u0103 aib\u0103 salariul pe care \u00eel au \u0219i angaja\u021bii teatrului, la care se adaug\u0103, \u00een plus, 19% TVA \u0219i 5% comisionul acelei agen\u021bii. Printre ei se afl\u0103 oameni de o calitate excep\u021bional\u0103, oameni care lucreaz\u0103 \u00een teatru de un timp, care s-au specializat \u0219i pe care, dac\u0103 i-am pierde, am avea numai de suferit. Nu mai g\u0103sim oameni de specialitate pentru teatru. <strong>Dac\u0103 am avea posturi, i-am angaja imediat<\/strong>. Am explicat domnului Ministru, nu o dat\u0103, c\u0103 dac\u0103 am primi posturi, am face o economie.<\/p>\n<p>Ca s\u0103 putem s\u0103 \u00eencheiem discu\u021biile de la Minister, care se prelungeau de peste trei ore, dl. Ministru ne-a spus s\u0103 facem o calcula\u021bie \u00een plus de 30% din bugetul pe care l-am primit, poate c\u0103 la rectificare se va reu\u0219i ceva. Eu nu v\u0103d o rectificare pozitiv\u0103 la modul \u00een care func\u021bioneaz\u0103 economia Rom\u00e2niei \u00een acest moment.<\/p>\n<p>Am \u00eentocmit o adres\u0103 c\u0103tre Ministrul de Finan\u021be \u0219i c\u0103tre doamna Prim-Ministru. Poate reu\u0219im s\u0103 ne \u00eent\u00e2lnim fa\u021b\u0103 \u00een fa\u021b\u0103\u201d.<\/p>\n<p><em>(Fragmente reproduse din prezentarea f\u0103cut\u0103 de managerul TNB,\u00a0 Ion Caramitru, la \u00eent\u00e2lnirea cu \u00eentregul colectiv al TNB, luni, 24 iunie 2019).<\/em><\/p>\n","protected":false},"excerpt":{"rendered":"<p>Suntem pentru prima dat\u0103 \u00een situa\u021bia de a putea promite ferm doar o singur\u0103 premier\u0103 spectatorilor de teatru care a\u0219teapt\u0103 ca stagiunea TNB s\u0103 re\u00eenceap\u0103 \u00een for\u021b\u0103 \u00een septembrie! A\u0219adar, deschiderea stagiunii 2019 &#8211; 2020 la TNB va avea loc la Sala Studio, \u00a0cu premiera spectacolului Negu\u021b\u0103torul din Vene\u021bia de William Shakespeare, \u00een regia \u0219i [&hellip;]<\/p>\n","protected":false},"author":22,"featured_media":0,"comment_status":"open","ping_status":"open","sticky":false,"template":"","format":"standard","meta":{"_acf_changed":false,"footnotes":""},"categories":[68],"tags":[1402,6332,6326,1393,6321,1820,332,281,191,200,669,4567,6325,333,6322,6330,282,274,6333,283,6329,196,197,201,198,199,280,272,290,6336,284,6327,6324,6334,6328,289,358,6323,6335,334,273,6331,222],"class_list":["post-31725","post","type-post","status-publish","format-standard","hentry","category-evenimente-si-stiri","tag-arta","tag-arta-contemporana","tag-arta-plastica","tag-arte-plastice","tag-arte-vizuale","tag-cinema","tag-compozitor","tag-concert-cameral","tag-concerte","tag-concerte-muzica-clasica","tag-conservator","tag-cultura","tag-dezbateri","tag-dirijor","tag-evenimente-culturale","tag-expozitii","tag-festival","tag-film","tag-galerie","tag-instrumentisti","tag-muzee","tag-muzica","tag-muzica-clasica","tag-muzica-clasica-romania","tag-muzica-culta","tag-muzica-simfonica","tag-muzician","tag-opera","tag-orchestra","tag-organizare-evenimente","tag-pianist","tag-pictura","tag-sali-conferinta","tag-sali-evenimente","tag-sculptura","tag-simfonie","tag-sonata","tag-spatii-culturale","tag-spatii-evenimente","tag-stagiune","tag-teatru","tag-teatru-experimental","tag-violonist"],"acf":{"cc_filter":["teatru"],"poza_fixa":"https:\/\/www.societateamuzicala.ro\/societateaculturala\/wp-content\/uploads\/2019\/05\/Amfiteatru-TNB.-Un-teatru-\u00een-aer-liber-2.jpg","url_poza_fixa":"","oras":"","sector":"0","zona":"null","in_strainatate":false,"pian":false,"orga":false,"data1":"","data2":"","afiseaza_data_post":false,"acf_sala":"","centru_cultural":"","articole_parinte":"","articole_relationate":"","coordonate":false,"tab1_nume":"Despre","tab3":false},"yoast_head":"<!-- This site is optimized with the Yoast SEO plugin v27.4 - https:\/\/yoast.com\/product\/yoast-seo-wordpress\/ -->\n<title>Final (nedorit) de stagiune la TNB - Societatea Culturala<\/title>\n<meta name=\"robots\" content=\"index, follow, max-snippet:-1, max-image-preview:large, max-video-preview:-1\" \/>\n<link rel=\"canonical\" href=\"https:\/\/www.societateamuzicala.ro\/societateaculturala\/final-nedorit-de-stagiune-la-tnb\" \/>\n<meta property=\"og:locale\" content=\"ro_RO\" \/>\n<meta property=\"og:type\" content=\"article\" \/>\n<meta property=\"og:title\" content=\"Final (nedorit) de stagiune la TNB - Societatea Culturala\" \/>\n<meta property=\"og:description\" content=\"Suntem pentru prima dat\u0103 \u00een situa\u021bia de a putea promite ferm doar o singur\u0103 premier\u0103 spectatorilor de teatru care a\u0219teapt\u0103 ca stagiunea TNB s\u0103 re\u00eenceap\u0103 \u00een for\u021b\u0103 \u00een septembrie! A\u0219adar, deschiderea stagiunii 2019 &#8211; 2020 la TNB va avea loc la Sala Studio, \u00a0cu premiera spectacolului Negu\u021b\u0103torul din Vene\u021bia de William Shakespeare, \u00een regia \u0219i [&hellip;]\" \/>\n<meta property=\"og:url\" content=\"https:\/\/www.societateamuzicala.ro\/societateaculturala\/final-nedorit-de-stagiune-la-tnb\" \/>\n<meta property=\"og:site_name\" content=\"Societatea Culturala\" \/>\n<meta property=\"article:published_time\" content=\"2019-06-28T09:58:16+00:00\" \/>\n<meta name=\"author\" content=\"Catoi Daniel\" \/>\n<meta name=\"twitter:card\" content=\"summary_large_image\" \/>\n<meta name=\"twitter:label1\" content=\"Scris de\" \/>\n\t<meta name=\"twitter:data1\" content=\"Catoi Daniel\" \/>\n\t<meta name=\"twitter:label2\" content=\"Timp estimat pentru citire\" \/>\n\t<meta name=\"twitter:data2\" content=\"6 minute\" \/>\n<script type=\"application\/ld+json\" class=\"yoast-schema-graph\">{\"@context\":\"https:\\\/\\\/schema.org\",\"@graph\":[{\"@type\":\"Article\",\"@id\":\"https:\\\/\\\/www.societateamuzicala.ro\\\/societateaculturala\\\/final-nedorit-de-stagiune-la-tnb#article\",\"isPartOf\":{\"@id\":\"https:\\\/\\\/www.societateamuzicala.ro\\\/societateaculturala\\\/final-nedorit-de-stagiune-la-tnb\"},\"author\":{\"name\":\"Catoi Daniel\",\"@id\":\"https:\\\/\\\/www.societateamuzicala.ro\\\/societateaculturala\\\/#\\\/schema\\\/person\\\/0608b1774a3787abb7ff1d5e8d1b84eb\"},\"headline\":\"Final (nedorit) de stagiune la TNB\",\"datePublished\":\"2019-06-28T09:58:16+00:00\",\"mainEntityOfPage\":{\"@id\":\"https:\\\/\\\/www.societateamuzicala.ro\\\/societateaculturala\\\/final-nedorit-de-stagiune-la-tnb\"},\"wordCount\":1303,\"commentCount\":0,\"keywords\":[\"arta\",\"arta contemporana\",\"arta plastica\",\"arte plastice\",\"arte vizuale\",\"cinema\",\"compozitor\",\"concert cameral\",\"concerte\",\"concerte muzica clasica\",\"conservator\",\"Cultura\",\"dezbateri\",\"dirijor\",\"evenimente culturale\",\"expozitii\",\"festival\",\"film\",\"galerie\",\"instrumentisti\",\"muzee\",\"muzica\",\"muzica clasica\",\"muzica clasica romania\",\"muzica culta\",\"muzica simfonica\",\"muzician\",\"opera\",\"orchestra\",\"organizare evenimente\",\"pianist\",\"pictura\",\"sali conferinta\",\"sali evenimente\",\"sculptura\",\"simfonie\",\"sonata\",\"spatii culturale\",\"spatii evenimente\",\"stagiune\",\"teatru\",\"teatru experimental\",\"violonist\"],\"articleSection\":[\"Evenimente si stiri\"],\"inLanguage\":\"ro-RO\",\"potentialAction\":[{\"@type\":\"CommentAction\",\"name\":\"Comment\",\"target\":[\"https:\\\/\\\/www.societateamuzicala.ro\\\/societateaculturala\\\/final-nedorit-de-stagiune-la-tnb#respond\"]}]},{\"@type\":\"WebPage\",\"@id\":\"https:\\\/\\\/www.societateamuzicala.ro\\\/societateaculturala\\\/final-nedorit-de-stagiune-la-tnb\",\"url\":\"https:\\\/\\\/www.societateamuzicala.ro\\\/societateaculturala\\\/final-nedorit-de-stagiune-la-tnb\",\"name\":\"Final (nedorit) de stagiune la TNB - Societatea Culturala\",\"isPartOf\":{\"@id\":\"https:\\\/\\\/www.societateamuzicala.ro\\\/societateaculturala\\\/#website\"},\"datePublished\":\"2019-06-28T09:58:16+00:00\",\"author\":{\"@id\":\"https:\\\/\\\/www.societateamuzicala.ro\\\/societateaculturala\\\/#\\\/schema\\\/person\\\/0608b1774a3787abb7ff1d5e8d1b84eb\"},\"breadcrumb\":{\"@id\":\"https:\\\/\\\/www.societateamuzicala.ro\\\/societateaculturala\\\/final-nedorit-de-stagiune-la-tnb#breadcrumb\"},\"inLanguage\":\"ro-RO\",\"potentialAction\":[{\"@type\":\"ReadAction\",\"target\":[\"https:\\\/\\\/www.societateamuzicala.ro\\\/societateaculturala\\\/final-nedorit-de-stagiune-la-tnb\"]}]},{\"@type\":\"BreadcrumbList\",\"@id\":\"https:\\\/\\\/www.societateamuzicala.ro\\\/societateaculturala\\\/final-nedorit-de-stagiune-la-tnb#breadcrumb\",\"itemListElement\":[{\"@type\":\"ListItem\",\"position\":1,\"name\":\"Acas\u0103\",\"item\":\"https:\\\/\\\/www.societateamuzicala.ro\\\/societateaculturala\"},{\"@type\":\"ListItem\",\"position\":2,\"name\":\"Final (nedorit) de stagiune la TNB\"}]},{\"@type\":\"WebSite\",\"@id\":\"https:\\\/\\\/www.societateamuzicala.ro\\\/societateaculturala\\\/#website\",\"url\":\"https:\\\/\\\/www.societateamuzicala.ro\\\/societateaculturala\\\/\",\"name\":\"Societatea Culturala\",\"description\":\"Platforma de marketing si informatii culturale\",\"potentialAction\":[{\"@type\":\"SearchAction\",\"target\":{\"@type\":\"EntryPoint\",\"urlTemplate\":\"https:\\\/\\\/www.societateamuzicala.ro\\\/societateaculturala\\\/?s={search_term_string}\"},\"query-input\":{\"@type\":\"PropertyValueSpecification\",\"valueRequired\":true,\"valueName\":\"search_term_string\"}}],\"inLanguage\":\"ro-RO\"},{\"@type\":\"Person\",\"@id\":\"https:\\\/\\\/www.societateamuzicala.ro\\\/societateaculturala\\\/#\\\/schema\\\/person\\\/0608b1774a3787abb7ff1d5e8d1b84eb\",\"name\":\"Catoi Daniel\",\"image\":{\"@type\":\"ImageObject\",\"inLanguage\":\"ro-RO\",\"@id\":\"https:\\\/\\\/secure.gravatar.com\\\/avatar\\\/c0882a218c936889972a11c796e8ed91e0aff99b92af7212c04f740da3928233?s=96&d=mm&r=g\",\"url\":\"https:\\\/\\\/secure.gravatar.com\\\/avatar\\\/c0882a218c936889972a11c796e8ed91e0aff99b92af7212c04f740da3928233?s=96&d=mm&r=g\",\"contentUrl\":\"https:\\\/\\\/secure.gravatar.com\\\/avatar\\\/c0882a218c936889972a11c796e8ed91e0aff99b92af7212c04f740da3928233?s=96&d=mm&r=g\",\"caption\":\"Catoi Daniel\"},\"url\":\"https:\\\/\\\/www.societateamuzicala.ro\\\/societateaculturala\\\/author\\\/daniel\"}]}<\/script>\n<!-- \/ Yoast SEO plugin. -->","yoast_head_json":{"title":"Final (nedorit) de stagiune la TNB - Societatea Culturala","robots":{"index":"index","follow":"follow","max-snippet":"max-snippet:-1","max-image-preview":"max-image-preview:large","max-video-preview":"max-video-preview:-1"},"canonical":"https:\/\/www.societateamuzicala.ro\/societateaculturala\/final-nedorit-de-stagiune-la-tnb","og_locale":"ro_RO","og_type":"article","og_title":"Final (nedorit) de stagiune la TNB - Societatea Culturala","og_description":"Suntem pentru prima dat\u0103 \u00een situa\u021bia de a putea promite ferm doar o singur\u0103 premier\u0103 spectatorilor de teatru care a\u0219teapt\u0103 ca stagiunea TNB s\u0103 re\u00eenceap\u0103 \u00een for\u021b\u0103 \u00een septembrie! A\u0219adar, deschiderea stagiunii 2019 &#8211; 2020 la TNB va avea loc la Sala Studio, \u00a0cu premiera spectacolului Negu\u021b\u0103torul din Vene\u021bia de William Shakespeare, \u00een regia \u0219i [&hellip;]","og_url":"https:\/\/www.societateamuzicala.ro\/societateaculturala\/final-nedorit-de-stagiune-la-tnb","og_site_name":"Societatea Culturala","article_published_time":"2019-06-28T09:58:16+00:00","author":"Catoi Daniel","twitter_card":"summary_large_image","twitter_misc":{"Scris de":"Catoi Daniel","Timp estimat pentru citire":"6 minute"},"schema":{"@context":"https:\/\/schema.org","@graph":[{"@type":"Article","@id":"https:\/\/www.societateamuzicala.ro\/societateaculturala\/final-nedorit-de-stagiune-la-tnb#article","isPartOf":{"@id":"https:\/\/www.societateamuzicala.ro\/societateaculturala\/final-nedorit-de-stagiune-la-tnb"},"author":{"name":"Catoi Daniel","@id":"https:\/\/www.societateamuzicala.ro\/societateaculturala\/#\/schema\/person\/0608b1774a3787abb7ff1d5e8d1b84eb"},"headline":"Final (nedorit) de stagiune la TNB","datePublished":"2019-06-28T09:58:16+00:00","mainEntityOfPage":{"@id":"https:\/\/www.societateamuzicala.ro\/societateaculturala\/final-nedorit-de-stagiune-la-tnb"},"wordCount":1303,"commentCount":0,"keywords":["arta","arta contemporana","arta plastica","arte plastice","arte vizuale","cinema","compozitor","concert cameral","concerte","concerte muzica clasica","conservator","Cultura","dezbateri","dirijor","evenimente culturale","expozitii","festival","film","galerie","instrumentisti","muzee","muzica","muzica clasica","muzica clasica romania","muzica culta","muzica simfonica","muzician","opera","orchestra","organizare evenimente","pianist","pictura","sali conferinta","sali evenimente","sculptura","simfonie","sonata","spatii culturale","spatii evenimente","stagiune","teatru","teatru experimental","violonist"],"articleSection":["Evenimente si stiri"],"inLanguage":"ro-RO","potentialAction":[{"@type":"CommentAction","name":"Comment","target":["https:\/\/www.societateamuzicala.ro\/societateaculturala\/final-nedorit-de-stagiune-la-tnb#respond"]}]},{"@type":"WebPage","@id":"https:\/\/www.societateamuzicala.ro\/societateaculturala\/final-nedorit-de-stagiune-la-tnb","url":"https:\/\/www.societateamuzicala.ro\/societateaculturala\/final-nedorit-de-stagiune-la-tnb","name":"Final (nedorit) de stagiune la TNB - Societatea Culturala","isPartOf":{"@id":"https:\/\/www.societateamuzicala.ro\/societateaculturala\/#website"},"datePublished":"2019-06-28T09:58:16+00:00","author":{"@id":"https:\/\/www.societateamuzicala.ro\/societateaculturala\/#\/schema\/person\/0608b1774a3787abb7ff1d5e8d1b84eb"},"breadcrumb":{"@id":"https:\/\/www.societateamuzicala.ro\/societateaculturala\/final-nedorit-de-stagiune-la-tnb#breadcrumb"},"inLanguage":"ro-RO","potentialAction":[{"@type":"ReadAction","target":["https:\/\/www.societateamuzicala.ro\/societateaculturala\/final-nedorit-de-stagiune-la-tnb"]}]},{"@type":"BreadcrumbList","@id":"https:\/\/www.societateamuzicala.ro\/societateaculturala\/final-nedorit-de-stagiune-la-tnb#breadcrumb","itemListElement":[{"@type":"ListItem","position":1,"name":"Acas\u0103","item":"https:\/\/www.societateamuzicala.ro\/societateaculturala"},{"@type":"ListItem","position":2,"name":"Final (nedorit) de stagiune la TNB"}]},{"@type":"WebSite","@id":"https:\/\/www.societateamuzicala.ro\/societateaculturala\/#website","url":"https:\/\/www.societateamuzicala.ro\/societateaculturala\/","name":"Societatea Culturala","description":"Platforma de marketing si informatii culturale","potentialAction":[{"@type":"SearchAction","target":{"@type":"EntryPoint","urlTemplate":"https:\/\/www.societateamuzicala.ro\/societateaculturala\/?s={search_term_string}"},"query-input":{"@type":"PropertyValueSpecification","valueRequired":true,"valueName":"search_term_string"}}],"inLanguage":"ro-RO"},{"@type":"Person","@id":"https:\/\/www.societateamuzicala.ro\/societateaculturala\/#\/schema\/person\/0608b1774a3787abb7ff1d5e8d1b84eb","name":"Catoi Daniel","image":{"@type":"ImageObject","inLanguage":"ro-RO","@id":"https:\/\/secure.gravatar.com\/avatar\/c0882a218c936889972a11c796e8ed91e0aff99b92af7212c04f740da3928233?s=96&d=mm&r=g","url":"https:\/\/secure.gravatar.com\/avatar\/c0882a218c936889972a11c796e8ed91e0aff99b92af7212c04f740da3928233?s=96&d=mm&r=g","contentUrl":"https:\/\/secure.gravatar.com\/avatar\/c0882a218c936889972a11c796e8ed91e0aff99b92af7212c04f740da3928233?s=96&d=mm&r=g","caption":"Catoi Daniel"},"url":"https:\/\/www.societateamuzicala.ro\/societateaculturala\/author\/daniel"}]}},"_links":{"self":[{"href":"https:\/\/www.societateamuzicala.ro\/societateaculturala\/wp-json\/wp\/v2\/posts\/31725","targetHints":{"allow":["GET"]}}],"collection":[{"href":"https:\/\/www.societateamuzicala.ro\/societateaculturala\/wp-json\/wp\/v2\/posts"}],"about":[{"href":"https:\/\/www.societateamuzicala.ro\/societateaculturala\/wp-json\/wp\/v2\/types\/post"}],"author":[{"embeddable":true,"href":"https:\/\/www.societateamuzicala.ro\/societateaculturala\/wp-json\/wp\/v2\/users\/22"}],"replies":[{"embeddable":true,"href":"https:\/\/www.societateamuzicala.ro\/societateaculturala\/wp-json\/wp\/v2\/comments?post=31725"}],"version-history":[{"count":0,"href":"https:\/\/www.societateamuzicala.ro\/societateaculturala\/wp-json\/wp\/v2\/posts\/31725\/revisions"}],"wp:attachment":[{"href":"https:\/\/www.societateamuzicala.ro\/societateaculturala\/wp-json\/wp\/v2\/media?parent=31725"}],"wp:term":[{"taxonomy":"category","embeddable":true,"href":"https:\/\/www.societateamuzicala.ro\/societateaculturala\/wp-json\/wp\/v2\/categories?post=31725"},{"taxonomy":"post_tag","embeddable":true,"href":"https:\/\/www.societateamuzicala.ro\/societateaculturala\/wp-json\/wp\/v2\/tags?post=31725"}],"curies":[{"name":"wp","href":"https:\/\/api.w.org\/{rel}","templated":true}]}}