{"id":31672,"date":"2019-04-17T08:39:25","date_gmt":"2019-04-17T08:39:25","guid":{"rendered":"https:\/\/www.societateamuzicala.ro\/societateaculturala\/?p=31672"},"modified":"2019-04-17T08:39:25","modified_gmt":"2019-04-17T08:39:25","slug":"un-spectacol-de-cartea-recordurilor-dineu-cu-prosti-350","status":"publish","type":"post","link":"https:\/\/www.societateamuzicala.ro\/societateaculturala\/un-spectacol-de-cartea-recordurilor-dineu-cu-prosti-350","title":{"rendered":"Un spectacol de&#8230; Cartea recordurilor!\u00a0Dineu cu pro\u0219ti &#8211; 350!"},"content":{"rendered":"<p>\u00cen aceast\u0103 zi de miercuri, 17 aprilie 2019, unul din cele mai \u00eendr\u0103gite spectacole ale scenei rom\u00e2ne\u015fti, moralizator f\u0103r\u0103 ostenta\u0163ie \u015fi cu lipici la public, \u201eDineu cu pro\u0219ti\u201d, produc\u021bie a Teatrului Na\u021bional \u201dI.L.Caragiale\u201d din Bucure\u0219ti, ajunge la un num\u0103r impresionant de reprezenta\u021bii.<\/p>\n<p>S-a jucat peste tot \u00een \u0163ar\u0103 cu s\u0103li arhipline \u015fi publicul \u00eel aclam\u0103, cer\u00e2nd noi reprezenta\u0163ii. Un <em>must see<\/em> pe care \u00eel pute\u021bi revedea oric\u00e2nd, acesta este \u201eDineu cu pro\u0219ti\u201d de <strong>Francis Veber<\/strong>, \u00een regia lui <strong>Ion Caramitru<\/strong>.<\/p>\n<p>A\u015fadar, ast\u0103zi, la Sala Mare a Teatrului Na\u021bional &#8222;I.L Caragiale&#8221; din Bucure\u0219ti, \u00eencep\u00e2nd cu ora 20.00 ve\u0163i putea vedea reprezenta\u021bia cu num\u0103rul<strong> 350 <\/strong>a spectacolului \u201eDineu cu pro\u0219ti\u201d.<\/p>\n<p>Dac\u0103 v-a\u0163i procurat din vreme bilete la cel mai \u201ev\u00e2nat\u201d dintre spectacolele longevive ale Na\u0163ionalului, \u00een aceast\u0103 sear\u0103 ve\u0163i putea \u00eemp\u0103rt\u0103\u015fi cu realizatorii spectacolului bucuria s\u0103rb\u0103torii. Fiind o pies\u0103 pe gustul tuturor, o comedie extrem de savuroas\u0103 cu dialoguri vii \u0219i cu o distribu\u021bie perfect\u0103, de la premiera din anul 2010 \u015fi p\u00e2n\u0103 \u00een prezent se joac\u0103 numai cu casa \u00eenchis\u0103.<\/p>\n<p>\u00cen distribu\u021bie: <strong>Ion Caramitru, Hora\u021biu M\u0103l\u0103ele, Tomi Cristin, Alexandru Bindea, Costina Cheyrouze, Teodora Mare\u0219, Aylin Cad\u00eer, Dorin And one, Alexandru Georgescu<\/strong>.<\/p>\n<p>\u201eDineu cu pro\u0219ti\u201d &#8211; leader de longevitate \u0219i leader de v\u00e2nz\u0103ri la Teatrul Na\u021bional, un succes teatral care are \u0219anse s\u0103 intre \u00een cartea recordurilor, este at\u00e2t de iubit de public pentru c\u0103 st\u00e2rne\u0219te de fiecare dat\u0103 hohote de r\u00e2s \u0219i ropote de aplauze. Pentru c\u0103 este o \u201ecomedie la superlativ\u201d, la care \u201ese r\u00e2de mult \u015fi bine\u201d \u015fi \u201er\u00e2sul este eliberator\u201d, a\u015fa cum a titrat presa, de-a lungul anilor.<\/p>\n<p>Cel mai ingenios &#8230;<strong>Dineu <\/strong>v\u0103 a\u015fteapt\u0103, \u015fi \u00een aceast\u0103 sear\u0103 la Na\u0163ional, s\u0103 savura\u0163i o poveste de un farmec nebun, reconfortant\u0103, cu candoarea \u015fi t\u00e2lcul ei, ornat\u0103 din bel\u015fug cu hohote de r\u00e2s. S\u0103 ave\u0163i poft\u0103 de teatru!<\/p>\n<p>Comunicat al Teatrului National din Bucuresti<\/p>\n<p><a href=\"https:\/\/www.societateamuzicala.ro\/societateaculturala\/wp-content\/uploads\/2019\/04\/Dineu-cu-prosti-la-TNB-spectacolul-cu-numarul-350-17aprilie-2019.jpg\" target=\"_blank\" rel=\"noopener\"><img loading=\"lazy\" decoding=\"async\" class=\"no-border alignnone wp-image-31673\" src=\"https:\/\/www.societateamuzicala.ro\/societateaculturala\/wp-content\/uploads\/2019\/04\/Dineu-cu-prosti-la-TNB-spectacolul-cu-numarul-350-17aprilie-2019-300x199.jpg\" alt=\"\" width=\"525\" height=\"348\" srcset=\"https:\/\/www.societateamuzicala.ro\/societateaculturala\/wp-content\/uploads\/2019\/04\/Dineu-cu-prosti-la-TNB-spectacolul-cu-numarul-350-17aprilie-2019-300x199.jpg 300w, https:\/\/www.societateamuzicala.ro\/societateaculturala\/wp-content\/uploads\/2019\/04\/Dineu-cu-prosti-la-TNB-spectacolul-cu-numarul-350-17aprilie-2019-768x509.jpg 768w, https:\/\/www.societateamuzicala.ro\/societateaculturala\/wp-content\/uploads\/2019\/04\/Dineu-cu-prosti-la-TNB-spectacolul-cu-numarul-350-17aprilie-2019.jpg 1024w\" sizes=\"auto, (max-width: 525px) 100vw, 525px\" \/><\/a><\/p>\n","protected":false},"excerpt":{"rendered":"<p>\u00cen aceast\u0103 zi de miercuri, 17 aprilie 2019, unul din cele mai \u00eendr\u0103gite spectacole ale scenei rom\u00e2ne\u015fti, moralizator f\u0103r\u0103 ostenta\u0163ie \u015fi cu lipici la public, \u201eDineu cu pro\u0219ti\u201d, produc\u021bie a Teatrului Na\u021bional \u201dI.L.Caragiale\u201d din Bucure\u0219ti, ajunge la un num\u0103r impresionant de reprezenta\u021bii. S-a jucat peste tot \u00een \u0163ar\u0103 cu s\u0103li arhipline \u015fi publicul \u00eel aclam\u0103, [&hellip;]<\/p>\n","protected":false},"author":22,"featured_media":0,"comment_status":"open","ping_status":"open","sticky":false,"template":"","format":"standard","meta":{"_acf_changed":false,"footnotes":""},"categories":[68],"tags":[1402,6332,6326,1393,6321,1820,332,281,191,200,669,4567,6325,333,6322,6330,282,274,6333,283,6329,196,197,201,198,199,280,272,290,6336,284,6327,6324,6334,6328,289,358,6323,6335,334,273,6331,222],"class_list":["post-31672","post","type-post","status-publish","format-standard","hentry","category-evenimente-si-stiri","tag-arta","tag-arta-contemporana","tag-arta-plastica","tag-arte-plastice","tag-arte-vizuale","tag-cinema","tag-compozitor","tag-concert-cameral","tag-concerte","tag-concerte-muzica-clasica","tag-conservator","tag-cultura","tag-dezbateri","tag-dirijor","tag-evenimente-culturale","tag-expozitii","tag-festival","tag-film","tag-galerie","tag-instrumentisti","tag-muzee","tag-muzica","tag-muzica-clasica","tag-muzica-clasica-romania","tag-muzica-culta","tag-muzica-simfonica","tag-muzician","tag-opera","tag-orchestra","tag-organizare-evenimente","tag-pianist","tag-pictura","tag-sali-conferinta","tag-sali-evenimente","tag-sculptura","tag-simfonie","tag-sonata","tag-spatii-culturale","tag-spatii-evenimente","tag-stagiune","tag-teatru","tag-teatru-experimental","tag-violonist"],"acf":{"cc_filter":["teatru"],"poza_fixa":"https:\/\/www.societateamuzicala.ro\/societateaculturala\/wp-content\/uploads\/2019\/03\/TNB.jpg","url_poza_fixa":"","oras":"","sector":"0","zona":"null","in_strainatate":false,"pian":false,"orga":false,"data1":"","data2":"","afiseaza_data_post":false,"acf_sala":"","centru_cultural":"","articole_parinte":"","articole_relationate":"","coordonate":false,"tab1_nume":"Despre","tab3":false},"yoast_head":"<!-- This site is optimized with the Yoast SEO plugin v27.5 - https:\/\/yoast.com\/product\/yoast-seo-wordpress\/ -->\n<title>Un spectacol de... Cartea recordurilor!\u00a0Dineu cu pro\u0219ti - 350! - Societatea Culturala<\/title>\n<meta name=\"robots\" content=\"index, follow, max-snippet:-1, max-image-preview:large, max-video-preview:-1\" \/>\n<link rel=\"canonical\" href=\"https:\/\/www.societateamuzicala.ro\/societateaculturala\/un-spectacol-de-cartea-recordurilor-dineu-cu-prosti-350\" \/>\n<meta property=\"og:locale\" content=\"ro_RO\" \/>\n<meta property=\"og:type\" content=\"article\" \/>\n<meta property=\"og:title\" content=\"Un spectacol de... Cartea recordurilor!\u00a0Dineu cu pro\u0219ti - 350! - Societatea Culturala\" \/>\n<meta property=\"og:description\" content=\"\u00cen aceast\u0103 zi de miercuri, 17 aprilie 2019, unul din cele mai \u00eendr\u0103gite spectacole ale scenei rom\u00e2ne\u015fti, moralizator f\u0103r\u0103 ostenta\u0163ie \u015fi cu lipici la public, \u201eDineu cu pro\u0219ti\u201d, produc\u021bie a Teatrului Na\u021bional \u201dI.L.Caragiale\u201d din Bucure\u0219ti, ajunge la un num\u0103r impresionant de reprezenta\u021bii. S-a jucat peste tot \u00een \u0163ar\u0103 cu s\u0103li arhipline \u015fi publicul \u00eel aclam\u0103, [&hellip;]\" \/>\n<meta property=\"og:url\" content=\"https:\/\/www.societateamuzicala.ro\/societateaculturala\/un-spectacol-de-cartea-recordurilor-dineu-cu-prosti-350\" \/>\n<meta property=\"og:site_name\" content=\"Societatea Culturala\" \/>\n<meta property=\"article:published_time\" content=\"2019-04-17T08:39:25+00:00\" \/>\n<meta property=\"og:image\" content=\"https:\/\/www.societateamuzicala.ro\/societateaculturala\/wp-content\/uploads\/2019\/04\/Dineu-cu-prosti-la-TNB-spectacolul-cu-numarul-350-17aprilie-2019.jpg\" \/>\n\t<meta property=\"og:image:width\" content=\"1024\" \/>\n\t<meta property=\"og:image:height\" content=\"678\" \/>\n\t<meta property=\"og:image:type\" content=\"image\/jpeg\" \/>\n<meta name=\"author\" content=\"Catoi Daniel\" \/>\n<meta name=\"twitter:card\" content=\"summary_large_image\" \/>\n<meta name=\"twitter:label1\" content=\"Scris de\" \/>\n\t<meta name=\"twitter:data1\" content=\"Catoi Daniel\" \/>\n\t<meta name=\"twitter:label2\" content=\"Timp estimat pentru citire\" \/>\n\t<meta name=\"twitter:data2\" content=\"2 minute\" \/>\n<script type=\"application\/ld+json\" class=\"yoast-schema-graph\">{\"@context\":\"https:\\\/\\\/schema.org\",\"@graph\":[{\"@type\":\"Article\",\"@id\":\"https:\\\/\\\/www.societateamuzicala.ro\\\/societateaculturala\\\/un-spectacol-de-cartea-recordurilor-dineu-cu-prosti-350#article\",\"isPartOf\":{\"@id\":\"https:\\\/\\\/www.societateamuzicala.ro\\\/societateaculturala\\\/un-spectacol-de-cartea-recordurilor-dineu-cu-prosti-350\"},\"author\":{\"name\":\"Catoi Daniel\",\"@id\":\"https:\\\/\\\/www.societateamuzicala.ro\\\/societateaculturala\\\/#\\\/schema\\\/person\\\/0608b1774a3787abb7ff1d5e8d1b84eb\"},\"headline\":\"Un spectacol de&#8230; Cartea recordurilor!\u00a0Dineu cu pro\u0219ti &#8211; 350!\",\"datePublished\":\"2019-04-17T08:39:25+00:00\",\"mainEntityOfPage\":{\"@id\":\"https:\\\/\\\/www.societateamuzicala.ro\\\/societateaculturala\\\/un-spectacol-de-cartea-recordurilor-dineu-cu-prosti-350\"},\"wordCount\":371,\"commentCount\":0,\"image\":{\"@id\":\"https:\\\/\\\/www.societateamuzicala.ro\\\/societateaculturala\\\/un-spectacol-de-cartea-recordurilor-dineu-cu-prosti-350#primaryimage\"},\"thumbnailUrl\":\"https:\\\/\\\/www.societateamuzicala.ro\\\/societateaculturala\\\/wp-content\\\/uploads\\\/2019\\\/04\\\/Dineu-cu-prosti-la-TNB-spectacolul-cu-numarul-350-17aprilie-2019-300x199.jpg\",\"keywords\":[\"arta\",\"arta contemporana\",\"arta plastica\",\"arte plastice\",\"arte vizuale\",\"cinema\",\"compozitor\",\"concert cameral\",\"concerte\",\"concerte muzica clasica\",\"conservator\",\"Cultura\",\"dezbateri\",\"dirijor\",\"evenimente culturale\",\"expozitii\",\"festival\",\"film\",\"galerie\",\"instrumentisti\",\"muzee\",\"muzica\",\"muzica clasica\",\"muzica clasica romania\",\"muzica culta\",\"muzica simfonica\",\"muzician\",\"opera\",\"orchestra\",\"organizare evenimente\",\"pianist\",\"pictura\",\"sali conferinta\",\"sali evenimente\",\"sculptura\",\"simfonie\",\"sonata\",\"spatii culturale\",\"spatii evenimente\",\"stagiune\",\"teatru\",\"teatru experimental\",\"violonist\"],\"articleSection\":[\"Evenimente si stiri\"],\"inLanguage\":\"ro-RO\",\"potentialAction\":[{\"@type\":\"CommentAction\",\"name\":\"Comment\",\"target\":[\"https:\\\/\\\/www.societateamuzicala.ro\\\/societateaculturala\\\/un-spectacol-de-cartea-recordurilor-dineu-cu-prosti-350#respond\"]}]},{\"@type\":\"WebPage\",\"@id\":\"https:\\\/\\\/www.societateamuzicala.ro\\\/societateaculturala\\\/un-spectacol-de-cartea-recordurilor-dineu-cu-prosti-350\",\"url\":\"https:\\\/\\\/www.societateamuzicala.ro\\\/societateaculturala\\\/un-spectacol-de-cartea-recordurilor-dineu-cu-prosti-350\",\"name\":\"Un spectacol de... Cartea recordurilor!\u00a0Dineu cu pro\u0219ti - 350! - Societatea Culturala\",\"isPartOf\":{\"@id\":\"https:\\\/\\\/www.societateamuzicala.ro\\\/societateaculturala\\\/#website\"},\"primaryImageOfPage\":{\"@id\":\"https:\\\/\\\/www.societateamuzicala.ro\\\/societateaculturala\\\/un-spectacol-de-cartea-recordurilor-dineu-cu-prosti-350#primaryimage\"},\"image\":{\"@id\":\"https:\\\/\\\/www.societateamuzicala.ro\\\/societateaculturala\\\/un-spectacol-de-cartea-recordurilor-dineu-cu-prosti-350#primaryimage\"},\"thumbnailUrl\":\"https:\\\/\\\/www.societateamuzicala.ro\\\/societateaculturala\\\/wp-content\\\/uploads\\\/2019\\\/04\\\/Dineu-cu-prosti-la-TNB-spectacolul-cu-numarul-350-17aprilie-2019-300x199.jpg\",\"datePublished\":\"2019-04-17T08:39:25+00:00\",\"author\":{\"@id\":\"https:\\\/\\\/www.societateamuzicala.ro\\\/societateaculturala\\\/#\\\/schema\\\/person\\\/0608b1774a3787abb7ff1d5e8d1b84eb\"},\"breadcrumb\":{\"@id\":\"https:\\\/\\\/www.societateamuzicala.ro\\\/societateaculturala\\\/un-spectacol-de-cartea-recordurilor-dineu-cu-prosti-350#breadcrumb\"},\"inLanguage\":\"ro-RO\",\"potentialAction\":[{\"@type\":\"ReadAction\",\"target\":[\"https:\\\/\\\/www.societateamuzicala.ro\\\/societateaculturala\\\/un-spectacol-de-cartea-recordurilor-dineu-cu-prosti-350\"]}]},{\"@type\":\"ImageObject\",\"inLanguage\":\"ro-RO\",\"@id\":\"https:\\\/\\\/www.societateamuzicala.ro\\\/societateaculturala\\\/un-spectacol-de-cartea-recordurilor-dineu-cu-prosti-350#primaryimage\",\"url\":\"https:\\\/\\\/www.societateamuzicala.ro\\\/societateaculturala\\\/wp-content\\\/uploads\\\/2019\\\/04\\\/Dineu-cu-prosti-la-TNB-spectacolul-cu-numarul-350-17aprilie-2019.jpg\",\"contentUrl\":\"https:\\\/\\\/www.societateamuzicala.ro\\\/societateaculturala\\\/wp-content\\\/uploads\\\/2019\\\/04\\\/Dineu-cu-prosti-la-TNB-spectacolul-cu-numarul-350-17aprilie-2019.jpg\",\"width\":1024,\"height\":678},{\"@type\":\"BreadcrumbList\",\"@id\":\"https:\\\/\\\/www.societateamuzicala.ro\\\/societateaculturala\\\/un-spectacol-de-cartea-recordurilor-dineu-cu-prosti-350#breadcrumb\",\"itemListElement\":[{\"@type\":\"ListItem\",\"position\":1,\"name\":\"Acas\u0103\",\"item\":\"https:\\\/\\\/www.societateamuzicala.ro\\\/societateaculturala\"},{\"@type\":\"ListItem\",\"position\":2,\"name\":\"Un spectacol de&#8230; Cartea recordurilor!\u00a0Dineu cu pro\u0219ti &#8211; 350!\"}]},{\"@type\":\"WebSite\",\"@id\":\"https:\\\/\\\/www.societateamuzicala.ro\\\/societateaculturala\\\/#website\",\"url\":\"https:\\\/\\\/www.societateamuzicala.ro\\\/societateaculturala\\\/\",\"name\":\"Societatea Culturala\",\"description\":\"Platforma de marketing si informatii culturale\",\"potentialAction\":[{\"@type\":\"SearchAction\",\"target\":{\"@type\":\"EntryPoint\",\"urlTemplate\":\"https:\\\/\\\/www.societateamuzicala.ro\\\/societateaculturala\\\/?s={search_term_string}\"},\"query-input\":{\"@type\":\"PropertyValueSpecification\",\"valueRequired\":true,\"valueName\":\"search_term_string\"}}],\"inLanguage\":\"ro-RO\"},{\"@type\":\"Person\",\"@id\":\"https:\\\/\\\/www.societateamuzicala.ro\\\/societateaculturala\\\/#\\\/schema\\\/person\\\/0608b1774a3787abb7ff1d5e8d1b84eb\",\"name\":\"Catoi Daniel\",\"image\":{\"@type\":\"ImageObject\",\"inLanguage\":\"ro-RO\",\"@id\":\"https:\\\/\\\/secure.gravatar.com\\\/avatar\\\/c0882a218c936889972a11c796e8ed91e0aff99b92af7212c04f740da3928233?s=96&d=mm&r=g\",\"url\":\"https:\\\/\\\/secure.gravatar.com\\\/avatar\\\/c0882a218c936889972a11c796e8ed91e0aff99b92af7212c04f740da3928233?s=96&d=mm&r=g\",\"contentUrl\":\"https:\\\/\\\/secure.gravatar.com\\\/avatar\\\/c0882a218c936889972a11c796e8ed91e0aff99b92af7212c04f740da3928233?s=96&d=mm&r=g\",\"caption\":\"Catoi Daniel\"},\"url\":\"https:\\\/\\\/www.societateamuzicala.ro\\\/societateaculturala\\\/author\\\/daniel\"}]}<\/script>\n<!-- \/ Yoast SEO plugin. -->","yoast_head_json":{"title":"Un spectacol de... Cartea recordurilor!\u00a0Dineu cu pro\u0219ti - 350! - Societatea Culturala","robots":{"index":"index","follow":"follow","max-snippet":"max-snippet:-1","max-image-preview":"max-image-preview:large","max-video-preview":"max-video-preview:-1"},"canonical":"https:\/\/www.societateamuzicala.ro\/societateaculturala\/un-spectacol-de-cartea-recordurilor-dineu-cu-prosti-350","og_locale":"ro_RO","og_type":"article","og_title":"Un spectacol de... Cartea recordurilor!\u00a0Dineu cu pro\u0219ti - 350! - Societatea Culturala","og_description":"\u00cen aceast\u0103 zi de miercuri, 17 aprilie 2019, unul din cele mai \u00eendr\u0103gite spectacole ale scenei rom\u00e2ne\u015fti, moralizator f\u0103r\u0103 ostenta\u0163ie \u015fi cu lipici la public, \u201eDineu cu pro\u0219ti\u201d, produc\u021bie a Teatrului Na\u021bional \u201dI.L.Caragiale\u201d din Bucure\u0219ti, ajunge la un num\u0103r impresionant de reprezenta\u021bii. S-a jucat peste tot \u00een \u0163ar\u0103 cu s\u0103li arhipline \u015fi publicul \u00eel aclam\u0103, [&hellip;]","og_url":"https:\/\/www.societateamuzicala.ro\/societateaculturala\/un-spectacol-de-cartea-recordurilor-dineu-cu-prosti-350","og_site_name":"Societatea Culturala","article_published_time":"2019-04-17T08:39:25+00:00","og_image":[{"width":1024,"height":678,"url":"https:\/\/www.societateamuzicala.ro\/societateaculturala\/wp-content\/uploads\/2019\/04\/Dineu-cu-prosti-la-TNB-spectacolul-cu-numarul-350-17aprilie-2019.jpg","type":"image\/jpeg"}],"author":"Catoi Daniel","twitter_card":"summary_large_image","twitter_misc":{"Scris de":"Catoi Daniel","Timp estimat pentru citire":"2 minute"},"schema":{"@context":"https:\/\/schema.org","@graph":[{"@type":"Article","@id":"https:\/\/www.societateamuzicala.ro\/societateaculturala\/un-spectacol-de-cartea-recordurilor-dineu-cu-prosti-350#article","isPartOf":{"@id":"https:\/\/www.societateamuzicala.ro\/societateaculturala\/un-spectacol-de-cartea-recordurilor-dineu-cu-prosti-350"},"author":{"name":"Catoi Daniel","@id":"https:\/\/www.societateamuzicala.ro\/societateaculturala\/#\/schema\/person\/0608b1774a3787abb7ff1d5e8d1b84eb"},"headline":"Un spectacol de&#8230; Cartea recordurilor!\u00a0Dineu cu pro\u0219ti &#8211; 350!","datePublished":"2019-04-17T08:39:25+00:00","mainEntityOfPage":{"@id":"https:\/\/www.societateamuzicala.ro\/societateaculturala\/un-spectacol-de-cartea-recordurilor-dineu-cu-prosti-350"},"wordCount":371,"commentCount":0,"image":{"@id":"https:\/\/www.societateamuzicala.ro\/societateaculturala\/un-spectacol-de-cartea-recordurilor-dineu-cu-prosti-350#primaryimage"},"thumbnailUrl":"https:\/\/www.societateamuzicala.ro\/societateaculturala\/wp-content\/uploads\/2019\/04\/Dineu-cu-prosti-la-TNB-spectacolul-cu-numarul-350-17aprilie-2019-300x199.jpg","keywords":["arta","arta contemporana","arta plastica","arte plastice","arte vizuale","cinema","compozitor","concert cameral","concerte","concerte muzica clasica","conservator","Cultura","dezbateri","dirijor","evenimente culturale","expozitii","festival","film","galerie","instrumentisti","muzee","muzica","muzica clasica","muzica clasica romania","muzica culta","muzica simfonica","muzician","opera","orchestra","organizare evenimente","pianist","pictura","sali conferinta","sali evenimente","sculptura","simfonie","sonata","spatii culturale","spatii evenimente","stagiune","teatru","teatru experimental","violonist"],"articleSection":["Evenimente si stiri"],"inLanguage":"ro-RO","potentialAction":[{"@type":"CommentAction","name":"Comment","target":["https:\/\/www.societateamuzicala.ro\/societateaculturala\/un-spectacol-de-cartea-recordurilor-dineu-cu-prosti-350#respond"]}]},{"@type":"WebPage","@id":"https:\/\/www.societateamuzicala.ro\/societateaculturala\/un-spectacol-de-cartea-recordurilor-dineu-cu-prosti-350","url":"https:\/\/www.societateamuzicala.ro\/societateaculturala\/un-spectacol-de-cartea-recordurilor-dineu-cu-prosti-350","name":"Un spectacol de... Cartea recordurilor!\u00a0Dineu cu pro\u0219ti - 350! - Societatea Culturala","isPartOf":{"@id":"https:\/\/www.societateamuzicala.ro\/societateaculturala\/#website"},"primaryImageOfPage":{"@id":"https:\/\/www.societateamuzicala.ro\/societateaculturala\/un-spectacol-de-cartea-recordurilor-dineu-cu-prosti-350#primaryimage"},"image":{"@id":"https:\/\/www.societateamuzicala.ro\/societateaculturala\/un-spectacol-de-cartea-recordurilor-dineu-cu-prosti-350#primaryimage"},"thumbnailUrl":"https:\/\/www.societateamuzicala.ro\/societateaculturala\/wp-content\/uploads\/2019\/04\/Dineu-cu-prosti-la-TNB-spectacolul-cu-numarul-350-17aprilie-2019-300x199.jpg","datePublished":"2019-04-17T08:39:25+00:00","author":{"@id":"https:\/\/www.societateamuzicala.ro\/societateaculturala\/#\/schema\/person\/0608b1774a3787abb7ff1d5e8d1b84eb"},"breadcrumb":{"@id":"https:\/\/www.societateamuzicala.ro\/societateaculturala\/un-spectacol-de-cartea-recordurilor-dineu-cu-prosti-350#breadcrumb"},"inLanguage":"ro-RO","potentialAction":[{"@type":"ReadAction","target":["https:\/\/www.societateamuzicala.ro\/societateaculturala\/un-spectacol-de-cartea-recordurilor-dineu-cu-prosti-350"]}]},{"@type":"ImageObject","inLanguage":"ro-RO","@id":"https:\/\/www.societateamuzicala.ro\/societateaculturala\/un-spectacol-de-cartea-recordurilor-dineu-cu-prosti-350#primaryimage","url":"https:\/\/www.societateamuzicala.ro\/societateaculturala\/wp-content\/uploads\/2019\/04\/Dineu-cu-prosti-la-TNB-spectacolul-cu-numarul-350-17aprilie-2019.jpg","contentUrl":"https:\/\/www.societateamuzicala.ro\/societateaculturala\/wp-content\/uploads\/2019\/04\/Dineu-cu-prosti-la-TNB-spectacolul-cu-numarul-350-17aprilie-2019.jpg","width":1024,"height":678},{"@type":"BreadcrumbList","@id":"https:\/\/www.societateamuzicala.ro\/societateaculturala\/un-spectacol-de-cartea-recordurilor-dineu-cu-prosti-350#breadcrumb","itemListElement":[{"@type":"ListItem","position":1,"name":"Acas\u0103","item":"https:\/\/www.societateamuzicala.ro\/societateaculturala"},{"@type":"ListItem","position":2,"name":"Un spectacol de&#8230; Cartea recordurilor!\u00a0Dineu cu pro\u0219ti &#8211; 350!"}]},{"@type":"WebSite","@id":"https:\/\/www.societateamuzicala.ro\/societateaculturala\/#website","url":"https:\/\/www.societateamuzicala.ro\/societateaculturala\/","name":"Societatea Culturala","description":"Platforma de marketing si informatii culturale","potentialAction":[{"@type":"SearchAction","target":{"@type":"EntryPoint","urlTemplate":"https:\/\/www.societateamuzicala.ro\/societateaculturala\/?s={search_term_string}"},"query-input":{"@type":"PropertyValueSpecification","valueRequired":true,"valueName":"search_term_string"}}],"inLanguage":"ro-RO"},{"@type":"Person","@id":"https:\/\/www.societateamuzicala.ro\/societateaculturala\/#\/schema\/person\/0608b1774a3787abb7ff1d5e8d1b84eb","name":"Catoi Daniel","image":{"@type":"ImageObject","inLanguage":"ro-RO","@id":"https:\/\/secure.gravatar.com\/avatar\/c0882a218c936889972a11c796e8ed91e0aff99b92af7212c04f740da3928233?s=96&d=mm&r=g","url":"https:\/\/secure.gravatar.com\/avatar\/c0882a218c936889972a11c796e8ed91e0aff99b92af7212c04f740da3928233?s=96&d=mm&r=g","contentUrl":"https:\/\/secure.gravatar.com\/avatar\/c0882a218c936889972a11c796e8ed91e0aff99b92af7212c04f740da3928233?s=96&d=mm&r=g","caption":"Catoi Daniel"},"url":"https:\/\/www.societateamuzicala.ro\/societateaculturala\/author\/daniel"}]}},"_links":{"self":[{"href":"https:\/\/www.societateamuzicala.ro\/societateaculturala\/wp-json\/wp\/v2\/posts\/31672","targetHints":{"allow":["GET"]}}],"collection":[{"href":"https:\/\/www.societateamuzicala.ro\/societateaculturala\/wp-json\/wp\/v2\/posts"}],"about":[{"href":"https:\/\/www.societateamuzicala.ro\/societateaculturala\/wp-json\/wp\/v2\/types\/post"}],"author":[{"embeddable":true,"href":"https:\/\/www.societateamuzicala.ro\/societateaculturala\/wp-json\/wp\/v2\/users\/22"}],"replies":[{"embeddable":true,"href":"https:\/\/www.societateamuzicala.ro\/societateaculturala\/wp-json\/wp\/v2\/comments?post=31672"}],"version-history":[{"count":0,"href":"https:\/\/www.societateamuzicala.ro\/societateaculturala\/wp-json\/wp\/v2\/posts\/31672\/revisions"}],"wp:attachment":[{"href":"https:\/\/www.societateamuzicala.ro\/societateaculturala\/wp-json\/wp\/v2\/media?parent=31672"}],"wp:term":[{"taxonomy":"category","embeddable":true,"href":"https:\/\/www.societateamuzicala.ro\/societateaculturala\/wp-json\/wp\/v2\/categories?post=31672"},{"taxonomy":"post_tag","embeddable":true,"href":"https:\/\/www.societateamuzicala.ro\/societateaculturala\/wp-json\/wp\/v2\/tags?post=31672"}],"curies":[{"name":"wp","href":"https:\/\/api.w.org\/{rel}","templated":true}]}}