{"id":31605,"date":"2019-02-27T08:39:06","date_gmt":"2019-02-27T08:39:06","guid":{"rendered":"https:\/\/www.societateamuzicala.ro\/societateaculturala\/?p=31605"},"modified":"2019-02-27T08:43:13","modified_gmt":"2019-02-27T08:43:13","slug":"dirijorul-christian-badea-revine-pe-scena-ateneului-roman","status":"publish","type":"post","link":"https:\/\/www.societateamuzicala.ro\/societateaculturala\/dirijorul-christian-badea-revine-pe-scena-ateneului-roman","title":{"rendered":"Dirijorul Christian Badea revine pe scena Ateneului Rom\u00e2n"},"content":{"rendered":"<p>Dup\u0103 succesul fulminat cu o serie de spectacole\u201eTurandot\u201c la Opera Australia, Sydney, maestrul <strong>Christian Badea<\/strong>, consilier artistic \u0219i dirijor principal al Filarmonicii \u201eGeorge Enescu\u201c, revine pe\u00a0 <strong>28 februarie \u0219i 1 martie 2019<\/strong> pe scena Ateneului Rom\u00e2n. Joi \u0219i vineri, de la ora 19.00, orchestra Filarmonicii \u201eGeorge Enescu\u201c va avea \u00een program<em> Concertul \u00een re major pentru vioar\u0103 \u0219i orchestr\u0103, op.35<\/em> de Erich Wolfgang Korngold \u0219i <em>Simfonia nr.5, \u00een re minor, op.47<\/em> de Dmitri \u0218ostakovici. Solist\u0103 va fi violonista Ioana Cristina Goicea.<\/p>\n<p><strong>Joi,\u00a0 28 februarie \u0219i Vineri, 1 Martie<\/strong><em> 2019, ora 19.00, Ateneul Rom\u00e2n<\/em><\/p>\n<p><strong>Concert simfonic<\/strong><\/p>\n<p><strong>Orchestra simfonic\u0103 a Filarmonicii &#8222;George Enescu&#8221;<\/strong><\/p>\n<p>Dirijor <strong>CHRISTIAN BADEA<\/strong><\/p>\n<p>Solist\u0103 <strong>IOANA CRISTINA GOICEA<\/strong><\/p>\n<p><strong>Program<\/strong><\/p>\n<p><strong>Erich Wolfgang Korngold<\/strong><strong> &#8211; <\/strong>Concertul \u00een re major pentru vioar\u0103 \u015fi orchestr\u0103, op. 35<\/p>\n<p><strong>Dmitri \u015eostakovici<\/strong><strong> &#8211; <\/strong>Simfonia nr. 5, \u00een re minor, op. 47<\/p>\n<p>Biletele se pot procura de la Casa de Bilete a Ateneului Rom\u00e2n.<br \/>\nProgram: Marti &#8211; Vineri 12:00 &#8211; 19:00<br \/>\nTelefon: 021.315.68.75<br \/>\nPentru rezervari accesati site-ul\u00a0<a href=\"https:\/\/www.fge.org.ro\/\" target=\"_blank\" rel=\"noopener\">www.fge.org.ro<\/a><\/p>\n<hr \/>\n<p><strong>CHRISTIAN BADEA<\/strong><\/p>\n<p><a href=\"https:\/\/www.societateamuzicala.ro\/societateaculturala\/wp-content\/uploads\/2019\/02\/Dirijorul-Christian-Badea.jpg\" target=\"_blank\" rel=\"noopener\"><img loading=\"lazy\" decoding=\"async\" class=\"no-border alignleft wp-image-31606\" src=\"https:\/\/www.societateamuzicala.ro\/societateaculturala\/wp-content\/uploads\/2019\/02\/Dirijorul-Christian-Badea-287x300.jpg\" alt=\"\" width=\"250\" height=\"262\" srcset=\"https:\/\/www.societateamuzicala.ro\/societateaculturala\/wp-content\/uploads\/2019\/02\/Dirijorul-Christian-Badea-287x300.jpg 287w, https:\/\/www.societateamuzicala.ro\/societateaculturala\/wp-content\/uploads\/2019\/02\/Dirijorul-Christian-Badea-768x803.jpg 768w, https:\/\/www.societateamuzicala.ro\/societateaculturala\/wp-content\/uploads\/2019\/02\/Dirijorul-Christian-Badea.jpg 956w\" sizes=\"auto, (max-width: 250px) 100vw, 250px\" \/><\/a>Dedicat \u00een egal\u0103 m\u0103sur\u0103 muzicii simfonice \u0219i operei, Christian\u00a0 Badea, consilier artistic \u015fi prim-dirijor al Filarmonicii \u201eGeorge Enescu\u201d, a concertat pe toate continentele \u0219i \u00een cele mai importante s\u0103li \u0219i teatre de oper\u0103, printre care Metropolitan Opera (New York), Opera de Stat (Viena),\u00a0 Royal Opera (Londra), Carnegie Hall (New York), Suntory Hall (Tokio), Concertgebouw (Amsterdam).<br \/>\nCariera sa este marcat\u0103 de colabor\u0103ri importante cu arti\u0219ti de referin\u021b\u0103 ai timpului nostru &#8211; Leonard Bernstein, Mstislav Rostropovici, Placido Domingo, Ren\u00e9e Fleming, Natalie Dessay, Thomas Hampson. Sub semnul Leonard Bernstein 100, centenarul na\u0219terii artistului a fost s\u0103rb\u0103torit la Filarmonica \u201eGeorge Enescu\u201d, ultimele dou\u0103 concerte simfonice ale stagiunii trecute fiindu-i dedicate de maestrul Christian Badea &#8211; unul dintre discipolii cei mai de seam\u0103 ai faimosului compozitor, dirijor, pianist \u015fi pedagog american.<\/p>\n<p>Christian Badea a condus orchestre de prim rang ale lumii, printre care se num\u0103r\u0103 Royal Philharmonic \u0219i BBC Symphony (Londra), Filarmonica din Sankt Petersburg, Filarmonica Ceh\u0103, Amsterdam Philharmonic, Orchestre Philharmonique de Radio France, Accademia di Santa Cecilia Orchestra (Roma), RAI Orchestra Montreal Symphony, Filarmonica din Tokio, Pittsburg Symphony (Torino).\u00a0La Metropolitan Opera din New York a dirijat peste 160 de spectacole \u00eentr-un repertoriu vast \u0219i variat.\u00a0 \u00cen mai 2015, Christian Badea a dirijat la Ateneul Rom\u00e2n actul al III-lea din \u201eParsifal\u201c, dup\u0103 care, \u00een deschiderea urm\u0103toarei stagiuni a pus \u00een scen\u0103, \u00een dubl\u0103 calitate, de dirijor \u0219i regizor, actul I din opera lui Richard Wagner.\u00a0 \u00cen decembrie 2017, Christian Badea a ob\u0163inut un succes extraordinar cu\u00a0 \u201eAndrea Ch\u00e9nier\u201c de Umberto Giordano la faimosul Teatro Col\u00f3n din Buenos Aires, fiind invitat s\u0103 revin\u0103 \u00een 2019.\u00a0 De asemenea, a semnat un contract de colaborare p\u00e2n\u0103 \u00een 2020 cu Opera din Sydney.<\/p>\n<p>\u00cen stagiunea 2018-2019, \u00a0Christian Badea a ini\u021biat proiectul Concertele Centenarului la Ateneul Rom\u00e2n, \u00een care au fost invita\u021bi, la Filarmonica \u201eGeorge Enescu\u201c, soli\u0219ti renumi\u021bi &#8211; violoncelistul Misha Maisky, violoni\u0219tii Valeriy Sokolov \u0219i David Grimal, piani\u0219tii Khatia Buniatishvili, Anna Fedorova, Daniel Ciobanu,<\/p>\n<hr \/>\n<p><strong>IOANA CRISTINA GOICEA<\/strong><\/p>\n<p><a href=\"https:\/\/www.societateamuzicala.ro\/societateaculturala\/wp-content\/uploads\/2019\/02\/Ioana-Cristina-Goicea.jpg\" target=\"_blank\" rel=\"noopener\"><img loading=\"lazy\" decoding=\"async\" class=\"no-border alignleft wp-image-31607\" src=\"https:\/\/www.societateamuzicala.ro\/societateaculturala\/wp-content\/uploads\/2019\/02\/Ioana-Cristina-Goicea-300x300.jpg\" alt=\"\" width=\"250\" height=\"250\" srcset=\"https:\/\/www.societateamuzicala.ro\/societateaculturala\/wp-content\/uploads\/2019\/02\/Ioana-Cristina-Goicea-300x300.jpg 300w, https:\/\/www.societateamuzicala.ro\/societateaculturala\/wp-content\/uploads\/2019\/02\/Ioana-Cristina-Goicea-150x150.jpg 150w, https:\/\/www.societateamuzicala.ro\/societateaculturala\/wp-content\/uploads\/2019\/02\/Ioana-Cristina-Goicea.jpg 640w\" sizes=\"auto, (max-width: 250px) 100vw, 250px\" \/><\/a>T\u00e2nara violonist\u0103 Ioana Cristina Goicea este unul dintre cele mai promi\u021b\u0103toare talente ale genera\u021biei tinere. La 27 de ani, ea se m\u00e2ndre\u0219te cu un palmares interna\u021bional impresionant. \u00a0Cea mai recent\u0103 performan\u021b\u0103 este c\u00e2\u0219tigarea concursului de vioar\u0103 \u00eenscris \u00een competi\u021bia Johannes Brahms, de la P\u00f6rtschach, Austria.\u00cen iunie 2017 a c\u00e2\u0219tigat premiul I la prestigioasa competi\u021bie de vioar\u0103 \u201eMichael Hill\u201d din Noua Zeelanda, unde presa a declarat-o \u201eun nou star pe firmamentul muzical\u00e2\u201d. A obtinut Premiul I la concursurile Internationale \ua78cJohannes Brahms\u201d 2013 in Austria si \u201dAndrea Postacchini\u201d 2012 Italia. De asemenea este laureata a concursului \u201dFritz Kreisler\u201d Vienna 2014 si, recent, a castigat premiul \u201dCarl-Flesch\u201d la academia cu acelasi nume in Baden-Baden, Germania. Violonista Ioana Cristina Goicea a concertat ca solist\u0103 cu Auckland Philharmonia, Baden-Baden Philharmonic, S\u00fcdwestdeutsche Philharmonie, Norddeutsche Philarmonie, Filarmonica George Enescu, Orchestra Na\u0163ional\u0103 \u015fi Orchestra de Camer\u0103 Radio, Orchestra Na\u0163ional\u0103 de Tineret, I Virtuosi Italiani, Kunitachi Symphoniker, Filarmonica de Stat Chisinau precum si cu toate orchestrele simfonice din Rom\u00e2nia. \u00cen 2015 a c\u00e2\u0219tigat, \u00eempreun\u0103 cu pianistul Andrei Banciu, premiul al doilea \u0219i Young Award la concursul interna\u021bional de muzic\u0103 de camer\u0103 de la Trieste. \u00cen 2016 a fost invitat\u0103 s\u0103 participe la presigioasa Academie de Muzica de Camer\u0103 \u201eHeidelberger Fr\u00fchling\u201d din Germania si \u00een 2017 a debutat \u00een cadrul turneului \u201eNew Masters on Tour\u201d, \u00eempreun\u0103 cu pianistul Andrei Banciu, la Concertgebouw Amsterdam si la Filarmonica din Bratislava.<br \/>\nIoana Cristina Goicea s-a n\u0103scut in Bucuresti, \u00een 1992, \u00eentr-o familie de muzicieni, si a studiat cu profesorii Mariana S\u00e2rbu, \u0218tefan Gheorghiu, Petru Munteanu, iar \u00een prezent urmeaz\u0103 cursurile Universitatii de Muzica \u0219i Teatru din Hanovra cu profesorul Krzysztof Wegrzyn.<\/p>\n<p>Ioana Cristina c\u00e2nt\u0103 pe o vioar\u0103 Gianbattista Guadagnini (Parma, 1761), oferit\u0103 de funda\u021bia Deutsche Stiftung Musikleben Hamburg.<\/p>\n","protected":false},"excerpt":{"rendered":"<p>Dup\u0103 succesul fulminat cu o serie de spectacole\u201eTurandot\u201c la Opera Australia, Sydney, maestrul Christian Badea, consilier artistic \u0219i dirijor principal al Filarmonicii \u201eGeorge Enescu\u201c, revine pe\u00a0 28 februarie \u0219i 1 martie 2019 pe scena Ateneului Rom\u00e2n. Joi \u0219i vineri, de la ora 19.00, orchestra Filarmonicii \u201eGeorge Enescu\u201c va avea \u00een program Concertul \u00een re major [&hellip;]<\/p>\n","protected":false},"author":22,"featured_media":0,"comment_status":"open","ping_status":"open","sticky":false,"template":"","format":"standard","meta":{"_acf_changed":false,"footnotes":""},"categories":[68],"tags":[1402,6332,6326,1393,6321,1820,332,281,191,200,669,4567,6325,333,6322,6330,282,274,6333,283,6329,196,197,201,198,199,280,272,290,6336,284,6327,6324,6334,6328,289,358,6323,6335,334,273,6331,222],"class_list":["post-31605","post","type-post","status-publish","format-standard","hentry","category-evenimente-si-stiri","tag-arta","tag-arta-contemporana","tag-arta-plastica","tag-arte-plastice","tag-arte-vizuale","tag-cinema","tag-compozitor","tag-concert-cameral","tag-concerte","tag-concerte-muzica-clasica","tag-conservator","tag-cultura","tag-dezbateri","tag-dirijor","tag-evenimente-culturale","tag-expozitii","tag-festival","tag-film","tag-galerie","tag-instrumentisti","tag-muzee","tag-muzica","tag-muzica-clasica","tag-muzica-clasica-romania","tag-muzica-culta","tag-muzica-simfonica","tag-muzician","tag-opera","tag-orchestra","tag-organizare-evenimente","tag-pianist","tag-pictura","tag-sali-conferinta","tag-sali-evenimente","tag-sculptura","tag-simfonie","tag-sonata","tag-spatii-culturale","tag-spatii-evenimente","tag-stagiune","tag-teatru","tag-teatru-experimental","tag-violonist"],"acf":{"cc_filter":["muzica-clasica"],"poza_fixa":"https:\/\/www.societateamuzicala.ro\/societateaculturala\/wp-content\/uploads\/2015\/04\/Christian-Badea.jpg","url_poza_fixa":"","oras":"","sector":"0","zona":"null","in_strainatate":false,"pian":false,"orga":false,"data1":"","data2":"","afiseaza_data_post":false,"acf_sala":"","centru_cultural":"","articole_parinte":"","articole_relationate":"","coordonate":false,"tab1_nume":"Despre","tab3":false},"yoast_head":"<!-- This site is optimized with the Yoast SEO plugin v27.4 - https:\/\/yoast.com\/product\/yoast-seo-wordpress\/ -->\n<title>Dirijorul Christian Badea revine pe scena Ateneului Rom\u00e2n - Societatea Culturala<\/title>\n<meta name=\"robots\" content=\"index, follow, max-snippet:-1, max-image-preview:large, max-video-preview:-1\" \/>\n<link rel=\"canonical\" href=\"https:\/\/www.societateamuzicala.ro\/societateaculturala\/dirijorul-christian-badea-revine-pe-scena-ateneului-roman\" \/>\n<meta property=\"og:locale\" content=\"ro_RO\" \/>\n<meta property=\"og:type\" content=\"article\" \/>\n<meta property=\"og:title\" content=\"Dirijorul Christian Badea revine pe scena Ateneului Rom\u00e2n - Societatea Culturala\" \/>\n<meta property=\"og:description\" content=\"Dup\u0103 succesul fulminat cu o serie de spectacole\u201eTurandot\u201c la Opera Australia, Sydney, maestrul Christian Badea, consilier artistic \u0219i dirijor principal al Filarmonicii \u201eGeorge Enescu\u201c, revine pe\u00a0 28 februarie \u0219i 1 martie 2019 pe scena Ateneului Rom\u00e2n. Joi \u0219i vineri, de la ora 19.00, orchestra Filarmonicii \u201eGeorge Enescu\u201c va avea \u00een program Concertul \u00een re major [&hellip;]\" \/>\n<meta property=\"og:url\" content=\"https:\/\/www.societateamuzicala.ro\/societateaculturala\/dirijorul-christian-badea-revine-pe-scena-ateneului-roman\" \/>\n<meta property=\"og:site_name\" content=\"Societatea Culturala\" \/>\n<meta property=\"article:published_time\" content=\"2019-02-27T08:39:06+00:00\" \/>\n<meta property=\"article:modified_time\" content=\"2019-02-27T08:43:13+00:00\" \/>\n<meta property=\"og:image\" content=\"https:\/\/www.societateamuzicala.ro\/societateaculturala\/wp-content\/uploads\/2019\/02\/Christian-Badea.jpg\" \/>\n\t<meta property=\"og:image:width\" content=\"646\" \/>\n\t<meta property=\"og:image:height\" content=\"404\" \/>\n\t<meta property=\"og:image:type\" content=\"image\/jpeg\" \/>\n<meta name=\"author\" content=\"Catoi Daniel\" \/>\n<meta name=\"twitter:card\" content=\"summary_large_image\" \/>\n<meta name=\"twitter:label1\" content=\"Scris de\" \/>\n\t<meta name=\"twitter:data1\" content=\"Catoi Daniel\" \/>\n\t<meta name=\"twitter:label2\" content=\"Timp estimat pentru citire\" \/>\n\t<meta name=\"twitter:data2\" content=\"4 minute\" \/>\n<script type=\"application\/ld+json\" class=\"yoast-schema-graph\">{\"@context\":\"https:\\\/\\\/schema.org\",\"@graph\":[{\"@type\":\"Article\",\"@id\":\"https:\\\/\\\/www.societateamuzicala.ro\\\/societateaculturala\\\/dirijorul-christian-badea-revine-pe-scena-ateneului-roman#article\",\"isPartOf\":{\"@id\":\"https:\\\/\\\/www.societateamuzicala.ro\\\/societateaculturala\\\/dirijorul-christian-badea-revine-pe-scena-ateneului-roman\"},\"author\":{\"name\":\"Catoi Daniel\",\"@id\":\"https:\\\/\\\/www.societateamuzicala.ro\\\/societateaculturala\\\/#\\\/schema\\\/person\\\/0608b1774a3787abb7ff1d5e8d1b84eb\"},\"headline\":\"Dirijorul Christian Badea revine pe scena Ateneului Rom\u00e2n\",\"datePublished\":\"2019-02-27T08:39:06+00:00\",\"dateModified\":\"2019-02-27T08:43:13+00:00\",\"mainEntityOfPage\":{\"@id\":\"https:\\\/\\\/www.societateamuzicala.ro\\\/societateaculturala\\\/dirijorul-christian-badea-revine-pe-scena-ateneului-roman\"},\"wordCount\":797,\"commentCount\":0,\"image\":{\"@id\":\"https:\\\/\\\/www.societateamuzicala.ro\\\/societateaculturala\\\/dirijorul-christian-badea-revine-pe-scena-ateneului-roman#primaryimage\"},\"thumbnailUrl\":\"https:\\\/\\\/www.societateamuzicala.ro\\\/societateaculturala\\\/wp-content\\\/uploads\\\/2019\\\/02\\\/Dirijorul-Christian-Badea-287x300.jpg\",\"keywords\":[\"arta\",\"arta contemporana\",\"arta plastica\",\"arte plastice\",\"arte vizuale\",\"cinema\",\"compozitor\",\"concert cameral\",\"concerte\",\"concerte muzica clasica\",\"conservator\",\"Cultura\",\"dezbateri\",\"dirijor\",\"evenimente culturale\",\"expozitii\",\"festival\",\"film\",\"galerie\",\"instrumentisti\",\"muzee\",\"muzica\",\"muzica clasica\",\"muzica clasica romania\",\"muzica culta\",\"muzica simfonica\",\"muzician\",\"opera\",\"orchestra\",\"organizare evenimente\",\"pianist\",\"pictura\",\"sali conferinta\",\"sali evenimente\",\"sculptura\",\"simfonie\",\"sonata\",\"spatii culturale\",\"spatii evenimente\",\"stagiune\",\"teatru\",\"teatru experimental\",\"violonist\"],\"articleSection\":[\"Evenimente si stiri\"],\"inLanguage\":\"ro-RO\",\"potentialAction\":[{\"@type\":\"CommentAction\",\"name\":\"Comment\",\"target\":[\"https:\\\/\\\/www.societateamuzicala.ro\\\/societateaculturala\\\/dirijorul-christian-badea-revine-pe-scena-ateneului-roman#respond\"]}]},{\"@type\":\"WebPage\",\"@id\":\"https:\\\/\\\/www.societateamuzicala.ro\\\/societateaculturala\\\/dirijorul-christian-badea-revine-pe-scena-ateneului-roman\",\"url\":\"https:\\\/\\\/www.societateamuzicala.ro\\\/societateaculturala\\\/dirijorul-christian-badea-revine-pe-scena-ateneului-roman\",\"name\":\"Dirijorul Christian Badea revine pe scena Ateneului Rom\u00e2n - Societatea Culturala\",\"isPartOf\":{\"@id\":\"https:\\\/\\\/www.societateamuzicala.ro\\\/societateaculturala\\\/#website\"},\"primaryImageOfPage\":{\"@id\":\"https:\\\/\\\/www.societateamuzicala.ro\\\/societateaculturala\\\/dirijorul-christian-badea-revine-pe-scena-ateneului-roman#primaryimage\"},\"image\":{\"@id\":\"https:\\\/\\\/www.societateamuzicala.ro\\\/societateaculturala\\\/dirijorul-christian-badea-revine-pe-scena-ateneului-roman#primaryimage\"},\"thumbnailUrl\":\"https:\\\/\\\/www.societateamuzicala.ro\\\/societateaculturala\\\/wp-content\\\/uploads\\\/2019\\\/02\\\/Dirijorul-Christian-Badea-287x300.jpg\",\"datePublished\":\"2019-02-27T08:39:06+00:00\",\"dateModified\":\"2019-02-27T08:43:13+00:00\",\"author\":{\"@id\":\"https:\\\/\\\/www.societateamuzicala.ro\\\/societateaculturala\\\/#\\\/schema\\\/person\\\/0608b1774a3787abb7ff1d5e8d1b84eb\"},\"breadcrumb\":{\"@id\":\"https:\\\/\\\/www.societateamuzicala.ro\\\/societateaculturala\\\/dirijorul-christian-badea-revine-pe-scena-ateneului-roman#breadcrumb\"},\"inLanguage\":\"ro-RO\",\"potentialAction\":[{\"@type\":\"ReadAction\",\"target\":[\"https:\\\/\\\/www.societateamuzicala.ro\\\/societateaculturala\\\/dirijorul-christian-badea-revine-pe-scena-ateneului-roman\"]}]},{\"@type\":\"ImageObject\",\"inLanguage\":\"ro-RO\",\"@id\":\"https:\\\/\\\/www.societateamuzicala.ro\\\/societateaculturala\\\/dirijorul-christian-badea-revine-pe-scena-ateneului-roman#primaryimage\",\"url\":\"https:\\\/\\\/www.societateamuzicala.ro\\\/societateaculturala\\\/wp-content\\\/uploads\\\/2019\\\/02\\\/Dirijorul-Christian-Badea.jpg\",\"contentUrl\":\"https:\\\/\\\/www.societateamuzicala.ro\\\/societateaculturala\\\/wp-content\\\/uploads\\\/2019\\\/02\\\/Dirijorul-Christian-Badea.jpg\",\"width\":956,\"height\":1000},{\"@type\":\"BreadcrumbList\",\"@id\":\"https:\\\/\\\/www.societateamuzicala.ro\\\/societateaculturala\\\/dirijorul-christian-badea-revine-pe-scena-ateneului-roman#breadcrumb\",\"itemListElement\":[{\"@type\":\"ListItem\",\"position\":1,\"name\":\"Acas\u0103\",\"item\":\"https:\\\/\\\/www.societateamuzicala.ro\\\/societateaculturala\"},{\"@type\":\"ListItem\",\"position\":2,\"name\":\"Dirijorul Christian Badea revine pe scena Ateneului Rom\u00e2n\"}]},{\"@type\":\"WebSite\",\"@id\":\"https:\\\/\\\/www.societateamuzicala.ro\\\/societateaculturala\\\/#website\",\"url\":\"https:\\\/\\\/www.societateamuzicala.ro\\\/societateaculturala\\\/\",\"name\":\"Societatea Culturala\",\"description\":\"Platforma de marketing si informatii culturale\",\"potentialAction\":[{\"@type\":\"SearchAction\",\"target\":{\"@type\":\"EntryPoint\",\"urlTemplate\":\"https:\\\/\\\/www.societateamuzicala.ro\\\/societateaculturala\\\/?s={search_term_string}\"},\"query-input\":{\"@type\":\"PropertyValueSpecification\",\"valueRequired\":true,\"valueName\":\"search_term_string\"}}],\"inLanguage\":\"ro-RO\"},{\"@type\":\"Person\",\"@id\":\"https:\\\/\\\/www.societateamuzicala.ro\\\/societateaculturala\\\/#\\\/schema\\\/person\\\/0608b1774a3787abb7ff1d5e8d1b84eb\",\"name\":\"Catoi Daniel\",\"image\":{\"@type\":\"ImageObject\",\"inLanguage\":\"ro-RO\",\"@id\":\"https:\\\/\\\/secure.gravatar.com\\\/avatar\\\/c0882a218c936889972a11c796e8ed91e0aff99b92af7212c04f740da3928233?s=96&d=mm&r=g\",\"url\":\"https:\\\/\\\/secure.gravatar.com\\\/avatar\\\/c0882a218c936889972a11c796e8ed91e0aff99b92af7212c04f740da3928233?s=96&d=mm&r=g\",\"contentUrl\":\"https:\\\/\\\/secure.gravatar.com\\\/avatar\\\/c0882a218c936889972a11c796e8ed91e0aff99b92af7212c04f740da3928233?s=96&d=mm&r=g\",\"caption\":\"Catoi Daniel\"},\"url\":\"https:\\\/\\\/www.societateamuzicala.ro\\\/societateaculturala\\\/author\\\/daniel\"}]}<\/script>\n<!-- \/ Yoast SEO plugin. -->","yoast_head_json":{"title":"Dirijorul Christian Badea revine pe scena Ateneului Rom\u00e2n - Societatea Culturala","robots":{"index":"index","follow":"follow","max-snippet":"max-snippet:-1","max-image-preview":"max-image-preview:large","max-video-preview":"max-video-preview:-1"},"canonical":"https:\/\/www.societateamuzicala.ro\/societateaculturala\/dirijorul-christian-badea-revine-pe-scena-ateneului-roman","og_locale":"ro_RO","og_type":"article","og_title":"Dirijorul Christian Badea revine pe scena Ateneului Rom\u00e2n - Societatea Culturala","og_description":"Dup\u0103 succesul fulminat cu o serie de spectacole\u201eTurandot\u201c la Opera Australia, Sydney, maestrul Christian Badea, consilier artistic \u0219i dirijor principal al Filarmonicii \u201eGeorge Enescu\u201c, revine pe\u00a0 28 februarie \u0219i 1 martie 2019 pe scena Ateneului Rom\u00e2n. Joi \u0219i vineri, de la ora 19.00, orchestra Filarmonicii \u201eGeorge Enescu\u201c va avea \u00een program Concertul \u00een re major [&hellip;]","og_url":"https:\/\/www.societateamuzicala.ro\/societateaculturala\/dirijorul-christian-badea-revine-pe-scena-ateneului-roman","og_site_name":"Societatea Culturala","article_published_time":"2019-02-27T08:39:06+00:00","article_modified_time":"2019-02-27T08:43:13+00:00","og_image":[{"width":646,"height":404,"url":"https:\/\/www.societateamuzicala.ro\/societateaculturala\/wp-content\/uploads\/2019\/02\/Christian-Badea.jpg","type":"image\/jpeg"}],"author":"Catoi Daniel","twitter_card":"summary_large_image","twitter_misc":{"Scris de":"Catoi Daniel","Timp estimat pentru citire":"4 minute"},"schema":{"@context":"https:\/\/schema.org","@graph":[{"@type":"Article","@id":"https:\/\/www.societateamuzicala.ro\/societateaculturala\/dirijorul-christian-badea-revine-pe-scena-ateneului-roman#article","isPartOf":{"@id":"https:\/\/www.societateamuzicala.ro\/societateaculturala\/dirijorul-christian-badea-revine-pe-scena-ateneului-roman"},"author":{"name":"Catoi Daniel","@id":"https:\/\/www.societateamuzicala.ro\/societateaculturala\/#\/schema\/person\/0608b1774a3787abb7ff1d5e8d1b84eb"},"headline":"Dirijorul Christian Badea revine pe scena Ateneului Rom\u00e2n","datePublished":"2019-02-27T08:39:06+00:00","dateModified":"2019-02-27T08:43:13+00:00","mainEntityOfPage":{"@id":"https:\/\/www.societateamuzicala.ro\/societateaculturala\/dirijorul-christian-badea-revine-pe-scena-ateneului-roman"},"wordCount":797,"commentCount":0,"image":{"@id":"https:\/\/www.societateamuzicala.ro\/societateaculturala\/dirijorul-christian-badea-revine-pe-scena-ateneului-roman#primaryimage"},"thumbnailUrl":"https:\/\/www.societateamuzicala.ro\/societateaculturala\/wp-content\/uploads\/2019\/02\/Dirijorul-Christian-Badea-287x300.jpg","keywords":["arta","arta contemporana","arta plastica","arte plastice","arte vizuale","cinema","compozitor","concert cameral","concerte","concerte muzica clasica","conservator","Cultura","dezbateri","dirijor","evenimente culturale","expozitii","festival","film","galerie","instrumentisti","muzee","muzica","muzica clasica","muzica clasica romania","muzica culta","muzica simfonica","muzician","opera","orchestra","organizare evenimente","pianist","pictura","sali conferinta","sali evenimente","sculptura","simfonie","sonata","spatii culturale","spatii evenimente","stagiune","teatru","teatru experimental","violonist"],"articleSection":["Evenimente si stiri"],"inLanguage":"ro-RO","potentialAction":[{"@type":"CommentAction","name":"Comment","target":["https:\/\/www.societateamuzicala.ro\/societateaculturala\/dirijorul-christian-badea-revine-pe-scena-ateneului-roman#respond"]}]},{"@type":"WebPage","@id":"https:\/\/www.societateamuzicala.ro\/societateaculturala\/dirijorul-christian-badea-revine-pe-scena-ateneului-roman","url":"https:\/\/www.societateamuzicala.ro\/societateaculturala\/dirijorul-christian-badea-revine-pe-scena-ateneului-roman","name":"Dirijorul Christian Badea revine pe scena Ateneului Rom\u00e2n - Societatea Culturala","isPartOf":{"@id":"https:\/\/www.societateamuzicala.ro\/societateaculturala\/#website"},"primaryImageOfPage":{"@id":"https:\/\/www.societateamuzicala.ro\/societateaculturala\/dirijorul-christian-badea-revine-pe-scena-ateneului-roman#primaryimage"},"image":{"@id":"https:\/\/www.societateamuzicala.ro\/societateaculturala\/dirijorul-christian-badea-revine-pe-scena-ateneului-roman#primaryimage"},"thumbnailUrl":"https:\/\/www.societateamuzicala.ro\/societateaculturala\/wp-content\/uploads\/2019\/02\/Dirijorul-Christian-Badea-287x300.jpg","datePublished":"2019-02-27T08:39:06+00:00","dateModified":"2019-02-27T08:43:13+00:00","author":{"@id":"https:\/\/www.societateamuzicala.ro\/societateaculturala\/#\/schema\/person\/0608b1774a3787abb7ff1d5e8d1b84eb"},"breadcrumb":{"@id":"https:\/\/www.societateamuzicala.ro\/societateaculturala\/dirijorul-christian-badea-revine-pe-scena-ateneului-roman#breadcrumb"},"inLanguage":"ro-RO","potentialAction":[{"@type":"ReadAction","target":["https:\/\/www.societateamuzicala.ro\/societateaculturala\/dirijorul-christian-badea-revine-pe-scena-ateneului-roman"]}]},{"@type":"ImageObject","inLanguage":"ro-RO","@id":"https:\/\/www.societateamuzicala.ro\/societateaculturala\/dirijorul-christian-badea-revine-pe-scena-ateneului-roman#primaryimage","url":"https:\/\/www.societateamuzicala.ro\/societateaculturala\/wp-content\/uploads\/2019\/02\/Dirijorul-Christian-Badea.jpg","contentUrl":"https:\/\/www.societateamuzicala.ro\/societateaculturala\/wp-content\/uploads\/2019\/02\/Dirijorul-Christian-Badea.jpg","width":956,"height":1000},{"@type":"BreadcrumbList","@id":"https:\/\/www.societateamuzicala.ro\/societateaculturala\/dirijorul-christian-badea-revine-pe-scena-ateneului-roman#breadcrumb","itemListElement":[{"@type":"ListItem","position":1,"name":"Acas\u0103","item":"https:\/\/www.societateamuzicala.ro\/societateaculturala"},{"@type":"ListItem","position":2,"name":"Dirijorul Christian Badea revine pe scena Ateneului Rom\u00e2n"}]},{"@type":"WebSite","@id":"https:\/\/www.societateamuzicala.ro\/societateaculturala\/#website","url":"https:\/\/www.societateamuzicala.ro\/societateaculturala\/","name":"Societatea Culturala","description":"Platforma de marketing si informatii culturale","potentialAction":[{"@type":"SearchAction","target":{"@type":"EntryPoint","urlTemplate":"https:\/\/www.societateamuzicala.ro\/societateaculturala\/?s={search_term_string}"},"query-input":{"@type":"PropertyValueSpecification","valueRequired":true,"valueName":"search_term_string"}}],"inLanguage":"ro-RO"},{"@type":"Person","@id":"https:\/\/www.societateamuzicala.ro\/societateaculturala\/#\/schema\/person\/0608b1774a3787abb7ff1d5e8d1b84eb","name":"Catoi Daniel","image":{"@type":"ImageObject","inLanguage":"ro-RO","@id":"https:\/\/secure.gravatar.com\/avatar\/c0882a218c936889972a11c796e8ed91e0aff99b92af7212c04f740da3928233?s=96&d=mm&r=g","url":"https:\/\/secure.gravatar.com\/avatar\/c0882a218c936889972a11c796e8ed91e0aff99b92af7212c04f740da3928233?s=96&d=mm&r=g","contentUrl":"https:\/\/secure.gravatar.com\/avatar\/c0882a218c936889972a11c796e8ed91e0aff99b92af7212c04f740da3928233?s=96&d=mm&r=g","caption":"Catoi Daniel"},"url":"https:\/\/www.societateamuzicala.ro\/societateaculturala\/author\/daniel"}]}},"_links":{"self":[{"href":"https:\/\/www.societateamuzicala.ro\/societateaculturala\/wp-json\/wp\/v2\/posts\/31605","targetHints":{"allow":["GET"]}}],"collection":[{"href":"https:\/\/www.societateamuzicala.ro\/societateaculturala\/wp-json\/wp\/v2\/posts"}],"about":[{"href":"https:\/\/www.societateamuzicala.ro\/societateaculturala\/wp-json\/wp\/v2\/types\/post"}],"author":[{"embeddable":true,"href":"https:\/\/www.societateamuzicala.ro\/societateaculturala\/wp-json\/wp\/v2\/users\/22"}],"replies":[{"embeddable":true,"href":"https:\/\/www.societateamuzicala.ro\/societateaculturala\/wp-json\/wp\/v2\/comments?post=31605"}],"version-history":[{"count":0,"href":"https:\/\/www.societateamuzicala.ro\/societateaculturala\/wp-json\/wp\/v2\/posts\/31605\/revisions"}],"wp:attachment":[{"href":"https:\/\/www.societateamuzicala.ro\/societateaculturala\/wp-json\/wp\/v2\/media?parent=31605"}],"wp:term":[{"taxonomy":"category","embeddable":true,"href":"https:\/\/www.societateamuzicala.ro\/societateaculturala\/wp-json\/wp\/v2\/categories?post=31605"},{"taxonomy":"post_tag","embeddable":true,"href":"https:\/\/www.societateamuzicala.ro\/societateaculturala\/wp-json\/wp\/v2\/tags?post=31605"}],"curies":[{"name":"wp","href":"https:\/\/api.w.org\/{rel}","templated":true}]}}