{"id":31451,"date":"2018-09-24T13:50:30","date_gmt":"2018-09-24T13:50:30","guid":{"rendered":"https:\/\/www.societateamuzicala.ro\/societateaculturala\/?p=31451"},"modified":"2018-09-24T13:51:39","modified_gmt":"2018-09-24T13:51:39","slug":"pe-30-septembrie-incepe-cea-de-doua-editie-majura-duo-festival","status":"publish","type":"post","link":"https:\/\/www.societateamuzicala.ro\/societateaculturala\/pe-30-septembrie-incepe-cea-de-doua-editie-majura-duo-festival","title":{"rendered":"Pe 30 septembrie \u00eencepe cea de-a doua edi\u021bie MAJURA DUO FESTIVAL"},"content":{"rendered":"<p>Pe perioada 30 septembrie \u2013 4 octombrie, publicul este invitat la cea de-a doua edi\u021bie MAJURA DUO FESTIVAL, un proiect unic \u00een lume, care aduce \u00een prim plan zona de duo pianistic la patru m\u00e2ini, la dou\u0103 piane \u0219i duo voce-pian. 11 ansambluri de duo formate din arti\u0219ti renumi\u021bi \u00een domeniul muzicii clasice \u0219i jazz vor putea fi urm\u0103rite \u0219i admirate pe scenele a patru s\u0103li emblematice din capital\u0103: Sala Mare a Ateneului Rom\u00e2n (30 septembrie), Sala Auditorium a Muzeului Na\u021bional de Art\u0103 al Rom\u00e2niei (1 \u0219i 2 octombrie) \u0219i Sala Radio (4 octombrie). Evenimentul este organizat de Asocia\u021bia Majura Christ.<\/p>\n<p>Unul din cele mai cunoscute ansambluri de duo pianistic, <strong>Anderson &amp; Roe Piano Duo<\/strong>, originar din Statele Unite ale Americii, va deschide a doua edi\u021bie a festivalului, duminic\u0103, 30 septembrie, \u00eencep\u00e2nd cu ora 19.00, \u00een Sala Mare a Ateneului Rom\u00e2n. Cunoscut \u0219i apreciat pentru interpret\u0103rile pianistice pline de energie \u0219i inedit puse \u00een scen\u0103, dar \u0219i pentru compozi\u021biile originale, <strong>Anderson &amp; Roe Piano Duo<\/strong> a revolu\u021bionat ideea de duo pianistic \u00een secolul actual. Ansamblul, format din Greg Anderson \u0219i Elizabeth Joy Roe, absolven\u021bi ai renumitei Juilliard School din New York, a fost descris, de cele mai cunoscute publica\u021bii din America, drept ,,cel mai dinamic duo pianistic al genera\u021biei actuale\u201d- <em>San Francisco Classical Voice<\/em> sau ,,exemplul cel mai elocvent al arti\u0219tilor comple\u021bi\u201d &#8211; <em>The Washington Post<\/em>.\u00a0Programul propus include lucr\u0103ri ale compozitorilor J. Brahms, I. Stravinsky, H. Villa-Lobos, L. Bernstein, Ch. W Gluck, G. Bizet \u0219i A. Piazolla. Cu numeroase turnee la activ, recitaluri \u0219i concerte sus\u021binute al\u0103turi de mari orchestre ale lumii precum Vancouver Symphony Orchestra, San Francisco Symphony, Rochester Philharmonic, Anderson &amp; Roe Piano Duo promit un concert senza\u021bional \u00een deschiderea MAJURA DUO FESTIVAL.<\/p>\n<p>Concertele din urm\u0103toarele dou\u0103 zile ale festivalului se vor desf\u0103\u0219ura \u00een Sala Auditorium a Muzeului Na\u021bional de Art\u0103 al Rom\u00e2niei, de la ora 19.00. Pe 1 octombrie, recitalul este dedicat crea\u021biei rom\u00e2ne\u0219ti pentru duo pianistic, programul pun\u00e2nd \u00een valoare opusuri ale compozitorilor Dan Dediu \u0219i Livia Teodorescu-Cioc\u0103nea. Cei doi compozitori vor fi \u0219i interpre\u021bii propriilor lucr\u0103ri, pe scen\u0103 evolu\u00e2nd, pe r\u00e2nd, duo-urile pianistice formate din Valentina Sandu-Dediu cu Dan Dediu \u0219i Livia Teodorescu-Cioc\u0103nea al\u0103turi de Violetta \u0218tef\u0103nescu. La finalul recitalului se vor anun\u021ba premiile primului Concurs Na\u021bional de Compozi\u021bie MAJURA 2018.<\/p>\n<p>A treia zi a festivalului, 2 octombrie, este dedicat\u0103 laurea\u021bilor cu Premiul I la Concursul Interna\u021bional de duo <em>Suzana Sz\u00f6renyi<\/em>, edi\u021bia a II-a, 2017. Cele cinci duo-uri pianistice care au impresionat juriul competi\u021biei &#8211; TwoYu (Yujie Kang \u0219i Yuxin Jiao, din China), George Ionu\u021b V\u00eerban (tenor) \u0219i Miriam Dra\u0219ovean (pian), Mika Yamamoto \u00eempreun\u0103 cu Mimoe TODO (Japonia), Carmina Vidra\u0219cu \u0219i Beatrice Popliuc &#8211; premiul special Asocia\u021bia Majura Christ \u0219i, la final, Alexandra V\u0103duva cu Florian Mitrea (Rom\u00e2nia\/Marea Britanie) &#8211; v\u0103 propun s\u0103 asculta\u021bi un program divers, plin de nuan\u021be sonore.<\/p>\n<p>Seara de 4 octombrie, ultima zi a proiectului MAJURA DUO FESTIVAL, se va desf\u0103\u0219ura \u00een Sala Radio, de la ora 19:00. Pute\u021bi asculta un recital de jazz, cu un program inspirat din crea\u021bia compozitorilor Duke Ellington \u0219i Billy Strayhorn.<\/p>\n<p>Pianista de jazz Ramona Horvath (Rom\u00e2nia\/Fran\u021ba), fost\u0103 student\u0103 a distinsei pianiste Suzana Sz\u00f5renyi, l-a invitat pe Philippe Milanta (Fran\u021ba), considerat cel mai bun muzician francez de jazz classic, s\u0103 improvizeze \u00eempreun\u0103 \u00eentr-un duo pianistic de mare rafinament. Ansamblul format de Kimberly Gordon, vocalist\u0103 originar\u0103 din Chicago, supranumit\u0103 ,,vocea de catifea\u201d, cu o prezen\u021b\u0103 extrem de activ\u0103 pe scena muzical\u0103 din America, \u0219i pianista Ramona Horvath va completa, la \u00eenalt nivel, imaginea colaborar\u0103rii \u00een doi pe t\u0103r\u00e2mul muzicii de jazz.<\/p>\n<p>MAJURA DUO FESTIVAL este un proiect al Asocia\u021biei Majura Christ, o organiza\u021bie non-profit cu activitate cultural-artistic\u0103, civic\u0103 \u0219i umanitar\u0103. Proiectele desf\u0103\u0219urate de asocia\u021bie se adreseaz\u0103 tuturor melomanilor, scopul acestora fiind de a crea o punte de leg\u0103tur\u0103 \u00eentre publicul spectator \u0219i mari muzicieni din \u021bar\u0103 \u0219i din str\u0103in\u0103tate, dar \u0219i de a oferi oportunit\u0103\u021bi tinerilor arti\u0219ti \u0219i compozitori de a se afirma. Mai multe detalii despre activit\u0103\u021bile asocia\u021biei pe <a href=\"http:\/\/www.majura.ro\" target=\"_blank\" rel=\"noopener\">www.majura.ro<\/a>.<\/p>\n<p>Organizator:<\/p>\n<p>Asocia\u021bia Majura Christ<\/p>\n<p>Coproduc\u0103tori :<\/p>\n<p>Radio Rom\u00e2nia Muzical, Radio Rom\u00e2nia Cultural, Orchestrele \u0219i Corurile Radio Rom\u00e2nia<\/p>\n<p>Parteneri:<\/p>\n<p>Filarmonica George Enescu, Ministerul Culturii \u0219i Identit\u0103\u021bii Na\u021bionale, MNAR, UCMR, Tarom, Skyteam, Ibis Hotels, CIMRO, Quartz Records, Senia Music, Chimimportexport-Plurimex SRL, Flor\u0103ria Altfel.<\/p>\n<p>Parteneri media:<\/p>\n<p>Adev\u0103rul, Dilema Veche, Agerpres, Observatorul Cultural, Ziare.com, Business24, OZB, RFI, Bookhub, Revista Cariere, Online Gallery, Ultima or\u0103, Societatea Muzical\u0103, Actualitatea muzical\u0103, SensoTV, Cea\u0219ca de cultur\u0103, Agen\u021bia de Carte, 4arte.ro, mklasica.ro.<\/p>\n\n\t\t<style type=\"text\/css\">\n\t\t\t#gallery-1 {\n\t\t\t\tmargin: auto;\n\t\t\t}\n\t\t\t#gallery-1 .gallery-item {\n\t\t\t\tfloat: left;\n\t\t\t\tmargin-top: 10px;\n\t\t\t\ttext-align: center;\n\t\t\t\twidth: 33%;\n\t\t\t}\n\t\t\t#gallery-1 img {\n\t\t\t\tborder: 2px solid #cfcfcf;\n\t\t\t}\n\t\t\t#gallery-1 .gallery-caption {\n\t\t\t\tmargin-left: 0;\n\t\t\t}\n\t\t\t\/* see gallery_shortcode() in wp-includes\/media.php *\/\n\t\t<\/style>\n\t\t<div data-carousel-extra='{\"blog_id\":1,\"permalink\":\"https:\\\/\\\/www.societateamuzicala.ro\\\/societateaculturala\\\/pe-30-septembrie-incepe-cea-de-doua-editie-majura-duo-festival\",\"likes_blog_id\":false}' id='gallery-1' class='gallery galleryid-31451 gallery-columns-3 gallery-size-thumbnail'><dl class='gallery-item'>\n\t\t\t<dt class='gallery-icon landscape'>\n\t\t\t\t<a title=\"Anderson Roe Piano Duo\" href='https:\/\/www.societateamuzicala.ro\/societateaculturala\/wp-content\/uploads\/2018\/09\/Anderson-si-Roe-Piano-DUO-2.jpg'><img loading=\"lazy\" decoding=\"async\" width=\"150\" height=\"150\" src=\"https:\/\/www.societateamuzicala.ro\/societateaculturala\/wp-content\/uploads\/2018\/09\/Anderson-si-Roe-Piano-DUO-2-150x150.jpg\" class=\"attachment-thumbnail size-thumbnail\" alt=\"\" data-attachment-id=\"31453\" data-orig-file=\"https:\/\/www.societateamuzicala.ro\/societateaculturala\/wp-content\/uploads\/2018\/09\/Anderson-si-Roe-Piano-DUO-2.jpg\" data-orig-size=\"1600,1027\" data-comments-opened=\"0\" data-image-meta=\"{&quot;aperture&quot;:&quot;5&quot;,&quot;credit&quot;:&quot;&quot;,&quot;camera&quot;:&quot;Canon EOS 5D Mark II&quot;,&quot;caption&quot;:&quot;&quot;,&quot;created_timestamp&quot;:&quot;1397883316&quot;,&quot;copyright&quot;:&quot;&quot;,&quot;focal_length&quot;:&quot;43&quot;,&quot;iso&quot;:&quot;250&quot;,&quot;shutter_speed&quot;:&quot;0.005&quot;,&quot;title&quot;:&quot;&quot;,&quot;orientation&quot;:&quot;1&quot;,&quot;keywords&quot;:&quot;Array&quot;}\" data-image-title=\"Anderson Roe Piano Duo\" data-image-description=\"\" data-medium-file=\"https:\/\/www.societateamuzicala.ro\/societateaculturala\/wp-content\/uploads\/2018\/09\/Anderson-si-Roe-Piano-DUO-2-300x193.jpg\" data-large-file=\"https:\/\/www.societateamuzicala.ro\/societateaculturala\/wp-content\/uploads\/2018\/09\/Anderson-si-Roe-Piano-DUO-2-1024x657.jpg\" \/><\/a>\n\t\t\t<\/dt><\/dl><dl class='gallery-item'>\n\t\t\t<dt class='gallery-icon landscape'>\n\t\t\t\t<a title=\"Anderson Roe Piano Duo\" href='https:\/\/www.societateamuzicala.ro\/societateaculturala\/wp-content\/uploads\/2018\/09\/Anderson-Roe-Piano-Duo.jpg'><img loading=\"lazy\" decoding=\"async\" width=\"150\" height=\"150\" src=\"https:\/\/www.societateamuzicala.ro\/societateaculturala\/wp-content\/uploads\/2018\/09\/Anderson-Roe-Piano-Duo-150x150.jpg\" class=\"attachment-thumbnail size-thumbnail\" alt=\"\" data-attachment-id=\"31450\" data-orig-file=\"https:\/\/www.societateamuzicala.ro\/societateaculturala\/wp-content\/uploads\/2018\/09\/Anderson-Roe-Piano-Duo.jpg\" data-orig-size=\"800,360\" data-comments-opened=\"0\" data-image-meta=\"{&quot;aperture&quot;:&quot;0&quot;,&quot;credit&quot;:&quot;&quot;,&quot;camera&quot;:&quot;&quot;,&quot;caption&quot;:&quot;&quot;,&quot;created_timestamp&quot;:&quot;0&quot;,&quot;copyright&quot;:&quot;&quot;,&quot;focal_length&quot;:&quot;0&quot;,&quot;iso&quot;:&quot;0&quot;,&quot;shutter_speed&quot;:&quot;0&quot;,&quot;title&quot;:&quot;&quot;,&quot;orientation&quot;:&quot;0&quot;,&quot;keywords&quot;:&quot;Array&quot;}\" data-image-title=\"Anderson Roe Piano Duo\" data-image-description=\"\" data-medium-file=\"https:\/\/www.societateamuzicala.ro\/societateaculturala\/wp-content\/uploads\/2018\/09\/Anderson-Roe-Piano-Duo-300x135.jpg\" data-large-file=\"https:\/\/www.societateamuzicala.ro\/societateaculturala\/wp-content\/uploads\/2018\/09\/Anderson-Roe-Piano-Duo.jpg\" \/><\/a>\n\t\t\t<\/dt><\/dl><dl class='gallery-item'>\n\t\t\t<dt class='gallery-icon portrait'>\n\t\t\t\t<a title=\"Anderson Roe Piano Duo\" href='https:\/\/www.societateamuzicala.ro\/societateaculturala\/wp-content\/uploads\/2018\/09\/Anderson-si-Roe-Piano-DUO-1.jpg'><img loading=\"lazy\" decoding=\"async\" width=\"150\" height=\"150\" src=\"https:\/\/www.societateamuzicala.ro\/societateaculturala\/wp-content\/uploads\/2018\/09\/Anderson-si-Roe-Piano-DUO-1-150x150.jpg\" class=\"attachment-thumbnail size-thumbnail\" alt=\"\" data-attachment-id=\"31452\" data-orig-file=\"https:\/\/www.societateamuzicala.ro\/societateaculturala\/wp-content\/uploads\/2018\/09\/Anderson-si-Roe-Piano-DUO-1.jpg\" data-orig-size=\"1214,1820\" data-comments-opened=\"0\" data-image-meta=\"{&quot;aperture&quot;:&quot;4.5&quot;,&quot;credit&quot;:&quot;&quot;,&quot;camera&quot;:&quot;Canon EOS 5D Mark II&quot;,&quot;caption&quot;:&quot;&quot;,&quot;created_timestamp&quot;:&quot;1397875580&quot;,&quot;copyright&quot;:&quot;&quot;,&quot;focal_length&quot;:&quot;52&quot;,&quot;iso&quot;:&quot;200&quot;,&quot;shutter_speed&quot;:&quot;0.008&quot;,&quot;title&quot;:&quot;&quot;,&quot;orientation&quot;:&quot;1&quot;,&quot;keywords&quot;:&quot;Array&quot;}\" data-image-title=\"Anderson Roe Piano Duo\" data-image-description=\"\" data-medium-file=\"https:\/\/www.societateamuzicala.ro\/societateaculturala\/wp-content\/uploads\/2018\/09\/Anderson-si-Roe-Piano-DUO-1-200x300.jpg\" data-large-file=\"https:\/\/www.societateamuzicala.ro\/societateaculturala\/wp-content\/uploads\/2018\/09\/Anderson-si-Roe-Piano-DUO-1-683x1024.jpg\" \/><\/a>\n\t\t\t<\/dt><\/dl><br style=\"clear: both\" \/>\n\t\t<\/div>\n\n","protected":false},"excerpt":{"rendered":"<p>Pe perioada 30 septembrie \u2013 4 octombrie, publicul este invitat la cea de-a doua edi\u021bie MAJURA DUO FESTIVAL, un proiect unic \u00een lume, care aduce \u00een prim plan zona de duo pianistic la patru m\u00e2ini, la dou\u0103 piane \u0219i duo voce-pian. 11 ansambluri de duo formate din arti\u0219ti renumi\u021bi \u00een domeniul muzicii clasice \u0219i jazz [&hellip;]<\/p>\n","protected":false},"author":22,"featured_media":0,"comment_status":"open","ping_status":"open","sticky":false,"template":"","format":"standard","meta":{"_acf_changed":false,"footnotes":""},"categories":[68],"tags":[1402,6332,6326,1393,6321,1820,332,281,191,200,669,4567,6325,333,6322,6330,282,274,6333,283,6329,196,197,201,198,199,280,272,290,6336,284,6327,6324,6334,6328,289,358,6323,6335,334,273,6331,222],"class_list":["post-31451","post","type-post","status-publish","format-standard","hentry","category-evenimente-si-stiri","tag-arta","tag-arta-contemporana","tag-arta-plastica","tag-arte-plastice","tag-arte-vizuale","tag-cinema","tag-compozitor","tag-concert-cameral","tag-concerte","tag-concerte-muzica-clasica","tag-conservator","tag-cultura","tag-dezbateri","tag-dirijor","tag-evenimente-culturale","tag-expozitii","tag-festival","tag-film","tag-galerie","tag-instrumentisti","tag-muzee","tag-muzica","tag-muzica-clasica","tag-muzica-clasica-romania","tag-muzica-culta","tag-muzica-simfonica","tag-muzician","tag-opera","tag-orchestra","tag-organizare-evenimente","tag-pianist","tag-pictura","tag-sali-conferinta","tag-sali-evenimente","tag-sculptura","tag-simfonie","tag-sonata","tag-spatii-culturale","tag-spatii-evenimente","tag-stagiune","tag-teatru","tag-teatru-experimental","tag-violonist"],"acf":{"cc_filter":["muzica-clasica"],"poza_fixa":"https:\/\/www.societateamuzicala.ro\/societateaculturala\/wp-content\/uploads\/2018\/09\/Anderson-Roe-Piano-Duo.jpg","url_poza_fixa":"","oras":"","sector":"0","zona":"null","in_strainatate":false,"pian":false,"orga":false,"data1":"","data2":"","afiseaza_data_post":false,"acf_sala":"","centru_cultural":"","articole_parinte":"","articole_relationate":"","coordonate":false,"tab1_nume":"Despre","tab3":false},"yoast_head":"<!-- This site is optimized with the Yoast SEO plugin v27.5 - https:\/\/yoast.com\/product\/yoast-seo-wordpress\/ -->\n<title>Pe 30 septembrie \u00eencepe cea de-a doua edi\u021bie MAJURA DUO FESTIVAL - Societatea Culturala<\/title>\n<meta name=\"robots\" content=\"index, follow, max-snippet:-1, max-image-preview:large, max-video-preview:-1\" \/>\n<link rel=\"canonical\" href=\"https:\/\/www.societateamuzicala.ro\/societateaculturala\/pe-30-septembrie-incepe-cea-de-doua-editie-majura-duo-festival\" \/>\n<meta property=\"og:locale\" content=\"ro_RO\" \/>\n<meta property=\"og:type\" content=\"article\" \/>\n<meta property=\"og:title\" content=\"Pe 30 septembrie \u00eencepe cea de-a doua edi\u021bie MAJURA DUO FESTIVAL - Societatea Culturala\" \/>\n<meta property=\"og:description\" content=\"Pe perioada 30 septembrie \u2013 4 octombrie, publicul este invitat la cea de-a doua edi\u021bie MAJURA DUO FESTIVAL, un proiect unic \u00een lume, care aduce \u00een prim plan zona de duo pianistic la patru m\u00e2ini, la dou\u0103 piane \u0219i duo voce-pian. 11 ansambluri de duo formate din arti\u0219ti renumi\u021bi \u00een domeniul muzicii clasice \u0219i jazz [&hellip;]\" \/>\n<meta property=\"og:url\" content=\"https:\/\/www.societateamuzicala.ro\/societateaculturala\/pe-30-septembrie-incepe-cea-de-doua-editie-majura-duo-festival\" \/>\n<meta property=\"og:site_name\" content=\"Societatea Culturala\" \/>\n<meta property=\"article:published_time\" content=\"2018-09-24T13:50:30+00:00\" \/>\n<meta property=\"article:modified_time\" content=\"2018-09-24T13:51:39+00:00\" \/>\n<meta property=\"og:image\" content=\"https:\/\/www.societateamuzicala.ro\/societateaculturala\/wp-content\/uploads\/2018\/09\/Anderson-si-Roe-Piano-DUO-2.jpg\" \/>\n\t<meta property=\"og:image:width\" content=\"1600\" \/>\n\t<meta property=\"og:image:height\" content=\"1027\" \/>\n\t<meta property=\"og:image:type\" content=\"image\/jpeg\" \/>\n<meta name=\"author\" content=\"Catoi Daniel\" \/>\n<meta name=\"twitter:card\" content=\"summary_large_image\" \/>\n<meta name=\"twitter:label1\" content=\"Scris de\" \/>\n\t<meta name=\"twitter:data1\" content=\"Catoi Daniel\" \/>\n\t<meta name=\"twitter:label2\" content=\"Timp estimat pentru citire\" \/>\n\t<meta name=\"twitter:data2\" content=\"4 minute\" \/>\n<script type=\"application\/ld+json\" class=\"yoast-schema-graph\">{\"@context\":\"https:\\\/\\\/schema.org\",\"@graph\":[{\"@type\":\"Article\",\"@id\":\"https:\\\/\\\/www.societateamuzicala.ro\\\/societateaculturala\\\/pe-30-septembrie-incepe-cea-de-doua-editie-majura-duo-festival#article\",\"isPartOf\":{\"@id\":\"https:\\\/\\\/www.societateamuzicala.ro\\\/societateaculturala\\\/pe-30-septembrie-incepe-cea-de-doua-editie-majura-duo-festival\"},\"author\":{\"name\":\"Catoi Daniel\",\"@id\":\"https:\\\/\\\/www.societateamuzicala.ro\\\/societateaculturala\\\/#\\\/schema\\\/person\\\/0608b1774a3787abb7ff1d5e8d1b84eb\"},\"headline\":\"Pe 30 septembrie \u00eencepe cea de-a doua edi\u021bie MAJURA DUO FESTIVAL\",\"datePublished\":\"2018-09-24T13:50:30+00:00\",\"dateModified\":\"2018-09-24T13:51:39+00:00\",\"mainEntityOfPage\":{\"@id\":\"https:\\\/\\\/www.societateamuzicala.ro\\\/societateaculturala\\\/pe-30-septembrie-incepe-cea-de-doua-editie-majura-duo-festival\"},\"wordCount\":824,\"commentCount\":0,\"keywords\":[\"arta\",\"arta contemporana\",\"arta plastica\",\"arte plastice\",\"arte vizuale\",\"cinema\",\"compozitor\",\"concert cameral\",\"concerte\",\"concerte muzica clasica\",\"conservator\",\"Cultura\",\"dezbateri\",\"dirijor\",\"evenimente culturale\",\"expozitii\",\"festival\",\"film\",\"galerie\",\"instrumentisti\",\"muzee\",\"muzica\",\"muzica clasica\",\"muzica clasica romania\",\"muzica culta\",\"muzica simfonica\",\"muzician\",\"opera\",\"orchestra\",\"organizare evenimente\",\"pianist\",\"pictura\",\"sali conferinta\",\"sali evenimente\",\"sculptura\",\"simfonie\",\"sonata\",\"spatii culturale\",\"spatii evenimente\",\"stagiune\",\"teatru\",\"teatru experimental\",\"violonist\"],\"articleSection\":[\"Evenimente si stiri\"],\"inLanguage\":\"ro-RO\",\"potentialAction\":[{\"@type\":\"CommentAction\",\"name\":\"Comment\",\"target\":[\"https:\\\/\\\/www.societateamuzicala.ro\\\/societateaculturala\\\/pe-30-septembrie-incepe-cea-de-doua-editie-majura-duo-festival#respond\"]}]},{\"@type\":\"WebPage\",\"@id\":\"https:\\\/\\\/www.societateamuzicala.ro\\\/societateaculturala\\\/pe-30-septembrie-incepe-cea-de-doua-editie-majura-duo-festival\",\"url\":\"https:\\\/\\\/www.societateamuzicala.ro\\\/societateaculturala\\\/pe-30-septembrie-incepe-cea-de-doua-editie-majura-duo-festival\",\"name\":\"Pe 30 septembrie \u00eencepe cea de-a doua edi\u021bie MAJURA DUO FESTIVAL - Societatea Culturala\",\"isPartOf\":{\"@id\":\"https:\\\/\\\/www.societateamuzicala.ro\\\/societateaculturala\\\/#website\"},\"datePublished\":\"2018-09-24T13:50:30+00:00\",\"dateModified\":\"2018-09-24T13:51:39+00:00\",\"author\":{\"@id\":\"https:\\\/\\\/www.societateamuzicala.ro\\\/societateaculturala\\\/#\\\/schema\\\/person\\\/0608b1774a3787abb7ff1d5e8d1b84eb\"},\"breadcrumb\":{\"@id\":\"https:\\\/\\\/www.societateamuzicala.ro\\\/societateaculturala\\\/pe-30-septembrie-incepe-cea-de-doua-editie-majura-duo-festival#breadcrumb\"},\"inLanguage\":\"ro-RO\",\"potentialAction\":[{\"@type\":\"ReadAction\",\"target\":[\"https:\\\/\\\/www.societateamuzicala.ro\\\/societateaculturala\\\/pe-30-septembrie-incepe-cea-de-doua-editie-majura-duo-festival\"]}]},{\"@type\":\"BreadcrumbList\",\"@id\":\"https:\\\/\\\/www.societateamuzicala.ro\\\/societateaculturala\\\/pe-30-septembrie-incepe-cea-de-doua-editie-majura-duo-festival#breadcrumb\",\"itemListElement\":[{\"@type\":\"ListItem\",\"position\":1,\"name\":\"Acas\u0103\",\"item\":\"https:\\\/\\\/www.societateamuzicala.ro\\\/societateaculturala\"},{\"@type\":\"ListItem\",\"position\":2,\"name\":\"Pe 30 septembrie \u00eencepe cea de-a doua edi\u021bie MAJURA DUO FESTIVAL\"}]},{\"@type\":\"WebSite\",\"@id\":\"https:\\\/\\\/www.societateamuzicala.ro\\\/societateaculturala\\\/#website\",\"url\":\"https:\\\/\\\/www.societateamuzicala.ro\\\/societateaculturala\\\/\",\"name\":\"Societatea Culturala\",\"description\":\"Platforma de marketing si informatii culturale\",\"potentialAction\":[{\"@type\":\"SearchAction\",\"target\":{\"@type\":\"EntryPoint\",\"urlTemplate\":\"https:\\\/\\\/www.societateamuzicala.ro\\\/societateaculturala\\\/?s={search_term_string}\"},\"query-input\":{\"@type\":\"PropertyValueSpecification\",\"valueRequired\":true,\"valueName\":\"search_term_string\"}}],\"inLanguage\":\"ro-RO\"},{\"@type\":\"Person\",\"@id\":\"https:\\\/\\\/www.societateamuzicala.ro\\\/societateaculturala\\\/#\\\/schema\\\/person\\\/0608b1774a3787abb7ff1d5e8d1b84eb\",\"name\":\"Catoi Daniel\",\"image\":{\"@type\":\"ImageObject\",\"inLanguage\":\"ro-RO\",\"@id\":\"https:\\\/\\\/secure.gravatar.com\\\/avatar\\\/c0882a218c936889972a11c796e8ed91e0aff99b92af7212c04f740da3928233?s=96&d=mm&r=g\",\"url\":\"https:\\\/\\\/secure.gravatar.com\\\/avatar\\\/c0882a218c936889972a11c796e8ed91e0aff99b92af7212c04f740da3928233?s=96&d=mm&r=g\",\"contentUrl\":\"https:\\\/\\\/secure.gravatar.com\\\/avatar\\\/c0882a218c936889972a11c796e8ed91e0aff99b92af7212c04f740da3928233?s=96&d=mm&r=g\",\"caption\":\"Catoi Daniel\"},\"url\":\"https:\\\/\\\/www.societateamuzicala.ro\\\/societateaculturala\\\/author\\\/daniel\"}]}<\/script>\n<!-- \/ Yoast SEO plugin. -->","yoast_head_json":{"title":"Pe 30 septembrie \u00eencepe cea de-a doua edi\u021bie MAJURA DUO FESTIVAL - Societatea Culturala","robots":{"index":"index","follow":"follow","max-snippet":"max-snippet:-1","max-image-preview":"max-image-preview:large","max-video-preview":"max-video-preview:-1"},"canonical":"https:\/\/www.societateamuzicala.ro\/societateaculturala\/pe-30-septembrie-incepe-cea-de-doua-editie-majura-duo-festival","og_locale":"ro_RO","og_type":"article","og_title":"Pe 30 septembrie \u00eencepe cea de-a doua edi\u021bie MAJURA DUO FESTIVAL - Societatea Culturala","og_description":"Pe perioada 30 septembrie \u2013 4 octombrie, publicul este invitat la cea de-a doua edi\u021bie MAJURA DUO FESTIVAL, un proiect unic \u00een lume, care aduce \u00een prim plan zona de duo pianistic la patru m\u00e2ini, la dou\u0103 piane \u0219i duo voce-pian. 11 ansambluri de duo formate din arti\u0219ti renumi\u021bi \u00een domeniul muzicii clasice \u0219i jazz [&hellip;]","og_url":"https:\/\/www.societateamuzicala.ro\/societateaculturala\/pe-30-septembrie-incepe-cea-de-doua-editie-majura-duo-festival","og_site_name":"Societatea Culturala","article_published_time":"2018-09-24T13:50:30+00:00","article_modified_time":"2018-09-24T13:51:39+00:00","og_image":[{"width":1600,"height":1027,"url":"https:\/\/www.societateamuzicala.ro\/societateaculturala\/wp-content\/uploads\/2018\/09\/Anderson-si-Roe-Piano-DUO-2.jpg","type":"image\/jpeg"}],"author":"Catoi Daniel","twitter_card":"summary_large_image","twitter_misc":{"Scris de":"Catoi Daniel","Timp estimat pentru citire":"4 minute"},"schema":{"@context":"https:\/\/schema.org","@graph":[{"@type":"Article","@id":"https:\/\/www.societateamuzicala.ro\/societateaculturala\/pe-30-septembrie-incepe-cea-de-doua-editie-majura-duo-festival#article","isPartOf":{"@id":"https:\/\/www.societateamuzicala.ro\/societateaculturala\/pe-30-septembrie-incepe-cea-de-doua-editie-majura-duo-festival"},"author":{"name":"Catoi Daniel","@id":"https:\/\/www.societateamuzicala.ro\/societateaculturala\/#\/schema\/person\/0608b1774a3787abb7ff1d5e8d1b84eb"},"headline":"Pe 30 septembrie \u00eencepe cea de-a doua edi\u021bie MAJURA DUO FESTIVAL","datePublished":"2018-09-24T13:50:30+00:00","dateModified":"2018-09-24T13:51:39+00:00","mainEntityOfPage":{"@id":"https:\/\/www.societateamuzicala.ro\/societateaculturala\/pe-30-septembrie-incepe-cea-de-doua-editie-majura-duo-festival"},"wordCount":824,"commentCount":0,"keywords":["arta","arta contemporana","arta plastica","arte plastice","arte vizuale","cinema","compozitor","concert cameral","concerte","concerte muzica clasica","conservator","Cultura","dezbateri","dirijor","evenimente culturale","expozitii","festival","film","galerie","instrumentisti","muzee","muzica","muzica clasica","muzica clasica romania","muzica culta","muzica simfonica","muzician","opera","orchestra","organizare evenimente","pianist","pictura","sali conferinta","sali evenimente","sculptura","simfonie","sonata","spatii culturale","spatii evenimente","stagiune","teatru","teatru experimental","violonist"],"articleSection":["Evenimente si stiri"],"inLanguage":"ro-RO","potentialAction":[{"@type":"CommentAction","name":"Comment","target":["https:\/\/www.societateamuzicala.ro\/societateaculturala\/pe-30-septembrie-incepe-cea-de-doua-editie-majura-duo-festival#respond"]}]},{"@type":"WebPage","@id":"https:\/\/www.societateamuzicala.ro\/societateaculturala\/pe-30-septembrie-incepe-cea-de-doua-editie-majura-duo-festival","url":"https:\/\/www.societateamuzicala.ro\/societateaculturala\/pe-30-septembrie-incepe-cea-de-doua-editie-majura-duo-festival","name":"Pe 30 septembrie \u00eencepe cea de-a doua edi\u021bie MAJURA DUO FESTIVAL - Societatea Culturala","isPartOf":{"@id":"https:\/\/www.societateamuzicala.ro\/societateaculturala\/#website"},"datePublished":"2018-09-24T13:50:30+00:00","dateModified":"2018-09-24T13:51:39+00:00","author":{"@id":"https:\/\/www.societateamuzicala.ro\/societateaculturala\/#\/schema\/person\/0608b1774a3787abb7ff1d5e8d1b84eb"},"breadcrumb":{"@id":"https:\/\/www.societateamuzicala.ro\/societateaculturala\/pe-30-septembrie-incepe-cea-de-doua-editie-majura-duo-festival#breadcrumb"},"inLanguage":"ro-RO","potentialAction":[{"@type":"ReadAction","target":["https:\/\/www.societateamuzicala.ro\/societateaculturala\/pe-30-septembrie-incepe-cea-de-doua-editie-majura-duo-festival"]}]},{"@type":"BreadcrumbList","@id":"https:\/\/www.societateamuzicala.ro\/societateaculturala\/pe-30-septembrie-incepe-cea-de-doua-editie-majura-duo-festival#breadcrumb","itemListElement":[{"@type":"ListItem","position":1,"name":"Acas\u0103","item":"https:\/\/www.societateamuzicala.ro\/societateaculturala"},{"@type":"ListItem","position":2,"name":"Pe 30 septembrie \u00eencepe cea de-a doua edi\u021bie MAJURA DUO FESTIVAL"}]},{"@type":"WebSite","@id":"https:\/\/www.societateamuzicala.ro\/societateaculturala\/#website","url":"https:\/\/www.societateamuzicala.ro\/societateaculturala\/","name":"Societatea Culturala","description":"Platforma de marketing si informatii culturale","potentialAction":[{"@type":"SearchAction","target":{"@type":"EntryPoint","urlTemplate":"https:\/\/www.societateamuzicala.ro\/societateaculturala\/?s={search_term_string}"},"query-input":{"@type":"PropertyValueSpecification","valueRequired":true,"valueName":"search_term_string"}}],"inLanguage":"ro-RO"},{"@type":"Person","@id":"https:\/\/www.societateamuzicala.ro\/societateaculturala\/#\/schema\/person\/0608b1774a3787abb7ff1d5e8d1b84eb","name":"Catoi Daniel","image":{"@type":"ImageObject","inLanguage":"ro-RO","@id":"https:\/\/secure.gravatar.com\/avatar\/c0882a218c936889972a11c796e8ed91e0aff99b92af7212c04f740da3928233?s=96&d=mm&r=g","url":"https:\/\/secure.gravatar.com\/avatar\/c0882a218c936889972a11c796e8ed91e0aff99b92af7212c04f740da3928233?s=96&d=mm&r=g","contentUrl":"https:\/\/secure.gravatar.com\/avatar\/c0882a218c936889972a11c796e8ed91e0aff99b92af7212c04f740da3928233?s=96&d=mm&r=g","caption":"Catoi Daniel"},"url":"https:\/\/www.societateamuzicala.ro\/societateaculturala\/author\/daniel"}]}},"_links":{"self":[{"href":"https:\/\/www.societateamuzicala.ro\/societateaculturala\/wp-json\/wp\/v2\/posts\/31451","targetHints":{"allow":["GET"]}}],"collection":[{"href":"https:\/\/www.societateamuzicala.ro\/societateaculturala\/wp-json\/wp\/v2\/posts"}],"about":[{"href":"https:\/\/www.societateamuzicala.ro\/societateaculturala\/wp-json\/wp\/v2\/types\/post"}],"author":[{"embeddable":true,"href":"https:\/\/www.societateamuzicala.ro\/societateaculturala\/wp-json\/wp\/v2\/users\/22"}],"replies":[{"embeddable":true,"href":"https:\/\/www.societateamuzicala.ro\/societateaculturala\/wp-json\/wp\/v2\/comments?post=31451"}],"version-history":[{"count":0,"href":"https:\/\/www.societateamuzicala.ro\/societateaculturala\/wp-json\/wp\/v2\/posts\/31451\/revisions"}],"wp:attachment":[{"href":"https:\/\/www.societateamuzicala.ro\/societateaculturala\/wp-json\/wp\/v2\/media?parent=31451"}],"wp:term":[{"taxonomy":"category","embeddable":true,"href":"https:\/\/www.societateamuzicala.ro\/societateaculturala\/wp-json\/wp\/v2\/categories?post=31451"},{"taxonomy":"post_tag","embeddable":true,"href":"https:\/\/www.societateamuzicala.ro\/societateaculturala\/wp-json\/wp\/v2\/tags?post=31451"}],"curies":[{"name":"wp","href":"https:\/\/api.w.org\/{rel}","templated":true}]}}