{"id":27042,"date":"2016-06-11T17:06:53","date_gmt":"2016-06-11T17:06:53","guid":{"rendered":"https:\/\/www.societateamuzicala.ro\/societateaculturala\/?p=27042"},"modified":"2016-07-20T13:34:45","modified_gmt":"2016-07-20T13:34:45","slug":"leontina-vaduva-concert-la-biserica-neagra","status":"publish","type":"post","link":"https:\/\/www.societateamuzicala.ro\/societateaculturala\/leontina-vaduva-concert-la-biserica-neagra","title":{"rendered":"Leontina Vaduva in concert la Biserica Neagra, la vibrate!festival"},"content":{"rendered":"<p><strong>Soprana Leontina Vaduva in concert la Biserica Neagra din Brasov cu ocaziacelei de-a II-a editie a Festivalului International de Muzica de Camera si Arte vibrate!festival<\/strong><\/p>\n<p>Sambata, 25 iunie 2016, incepand cu ora 18.00, la Biserica Neagra din Brasov, Asociatia pentru Muzica, Arta si Cultura si Asociatia Culturala Paul Constantinescu, in parteneriat cu Primaria Bra\u015fov &#8211; proiect co-finan\u0163at de Consiliul Local Bra\u015fov, Administratia Fondului Cultural National, proiect co\u00adfinantat, Universitatea Transilvania Brasov, Depoul de Arta Urbana din Brasov, Centrul InfoEuropa din cadrul Ministerului Afacerilor Externe, Kaufland Romania, Unirea Shopping Center, Tarom, Aqua Carpatica, Domeniile Samburesti si Aurel Virlan Photography, alaturi de restul partenerilor, sponsorilor si partenerilor media ai editiei 2016 a festivalului, organizeaza concertul aniversar AVE: LEONTINA VADUVA 30 DE ANI IN MUZICA, dedicat sopranei Leontina Vaduva cu ocazia implinirii a 30 de cariera internationala.<\/p>\n<p>Concertul va fi sustinut de soprana Leontina Vaduva, organistul Paul Cristian si Ansamblul de Camera vibrate!festival. In program piese de:\u00a0Arvo P\u00c4RT, Paul CONSTANTINESCU, William BYRD, George ENESCU, Maurice RAVEL, Giuseppe VERDI, Felicia DONCEANU si Jules MASSENET.<\/p>\n<p>Mai multe detalii despre evenimentele festivalului pe: <a href=\"https:\/\/www.vibratefestival.ro\" target=\"_blank\">www.vibratefestival.ro<\/a> si pe pagina de facebook.<\/p>\n<p><em>Cea de-a doua editie a Festivalului International de Muzica de Camera si Arte <strong>vibrate!festival<\/strong>\u00a0 se va desfasura, la <strong>Brasov<\/strong>, in perioada 19 \u2013 26 iunie 2016 si\u00a0 propune publicului, timp de opt zile, reintalnirea cu muzica de camera interpretata de staruri ale muzicii clasice europene din Marea Britanie, Germania, Ucraina, Elvetia, Olanda, Spania, Italia \u015fi Romania. <\/em><\/p>\n<p>Fidel crezului enuntat de la prima editie &#8211; muzica clasica este accesibila oricui si se poate canta in multe alte spatii decat in cele obisnuite &#8211; <strong>vibrate!festival<\/strong> aduce muzica de camera in locuri neconventionale, promovand totodata <strong>patrimoniul arhitectural al Brasovului<\/strong>. Astfel, publicul este invitat la concerte in locuri precum Sinagoga, Bastionul Tesatorilor, Centrul Multicultural al Universitatii Transilvania, situat in cladirea Rectoratului, o construnc\u0163ie de secol XIX in stil neorena\u015fcentist cu picturi &#8222;sgraffito&#8221;, Colegiul National &#8222;Andrei Saguna\u201d.\u00a0 Vibratia muzicii se va face simtita si la Ceainaria Tipografia sau in noua sala Kruhnen Musik Halle a Clubului Rockstadt. Nu vor lipsi insa, nici spatiile clasice precum Sala Patria, sala de concerte a Filarmonicii din Bra\u015fov, fosta sala de cinematograf &#8222;Partizanul Ro\u015fu&#8221;.<\/p>\n<p>Deschiderea <strong>vibrate!festival<\/strong> va avea loc la Aula Univesitatii \u201eTransilvania\u201d, in 19 iunie, unde studentii sunt principalii invitati, iar intrarea este gratuita, iar concertul de inchidere va avea loc in fermecatorul Bastion al Tesatorilor, duminica, 26 iunie. Sambata, 25 iunie, la <strong>Biserica Neagra din Bra\u015fov<\/strong>, <strong>vibrate!festival<\/strong> va invita la o seara speciala &#8211; aniversarea a 30 de ani de cariera a sopranei <strong>Leontina Vaduva<\/strong>.<\/p>\n<p><strong>vibrate!festival<\/strong> 2016 continua si <strong>intalnirile dintre arte<\/strong> incepute anul trecut sub denumirea <strong>\u201eSinestezia\u201d<\/strong>.\u00a0 In <strong>Pia\u0163a Enescu<\/strong> vor avea loc expozi\u0163ii, ateliere de Terapie prin Arta, seri de performance, la care sunt invitati elevi, copii de la centrele de plasament si iubitorii de arte. In centrul <strong>Pietei Enescu<\/strong> va fi amplasata pe toata durata festivalului <strong>\u201epianina vibrate!<\/strong>\u201d, la care vor avea loc miniconcerte ale arti\u015ftilor, elevilor \u015fi\u2026 trecatorilor. Vor fi in total <strong>24 de evenimente muzicale si artistice <\/strong>&#8211; concerte de muzica clasica si cross\u00adover, expozitii, ateliere, performance \u015fi doua masterclass\u00aduri de pian \u015fi vioara.<\/p>\n<p>Festival dedicat in special tinerilor, <strong>vibrate!festival<\/strong> este creat de tineri. Media de varsta a artistilor invitati este cuprinsa intre 30 si 35 de ani. Unul dintre cuvintele cheie ale festivalului este excelenta. 7 dintre artistii invitati sunt absolven\u0163i ai Academiei Regale de Muzica din Londra. 3 dintre ei sunt ca\u015ftigatori ai Concursului Interna\u0163ional George Enescu: compozitorul si violonistul Vlad Maistorovici, directorul festivalului, pianista Diana Ionescu, directorul artistic, si violonistul Valeriy Sokolov (Ucraina\/ Germania).<\/p>\n<p>BILETELE SUNT DISPONIBILE PE WWW.BILETEBRASOV.RO, LA LIBRARIA ST. O. IOSIF DIN BRASOV, TIPOGRAFIA TEA &amp; COFFEE HOUSE (Postavarului 1) SI LA BISERICA NEAGRA.<\/p>\n<p>3 lei din pretul fiecarui bilet va fi donat bolnavilor incurabili aflati in grija Hospice-ului \u201dCasa Sperantei\u201d. La toate concertele, elevii, studen\u0163ii \u015fi persoanele cu dizabilita\u0163i, impreuna cu inso\u0163itorii lor, vor avea intrarea gratuita.<\/p>\n<p><strong>\u00a0<\/strong><em>***<\/em><\/p>\n<p><strong>Leontina VADUVA \u2013 <\/strong>dupa studii la Conservatorul din Bucure\u015fti, sub indrumarea profesoarei Arta Florescu, soprana Leontina Vaduva a debutat pe plan interna\u0163ional in 1986 la Teatrul Capitole din Toulouse in <em>Manon<\/em> de Jules Massenet. Rolul, devenit una dintre cele mai dragi car\u0163i de vizita, a purtat-o spre debutul londonez de la Royal Opera House Covent Garden, etapa care i-a adus prestigiosul premiu Lawrence Olivier (1988). Stabilita in Fran\u0163a, \u0163ara care a adoptat-o de la bun inceput, si care i-a acordat in 1999 titlul de Chevalier des Arts et des Lettres, Leontina Vaduva a devenit rapid una dintre cele mai bune ambasadoare ale repertoriului francez interpretand magistral rolurile Mica\u00ebla, Antonia, Julieta \u015fi Mireille pe cele mai importante teatre ale lumii. Rolul debuturilor in Statele Unite ale Americii (San Francisco, 1996, Metropolitan Opera, New York, 2000) a fost Mimi din <em>Boema<\/em> lui Puccini. Discografia artistei include <em>Rigoletto<\/em> (1993), <em>Povestirile lui Hoffmann<\/em> (1996), <em>Boema <\/em>(1996) \u015fi recitalul Opera Arias (1997), dirijat de Pl\u00e1cido Domingo. Un capitol special in videografia artistei il reprezinta DVD-ul cu <em>Romeo \u015fi Julieta<\/em>, inregistrat in 1994 la Royal Opera House Covent Garden din Londra, sub conducerea muzicala a lui Sir Charles Mackerras \u015fi in regia lui Nicolas J\u00f6el, devenit referin\u0163a absoluta pentru celebra opera a lui Gounod. Deosebitele sale calita\u0163i artistice i-au adus numeroase distinc\u0163ii, printre care Medalia ora\u015fului Toulouse, premiul Royal Philarmonic Society of Music \u2013 Londra \u015fi Ordinul Meritul Cultural in grad de Mare Ofi\u0163er oferit de Presedintele Romaniei. In ultimii ani soprana Leontina Vaduva a fost prezenta pe scena Ateneului Roman si a Salii Radio din Bucuresti in cadrul evenimentelor organizate de Asociatia pentru Muzica, Arta si Cultura: Recitalul omagial Verdi\u2013Wagner. Corespondente (2013), Gala Aniversara \u201cViorica Cortez si Prietenii\u201d (2014), Recitalul omagial ENESCU 60 (2015) si SUFLET IN CULORI Concert caritabil in beneficiul copiilor cu autism (2016). In 2014 Leontina Vaduva a lansat CD-ul <em>Verdi\u2013Wagner: Corespondete, <\/em>iar in 2015 calendarul 2016 <em>Leontina Vaduva 30<\/em>.<\/p>\n<p><strong>Organizatori:<\/strong> Asociatia Culturala \u201ePaul Constantinescu 2009\u201d si Asociatia pentru Muzica, Arta si Cultura<\/p>\n<p><strong>Co-organizatori: <\/strong>Depoul de Arta Urbana din Brasov<\/p>\n<p><strong>Parteneri Principali:<\/strong> <strong>Primaria Bra\u015fov<\/strong> &#8211; proiect co-finan\u0163at de Consiliul Local Bra\u015fov, <strong>Administratia Fondului Cultural National<\/strong>, proiect co\u00adfinantat si <strong>Universitatea Transilvania Brasov<\/strong><\/p>\n<p><strong>Parteneri institutionali: <\/strong>Centrul InfoEuropa din cadrul Ministerului Afacerilor Externe si Ambasada Regatului Spaniei in Romania<\/p>\n<p><strong>Parteneri: <\/strong>Kaufland Romania, Coresi Shopping Resort Brasov, Schaeffler, Tarom, Domeniile Samburesti, Aqua Carpatica, Grand Hotel Continental,\u00a0 Aurel Virlan Photography, Libris.ro,\u00a0 Centrul Multicultural al Universitatii Transilvania din Brasov, Hospice Casa Sperantei din Brasov, Fundatia Comunitara Brasov, Uniunea Artistilor Plastici Brasov, Raza de Spreanta Brasov, Andrei Paul Photograhpy, kruhnen Musik Halle, Tipografia Tea &amp; Coffee House Brasov, Avramov, Foldo Caff\u00e8, Baqu\u00e9, Muzeul Judetean de Istorie Brasov, Asociatia Bastionul Alb, Muzeul National George Enescu, Biserica Neagra, Comunitatea Evreilor din Brasov, Zizin<\/p>\n<p><strong>Parteneri Media:<\/strong> MIX 2 TV, Radioteleviziunea Transilvania, Romania Libera, Zile si nopti, Radio Romania Cultural, Radio Romania Muzical, Radio Trinitas, Radio Brasov, Transylvania Today, Buna Ziua Brasov, News Brasov, Grupul Iubim Brasovul, Blitz Tv, Revista Tango \u2013 Marea Dragoste, Ziarul Metropolis, The Art of Living, Liternet, B365, Ceasca de Cultura, Webcultura, Calendar Evenimente, 4Arte.ro, Agentia de Carte, ArtOut, Artline, PR Wave, Orasul Meu, Inoras.ro, Bucuresteanul.Info, Buna dimineata Bucuresti, Catchy, Autentici.ro, Gazeta de Stiri, Online Gallery,\u00a0 Jurnal de Bucuresti, Autentic Promotion, societatesicultura.ro, Business Woman, RoEvents, ABC Muzical, Societatea Muzicala, Romania Pozitiva, Buna Ziua Iasi, iQads, Semne Bune si Smark.<\/p>\n<p><strong>Birou Presa &#8211; Asociatia pentru Muzica, Arta si Cultura<\/strong><\/p>\n<p>tel. +40 723917995; e-mail: <a href=\"mailto:birou.presa@musicarte.ro\">birou.presa@musicarte.ro<\/a>;<\/p>\n","protected":false},"excerpt":{"rendered":"<p>Soprana Leontina Vaduva in concert la Biserica Neagra din Brasov cu ocaziacelei de-a II-a editie a Festivalului International de Muzica de Camera si Arte vibrate!festival Sambata, 25 iunie 2016, incepand cu ora 18.00, la Biserica Neagra din Brasov, Asociatia pentru Muzica, Arta si Cultura si Asociatia Culturala Paul Constantinescu, in parteneriat cu Primaria Bra\u015fov &#8211; [&hellip;]<\/p>\n","protected":false},"author":2,"featured_media":0,"comment_status":"open","ping_status":"open","sticky":false,"template":"","format":"standard","meta":{"_acf_changed":false,"footnotes":""},"categories":[68],"tags":[332,281,200,669,333,282,283,461,196,197,201,198,199,280,272,290,284,289,358,334,222],"class_list":["post-27042","post","type-post","status-publish","format-standard","hentry","category-evenimente-si-stiri","tag-compozitor","tag-concert-cameral","tag-concerte-muzica-clasica","tag-conservator","tag-dirijor","tag-festival","tag-instrumentisti","tag-leontina-vaduva","tag-muzica","tag-muzica-clasica","tag-muzica-clasica-romania","tag-muzica-culta","tag-muzica-simfonica","tag-muzician","tag-opera","tag-orchestra","tag-pianist","tag-simfonie","tag-sonata","tag-stagiune","tag-violonist"],"acf":{"poza_fixa":"https:\/\/www.societateamuzicala.ro\/societateaculturala\/wp-content\/uploads\/2015\/04\/Leontina-Vaduva-2.jpg","url_poza_fixa":"","oras":"Brasov","in_strainatate":false,"pian":false,"orga":false,"data1":"1465675500","data2":"","afiseaza_data_post":false,"articole_parinte":"","articole_relationate":"","coordonate":false,"tab1_nume":"Despre","tab3":false},"yoast_head":"<!-- This site is optimized with the Yoast SEO plugin v27.5 - https:\/\/yoast.com\/product\/yoast-seo-wordpress\/ -->\n<title>Leontina Vaduva in concert la Biserica Neagra, la vibrate!festival - Societatea Culturala<\/title>\n<meta name=\"robots\" content=\"index, follow, max-snippet:-1, max-image-preview:large, max-video-preview:-1\" \/>\n<link rel=\"canonical\" href=\"https:\/\/www.societateamuzicala.ro\/societateaculturala\/leontina-vaduva-concert-la-biserica-neagra\" \/>\n<meta property=\"og:locale\" content=\"ro_RO\" \/>\n<meta property=\"og:type\" content=\"article\" \/>\n<meta property=\"og:title\" content=\"Leontina Vaduva in concert la Biserica Neagra, la vibrate!festival - Societatea Culturala\" \/>\n<meta property=\"og:description\" content=\"Soprana Leontina Vaduva in concert la Biserica Neagra din Brasov cu ocaziacelei de-a II-a editie a Festivalului International de Muzica de Camera si Arte vibrate!festival Sambata, 25 iunie 2016, incepand cu ora 18.00, la Biserica Neagra din Brasov, Asociatia pentru Muzica, Arta si Cultura si Asociatia Culturala Paul Constantinescu, in parteneriat cu Primaria Bra\u015fov &#8211; [&hellip;]\" \/>\n<meta property=\"og:url\" content=\"https:\/\/www.societateamuzicala.ro\/societateaculturala\/leontina-vaduva-concert-la-biserica-neagra\" \/>\n<meta property=\"og:site_name\" content=\"Societatea Culturala\" \/>\n<meta property=\"article:published_time\" content=\"2016-06-11T17:06:53+00:00\" \/>\n<meta property=\"article:modified_time\" content=\"2016-07-20T13:34:45+00:00\" \/>\n<meta name=\"author\" content=\"George Butunoiu\" \/>\n<meta name=\"twitter:card\" content=\"summary_large_image\" \/>\n<meta name=\"twitter:label1\" content=\"Scris de\" \/>\n\t<meta name=\"twitter:data1\" content=\"George Butunoiu\" \/>\n\t<meta name=\"twitter:label2\" content=\"Timp estimat pentru citire\" \/>\n\t<meta name=\"twitter:data2\" content=\"6 minute\" \/>\n<script type=\"application\/ld+json\" class=\"yoast-schema-graph\">{\"@context\":\"https:\\\/\\\/schema.org\",\"@graph\":[{\"@type\":\"Article\",\"@id\":\"https:\\\/\\\/www.societateamuzicala.ro\\\/societateaculturala\\\/leontina-vaduva-concert-la-biserica-neagra#article\",\"isPartOf\":{\"@id\":\"https:\\\/\\\/www.societateamuzicala.ro\\\/societateaculturala\\\/leontina-vaduva-concert-la-biserica-neagra\"},\"author\":{\"name\":\"George Butunoiu\",\"@id\":\"https:\\\/\\\/www.societateamuzicala.ro\\\/societateaculturala\\\/#\\\/schema\\\/person\\\/0c59baa9b990951251efe82ee1e8bbb2\"},\"headline\":\"Leontina Vaduva in concert la Biserica Neagra, la vibrate!festival\",\"datePublished\":\"2016-06-11T17:06:53+00:00\",\"dateModified\":\"2016-07-20T13:34:45+00:00\",\"mainEntityOfPage\":{\"@id\":\"https:\\\/\\\/www.societateamuzicala.ro\\\/societateaculturala\\\/leontina-vaduva-concert-la-biserica-neagra\"},\"wordCount\":1231,\"commentCount\":0,\"keywords\":[\"compozitor\",\"concert cameral\",\"concerte muzica clasica\",\"conservator\",\"dirijor\",\"festival\",\"instrumentisti\",\"leontina vaduva\",\"muzica\",\"muzica clasica\",\"muzica clasica romania\",\"muzica culta\",\"muzica simfonica\",\"muzician\",\"opera\",\"orchestra\",\"pianist\",\"simfonie\",\"sonata\",\"stagiune\",\"violonist\"],\"articleSection\":[\"Evenimente si stiri\"],\"inLanguage\":\"ro-RO\",\"potentialAction\":[{\"@type\":\"CommentAction\",\"name\":\"Comment\",\"target\":[\"https:\\\/\\\/www.societateamuzicala.ro\\\/societateaculturala\\\/leontina-vaduva-concert-la-biserica-neagra#respond\"]}]},{\"@type\":\"WebPage\",\"@id\":\"https:\\\/\\\/www.societateamuzicala.ro\\\/societateaculturala\\\/leontina-vaduva-concert-la-biserica-neagra\",\"url\":\"https:\\\/\\\/www.societateamuzicala.ro\\\/societateaculturala\\\/leontina-vaduva-concert-la-biserica-neagra\",\"name\":\"Leontina Vaduva in concert la Biserica Neagra, la vibrate!festival - Societatea Culturala\",\"isPartOf\":{\"@id\":\"https:\\\/\\\/www.societateamuzicala.ro\\\/societateaculturala\\\/#website\"},\"datePublished\":\"2016-06-11T17:06:53+00:00\",\"dateModified\":\"2016-07-20T13:34:45+00:00\",\"author\":{\"@id\":\"https:\\\/\\\/www.societateamuzicala.ro\\\/societateaculturala\\\/#\\\/schema\\\/person\\\/0c59baa9b990951251efe82ee1e8bbb2\"},\"breadcrumb\":{\"@id\":\"https:\\\/\\\/www.societateamuzicala.ro\\\/societateaculturala\\\/leontina-vaduva-concert-la-biserica-neagra#breadcrumb\"},\"inLanguage\":\"ro-RO\",\"potentialAction\":[{\"@type\":\"ReadAction\",\"target\":[\"https:\\\/\\\/www.societateamuzicala.ro\\\/societateaculturala\\\/leontina-vaduva-concert-la-biserica-neagra\"]}]},{\"@type\":\"BreadcrumbList\",\"@id\":\"https:\\\/\\\/www.societateamuzicala.ro\\\/societateaculturala\\\/leontina-vaduva-concert-la-biserica-neagra#breadcrumb\",\"itemListElement\":[{\"@type\":\"ListItem\",\"position\":1,\"name\":\"Acas\u0103\",\"item\":\"https:\\\/\\\/www.societateamuzicala.ro\\\/societateaculturala\"},{\"@type\":\"ListItem\",\"position\":2,\"name\":\"Leontina Vaduva in concert la Biserica Neagra, la vibrate!festival\"}]},{\"@type\":\"WebSite\",\"@id\":\"https:\\\/\\\/www.societateamuzicala.ro\\\/societateaculturala\\\/#website\",\"url\":\"https:\\\/\\\/www.societateamuzicala.ro\\\/societateaculturala\\\/\",\"name\":\"Societatea Culturala\",\"description\":\"Platforma de marketing si informatii culturale\",\"potentialAction\":[{\"@type\":\"SearchAction\",\"target\":{\"@type\":\"EntryPoint\",\"urlTemplate\":\"https:\\\/\\\/www.societateamuzicala.ro\\\/societateaculturala\\\/?s={search_term_string}\"},\"query-input\":{\"@type\":\"PropertyValueSpecification\",\"valueRequired\":true,\"valueName\":\"search_term_string\"}}],\"inLanguage\":\"ro-RO\"},{\"@type\":\"Person\",\"@id\":\"https:\\\/\\\/www.societateamuzicala.ro\\\/societateaculturala\\\/#\\\/schema\\\/person\\\/0c59baa9b990951251efe82ee1e8bbb2\",\"name\":\"George Butunoiu\",\"image\":{\"@type\":\"ImageObject\",\"inLanguage\":\"ro-RO\",\"@id\":\"https:\\\/\\\/secure.gravatar.com\\\/avatar\\\/89c187ed2ae04eb93934b0547ec74260f4916e9e6d474dc9fc60e42c6f3533f1?s=96&d=mm&r=g\",\"url\":\"https:\\\/\\\/secure.gravatar.com\\\/avatar\\\/89c187ed2ae04eb93934b0547ec74260f4916e9e6d474dc9fc60e42c6f3533f1?s=96&d=mm&r=g\",\"contentUrl\":\"https:\\\/\\\/secure.gravatar.com\\\/avatar\\\/89c187ed2ae04eb93934b0547ec74260f4916e9e6d474dc9fc60e42c6f3533f1?s=96&d=mm&r=g\",\"caption\":\"George Butunoiu\"},\"sameAs\":[\"http:\\\/\\\/www.georgebutunoiu.com\"],\"url\":\"https:\\\/\\\/www.societateamuzicala.ro\\\/societateaculturala\\\/author\\\/gb\"}]}<\/script>\n<!-- \/ Yoast SEO plugin. -->","yoast_head_json":{"title":"Leontina Vaduva in concert la Biserica Neagra, la vibrate!festival - Societatea Culturala","robots":{"index":"index","follow":"follow","max-snippet":"max-snippet:-1","max-image-preview":"max-image-preview:large","max-video-preview":"max-video-preview:-1"},"canonical":"https:\/\/www.societateamuzicala.ro\/societateaculturala\/leontina-vaduva-concert-la-biserica-neagra","og_locale":"ro_RO","og_type":"article","og_title":"Leontina Vaduva in concert la Biserica Neagra, la vibrate!festival - Societatea Culturala","og_description":"Soprana Leontina Vaduva in concert la Biserica Neagra din Brasov cu ocaziacelei de-a II-a editie a Festivalului International de Muzica de Camera si Arte vibrate!festival Sambata, 25 iunie 2016, incepand cu ora 18.00, la Biserica Neagra din Brasov, Asociatia pentru Muzica, Arta si Cultura si Asociatia Culturala Paul Constantinescu, in parteneriat cu Primaria Bra\u015fov &#8211; [&hellip;]","og_url":"https:\/\/www.societateamuzicala.ro\/societateaculturala\/leontina-vaduva-concert-la-biserica-neagra","og_site_name":"Societatea Culturala","article_published_time":"2016-06-11T17:06:53+00:00","article_modified_time":"2016-07-20T13:34:45+00:00","author":"George Butunoiu","twitter_card":"summary_large_image","twitter_misc":{"Scris de":"George Butunoiu","Timp estimat pentru citire":"6 minute"},"schema":{"@context":"https:\/\/schema.org","@graph":[{"@type":"Article","@id":"https:\/\/www.societateamuzicala.ro\/societateaculturala\/leontina-vaduva-concert-la-biserica-neagra#article","isPartOf":{"@id":"https:\/\/www.societateamuzicala.ro\/societateaculturala\/leontina-vaduva-concert-la-biserica-neagra"},"author":{"name":"George Butunoiu","@id":"https:\/\/www.societateamuzicala.ro\/societateaculturala\/#\/schema\/person\/0c59baa9b990951251efe82ee1e8bbb2"},"headline":"Leontina Vaduva in concert la Biserica Neagra, la vibrate!festival","datePublished":"2016-06-11T17:06:53+00:00","dateModified":"2016-07-20T13:34:45+00:00","mainEntityOfPage":{"@id":"https:\/\/www.societateamuzicala.ro\/societateaculturala\/leontina-vaduva-concert-la-biserica-neagra"},"wordCount":1231,"commentCount":0,"keywords":["compozitor","concert cameral","concerte muzica clasica","conservator","dirijor","festival","instrumentisti","leontina vaduva","muzica","muzica clasica","muzica clasica romania","muzica culta","muzica simfonica","muzician","opera","orchestra","pianist","simfonie","sonata","stagiune","violonist"],"articleSection":["Evenimente si stiri"],"inLanguage":"ro-RO","potentialAction":[{"@type":"CommentAction","name":"Comment","target":["https:\/\/www.societateamuzicala.ro\/societateaculturala\/leontina-vaduva-concert-la-biserica-neagra#respond"]}]},{"@type":"WebPage","@id":"https:\/\/www.societateamuzicala.ro\/societateaculturala\/leontina-vaduva-concert-la-biserica-neagra","url":"https:\/\/www.societateamuzicala.ro\/societateaculturala\/leontina-vaduva-concert-la-biserica-neagra","name":"Leontina Vaduva in concert la Biserica Neagra, la vibrate!festival - Societatea Culturala","isPartOf":{"@id":"https:\/\/www.societateamuzicala.ro\/societateaculturala\/#website"},"datePublished":"2016-06-11T17:06:53+00:00","dateModified":"2016-07-20T13:34:45+00:00","author":{"@id":"https:\/\/www.societateamuzicala.ro\/societateaculturala\/#\/schema\/person\/0c59baa9b990951251efe82ee1e8bbb2"},"breadcrumb":{"@id":"https:\/\/www.societateamuzicala.ro\/societateaculturala\/leontina-vaduva-concert-la-biserica-neagra#breadcrumb"},"inLanguage":"ro-RO","potentialAction":[{"@type":"ReadAction","target":["https:\/\/www.societateamuzicala.ro\/societateaculturala\/leontina-vaduva-concert-la-biserica-neagra"]}]},{"@type":"BreadcrumbList","@id":"https:\/\/www.societateamuzicala.ro\/societateaculturala\/leontina-vaduva-concert-la-biserica-neagra#breadcrumb","itemListElement":[{"@type":"ListItem","position":1,"name":"Acas\u0103","item":"https:\/\/www.societateamuzicala.ro\/societateaculturala"},{"@type":"ListItem","position":2,"name":"Leontina Vaduva in concert la Biserica Neagra, la vibrate!festival"}]},{"@type":"WebSite","@id":"https:\/\/www.societateamuzicala.ro\/societateaculturala\/#website","url":"https:\/\/www.societateamuzicala.ro\/societateaculturala\/","name":"Societatea Culturala","description":"Platforma de marketing si informatii culturale","potentialAction":[{"@type":"SearchAction","target":{"@type":"EntryPoint","urlTemplate":"https:\/\/www.societateamuzicala.ro\/societateaculturala\/?s={search_term_string}"},"query-input":{"@type":"PropertyValueSpecification","valueRequired":true,"valueName":"search_term_string"}}],"inLanguage":"ro-RO"},{"@type":"Person","@id":"https:\/\/www.societateamuzicala.ro\/societateaculturala\/#\/schema\/person\/0c59baa9b990951251efe82ee1e8bbb2","name":"George Butunoiu","image":{"@type":"ImageObject","inLanguage":"ro-RO","@id":"https:\/\/secure.gravatar.com\/avatar\/89c187ed2ae04eb93934b0547ec74260f4916e9e6d474dc9fc60e42c6f3533f1?s=96&d=mm&r=g","url":"https:\/\/secure.gravatar.com\/avatar\/89c187ed2ae04eb93934b0547ec74260f4916e9e6d474dc9fc60e42c6f3533f1?s=96&d=mm&r=g","contentUrl":"https:\/\/secure.gravatar.com\/avatar\/89c187ed2ae04eb93934b0547ec74260f4916e9e6d474dc9fc60e42c6f3533f1?s=96&d=mm&r=g","caption":"George Butunoiu"},"sameAs":["http:\/\/www.georgebutunoiu.com"],"url":"https:\/\/www.societateamuzicala.ro\/societateaculturala\/author\/gb"}]}},"_links":{"self":[{"href":"https:\/\/www.societateamuzicala.ro\/societateaculturala\/wp-json\/wp\/v2\/posts\/27042","targetHints":{"allow":["GET"]}}],"collection":[{"href":"https:\/\/www.societateamuzicala.ro\/societateaculturala\/wp-json\/wp\/v2\/posts"}],"about":[{"href":"https:\/\/www.societateamuzicala.ro\/societateaculturala\/wp-json\/wp\/v2\/types\/post"}],"author":[{"embeddable":true,"href":"https:\/\/www.societateamuzicala.ro\/societateaculturala\/wp-json\/wp\/v2\/users\/2"}],"replies":[{"embeddable":true,"href":"https:\/\/www.societateamuzicala.ro\/societateaculturala\/wp-json\/wp\/v2\/comments?post=27042"}],"version-history":[{"count":0,"href":"https:\/\/www.societateamuzicala.ro\/societateaculturala\/wp-json\/wp\/v2\/posts\/27042\/revisions"}],"wp:attachment":[{"href":"https:\/\/www.societateamuzicala.ro\/societateaculturala\/wp-json\/wp\/v2\/media?parent=27042"}],"wp:term":[{"taxonomy":"category","embeddable":true,"href":"https:\/\/www.societateamuzicala.ro\/societateaculturala\/wp-json\/wp\/v2\/categories?post=27042"},{"taxonomy":"post_tag","embeddable":true,"href":"https:\/\/www.societateamuzicala.ro\/societateaculturala\/wp-json\/wp\/v2\/tags?post=27042"}],"curies":[{"name":"wp","href":"https:\/\/api.w.org\/{rel}","templated":true}]}}