{"id":19858,"date":"2015-11-21T11:38:02","date_gmt":"2015-11-21T11:38:02","guid":{"rendered":"https:\/\/www.societateamuzicala.ro\/societateaculturala\/?p=19858"},"modified":"2015-11-21T11:38:02","modified_gmt":"2015-11-21T11:38:02","slug":"zurcher-hochschule-der-kunste-zurich","status":"publish","type":"post","link":"https:\/\/www.societateamuzicala.ro\/societateaculturala\/zurcher-hochschule-der-kunste-zurich","title":{"rendered":"Zurcher Hochschule der Kunste Zurich"},"content":{"rendered":"<p>Infiintata recent, in 2007, dar continuatoare a vechii Scoli de Arte Aplicate infiintate in 1878 si a Scolii de Muzica, Teatru si Dans, Zurcher Hochschule der Kunste Zurich este in prezent cea\u00a0mai mare universitate de arte din Elvetia, prin ofera propusa reprezentand o destinatie atractiva pentru tinerii dornici sa aprofundeze studiul muzicii si al artei in general la nivel universitar.<\/p>\n<p>Cuprinzand cinci mari specializari &#8211; Muzica, Artele spectacolului si Film, Arta&amp;Media, Analiza Culturala si Design &#8211; Zurcher Hochschule der Kunste Zurich ofera cursuri la nivel de licenta si master si posibilitatea continuarii studiului in cadrul unor programe de cercetare si de educatie continua in diverse domenii din sfera artei si culturii, inclusiv a muzicii.<\/p>\n","protected":false},"excerpt":{"rendered":"<p>Infiintata recent, in 2007, dar continuatoare a vechii Scoli de Arte Aplicate infiintate in 1878 si a Scolii de Muzica, Teatru si Dans, Zurcher Hochschule der Kunste Zurich este in prezent cea\u00a0mai mare universitate de arte din Elvetia, prin ofera propusa reprezentand o destinatie atractiva pentru tinerii dornici sa aprofundeze studiul muzicii si al artei [&hellip;]<\/p>\n","protected":false},"author":22,"featured_media":0,"comment_status":"open","ping_status":"open","sticky":false,"template":"","format":"standard","meta":{"_acf_changed":false,"footnotes":""},"categories":[158],"tags":[332,281,200,669,333,282,283,196,197,201,198,199,280,272,290,284,289,358,334,222],"class_list":["post-19858","post","type-post","status-publish","format-standard","hentry","category-scoli-de-muzica-cei-cele-mai-din-lume","tag-compozitor","tag-concert-cameral","tag-concerte-muzica-clasica","tag-conservator","tag-dirijor","tag-festival","tag-instrumentisti","tag-muzica","tag-muzica-clasica","tag-muzica-clasica-romania","tag-muzica-culta","tag-muzica-simfonica","tag-muzician","tag-opera","tag-orchestra","tag-pianist","tag-simfonie","tag-sonata","tag-stagiune","tag-violonist"],"acf":{"poza_fixa":"https:\/\/www.societateamuzicala.ro\/societateaculturala\/wp-content\/uploads\/2015\/11\/Zurcher-Hochschule-der-Kunste.jpg","oras":"","in_strainatate":false,"pian":false,"orga":false,"data1":"","data2":"","afiseaza_data_post":false,"articole_relationate":"","coordonate":{"address":"Z\u00fcrcher Hochschule der K\u00fcnste, Pfingstweidstrasse, Z\u00fcrich, Elve\u0163ia","lat":"47.3904213","lng":"8.51149959999998"}},"yoast_head":"<!-- This site is optimized with the Yoast SEO plugin v27.5 - https:\/\/yoast.com\/product\/yoast-seo-wordpress\/ -->\n<title>Zurcher Hochschule der Kunste Zurich - Societatea Culturala<\/title>\n<meta name=\"robots\" content=\"index, follow, max-snippet:-1, max-image-preview:large, max-video-preview:-1\" \/>\n<link rel=\"canonical\" href=\"https:\/\/www.societateamuzicala.ro\/societateaculturala\/zurcher-hochschule-der-kunste-zurich\" \/>\n<meta property=\"og:locale\" content=\"ro_RO\" \/>\n<meta property=\"og:type\" content=\"article\" \/>\n<meta property=\"og:title\" content=\"Zurcher Hochschule der Kunste Zurich - Societatea Culturala\" \/>\n<meta property=\"og:description\" content=\"Infiintata recent, in 2007, dar continuatoare a vechii Scoli de Arte Aplicate infiintate in 1878 si a Scolii de Muzica, Teatru si Dans, Zurcher Hochschule der Kunste Zurich este in prezent cea\u00a0mai mare universitate de arte din Elvetia, prin ofera propusa reprezentand o destinatie atractiva pentru tinerii dornici sa aprofundeze studiul muzicii si al artei [&hellip;]\" \/>\n<meta property=\"og:url\" content=\"https:\/\/www.societateamuzicala.ro\/societateaculturala\/zurcher-hochschule-der-kunste-zurich\" \/>\n<meta property=\"og:site_name\" content=\"Societatea Culturala\" \/>\n<meta property=\"article:published_time\" content=\"2015-11-21T11:38:02+00:00\" \/>\n<meta name=\"author\" content=\"Catoi Daniel\" \/>\n<meta name=\"twitter:card\" content=\"summary_large_image\" \/>\n<meta name=\"twitter:label1\" content=\"Scris de\" \/>\n\t<meta name=\"twitter:data1\" content=\"Catoi Daniel\" \/>\n\t<meta name=\"twitter:label2\" content=\"Timp estimat pentru citire\" \/>\n\t<meta name=\"twitter:data2\" content=\"1 minut\" \/>\n<script type=\"application\/ld+json\" class=\"yoast-schema-graph\">{\"@context\":\"https:\\\/\\\/schema.org\",\"@graph\":[{\"@type\":\"Article\",\"@id\":\"https:\\\/\\\/www.societateamuzicala.ro\\\/societateaculturala\\\/zurcher-hochschule-der-kunste-zurich#article\",\"isPartOf\":{\"@id\":\"https:\\\/\\\/www.societateamuzicala.ro\\\/societateaculturala\\\/zurcher-hochschule-der-kunste-zurich\"},\"author\":{\"name\":\"Catoi Daniel\",\"@id\":\"https:\\\/\\\/www.societateamuzicala.ro\\\/societateaculturala\\\/#\\\/schema\\\/person\\\/0608b1774a3787abb7ff1d5e8d1b84eb\"},\"headline\":\"Zurcher Hochschule der Kunste Zurich\",\"datePublished\":\"2015-11-21T11:38:02+00:00\",\"mainEntityOfPage\":{\"@id\":\"https:\\\/\\\/www.societateamuzicala.ro\\\/societateaculturala\\\/zurcher-hochschule-der-kunste-zurich\"},\"wordCount\":120,\"commentCount\":0,\"keywords\":[\"compozitor\",\"concert cameral\",\"concerte muzica clasica\",\"conservator\",\"dirijor\",\"festival\",\"instrumentisti\",\"muzica\",\"muzica clasica\",\"muzica clasica romania\",\"muzica culta\",\"muzica simfonica\",\"muzician\",\"opera\",\"orchestra\",\"pianist\",\"simfonie\",\"sonata\",\"stagiune\",\"violonist\"],\"articleSection\":[\"Scoli\"],\"inLanguage\":\"ro-RO\",\"potentialAction\":[{\"@type\":\"CommentAction\",\"name\":\"Comment\",\"target\":[\"https:\\\/\\\/www.societateamuzicala.ro\\\/societateaculturala\\\/zurcher-hochschule-der-kunste-zurich#respond\"]}]},{\"@type\":\"WebPage\",\"@id\":\"https:\\\/\\\/www.societateamuzicala.ro\\\/societateaculturala\\\/zurcher-hochschule-der-kunste-zurich\",\"url\":\"https:\\\/\\\/www.societateamuzicala.ro\\\/societateaculturala\\\/zurcher-hochschule-der-kunste-zurich\",\"name\":\"Zurcher Hochschule der Kunste Zurich - Societatea Culturala\",\"isPartOf\":{\"@id\":\"https:\\\/\\\/www.societateamuzicala.ro\\\/societateaculturala\\\/#website\"},\"datePublished\":\"2015-11-21T11:38:02+00:00\",\"author\":{\"@id\":\"https:\\\/\\\/www.societateamuzicala.ro\\\/societateaculturala\\\/#\\\/schema\\\/person\\\/0608b1774a3787abb7ff1d5e8d1b84eb\"},\"breadcrumb\":{\"@id\":\"https:\\\/\\\/www.societateamuzicala.ro\\\/societateaculturala\\\/zurcher-hochschule-der-kunste-zurich#breadcrumb\"},\"inLanguage\":\"ro-RO\",\"potentialAction\":[{\"@type\":\"ReadAction\",\"target\":[\"https:\\\/\\\/www.societateamuzicala.ro\\\/societateaculturala\\\/zurcher-hochschule-der-kunste-zurich\"]}]},{\"@type\":\"BreadcrumbList\",\"@id\":\"https:\\\/\\\/www.societateamuzicala.ro\\\/societateaculturala\\\/zurcher-hochschule-der-kunste-zurich#breadcrumb\",\"itemListElement\":[{\"@type\":\"ListItem\",\"position\":1,\"name\":\"Acas\u0103\",\"item\":\"https:\\\/\\\/www.societateamuzicala.ro\\\/societateaculturala\"},{\"@type\":\"ListItem\",\"position\":2,\"name\":\"Zurcher Hochschule der Kunste Zurich\"}]},{\"@type\":\"WebSite\",\"@id\":\"https:\\\/\\\/www.societateamuzicala.ro\\\/societateaculturala\\\/#website\",\"url\":\"https:\\\/\\\/www.societateamuzicala.ro\\\/societateaculturala\\\/\",\"name\":\"Societatea Culturala\",\"description\":\"Platforma de marketing si informatii culturale\",\"potentialAction\":[{\"@type\":\"SearchAction\",\"target\":{\"@type\":\"EntryPoint\",\"urlTemplate\":\"https:\\\/\\\/www.societateamuzicala.ro\\\/societateaculturala\\\/?s={search_term_string}\"},\"query-input\":{\"@type\":\"PropertyValueSpecification\",\"valueRequired\":true,\"valueName\":\"search_term_string\"}}],\"inLanguage\":\"ro-RO\"},{\"@type\":\"Person\",\"@id\":\"https:\\\/\\\/www.societateamuzicala.ro\\\/societateaculturala\\\/#\\\/schema\\\/person\\\/0608b1774a3787abb7ff1d5e8d1b84eb\",\"name\":\"Catoi Daniel\",\"image\":{\"@type\":\"ImageObject\",\"inLanguage\":\"ro-RO\",\"@id\":\"https:\\\/\\\/secure.gravatar.com\\\/avatar\\\/c0882a218c936889972a11c796e8ed91e0aff99b92af7212c04f740da3928233?s=96&d=mm&r=g\",\"url\":\"https:\\\/\\\/secure.gravatar.com\\\/avatar\\\/c0882a218c936889972a11c796e8ed91e0aff99b92af7212c04f740da3928233?s=96&d=mm&r=g\",\"contentUrl\":\"https:\\\/\\\/secure.gravatar.com\\\/avatar\\\/c0882a218c936889972a11c796e8ed91e0aff99b92af7212c04f740da3928233?s=96&d=mm&r=g\",\"caption\":\"Catoi Daniel\"},\"url\":\"https:\\\/\\\/www.societateamuzicala.ro\\\/societateaculturala\\\/author\\\/daniel\"}]}<\/script>\n<!-- \/ Yoast SEO plugin. -->","yoast_head_json":{"title":"Zurcher Hochschule der Kunste Zurich - Societatea Culturala","robots":{"index":"index","follow":"follow","max-snippet":"max-snippet:-1","max-image-preview":"max-image-preview:large","max-video-preview":"max-video-preview:-1"},"canonical":"https:\/\/www.societateamuzicala.ro\/societateaculturala\/zurcher-hochschule-der-kunste-zurich","og_locale":"ro_RO","og_type":"article","og_title":"Zurcher Hochschule der Kunste Zurich - Societatea Culturala","og_description":"Infiintata recent, in 2007, dar continuatoare a vechii Scoli de Arte Aplicate infiintate in 1878 si a Scolii de Muzica, Teatru si Dans, Zurcher Hochschule der Kunste Zurich este in prezent cea\u00a0mai mare universitate de arte din Elvetia, prin ofera propusa reprezentand o destinatie atractiva pentru tinerii dornici sa aprofundeze studiul muzicii si al artei [&hellip;]","og_url":"https:\/\/www.societateamuzicala.ro\/societateaculturala\/zurcher-hochschule-der-kunste-zurich","og_site_name":"Societatea Culturala","article_published_time":"2015-11-21T11:38:02+00:00","author":"Catoi Daniel","twitter_card":"summary_large_image","twitter_misc":{"Scris de":"Catoi Daniel","Timp estimat pentru citire":"1 minut"},"schema":{"@context":"https:\/\/schema.org","@graph":[{"@type":"Article","@id":"https:\/\/www.societateamuzicala.ro\/societateaculturala\/zurcher-hochschule-der-kunste-zurich#article","isPartOf":{"@id":"https:\/\/www.societateamuzicala.ro\/societateaculturala\/zurcher-hochschule-der-kunste-zurich"},"author":{"name":"Catoi Daniel","@id":"https:\/\/www.societateamuzicala.ro\/societateaculturala\/#\/schema\/person\/0608b1774a3787abb7ff1d5e8d1b84eb"},"headline":"Zurcher Hochschule der Kunste Zurich","datePublished":"2015-11-21T11:38:02+00:00","mainEntityOfPage":{"@id":"https:\/\/www.societateamuzicala.ro\/societateaculturala\/zurcher-hochschule-der-kunste-zurich"},"wordCount":120,"commentCount":0,"keywords":["compozitor","concert cameral","concerte muzica clasica","conservator","dirijor","festival","instrumentisti","muzica","muzica clasica","muzica clasica romania","muzica culta","muzica simfonica","muzician","opera","orchestra","pianist","simfonie","sonata","stagiune","violonist"],"articleSection":["Scoli"],"inLanguage":"ro-RO","potentialAction":[{"@type":"CommentAction","name":"Comment","target":["https:\/\/www.societateamuzicala.ro\/societateaculturala\/zurcher-hochschule-der-kunste-zurich#respond"]}]},{"@type":"WebPage","@id":"https:\/\/www.societateamuzicala.ro\/societateaculturala\/zurcher-hochschule-der-kunste-zurich","url":"https:\/\/www.societateamuzicala.ro\/societateaculturala\/zurcher-hochschule-der-kunste-zurich","name":"Zurcher Hochschule der Kunste Zurich - Societatea Culturala","isPartOf":{"@id":"https:\/\/www.societateamuzicala.ro\/societateaculturala\/#website"},"datePublished":"2015-11-21T11:38:02+00:00","author":{"@id":"https:\/\/www.societateamuzicala.ro\/societateaculturala\/#\/schema\/person\/0608b1774a3787abb7ff1d5e8d1b84eb"},"breadcrumb":{"@id":"https:\/\/www.societateamuzicala.ro\/societateaculturala\/zurcher-hochschule-der-kunste-zurich#breadcrumb"},"inLanguage":"ro-RO","potentialAction":[{"@type":"ReadAction","target":["https:\/\/www.societateamuzicala.ro\/societateaculturala\/zurcher-hochschule-der-kunste-zurich"]}]},{"@type":"BreadcrumbList","@id":"https:\/\/www.societateamuzicala.ro\/societateaculturala\/zurcher-hochschule-der-kunste-zurich#breadcrumb","itemListElement":[{"@type":"ListItem","position":1,"name":"Acas\u0103","item":"https:\/\/www.societateamuzicala.ro\/societateaculturala"},{"@type":"ListItem","position":2,"name":"Zurcher Hochschule der Kunste Zurich"}]},{"@type":"WebSite","@id":"https:\/\/www.societateamuzicala.ro\/societateaculturala\/#website","url":"https:\/\/www.societateamuzicala.ro\/societateaculturala\/","name":"Societatea Culturala","description":"Platforma de marketing si informatii culturale","potentialAction":[{"@type":"SearchAction","target":{"@type":"EntryPoint","urlTemplate":"https:\/\/www.societateamuzicala.ro\/societateaculturala\/?s={search_term_string}"},"query-input":{"@type":"PropertyValueSpecification","valueRequired":true,"valueName":"search_term_string"}}],"inLanguage":"ro-RO"},{"@type":"Person","@id":"https:\/\/www.societateamuzicala.ro\/societateaculturala\/#\/schema\/person\/0608b1774a3787abb7ff1d5e8d1b84eb","name":"Catoi Daniel","image":{"@type":"ImageObject","inLanguage":"ro-RO","@id":"https:\/\/secure.gravatar.com\/avatar\/c0882a218c936889972a11c796e8ed91e0aff99b92af7212c04f740da3928233?s=96&d=mm&r=g","url":"https:\/\/secure.gravatar.com\/avatar\/c0882a218c936889972a11c796e8ed91e0aff99b92af7212c04f740da3928233?s=96&d=mm&r=g","contentUrl":"https:\/\/secure.gravatar.com\/avatar\/c0882a218c936889972a11c796e8ed91e0aff99b92af7212c04f740da3928233?s=96&d=mm&r=g","caption":"Catoi Daniel"},"url":"https:\/\/www.societateamuzicala.ro\/societateaculturala\/author\/daniel"}]}},"_links":{"self":[{"href":"https:\/\/www.societateamuzicala.ro\/societateaculturala\/wp-json\/wp\/v2\/posts\/19858","targetHints":{"allow":["GET"]}}],"collection":[{"href":"https:\/\/www.societateamuzicala.ro\/societateaculturala\/wp-json\/wp\/v2\/posts"}],"about":[{"href":"https:\/\/www.societateamuzicala.ro\/societateaculturala\/wp-json\/wp\/v2\/types\/post"}],"author":[{"embeddable":true,"href":"https:\/\/www.societateamuzicala.ro\/societateaculturala\/wp-json\/wp\/v2\/users\/22"}],"replies":[{"embeddable":true,"href":"https:\/\/www.societateamuzicala.ro\/societateaculturala\/wp-json\/wp\/v2\/comments?post=19858"}],"version-history":[{"count":0,"href":"https:\/\/www.societateamuzicala.ro\/societateaculturala\/wp-json\/wp\/v2\/posts\/19858\/revisions"}],"wp:attachment":[{"href":"https:\/\/www.societateamuzicala.ro\/societateaculturala\/wp-json\/wp\/v2\/media?parent=19858"}],"wp:term":[{"taxonomy":"category","embeddable":true,"href":"https:\/\/www.societateamuzicala.ro\/societateaculturala\/wp-json\/wp\/v2\/categories?post=19858"},{"taxonomy":"post_tag","embeddable":true,"href":"https:\/\/www.societateamuzicala.ro\/societateaculturala\/wp-json\/wp\/v2\/tags?post=19858"}],"curies":[{"name":"wp","href":"https:\/\/api.w.org\/{rel}","templated":true}]}}