{"id":17517,"date":"2015-09-27T08:13:53","date_gmt":"2015-09-27T08:13:53","guid":{"rendered":"https:\/\/www.societateamuzicala.ro\/societateaculturala\/?p=17517"},"modified":"2015-09-27T08:13:53","modified_gmt":"2015-09-27T08:13:53","slug":"romanii-sunt-recunoscatori-lui-andre-rieu","status":"publish","type":"post","link":"https:\/\/www.societateamuzicala.ro\/societateaculturala\/romanii-sunt-recunoscatori-lui-andre-rieu","title":{"rendered":"Romanii sunt recunoscatori lui Andre Rieu"},"content":{"rendered":"<p>Ce mai circula pe Internet:<\/p>\n<p>Multumim Andre Rieu! Multumim ca ne respecti valorile!\u00a0 MUL\u021aUMIM ANDRE RIEU! E pentru prima dat\u0103 dup\u0103 mult\u0103 vreme c\u00e2nd m\u0103 simt m\u00e2ndru c\u0103 sunt rom\u00e2n. Da\u021bi mai departe!. Trebuie ca fiecare rom\u00e2n s\u0103 aib\u0103 \u0219ansa s\u0103 vad\u0103 asta. Doar prin cultur\u0103 \u0219i promovarea valorilor noastre putem rena\u0219te ca popor \u0219i ne putem schimba imaginea \u00een lume. Mie unul mi-au dat lacrimile.<\/p>\n<p><strong><em>\u00cen \u015fapte minute, Andre Rieu a f\u0103cut pentru Rom\u00e2nia mai mult dec\u00e2t a f\u0103cut Institutul Cultural Rom\u00e2n, \u00een dou\u0103zeci \u015fi cinci de ani de tocat milioane \u015fi milioane de euro.<\/em><\/strong><\/p>\n<p><a href=\"https:\/\/www.youtube.com\/watch?v=X_TUPnR5iQs&#038;feature=youtu.be\">https:\/\/www.youtube.com\/watch?v=X_TUPnR5iQs&amp;feature=youtu.be<\/a><\/p>\n","protected":false},"excerpt":{"rendered":"<p>Ce mai circula pe Internet: Multumim Andre Rieu! Multumim ca ne respecti valorile!\u00a0 MUL\u021aUMIM ANDRE RIEU! E pentru prima dat\u0103 dup\u0103 mult\u0103 vreme c\u00e2nd m\u0103 simt m\u00e2ndru c\u0103 sunt rom\u00e2n. Da\u021bi mai departe!. Trebuie ca fiecare rom\u00e2n s\u0103 aib\u0103 \u0219ansa s\u0103 vad\u0103 asta. Doar prin cultur\u0103 \u0219i promovarea valorilor noastre putem rena\u0219te ca popor \u0219i [&hellip;]<\/p>\n","protected":false},"author":2,"featured_media":0,"comment_status":"open","ping_status":"open","sticky":false,"template":"","format":"standard","meta":{"_acf_changed":false,"footnotes":""},"categories":[159,68],"tags":[332,281,200,669,333,282,283,196,197,201,198,199,280,272,290,284,289,358,334,222],"class_list":["post-17517","post","type-post","status-publish","format-standard","hentry","category-unii-nu-stiau-ca","category-evenimente-si-stiri","tag-compozitor","tag-concert-cameral","tag-concerte-muzica-clasica","tag-conservator","tag-dirijor","tag-festival","tag-instrumentisti","tag-muzica","tag-muzica-clasica","tag-muzica-clasica-romania","tag-muzica-culta","tag-muzica-simfonica","tag-muzician","tag-opera","tag-orchestra","tag-pianist","tag-simfonie","tag-sonata","tag-stagiune","tag-violonist"],"acf":{"poza_fixa":"https:\/\/www.societateamuzicala.ro\/societateaculturala\/wp-content\/uploads\/2015\/06\/Andre-Rieu1.jpg","oras":"","in_strainatate":false,"pian":false,"orga":false,"data1":"1443352260","data2":"","afiseaza_data_post":true,"articole_relationate":"","coordonate":false},"yoast_head":"<!-- This site is optimized with the Yoast SEO plugin v28.4 - https:\/\/yoast.com\/product\/yoast-seo-wordpress\/ -->\n<title>Romanii sunt recunoscatori lui Andre Rieu - Societatea Culturala<\/title>\n<meta name=\"robots\" content=\"index, follow, max-snippet:-1, max-image-preview:large, max-video-preview:-1\" \/>\n<link rel=\"canonical\" href=\"https:\/\/www.societateamuzicala.ro\/societateaculturala\/romanii-sunt-recunoscatori-lui-andre-rieu\" \/>\n<meta property=\"og:locale\" content=\"ro_RO\" \/>\n<meta property=\"og:type\" content=\"article\" \/>\n<meta property=\"og:title\" content=\"Romanii sunt recunoscatori lui Andre Rieu - Societatea Culturala\" \/>\n<meta property=\"og:description\" content=\"Ce mai circula pe Internet: Multumim Andre Rieu! Multumim ca ne respecti valorile!\u00a0 MUL\u021aUMIM ANDRE RIEU! E pentru prima dat\u0103 dup\u0103 mult\u0103 vreme c\u00e2nd m\u0103 simt m\u00e2ndru c\u0103 sunt rom\u00e2n. Da\u021bi mai departe!. Trebuie ca fiecare rom\u00e2n s\u0103 aib\u0103 \u0219ansa s\u0103 vad\u0103 asta. Doar prin cultur\u0103 \u0219i promovarea valorilor noastre putem rena\u0219te ca popor \u0219i [&hellip;]\" \/>\n<meta property=\"og:url\" content=\"https:\/\/www.societateamuzicala.ro\/societateaculturala\/romanii-sunt-recunoscatori-lui-andre-rieu\" \/>\n<meta property=\"og:site_name\" content=\"Societatea Culturala\" \/>\n<meta property=\"article:published_time\" content=\"2015-09-27T08:13:53+00:00\" \/>\n<meta name=\"author\" content=\"George Butunoiu\" \/>\n<meta name=\"twitter:card\" content=\"summary_large_image\" \/>\n<meta name=\"twitter:label1\" content=\"Scris de\" \/>\n\t<meta name=\"twitter:data1\" content=\"George Butunoiu\" \/>\n\t<meta name=\"twitter:label2\" content=\"Timp estimat pentru citire\" \/>\n\t<meta name=\"twitter:data2\" content=\"1 minut\" \/>\n<script type=\"application\/ld+json\" class=\"yoast-schema-graph\">{\"@context\":\"https:\\\/\\\/schema.org\",\"@graph\":[{\"@type\":\"Article\",\"@id\":\"https:\\\/\\\/www.societateamuzicala.ro\\\/societateaculturala\\\/romanii-sunt-recunoscatori-lui-andre-rieu#article\",\"isPartOf\":{\"@id\":\"https:\\\/\\\/www.societateamuzicala.ro\\\/societateaculturala\\\/romanii-sunt-recunoscatori-lui-andre-rieu\"},\"author\":{\"name\":\"George Butunoiu\",\"@id\":\"https:\\\/\\\/www.societateamuzicala.ro\\\/societateaculturala\\\/#\\\/schema\\\/person\\\/0c59baa9b990951251efe82ee1e8bbb2\"},\"headline\":\"Romanii sunt recunoscatori lui Andre Rieu\",\"datePublished\":\"2015-09-27T08:13:53+00:00\",\"mainEntityOfPage\":{\"@id\":\"https:\\\/\\\/www.societateamuzicala.ro\\\/societateaculturala\\\/romanii-sunt-recunoscatori-lui-andre-rieu\"},\"wordCount\":129,\"commentCount\":0,\"keywords\":[\"compozitor\",\"concert cameral\",\"concerte muzica clasica\",\"conservator\",\"dirijor\",\"festival\",\"instrumentisti\",\"muzica\",\"muzica clasica\",\"muzica clasica romania\",\"muzica culta\",\"muzica simfonica\",\"muzician\",\"opera\",\"orchestra\",\"pianist\",\"simfonie\",\"sonata\",\"stagiune\",\"violonist\"],\"articleSection\":[\"Acum stiti ca...\",\"Evenimente si stiri\"],\"inLanguage\":\"ro-RO\",\"potentialAction\":[{\"@type\":\"CommentAction\",\"name\":\"Comment\",\"target\":[\"https:\\\/\\\/www.societateamuzicala.ro\\\/societateaculturala\\\/romanii-sunt-recunoscatori-lui-andre-rieu#respond\"]}]},{\"@type\":\"WebPage\",\"@id\":\"https:\\\/\\\/www.societateamuzicala.ro\\\/societateaculturala\\\/romanii-sunt-recunoscatori-lui-andre-rieu\",\"url\":\"https:\\\/\\\/www.societateamuzicala.ro\\\/societateaculturala\\\/romanii-sunt-recunoscatori-lui-andre-rieu\",\"name\":\"Romanii sunt recunoscatori lui Andre Rieu - Societatea Culturala\",\"isPartOf\":{\"@id\":\"https:\\\/\\\/www.societateamuzicala.ro\\\/societateaculturala\\\/#website\"},\"datePublished\":\"2015-09-27T08:13:53+00:00\",\"author\":{\"@id\":\"https:\\\/\\\/www.societateamuzicala.ro\\\/societateaculturala\\\/#\\\/schema\\\/person\\\/0c59baa9b990951251efe82ee1e8bbb2\"},\"breadcrumb\":{\"@id\":\"https:\\\/\\\/www.societateamuzicala.ro\\\/societateaculturala\\\/romanii-sunt-recunoscatori-lui-andre-rieu#breadcrumb\"},\"inLanguage\":\"ro-RO\",\"potentialAction\":[{\"@type\":\"ReadAction\",\"target\":[\"https:\\\/\\\/www.societateamuzicala.ro\\\/societateaculturala\\\/romanii-sunt-recunoscatori-lui-andre-rieu\"]}]},{\"@type\":\"BreadcrumbList\",\"@id\":\"https:\\\/\\\/www.societateamuzicala.ro\\\/societateaculturala\\\/romanii-sunt-recunoscatori-lui-andre-rieu#breadcrumb\",\"itemListElement\":[{\"@type\":\"ListItem\",\"position\":1,\"name\":\"Acas\u0103\",\"item\":\"https:\\\/\\\/www.societateamuzicala.ro\\\/societateaculturala\"},{\"@type\":\"ListItem\",\"position\":2,\"name\":\"Romanii sunt recunoscatori lui Andre Rieu\"}]},{\"@type\":\"WebSite\",\"@id\":\"https:\\\/\\\/www.societateamuzicala.ro\\\/societateaculturala\\\/#website\",\"url\":\"https:\\\/\\\/www.societateamuzicala.ro\\\/societateaculturala\\\/\",\"name\":\"Societatea Culturala\",\"description\":\"Platforma de marketing si informatii culturale\",\"potentialAction\":[{\"@type\":\"SearchAction\",\"target\":{\"@type\":\"EntryPoint\",\"urlTemplate\":\"https:\\\/\\\/www.societateamuzicala.ro\\\/societateaculturala\\\/?s={search_term_string}\"},\"query-input\":{\"@type\":\"PropertyValueSpecification\",\"valueRequired\":true,\"valueName\":\"search_term_string\"}}],\"inLanguage\":\"ro-RO\"},{\"@type\":\"Person\",\"@id\":\"https:\\\/\\\/www.societateamuzicala.ro\\\/societateaculturala\\\/#\\\/schema\\\/person\\\/0c59baa9b990951251efe82ee1e8bbb2\",\"name\":\"George Butunoiu\",\"image\":{\"@type\":\"ImageObject\",\"inLanguage\":\"ro-RO\",\"@id\":\"https:\\\/\\\/secure.gravatar.com\\\/avatar\\\/89c187ed2ae04eb93934b0547ec74260f4916e9e6d474dc9fc60e42c6f3533f1?s=96&d=mm&r=g\",\"url\":\"https:\\\/\\\/secure.gravatar.com\\\/avatar\\\/89c187ed2ae04eb93934b0547ec74260f4916e9e6d474dc9fc60e42c6f3533f1?s=96&d=mm&r=g\",\"contentUrl\":\"https:\\\/\\\/secure.gravatar.com\\\/avatar\\\/89c187ed2ae04eb93934b0547ec74260f4916e9e6d474dc9fc60e42c6f3533f1?s=96&d=mm&r=g\",\"caption\":\"George Butunoiu\"},\"sameAs\":[\"http:\\\/\\\/www.georgebutunoiu.com\"],\"url\":\"https:\\\/\\\/www.societateamuzicala.ro\\\/societateaculturala\\\/author\\\/gb\"}]}<\/script>\n<!-- \/ Yoast SEO plugin. -->","yoast_head_json":{"title":"Romanii sunt recunoscatori lui Andre Rieu - Societatea Culturala","robots":{"index":"index","follow":"follow","max-snippet":"max-snippet:-1","max-image-preview":"max-image-preview:large","max-video-preview":"max-video-preview:-1"},"canonical":"https:\/\/www.societateamuzicala.ro\/societateaculturala\/romanii-sunt-recunoscatori-lui-andre-rieu","og_locale":"ro_RO","og_type":"article","og_title":"Romanii sunt recunoscatori lui Andre Rieu - Societatea Culturala","og_description":"Ce mai circula pe Internet: Multumim Andre Rieu! Multumim ca ne respecti valorile!\u00a0 MUL\u021aUMIM ANDRE RIEU! E pentru prima dat\u0103 dup\u0103 mult\u0103 vreme c\u00e2nd m\u0103 simt m\u00e2ndru c\u0103 sunt rom\u00e2n. Da\u021bi mai departe!. Trebuie ca fiecare rom\u00e2n s\u0103 aib\u0103 \u0219ansa s\u0103 vad\u0103 asta. Doar prin cultur\u0103 \u0219i promovarea valorilor noastre putem rena\u0219te ca popor \u0219i [&hellip;]","og_url":"https:\/\/www.societateamuzicala.ro\/societateaculturala\/romanii-sunt-recunoscatori-lui-andre-rieu","og_site_name":"Societatea Culturala","article_published_time":"2015-09-27T08:13:53+00:00","author":"George Butunoiu","twitter_card":"summary_large_image","twitter_misc":{"Scris de":"George Butunoiu","Timp estimat pentru citire":"1 minut"},"schema":{"@context":"https:\/\/schema.org","@graph":[{"@type":"Article","@id":"https:\/\/www.societateamuzicala.ro\/societateaculturala\/romanii-sunt-recunoscatori-lui-andre-rieu#article","isPartOf":{"@id":"https:\/\/www.societateamuzicala.ro\/societateaculturala\/romanii-sunt-recunoscatori-lui-andre-rieu"},"author":{"name":"George Butunoiu","@id":"https:\/\/www.societateamuzicala.ro\/societateaculturala\/#\/schema\/person\/0c59baa9b990951251efe82ee1e8bbb2"},"headline":"Romanii sunt recunoscatori lui Andre Rieu","datePublished":"2015-09-27T08:13:53+00:00","mainEntityOfPage":{"@id":"https:\/\/www.societateamuzicala.ro\/societateaculturala\/romanii-sunt-recunoscatori-lui-andre-rieu"},"wordCount":129,"commentCount":0,"keywords":["compozitor","concert cameral","concerte muzica clasica","conservator","dirijor","festival","instrumentisti","muzica","muzica clasica","muzica clasica romania","muzica culta","muzica simfonica","muzician","opera","orchestra","pianist","simfonie","sonata","stagiune","violonist"],"articleSection":["Acum stiti ca...","Evenimente si stiri"],"inLanguage":"ro-RO","potentialAction":[{"@type":"CommentAction","name":"Comment","target":["https:\/\/www.societateamuzicala.ro\/societateaculturala\/romanii-sunt-recunoscatori-lui-andre-rieu#respond"]}]},{"@type":"WebPage","@id":"https:\/\/www.societateamuzicala.ro\/societateaculturala\/romanii-sunt-recunoscatori-lui-andre-rieu","url":"https:\/\/www.societateamuzicala.ro\/societateaculturala\/romanii-sunt-recunoscatori-lui-andre-rieu","name":"Romanii sunt recunoscatori lui Andre Rieu - Societatea Culturala","isPartOf":{"@id":"https:\/\/www.societateamuzicala.ro\/societateaculturala\/#website"},"datePublished":"2015-09-27T08:13:53+00:00","author":{"@id":"https:\/\/www.societateamuzicala.ro\/societateaculturala\/#\/schema\/person\/0c59baa9b990951251efe82ee1e8bbb2"},"breadcrumb":{"@id":"https:\/\/www.societateamuzicala.ro\/societateaculturala\/romanii-sunt-recunoscatori-lui-andre-rieu#breadcrumb"},"inLanguage":"ro-RO","potentialAction":[{"@type":"ReadAction","target":["https:\/\/www.societateamuzicala.ro\/societateaculturala\/romanii-sunt-recunoscatori-lui-andre-rieu"]}]},{"@type":"BreadcrumbList","@id":"https:\/\/www.societateamuzicala.ro\/societateaculturala\/romanii-sunt-recunoscatori-lui-andre-rieu#breadcrumb","itemListElement":[{"@type":"ListItem","position":1,"name":"Acas\u0103","item":"https:\/\/www.societateamuzicala.ro\/societateaculturala"},{"@type":"ListItem","position":2,"name":"Romanii sunt recunoscatori lui Andre Rieu"}]},{"@type":"WebSite","@id":"https:\/\/www.societateamuzicala.ro\/societateaculturala\/#website","url":"https:\/\/www.societateamuzicala.ro\/societateaculturala\/","name":"Societatea Culturala","description":"Platforma de marketing si informatii culturale","potentialAction":[{"@type":"SearchAction","target":{"@type":"EntryPoint","urlTemplate":"https:\/\/www.societateamuzicala.ro\/societateaculturala\/?s={search_term_string}"},"query-input":{"@type":"PropertyValueSpecification","valueRequired":true,"valueName":"search_term_string"}}],"inLanguage":"ro-RO"},{"@type":"Person","@id":"https:\/\/www.societateamuzicala.ro\/societateaculturala\/#\/schema\/person\/0c59baa9b990951251efe82ee1e8bbb2","name":"George Butunoiu","image":{"@type":"ImageObject","inLanguage":"ro-RO","@id":"https:\/\/secure.gravatar.com\/avatar\/89c187ed2ae04eb93934b0547ec74260f4916e9e6d474dc9fc60e42c6f3533f1?s=96&d=mm&r=g","url":"https:\/\/secure.gravatar.com\/avatar\/89c187ed2ae04eb93934b0547ec74260f4916e9e6d474dc9fc60e42c6f3533f1?s=96&d=mm&r=g","contentUrl":"https:\/\/secure.gravatar.com\/avatar\/89c187ed2ae04eb93934b0547ec74260f4916e9e6d474dc9fc60e42c6f3533f1?s=96&d=mm&r=g","caption":"George Butunoiu"},"sameAs":["http:\/\/www.georgebutunoiu.com"],"url":"https:\/\/www.societateamuzicala.ro\/societateaculturala\/author\/gb"}]}},"_links":{"self":[{"href":"https:\/\/www.societateamuzicala.ro\/societateaculturala\/wp-json\/wp\/v2\/posts\/17517","targetHints":{"allow":["GET"]}}],"collection":[{"href":"https:\/\/www.societateamuzicala.ro\/societateaculturala\/wp-json\/wp\/v2\/posts"}],"about":[{"href":"https:\/\/www.societateamuzicala.ro\/societateaculturala\/wp-json\/wp\/v2\/types\/post"}],"author":[{"embeddable":true,"href":"https:\/\/www.societateamuzicala.ro\/societateaculturala\/wp-json\/wp\/v2\/users\/2"}],"replies":[{"embeddable":true,"href":"https:\/\/www.societateamuzicala.ro\/societateaculturala\/wp-json\/wp\/v2\/comments?post=17517"}],"version-history":[{"count":0,"href":"https:\/\/www.societateamuzicala.ro\/societateaculturala\/wp-json\/wp\/v2\/posts\/17517\/revisions"}],"wp:attachment":[{"href":"https:\/\/www.societateamuzicala.ro\/societateaculturala\/wp-json\/wp\/v2\/media?parent=17517"}],"wp:term":[{"taxonomy":"category","embeddable":true,"href":"https:\/\/www.societateamuzicala.ro\/societateaculturala\/wp-json\/wp\/v2\/categories?post=17517"},{"taxonomy":"post_tag","embeddable":true,"href":"https:\/\/www.societateamuzicala.ro\/societateaculturala\/wp-json\/wp\/v2\/tags?post=17517"}],"curies":[{"name":"wp","href":"https:\/\/api.w.org\/{rel}","templated":true}]}}