{"id":39293,"date":"2017-06-22T11:00:15","date_gmt":"2017-06-22T11:00:15","guid":{"rendered":"https:\/\/www.societateamuzicala.ro\/locurileculturii\/?p=39293"},"modified":"2017-06-22T11:00:15","modified_gmt":"2017-06-22T11:00:15","slug":"ioan-petru-culianu-ipostazele-unui-eretic","status":"publish","type":"post","link":"https:\/\/www.societateamuzicala.ro\/locurileculturii\/ioan-petru-culianu-ipostazele-unui-eretic\/","title":{"rendered":"Ioan Petru Culianu. Ipostazele unui eretic"},"content":{"rendered":"<p>V\u0103 a\u0219tept\u0103m luni, 26 iunie, de la ora 19.00, la Libr\u0103ria Humanitas de la Ci\u0219migiu la lansarea volumului &#8220;Ioan Petru Culianu. Ipostazele unui eretic&#8221; de\u00a0Raul Popescu, ap\u0103rut \u00een anul 2017 la Editura Eikon.<br \/>\nInvita\u021bi, al\u0103turi de autor:\u00a0Gabriela\u00a0Adame\u0219teanu, Andrei Oi\u0219teanu<br \/>\nModerator:\u00a0Adina\u00a0Dini\u021boiu<\/p>\n<p>&#8220;Volumul semnat de Raul Popescu este un demers exegetic valoros, bazat pe o documentare exhaustiv\u0103, dar \u0219i pe talent critic \u0219i pe capacitatea de a \u00een\u021belege sensurile ad\u00e2nci ale unei opere de mare complexitate, precum \u0219i mecanismele g\u00e2ndirii lui Culianu. E un demers de tip interdisciplinar, neconven\u021bional, dar inteligent \u0219i comprehensiv, autorul prob\u00e2nd competen\u021be reale \u00een mai multe domenii de cercetare. Lucrarea e bine structurat\u0103, cu un capitol final mai pu\u021bin obi\u0219nuit, dedicat recept\u0103rii operei lui Culianu, proiect\u00e2nd, cumva, o perspectiv\u0103 mai degrab\u0103 problematic\u0103 asupra posterit\u0103\u021bii acestuia. Dar miza adev\u0103rat\u0103 a c\u0103r\u021bii de fa\u021b\u0103 nu e de a face predic\u021bii, ci de a oferi o imagine c\u00e2t se poate de complet\u0103 asupra personalit\u0103\u021bii \u0219i operei lui Culianu.&#8221; (Prof. univ. dr. Cornel Moraru)<\/p>\n","protected":false},"excerpt":{"rendered":"<p>V\u0103 a\u0219tept\u0103m luni, 26 iunie, de la ora 19.00, la Libr\u0103ria Humanitas de la Ci\u0219migiu la lansarea volumului &#8220;Ioan Petru Culianu. Ipostazele unui eretic&#8221; de\u00a0Raul Popescu, ap\u0103rut \u00een anul 2017 la Editura Eikon. Invita\u021bi, al\u0103turi de autor:\u00a0Gabriela\u00a0Adame\u0219teanu, Andrei Oi\u0219teanu Moderator:\u00a0Adina\u00a0Dini\u021boiu &#8220;Volumul semnat de Raul Popescu este un demers exegetic valoros, bazat pe o documentare exhaustiv\u0103, [&hellip;]<\/p>\n","protected":false},"author":4,"featured_media":0,"comment_status":"open","ping_status":"open","sticky":false,"template":"","format":"standard","meta":{"_acf_changed":false,"footnotes":""},"categories":[27],"tags":[289,464,1443,326,404,234,50,29,744,203,403,278,402,2214,256,243,405,974,2212,406,36,54,2216,855,2211,2213,1677,2210,2215,393,212,1878],"class_list":["post-39293","post","type-post","status-publish","format-standard","hentry","category-alte-evenimente","tag-arta","tag-arta-contemporana","tag-arta-plastica","tag-arte-vizuale","tag-cinema","tag-concert","tag-concert-cameral","tag-concerte","tag-conferinta","tag-cultura","tag-cultural","tag-dezbateri","tag-eveniment-cultural","tag-evenimente-culturale","tag-expozitie","tag-expozitii","tag-film","tag-galerie","tag-muzee","tag-muzeu","tag-muzica-clasica","tag-opera","tag-organizare-evenimente","tag-pictura","tag-sali","tag-sali-evenimente","tag-sculptura","tag-spatii-culturale","tag-spatii-evenimente","tag-spectacol","tag-teatru","tag-teatru-experimental"],"acf":{"cc_filter":[],"poza_fixa":"https:\/\/www.societateamuzicala.ro\/locurileculturii\/wp-content\/uploads\/2016\/08\/Libraria-Humanitas-de-la-Cismigiu-3.jpg","url_poza_fixa":"","oras":"Bucuresti","in_strainatate":false,"pian":false,"orga":false,"data1":"1498503600","data2":"","afiseaza_data_post":false,"acf_sala":[{"ID":29809,"post_author":"4","post_date":"2016-08-16 08:15:53","post_date_gmt":"2016-08-16 08:15:53","post_content":"<strong>Libraria Humanitas de la Cismigiu<\/strong>, apartinand Societatii Librariile Humanitas, din Grupul Humanitas (cel care detine\u00a0si Editura Humanitas, Humanitas Multimedia, Humanitas Fiction si Humanitas Digital), este un spatiu cunoscut publicului bucurestean pentru evenimentele culturale pe care le gazduieste frecvent.\r\n\r\n<strong>Libraria Humanitas de la Cismigiu<\/strong>, un spatiu modern, amenajat intr-un stil aparte, este\u00a0nu numai\u00a0o librarie cu o bogata oferta de carte, dar\u00a0si un spatiu in care se desfasoara conferinte, dezbateri si alte evenimente culturale. Dintre acestea, amintim seria de interviuri intitulata \"Inapoi la argument cu Horia-Roman Patapievici\", in care H. R. Patapievici a avut ca invitati pe multe dintre personalitatile culturale contemporane: Andrei Plesu, Vladimir Tismanenau, Gabriel Liiceanu, Lucian Boia s.a.\r\n\r\n[gallery link=\"file\" ids=\"29810,29811,29812\" orderby=\"rand\"]","post_title":"Libraria Humanitas de la Cismigiu","post_excerpt":"","post_status":"publish","comment_status":"open","ping_status":"open","post_password":"","post_name":"libraria-humanitas-de-la-cismigiu","to_ping":"","pinged":"","post_modified":"2016-08-16 18:20:43","post_modified_gmt":"2016-08-16 18:20:43","post_content_filtered":"","post_parent":0,"guid":"https:\/\/www.societateamuzicala.ro\/locurileculturii\/?p=29809","menu_order":0,"post_type":"post","post_mime_type":"","comment_count":"0","filter":"raw"}],"centru_cultural":"","articole_parinte":[{"ID":29809,"post_author":"4","post_date":"2016-08-16 08:15:53","post_date_gmt":"2016-08-16 08:15:53","post_content":"<strong>Libraria Humanitas de la Cismigiu<\/strong>, apartinand Societatii Librariile Humanitas, din Grupul Humanitas (cel care detine\u00a0si Editura Humanitas, Humanitas Multimedia, Humanitas Fiction si Humanitas Digital), este un spatiu cunoscut publicului bucurestean pentru evenimentele culturale pe care le gazduieste frecvent.\r\n\r\n<strong>Libraria Humanitas de la Cismigiu<\/strong>, un spatiu modern, amenajat intr-un stil aparte, este\u00a0nu numai\u00a0o librarie cu o bogata oferta de carte, dar\u00a0si un spatiu in care se desfasoara conferinte, dezbateri si alte evenimente culturale. Dintre acestea, amintim seria de interviuri intitulata \"Inapoi la argument cu Horia-Roman Patapievici\", in care H. R. Patapievici a avut ca invitati pe multe dintre personalitatile culturale contemporane: Andrei Plesu, Vladimir Tismanenau, Gabriel Liiceanu, Lucian Boia s.a.\r\n\r\n[gallery link=\"file\" ids=\"29810,29811,29812\" orderby=\"rand\"]","post_title":"Libraria Humanitas de la Cismigiu","post_excerpt":"","post_status":"publish","comment_status":"open","ping_status":"open","post_password":"","post_name":"libraria-humanitas-de-la-cismigiu","to_ping":"","pinged":"","post_modified":"2016-08-16 18:20:43","post_modified_gmt":"2016-08-16 18:20:43","post_content_filtered":"","post_parent":0,"guid":"https:\/\/www.societateamuzicala.ro\/locurileculturii\/?p=29809","menu_order":0,"post_type":"post","post_mime_type":"","comment_count":"0","filter":"raw"}],"articole_relationate":"","coordonate":{"address":"Bulevardul Regina Elisabeta 36, Bucure\u0219ti 030167, Rom\u00e2nia","lat":"44.434756619647","lng":"26.095173954963684"},"tab1_nume":"Despre","tab3":false},"yoast_head":"<!-- This site is optimized with the Yoast SEO plugin v27.5 - https:\/\/yoast.com\/product\/yoast-seo-wordpress\/ -->\n<title>Ioan Petru Culianu. Ipostazele unui eretic - Locurile Culturii<\/title>\n<meta name=\"description\" content=\"Catalogul salilor si spatiilor in care se pot organiza evenimente culturale, evenimentele care au loc in aceste spatii\" \/>\n<meta name=\"robots\" content=\"index, follow, max-snippet:-1, max-image-preview:large, max-video-preview:-1\" \/>\n<link rel=\"canonical\" href=\"https:\/\/www.societateamuzicala.ro\/locurileculturii\/ioan-petru-culianu-ipostazele-unui-eretic\/\" \/>\n<meta property=\"og:locale\" content=\"en_US\" \/>\n<meta property=\"og:type\" content=\"article\" \/>\n<meta property=\"og:title\" content=\"Ioan Petru Culianu. Ipostazele unui eretic - Locurile Culturii\" \/>\n<meta property=\"og:description\" content=\"Catalogul salilor si spatiilor in care se pot organiza evenimente culturale, evenimentele care au loc in aceste spatii\" \/>\n<meta property=\"og:url\" content=\"https:\/\/www.societateamuzicala.ro\/locurileculturii\/ioan-petru-culianu-ipostazele-unui-eretic\/\" \/>\n<meta property=\"og:site_name\" content=\"Locurile Culturii\" \/>\n<meta property=\"article:published_time\" content=\"2017-06-22T11:00:15+00:00\" \/>\n<meta name=\"author\" content=\"Daniel Catoi\" \/>\n<meta name=\"twitter:card\" content=\"summary_large_image\" \/>\n<meta name=\"twitter:label1\" content=\"Written by\" \/>\n\t<meta name=\"twitter:data1\" content=\"Daniel Catoi\" \/>\n\t<meta name=\"twitter:label2\" content=\"Est. reading time\" \/>\n\t<meta name=\"twitter:data2\" content=\"1 minute\" \/>\n<script type=\"application\/ld+json\" class=\"yoast-schema-graph\">{\"@context\":\"https:\\\/\\\/schema.org\",\"@graph\":[{\"@type\":\"Article\",\"@id\":\"https:\\\/\\\/www.societateamuzicala.ro\\\/locurileculturii\\\/ioan-petru-culianu-ipostazele-unui-eretic\\\/#article\",\"isPartOf\":{\"@id\":\"https:\\\/\\\/www.societateamuzicala.ro\\\/locurileculturii\\\/ioan-petru-culianu-ipostazele-unui-eretic\\\/\"},\"author\":{\"name\":\"Daniel Catoi\",\"@id\":\"https:\\\/\\\/www.societateamuzicala.ro\\\/locurileculturii\\\/#\\\/schema\\\/person\\\/9b52fa5c7675208e1da104f801fbb85b\"},\"headline\":\"Ioan Petru Culianu. Ipostazele unui eretic\",\"datePublished\":\"2017-06-22T11:00:15+00:00\",\"mainEntityOfPage\":{\"@id\":\"https:\\\/\\\/www.societateamuzicala.ro\\\/locurileculturii\\\/ioan-petru-culianu-ipostazele-unui-eretic\\\/\"},\"wordCount\":197,\"commentCount\":0,\"keywords\":[\"arta\",\"arta contemporana\",\"arta plastica\",\"arte vizuale\",\"cinema\",\"concert\",\"concert cameral\",\"concerte\",\"conferinta\",\"cultura\",\"cultural\",\"dezbateri\",\"eveniment cultural\",\"evenimente culturale\",\"expozitie\",\"expozitii\",\"film\",\"galerie\",\"muzee\",\"muzeu\",\"muzica clasica\",\"opera\",\"organizare evenimente\",\"pictura\",\"Sali\",\"Sali evenimente\",\"sculptura\",\"spatii culturale\",\"spatii evenimente\",\"spectacol\",\"teatru\",\"teatru experimental\"],\"articleSection\":[\"Alte evenimente\"],\"inLanguage\":\"en-US\",\"potentialAction\":[{\"@type\":\"CommentAction\",\"name\":\"Comment\",\"target\":[\"https:\\\/\\\/www.societateamuzicala.ro\\\/locurileculturii\\\/ioan-petru-culianu-ipostazele-unui-eretic\\\/#respond\"]}]},{\"@type\":\"WebPage\",\"@id\":\"https:\\\/\\\/www.societateamuzicala.ro\\\/locurileculturii\\\/ioan-petru-culianu-ipostazele-unui-eretic\\\/\",\"url\":\"https:\\\/\\\/www.societateamuzicala.ro\\\/locurileculturii\\\/ioan-petru-culianu-ipostazele-unui-eretic\\\/\",\"name\":\"Ioan Petru Culianu. Ipostazele unui eretic - Locurile Culturii\",\"isPartOf\":{\"@id\":\"https:\\\/\\\/www.societateamuzicala.ro\\\/locurileculturii\\\/#website\"},\"datePublished\":\"2017-06-22T11:00:15+00:00\",\"author\":{\"@id\":\"https:\\\/\\\/www.societateamuzicala.ro\\\/locurileculturii\\\/#\\\/schema\\\/person\\\/9b52fa5c7675208e1da104f801fbb85b\"},\"description\":\"Catalogul salilor si spatiilor in care se pot organiza evenimente culturale, evenimentele care au loc in aceste spatii\",\"breadcrumb\":{\"@id\":\"https:\\\/\\\/www.societateamuzicala.ro\\\/locurileculturii\\\/ioan-petru-culianu-ipostazele-unui-eretic\\\/#breadcrumb\"},\"inLanguage\":\"en-US\",\"potentialAction\":[{\"@type\":\"ReadAction\",\"target\":[\"https:\\\/\\\/www.societateamuzicala.ro\\\/locurileculturii\\\/ioan-petru-culianu-ipostazele-unui-eretic\\\/\"]}]},{\"@type\":\"BreadcrumbList\",\"@id\":\"https:\\\/\\\/www.societateamuzicala.ro\\\/locurileculturii\\\/ioan-petru-culianu-ipostazele-unui-eretic\\\/#breadcrumb\",\"itemListElement\":[{\"@type\":\"ListItem\",\"position\":1,\"name\":\"Home\",\"item\":\"https:\\\/\\\/www.societateamuzicala.ro\\\/locurileculturii\\\/\"},{\"@type\":\"ListItem\",\"position\":2,\"name\":\"Ioan Petru Culianu. Ipostazele unui eretic\"}]},{\"@type\":\"WebSite\",\"@id\":\"https:\\\/\\\/www.societateamuzicala.ro\\\/locurileculturii\\\/#website\",\"url\":\"https:\\\/\\\/www.societateamuzicala.ro\\\/locurileculturii\\\/\",\"name\":\"Locurile Culturii\",\"description\":\"Catalogul spatiilor culturale - lista completa a salilor si spatiilor in care se pot face evenimente culturale\",\"potentialAction\":[{\"@type\":\"SearchAction\",\"target\":{\"@type\":\"EntryPoint\",\"urlTemplate\":\"https:\\\/\\\/www.societateamuzicala.ro\\\/locurileculturii\\\/?s={search_term_string}\"},\"query-input\":{\"@type\":\"PropertyValueSpecification\",\"valueRequired\":true,\"valueName\":\"search_term_string\"}}],\"inLanguage\":\"en-US\"},{\"@type\":\"Person\",\"@id\":\"https:\\\/\\\/www.societateamuzicala.ro\\\/locurileculturii\\\/#\\\/schema\\\/person\\\/9b52fa5c7675208e1da104f801fbb85b\",\"name\":\"Daniel Catoi\",\"image\":{\"@type\":\"ImageObject\",\"inLanguage\":\"en-US\",\"@id\":\"https:\\\/\\\/secure.gravatar.com\\\/avatar\\\/c0882a218c936889972a11c796e8ed91e0aff99b92af7212c04f740da3928233?s=96&d=mm&r=g\",\"url\":\"https:\\\/\\\/secure.gravatar.com\\\/avatar\\\/c0882a218c936889972a11c796e8ed91e0aff99b92af7212c04f740da3928233?s=96&d=mm&r=g\",\"contentUrl\":\"https:\\\/\\\/secure.gravatar.com\\\/avatar\\\/c0882a218c936889972a11c796e8ed91e0aff99b92af7212c04f740da3928233?s=96&d=mm&r=g\",\"caption\":\"Daniel Catoi\"},\"url\":\"https:\\\/\\\/www.societateamuzicala.ro\\\/locurileculturii\\\/author\\\/daniel\\\/\"}]}<\/script>\n<!-- \/ Yoast SEO plugin. -->","yoast_head_json":{"title":"Ioan Petru Culianu. Ipostazele unui eretic - Locurile Culturii","description":"Catalogul salilor si spatiilor in care se pot organiza evenimente culturale, evenimentele care au loc in aceste spatii","robots":{"index":"index","follow":"follow","max-snippet":"max-snippet:-1","max-image-preview":"max-image-preview:large","max-video-preview":"max-video-preview:-1"},"canonical":"https:\/\/www.societateamuzicala.ro\/locurileculturii\/ioan-petru-culianu-ipostazele-unui-eretic\/","og_locale":"en_US","og_type":"article","og_title":"Ioan Petru Culianu. Ipostazele unui eretic - Locurile Culturii","og_description":"Catalogul salilor si spatiilor in care se pot organiza evenimente culturale, evenimentele care au loc in aceste spatii","og_url":"https:\/\/www.societateamuzicala.ro\/locurileculturii\/ioan-petru-culianu-ipostazele-unui-eretic\/","og_site_name":"Locurile Culturii","article_published_time":"2017-06-22T11:00:15+00:00","author":"Daniel Catoi","twitter_card":"summary_large_image","twitter_misc":{"Written by":"Daniel Catoi","Est. reading time":"1 minute"},"schema":{"@context":"https:\/\/schema.org","@graph":[{"@type":"Article","@id":"https:\/\/www.societateamuzicala.ro\/locurileculturii\/ioan-petru-culianu-ipostazele-unui-eretic\/#article","isPartOf":{"@id":"https:\/\/www.societateamuzicala.ro\/locurileculturii\/ioan-petru-culianu-ipostazele-unui-eretic\/"},"author":{"name":"Daniel Catoi","@id":"https:\/\/www.societateamuzicala.ro\/locurileculturii\/#\/schema\/person\/9b52fa5c7675208e1da104f801fbb85b"},"headline":"Ioan Petru Culianu. Ipostazele unui eretic","datePublished":"2017-06-22T11:00:15+00:00","mainEntityOfPage":{"@id":"https:\/\/www.societateamuzicala.ro\/locurileculturii\/ioan-petru-culianu-ipostazele-unui-eretic\/"},"wordCount":197,"commentCount":0,"keywords":["arta","arta contemporana","arta plastica","arte vizuale","cinema","concert","concert cameral","concerte","conferinta","cultura","cultural","dezbateri","eveniment cultural","evenimente culturale","expozitie","expozitii","film","galerie","muzee","muzeu","muzica clasica","opera","organizare evenimente","pictura","Sali","Sali evenimente","sculptura","spatii culturale","spatii evenimente","spectacol","teatru","teatru experimental"],"articleSection":["Alte evenimente"],"inLanguage":"en-US","potentialAction":[{"@type":"CommentAction","name":"Comment","target":["https:\/\/www.societateamuzicala.ro\/locurileculturii\/ioan-petru-culianu-ipostazele-unui-eretic\/#respond"]}]},{"@type":"WebPage","@id":"https:\/\/www.societateamuzicala.ro\/locurileculturii\/ioan-petru-culianu-ipostazele-unui-eretic\/","url":"https:\/\/www.societateamuzicala.ro\/locurileculturii\/ioan-petru-culianu-ipostazele-unui-eretic\/","name":"Ioan Petru Culianu. Ipostazele unui eretic - Locurile Culturii","isPartOf":{"@id":"https:\/\/www.societateamuzicala.ro\/locurileculturii\/#website"},"datePublished":"2017-06-22T11:00:15+00:00","author":{"@id":"https:\/\/www.societateamuzicala.ro\/locurileculturii\/#\/schema\/person\/9b52fa5c7675208e1da104f801fbb85b"},"description":"Catalogul salilor si spatiilor in care se pot organiza evenimente culturale, evenimentele care au loc in aceste spatii","breadcrumb":{"@id":"https:\/\/www.societateamuzicala.ro\/locurileculturii\/ioan-petru-culianu-ipostazele-unui-eretic\/#breadcrumb"},"inLanguage":"en-US","potentialAction":[{"@type":"ReadAction","target":["https:\/\/www.societateamuzicala.ro\/locurileculturii\/ioan-petru-culianu-ipostazele-unui-eretic\/"]}]},{"@type":"BreadcrumbList","@id":"https:\/\/www.societateamuzicala.ro\/locurileculturii\/ioan-petru-culianu-ipostazele-unui-eretic\/#breadcrumb","itemListElement":[{"@type":"ListItem","position":1,"name":"Home","item":"https:\/\/www.societateamuzicala.ro\/locurileculturii\/"},{"@type":"ListItem","position":2,"name":"Ioan Petru Culianu. Ipostazele unui eretic"}]},{"@type":"WebSite","@id":"https:\/\/www.societateamuzicala.ro\/locurileculturii\/#website","url":"https:\/\/www.societateamuzicala.ro\/locurileculturii\/","name":"Locurile Culturii","description":"Catalogul spatiilor culturale - lista completa a salilor si spatiilor in care se pot face evenimente culturale","potentialAction":[{"@type":"SearchAction","target":{"@type":"EntryPoint","urlTemplate":"https:\/\/www.societateamuzicala.ro\/locurileculturii\/?s={search_term_string}"},"query-input":{"@type":"PropertyValueSpecification","valueRequired":true,"valueName":"search_term_string"}}],"inLanguage":"en-US"},{"@type":"Person","@id":"https:\/\/www.societateamuzicala.ro\/locurileculturii\/#\/schema\/person\/9b52fa5c7675208e1da104f801fbb85b","name":"Daniel Catoi","image":{"@type":"ImageObject","inLanguage":"en-US","@id":"https:\/\/secure.gravatar.com\/avatar\/c0882a218c936889972a11c796e8ed91e0aff99b92af7212c04f740da3928233?s=96&d=mm&r=g","url":"https:\/\/secure.gravatar.com\/avatar\/c0882a218c936889972a11c796e8ed91e0aff99b92af7212c04f740da3928233?s=96&d=mm&r=g","contentUrl":"https:\/\/secure.gravatar.com\/avatar\/c0882a218c936889972a11c796e8ed91e0aff99b92af7212c04f740da3928233?s=96&d=mm&r=g","caption":"Daniel Catoi"},"url":"https:\/\/www.societateamuzicala.ro\/locurileculturii\/author\/daniel\/"}]}},"_links":{"self":[{"href":"https:\/\/www.societateamuzicala.ro\/locurileculturii\/wp-json\/wp\/v2\/posts\/39293","targetHints":{"allow":["GET"]}}],"collection":[{"href":"https:\/\/www.societateamuzicala.ro\/locurileculturii\/wp-json\/wp\/v2\/posts"}],"about":[{"href":"https:\/\/www.societateamuzicala.ro\/locurileculturii\/wp-json\/wp\/v2\/types\/post"}],"author":[{"embeddable":true,"href":"https:\/\/www.societateamuzicala.ro\/locurileculturii\/wp-json\/wp\/v2\/users\/4"}],"replies":[{"embeddable":true,"href":"https:\/\/www.societateamuzicala.ro\/locurileculturii\/wp-json\/wp\/v2\/comments?post=39293"}],"version-history":[{"count":0,"href":"https:\/\/www.societateamuzicala.ro\/locurileculturii\/wp-json\/wp\/v2\/posts\/39293\/revisions"}],"wp:attachment":[{"href":"https:\/\/www.societateamuzicala.ro\/locurileculturii\/wp-json\/wp\/v2\/media?parent=39293"}],"wp:term":[{"taxonomy":"category","embeddable":true,"href":"https:\/\/www.societateamuzicala.ro\/locurileculturii\/wp-json\/wp\/v2\/categories?post=39293"},{"taxonomy":"post_tag","embeddable":true,"href":"https:\/\/www.societateamuzicala.ro\/locurileculturii\/wp-json\/wp\/v2\/tags?post=39293"}],"curies":[{"name":"wp","href":"https:\/\/api.w.org\/{rel}","templated":true}]}}