{"id":38883,"date":"2017-05-15T18:33:07","date_gmt":"2017-05-15T18:33:07","guid":{"rendered":"http:\/\/www.societateamuzicala.ro\/locurileculturii\/?p=38883"},"modified":"2017-05-15T18:33:07","modified_gmt":"2017-05-15T18:33:07","slug":"pe-urmele-copilului-minune-din-ardeal-carl-filtsch","status":"publish","type":"post","link":"https:\/\/www.societateamuzicala.ro\/locurileculturii\/pe-urmele-copilului-minune-din-ardeal-carl-filtsch\/","title":{"rendered":"Pe urmele copilului minune din Ardeal, Carl Filtsch"},"content":{"rendered":"<p><strong>Pe urmele copilului minune din Ardeal, Carl Filtsch<\/strong><\/p>\n<p>Povestea unui pianist genial care, plecat din Sebe\u0219, a cucerit Europa la mijlocul secolului al XIX-lea cu interpret\u0103rile sale de excep\u021bie dar \u0219i cu compozi\u021biile sale minunate pentru pian \u0219i orchestr\u0103, devenind elevul preferat al marelui Fr\u00e9d\u00e9ric Chopin.<\/p>\n<p>\u201ePe urmele copilului minune din Ardeal, Carl Filtsch\u201d este un proiect important, dedicat promov\u0103rii memoriei \u0219i crea\u0163iei muzicale din Transilvania \u0219i prin aceasta, promov\u0103rii culturii rom\u00e2no-germane.<\/p>\n<p>Regizoarea, scenarista \u0219i produc\u0103toarea Brigitte Drodtloff a preg\u0103tit o prezentare a vie\u021bii lui Carl Filtsch, \u00eenso\u021bit\u0103 de imagini fotografice, un scurt film documentar \u0219i chiar o scen\u0103 filmic\u0103 inspirat\u0103 din via\u021ba acestuia. Doi soli\u0219ti tineri vor interpreta muzica lui Carl Fitsch la pian: <strong>\u0218tefan Pre\u021buleac<\/strong>, un adolescent talentat \u00een v\u00e2rst\u0103 de 15 ani, din Craiova \u0219i un t\u00e2n\u0103r de excep\u021bie,<strong> Andrei Preda<\/strong>, \u00een v\u00e2rst\u0103 de 18 ani, din Ia\u0219i. Acest spectacol a fost deja prezentat la M\u00fcnchen, pe data de 19 noiembrie 2016, \u00een cadrul Zilelor Culturii Rom\u00e2ne, cu mare succes, fiind sus\u021binut de Cancelaria de Stat din Bavaria, de Organiza\u021bia Sa\u0219ilor din M\u00fcnchen \u0219i de Institutul Culturii \u0219i Istoriei din Europa de Sud, IKGS.<\/p>\n<p><strong>Carl Filtsch<\/strong> (28 mai 1830, Sebe\u0219 \u2013 11 mai 1845, Vene\u021bia) a fost un talent muzical de excep\u021bie. \u00cen 1842, a ajuns s\u0103 fie elevul preferat al lui Fr\u00e9d\u00e9ric Chopin la Paris \u0219i a interpretat pentru prima dat\u0103 muzica acestuia \u00een fa\u021ba Reginei Victoria. Din p\u0103cate, boala i-a \u00eentrerupt turneele europene \u00eentr-un moment c\u00e2nd se bucura de un renume extraordinar. A murit la doar 15 ani, la Vene\u021bia, unde este \u00eenmorm\u00e2ntat. De-abia de cur\u00e2nd s-au g\u0103sit treisprezece compozi\u021bii, ceea ce se consider\u0103 ast\u0103zi \u00eentreaga oper\u0103 a lui Carl Filtsch, oper\u0103 care nu este, \u00eens\u0103, suficient de promovat\u0103 \u0219i de cunoscut\u0103.<\/p>\n<p>Celebrarea anului Lipatti creeaz\u0103 un context favorabil pentru a ne referi la t\u00e2n\u0103rul compozitor de excep\u021bie, datorit\u0103 aten\u021biei sporite acordate muzicii clasice, iar ICR sus\u021bine, cu acest prilej, eforturile de promovare \u00eentreprinse de c\u00e2\u021biva ani, deja, de regizoarea Brigitte Drodtloff.<\/p>\n<p><strong>Brigitte Drodtloff<\/strong> este de origine german\u0103, a crescut \u00een Rom\u00e2nia, \u00eens\u0103 acum tr\u0103ie\u0219te la M\u00fcnchen. A montat piese la Teatrul \u201eRadu Stanca\u201d din Sibiu, iar pentru cel mai recent scurtmetraj al s\u0103u, \u201eOmul\u201d, a primit numeroase nominaliz\u0103ri \u0219i premii interna\u021bionale, dintre care amintim: Moondance International Film Festival 2014, Boulder, Colorado\/USA GAIA Award; REFLECTA &#8211; Rethink Your World Filmfestival 2014, Frankfurt\/Germany; Best Fiction Award Rochester International Film Festival 2015, Rochester NY\/USA Shoestring Award \u0219i Directors Award in Beverly Hills, California. \u00cen prezent, are \u00een preg\u0103tire lansarea unui film artistic despre Carl Filtsch, \u00een inten\u021bia cre\u0219terii notoriet\u0103\u021bii na\u021bionale \u0219i interna\u021bionale a t\u00e2n\u0103rului compozitor.<\/p>\n<p><strong>\u0218tefan Pre\u021buleac <\/strong>este n\u0103scut \u00een 2001, la Craiova. Este elev la Liceul \u201eMarin Sorescu\u201d. A primit lec\u021bii de pian de la v\u00e2rsta de 5 ani \u0219i a fost premiat la Concursul Interna\u021bional din Craiova, la Concursul Interna\u021bional \u201eCarl Filtsch\u201d din Sibiu \u0219i la Olimpiada Na\u021bional\u0103 de Interpretare din Rom\u00e2nia. \u0218tefan a dat numeroase concerte la M\u00fcnchen, Craiova \u0219i Vene\u021bia.<\/p>\n<p><strong>Andrei Preda<\/strong> este n\u0103scut \u00een 1998, la Roman. Din 2015 prime\u0219te lec\u021bii de la Prof. Octavian Renea, la M\u00fcnchen. A ob\u021binut mai multe premii \u00een Rom\u00e2nia, printre care \u0219i la Concursul Interna\u021bional \u201eGeorge Enescu\u201d de la Bucure\u0219ti &#8211; Premiul I, dar \u0219i \u00een str\u0103in\u0103tate, la Concursul Interna\u021bional \u201eVille de Gagny\u201d de la Paris &#8211; premiul al II-lea.<\/p>\n<p>Spectacolul din Bucure\u0219ti va avea loc <strong>joi, 25 mai 2017, la orele 18.30, \u00een Sala Studioul de Oper\u0103 \u0219i Multimedia al UNMB, intrarea din str. \u0218tirbei Vod\u0103.<\/strong><\/p>\n","protected":false},"excerpt":{"rendered":"<p>Pe urmele copilului minune din Ardeal, Carl Filtsch Povestea unui pianist genial care, plecat din Sebe\u0219, a cucerit Europa la mijlocul secolului al XIX-lea cu interpret\u0103rile sale de excep\u021bie dar \u0219i cu compozi\u021biile sale minunate pentru pian \u0219i orchestr\u0103, devenind elevul preferat al marelui Fr\u00e9d\u00e9ric Chopin. \u201ePe urmele copilului minune din Ardeal, Carl Filtsch\u201d este [&hellip;]<\/p>\n","protected":false},"author":4,"featured_media":0,"comment_status":"open","ping_status":"open","sticky":false,"template":"","format":"standard","meta":{"_acf_changed":false,"footnotes":""},"categories":[24],"tags":[289,464,1443,326,404,234,50,29,744,203,403,278,402,2214,256,243,405,974,2212,406,36,54,2216,855,2211,2213,1677,2210,2215,393,212,1878],"class_list":["post-38883","post","type-post","status-publish","format-standard","hentry","category-muzicale","tag-arta","tag-arta-contemporana","tag-arta-plastica","tag-arte-vizuale","tag-cinema","tag-concert","tag-concert-cameral","tag-concerte","tag-conferinta","tag-cultura","tag-cultural","tag-dezbateri","tag-eveniment-cultural","tag-evenimente-culturale","tag-expozitie","tag-expozitii","tag-film","tag-galerie","tag-muzee","tag-muzeu","tag-muzica-clasica","tag-opera","tag-organizare-evenimente","tag-pictura","tag-sali","tag-sali-evenimente","tag-sculptura","tag-spatii-culturale","tag-spatii-evenimente","tag-spectacol","tag-teatru","tag-teatru-experimental"],"acf":{"cc_filter":[],"poza_fixa":"https:\/\/www.societateamuzicala.ro\/locurileculturii\/wp-content\/uploads\/2015\/05\/Sala-de-Opera-a-UNMB.jpg","url_poza_fixa":"","oras":"Bucuresti","in_strainatate":false,"pian":false,"orga":false,"data1":"1495737000","data2":"","afiseaza_data_post":false,"acf_sala":[{"ID":6356,"post_author":"2","post_date":"2015-05-29 12:18:54","post_date_gmt":"2015-05-29 12:18:54","post_content":"Lucrarile de restaurare si modernizare\u00a0la <strong>Studioul de Opera si Multimedia<\/strong> al <a href=\"https:\/\/www.societateamuzicala.ro\/locurileculturii\/2016\/07\/24\/sala-george-enescu-a-u-n-m-b-copy\/\" target=\"_blank\">UNMB<\/a>\u00a0au fost finalizate in 2010, sala beneficiind acum de dotari tehnice foarte performante, precum\u00a0sistemul multimedia compus dintr-un mixer foarte performant, sistemul de sonorizare\u00a0surround, proiector si ecran, etc.\u00a0Sala are aproximativ 260 de locuri.\r\n\r\n[gallery link=\"file\" ids=\"25423,25424,25425,25426,25427,25428\" orderby=\"rand\"]","post_title":"Studioul de opera si multimedia","post_excerpt":"","post_status":"publish","comment_status":"open","ping_status":"open","post_password":"","post_name":"sala-de-opera-a-u-n-m-b","to_ping":"","pinged":"\nhttp:\/\/www.locurileculturii.ro\/2016\/07\/24\/sala-george-enescu-a-u-n-m-b-copy\/","post_modified":"2016-08-01 08:02:07","post_modified_gmt":"2016-08-01 08:02:07","post_content_filtered":"","post_parent":0,"guid":"https:\/\/www.societateamuzicala.ro\/?p=6356","menu_order":0,"post_type":"post","post_mime_type":"","comment_count":"0","filter":"raw"}],"centru_cultural":"","articole_parinte":[{"ID":6356,"post_author":"2","post_date":"2015-05-29 12:18:54","post_date_gmt":"2015-05-29 12:18:54","post_content":"Lucrarile de restaurare si modernizare\u00a0la <strong>Studioul de Opera si Multimedia<\/strong> al <a href=\"https:\/\/www.societateamuzicala.ro\/locurileculturii\/2016\/07\/24\/sala-george-enescu-a-u-n-m-b-copy\/\" target=\"_blank\">UNMB<\/a>\u00a0au fost finalizate in 2010, sala beneficiind acum de dotari tehnice foarte performante, precum\u00a0sistemul multimedia compus dintr-un mixer foarte performant, sistemul de sonorizare\u00a0surround, proiector si ecran, etc.\u00a0Sala are aproximativ 260 de locuri.\r\n\r\n[gallery link=\"file\" ids=\"25423,25424,25425,25426,25427,25428\" orderby=\"rand\"]","post_title":"Studioul de opera si multimedia","post_excerpt":"","post_status":"publish","comment_status":"open","ping_status":"open","post_password":"","post_name":"sala-de-opera-a-u-n-m-b","to_ping":"","pinged":"\nhttp:\/\/www.locurileculturii.ro\/2016\/07\/24\/sala-george-enescu-a-u-n-m-b-copy\/","post_modified":"2016-08-01 08:02:07","post_modified_gmt":"2016-08-01 08:02:07","post_content_filtered":"","post_parent":0,"guid":"https:\/\/www.societateamuzicala.ro\/?p=6356","menu_order":0,"post_type":"post","post_mime_type":"","comment_count":"0","filter":"raw"}],"articole_relationate":"","coordonate":{"address":"Strada \u0218tirbei Vod\u0103 33, Bucure\u0219ti 030167, Rom\u00e2nia","lat":"44.439358727229795","lng":"26.09043449163437"},"tab1_nume":"Despre","tab3":false},"yoast_head":"<!-- This site is optimized with the Yoast SEO plugin v27.4 - https:\/\/yoast.com\/product\/yoast-seo-wordpress\/ -->\n<title>Pe urmele copilului minune din Ardeal, Carl Filtsch - Locurile Culturii<\/title>\n<meta name=\"description\" content=\"Catalogul salilor si spatiilor in care se pot organiza evenimente culturale, evenimentele care au loc in aceste spatii\" \/>\n<meta name=\"robots\" content=\"index, follow, max-snippet:-1, max-image-preview:large, max-video-preview:-1\" \/>\n<link rel=\"canonical\" href=\"https:\/\/www.societateamuzicala.ro\/locurileculturii\/pe-urmele-copilului-minune-din-ardeal-carl-filtsch\/\" \/>\n<meta property=\"og:locale\" content=\"en_US\" \/>\n<meta property=\"og:type\" content=\"article\" \/>\n<meta property=\"og:title\" content=\"Pe urmele copilului minune din Ardeal, Carl Filtsch - Locurile Culturii\" \/>\n<meta property=\"og:description\" content=\"Catalogul salilor si spatiilor in care se pot organiza evenimente culturale, evenimentele care au loc in aceste spatii\" \/>\n<meta property=\"og:url\" content=\"https:\/\/www.societateamuzicala.ro\/locurileculturii\/pe-urmele-copilului-minune-din-ardeal-carl-filtsch\/\" \/>\n<meta property=\"og:site_name\" content=\"Locurile Culturii\" \/>\n<meta property=\"article:published_time\" content=\"2017-05-15T18:33:07+00:00\" \/>\n<meta name=\"author\" content=\"Daniel Catoi\" \/>\n<meta name=\"twitter:card\" content=\"summary_large_image\" \/>\n<meta name=\"twitter:label1\" content=\"Written by\" \/>\n\t<meta name=\"twitter:data1\" content=\"Daniel Catoi\" \/>\n\t<meta name=\"twitter:label2\" content=\"Est. reading time\" \/>\n\t<meta name=\"twitter:data2\" content=\"3 minutes\" \/>\n<script type=\"application\/ld+json\" class=\"yoast-schema-graph\">{\"@context\":\"https:\\\/\\\/schema.org\",\"@graph\":[{\"@type\":\"Article\",\"@id\":\"https:\\\/\\\/www.societateamuzicala.ro\\\/locurileculturii\\\/pe-urmele-copilului-minune-din-ardeal-carl-filtsch\\\/#article\",\"isPartOf\":{\"@id\":\"https:\\\/\\\/www.societateamuzicala.ro\\\/locurileculturii\\\/pe-urmele-copilului-minune-din-ardeal-carl-filtsch\\\/\"},\"author\":{\"name\":\"Daniel Catoi\",\"@id\":\"https:\\\/\\\/www.societateamuzicala.ro\\\/locurileculturii\\\/#\\\/schema\\\/person\\\/9b52fa5c7675208e1da104f801fbb85b\"},\"headline\":\"Pe urmele copilului minune din Ardeal, Carl Filtsch\",\"datePublished\":\"2017-05-15T18:33:07+00:00\",\"mainEntityOfPage\":{\"@id\":\"https:\\\/\\\/www.societateamuzicala.ro\\\/locurileculturii\\\/pe-urmele-copilului-minune-din-ardeal-carl-filtsch\\\/\"},\"wordCount\":645,\"commentCount\":0,\"keywords\":[\"arta\",\"arta contemporana\",\"arta plastica\",\"arte vizuale\",\"cinema\",\"concert\",\"concert cameral\",\"concerte\",\"conferinta\",\"cultura\",\"cultural\",\"dezbateri\",\"eveniment cultural\",\"evenimente culturale\",\"expozitie\",\"expozitii\",\"film\",\"galerie\",\"muzee\",\"muzeu\",\"muzica clasica\",\"opera\",\"organizare evenimente\",\"pictura\",\"Sali\",\"Sali evenimente\",\"sculptura\",\"spatii culturale\",\"spatii evenimente\",\"spectacol\",\"teatru\",\"teatru experimental\"],\"articleSection\":[\"Muzica si opera\"],\"inLanguage\":\"en-US\",\"potentialAction\":[{\"@type\":\"CommentAction\",\"name\":\"Comment\",\"target\":[\"https:\\\/\\\/www.societateamuzicala.ro\\\/locurileculturii\\\/pe-urmele-copilului-minune-din-ardeal-carl-filtsch\\\/#respond\"]}]},{\"@type\":\"WebPage\",\"@id\":\"https:\\\/\\\/www.societateamuzicala.ro\\\/locurileculturii\\\/pe-urmele-copilului-minune-din-ardeal-carl-filtsch\\\/\",\"url\":\"https:\\\/\\\/www.societateamuzicala.ro\\\/locurileculturii\\\/pe-urmele-copilului-minune-din-ardeal-carl-filtsch\\\/\",\"name\":\"Pe urmele copilului minune din Ardeal, Carl Filtsch - Locurile Culturii\",\"isPartOf\":{\"@id\":\"https:\\\/\\\/www.societateamuzicala.ro\\\/locurileculturii\\\/#website\"},\"datePublished\":\"2017-05-15T18:33:07+00:00\",\"author\":{\"@id\":\"https:\\\/\\\/www.societateamuzicala.ro\\\/locurileculturii\\\/#\\\/schema\\\/person\\\/9b52fa5c7675208e1da104f801fbb85b\"},\"description\":\"Catalogul salilor si spatiilor in care se pot organiza evenimente culturale, evenimentele care au loc in aceste spatii\",\"breadcrumb\":{\"@id\":\"https:\\\/\\\/www.societateamuzicala.ro\\\/locurileculturii\\\/pe-urmele-copilului-minune-din-ardeal-carl-filtsch\\\/#breadcrumb\"},\"inLanguage\":\"en-US\",\"potentialAction\":[{\"@type\":\"ReadAction\",\"target\":[\"https:\\\/\\\/www.societateamuzicala.ro\\\/locurileculturii\\\/pe-urmele-copilului-minune-din-ardeal-carl-filtsch\\\/\"]}]},{\"@type\":\"BreadcrumbList\",\"@id\":\"https:\\\/\\\/www.societateamuzicala.ro\\\/locurileculturii\\\/pe-urmele-copilului-minune-din-ardeal-carl-filtsch\\\/#breadcrumb\",\"itemListElement\":[{\"@type\":\"ListItem\",\"position\":1,\"name\":\"Home\",\"item\":\"https:\\\/\\\/www.societateamuzicala.ro\\\/locurileculturii\\\/\"},{\"@type\":\"ListItem\",\"position\":2,\"name\":\"Pe urmele copilului minune din Ardeal, Carl Filtsch\"}]},{\"@type\":\"WebSite\",\"@id\":\"https:\\\/\\\/www.societateamuzicala.ro\\\/locurileculturii\\\/#website\",\"url\":\"https:\\\/\\\/www.societateamuzicala.ro\\\/locurileculturii\\\/\",\"name\":\"Locurile Culturii\",\"description\":\"Catalogul spatiilor culturale - lista completa a salilor si spatiilor in care se pot face evenimente culturale\",\"potentialAction\":[{\"@type\":\"SearchAction\",\"target\":{\"@type\":\"EntryPoint\",\"urlTemplate\":\"https:\\\/\\\/www.societateamuzicala.ro\\\/locurileculturii\\\/?s={search_term_string}\"},\"query-input\":{\"@type\":\"PropertyValueSpecification\",\"valueRequired\":true,\"valueName\":\"search_term_string\"}}],\"inLanguage\":\"en-US\"},{\"@type\":\"Person\",\"@id\":\"https:\\\/\\\/www.societateamuzicala.ro\\\/locurileculturii\\\/#\\\/schema\\\/person\\\/9b52fa5c7675208e1da104f801fbb85b\",\"name\":\"Daniel Catoi\",\"image\":{\"@type\":\"ImageObject\",\"inLanguage\":\"en-US\",\"@id\":\"https:\\\/\\\/secure.gravatar.com\\\/avatar\\\/c0882a218c936889972a11c796e8ed91e0aff99b92af7212c04f740da3928233?s=96&d=mm&r=g\",\"url\":\"https:\\\/\\\/secure.gravatar.com\\\/avatar\\\/c0882a218c936889972a11c796e8ed91e0aff99b92af7212c04f740da3928233?s=96&d=mm&r=g\",\"contentUrl\":\"https:\\\/\\\/secure.gravatar.com\\\/avatar\\\/c0882a218c936889972a11c796e8ed91e0aff99b92af7212c04f740da3928233?s=96&d=mm&r=g\",\"caption\":\"Daniel Catoi\"},\"url\":\"https:\\\/\\\/www.societateamuzicala.ro\\\/locurileculturii\\\/author\\\/daniel\\\/\"}]}<\/script>\n<!-- \/ Yoast SEO plugin. -->","yoast_head_json":{"title":"Pe urmele copilului minune din Ardeal, Carl Filtsch - Locurile Culturii","description":"Catalogul salilor si spatiilor in care se pot organiza evenimente culturale, evenimentele care au loc in aceste spatii","robots":{"index":"index","follow":"follow","max-snippet":"max-snippet:-1","max-image-preview":"max-image-preview:large","max-video-preview":"max-video-preview:-1"},"canonical":"https:\/\/www.societateamuzicala.ro\/locurileculturii\/pe-urmele-copilului-minune-din-ardeal-carl-filtsch\/","og_locale":"en_US","og_type":"article","og_title":"Pe urmele copilului minune din Ardeal, Carl Filtsch - Locurile Culturii","og_description":"Catalogul salilor si spatiilor in care se pot organiza evenimente culturale, evenimentele care au loc in aceste spatii","og_url":"https:\/\/www.societateamuzicala.ro\/locurileculturii\/pe-urmele-copilului-minune-din-ardeal-carl-filtsch\/","og_site_name":"Locurile Culturii","article_published_time":"2017-05-15T18:33:07+00:00","author":"Daniel Catoi","twitter_card":"summary_large_image","twitter_misc":{"Written by":"Daniel Catoi","Est. reading time":"3 minutes"},"schema":{"@context":"https:\/\/schema.org","@graph":[{"@type":"Article","@id":"https:\/\/www.societateamuzicala.ro\/locurileculturii\/pe-urmele-copilului-minune-din-ardeal-carl-filtsch\/#article","isPartOf":{"@id":"https:\/\/www.societateamuzicala.ro\/locurileculturii\/pe-urmele-copilului-minune-din-ardeal-carl-filtsch\/"},"author":{"name":"Daniel Catoi","@id":"https:\/\/www.societateamuzicala.ro\/locurileculturii\/#\/schema\/person\/9b52fa5c7675208e1da104f801fbb85b"},"headline":"Pe urmele copilului minune din Ardeal, Carl Filtsch","datePublished":"2017-05-15T18:33:07+00:00","mainEntityOfPage":{"@id":"https:\/\/www.societateamuzicala.ro\/locurileculturii\/pe-urmele-copilului-minune-din-ardeal-carl-filtsch\/"},"wordCount":645,"commentCount":0,"keywords":["arta","arta contemporana","arta plastica","arte vizuale","cinema","concert","concert cameral","concerte","conferinta","cultura","cultural","dezbateri","eveniment cultural","evenimente culturale","expozitie","expozitii","film","galerie","muzee","muzeu","muzica clasica","opera","organizare evenimente","pictura","Sali","Sali evenimente","sculptura","spatii culturale","spatii evenimente","spectacol","teatru","teatru experimental"],"articleSection":["Muzica si opera"],"inLanguage":"en-US","potentialAction":[{"@type":"CommentAction","name":"Comment","target":["https:\/\/www.societateamuzicala.ro\/locurileculturii\/pe-urmele-copilului-minune-din-ardeal-carl-filtsch\/#respond"]}]},{"@type":"WebPage","@id":"https:\/\/www.societateamuzicala.ro\/locurileculturii\/pe-urmele-copilului-minune-din-ardeal-carl-filtsch\/","url":"https:\/\/www.societateamuzicala.ro\/locurileculturii\/pe-urmele-copilului-minune-din-ardeal-carl-filtsch\/","name":"Pe urmele copilului minune din Ardeal, Carl Filtsch - Locurile Culturii","isPartOf":{"@id":"https:\/\/www.societateamuzicala.ro\/locurileculturii\/#website"},"datePublished":"2017-05-15T18:33:07+00:00","author":{"@id":"https:\/\/www.societateamuzicala.ro\/locurileculturii\/#\/schema\/person\/9b52fa5c7675208e1da104f801fbb85b"},"description":"Catalogul salilor si spatiilor in care se pot organiza evenimente culturale, evenimentele care au loc in aceste spatii","breadcrumb":{"@id":"https:\/\/www.societateamuzicala.ro\/locurileculturii\/pe-urmele-copilului-minune-din-ardeal-carl-filtsch\/#breadcrumb"},"inLanguage":"en-US","potentialAction":[{"@type":"ReadAction","target":["https:\/\/www.societateamuzicala.ro\/locurileculturii\/pe-urmele-copilului-minune-din-ardeal-carl-filtsch\/"]}]},{"@type":"BreadcrumbList","@id":"https:\/\/www.societateamuzicala.ro\/locurileculturii\/pe-urmele-copilului-minune-din-ardeal-carl-filtsch\/#breadcrumb","itemListElement":[{"@type":"ListItem","position":1,"name":"Home","item":"https:\/\/www.societateamuzicala.ro\/locurileculturii\/"},{"@type":"ListItem","position":2,"name":"Pe urmele copilului minune din Ardeal, Carl Filtsch"}]},{"@type":"WebSite","@id":"https:\/\/www.societateamuzicala.ro\/locurileculturii\/#website","url":"https:\/\/www.societateamuzicala.ro\/locurileculturii\/","name":"Locurile Culturii","description":"Catalogul spatiilor culturale - lista completa a salilor si spatiilor in care se pot face evenimente culturale","potentialAction":[{"@type":"SearchAction","target":{"@type":"EntryPoint","urlTemplate":"https:\/\/www.societateamuzicala.ro\/locurileculturii\/?s={search_term_string}"},"query-input":{"@type":"PropertyValueSpecification","valueRequired":true,"valueName":"search_term_string"}}],"inLanguage":"en-US"},{"@type":"Person","@id":"https:\/\/www.societateamuzicala.ro\/locurileculturii\/#\/schema\/person\/9b52fa5c7675208e1da104f801fbb85b","name":"Daniel Catoi","image":{"@type":"ImageObject","inLanguage":"en-US","@id":"https:\/\/secure.gravatar.com\/avatar\/c0882a218c936889972a11c796e8ed91e0aff99b92af7212c04f740da3928233?s=96&d=mm&r=g","url":"https:\/\/secure.gravatar.com\/avatar\/c0882a218c936889972a11c796e8ed91e0aff99b92af7212c04f740da3928233?s=96&d=mm&r=g","contentUrl":"https:\/\/secure.gravatar.com\/avatar\/c0882a218c936889972a11c796e8ed91e0aff99b92af7212c04f740da3928233?s=96&d=mm&r=g","caption":"Daniel Catoi"},"url":"https:\/\/www.societateamuzicala.ro\/locurileculturii\/author\/daniel\/"}]}},"_links":{"self":[{"href":"https:\/\/www.societateamuzicala.ro\/locurileculturii\/wp-json\/wp\/v2\/posts\/38883","targetHints":{"allow":["GET"]}}],"collection":[{"href":"https:\/\/www.societateamuzicala.ro\/locurileculturii\/wp-json\/wp\/v2\/posts"}],"about":[{"href":"https:\/\/www.societateamuzicala.ro\/locurileculturii\/wp-json\/wp\/v2\/types\/post"}],"author":[{"embeddable":true,"href":"https:\/\/www.societateamuzicala.ro\/locurileculturii\/wp-json\/wp\/v2\/users\/4"}],"replies":[{"embeddable":true,"href":"https:\/\/www.societateamuzicala.ro\/locurileculturii\/wp-json\/wp\/v2\/comments?post=38883"}],"version-history":[{"count":0,"href":"https:\/\/www.societateamuzicala.ro\/locurileculturii\/wp-json\/wp\/v2\/posts\/38883\/revisions"}],"wp:attachment":[{"href":"https:\/\/www.societateamuzicala.ro\/locurileculturii\/wp-json\/wp\/v2\/media?parent=38883"}],"wp:term":[{"taxonomy":"category","embeddable":true,"href":"https:\/\/www.societateamuzicala.ro\/locurileculturii\/wp-json\/wp\/v2\/categories?post=38883"},{"taxonomy":"post_tag","embeddable":true,"href":"https:\/\/www.societateamuzicala.ro\/locurileculturii\/wp-json\/wp\/v2\/tags?post=38883"}],"curies":[{"name":"wp","href":"https:\/\/api.w.org\/{rel}","templated":true}]}}