{"id":38744,"date":"2017-05-02T09:07:21","date_gmt":"2017-05-02T09:07:21","guid":{"rendered":"http:\/\/www.societateamuzicala.ro\/locurileculturii\/?p=38744"},"modified":"2017-05-02T09:07:21","modified_gmt":"2017-05-02T09:07:21","slug":"dan-mitrofan-quartet-razvan-cojanu-u4-dublu-concert","status":"publish","type":"post","link":"https:\/\/www.societateamuzicala.ro\/locurileculturii\/dan-mitrofan-quartet-razvan-cojanu-u4-dublu-concert\/","title":{"rendered":"Dan Mitrofan Quartet &#038; R\u0103zvan Cojanu U4 I dublu concert"},"content":{"rendered":"<p>R\u0102ZVAN COJANU U4<\/p>\n<p>R\u0103zvan Cojanu \u2013 contrabas, compozi\u021bii, lider<\/p>\n<p>Arnau Garoffe (Spania)\u00a0 \u2013 saxofoane,<\/p>\n<p>Mike Roelofs (Olanda) \u2013 pian,<\/p>\n<p>Borislav Petrov (Bulgaria) \u2013 baterie<\/p>\n<p>R\u0103zvan Cojanu prezint\u0103 \u00een premier\u0103 \u00een cadrul stagiunii Artist In Residence cvartetul s\u0103u interna\u021bional U4. Patru muzicieni din \u021b\u0103ri diferite, care nu au mai colaborat p\u00e2n\u0103 acum, se \u00eent\u00e2lnesc la Bucure\u0219ti pentru a c\u00e2nta muzica unuia dintre cei mai buni contrabasi\u0219ti de jazz rom\u00e2ni ai momentului. Ceea ce \u00eei une\u0219te \u2013 acest UNITED 4 \/U4, dup\u0103 cum spune \u00eens\u0103\u0219i R\u0103zvan \u2013\u00a0 este pasiunea pentru sonorit\u0103\u021bi noi \u00een\u0103untrul limbajului de\u00a0 jazz \u00een secolul XXI. Muzica scris\u0103 pentru formatul clasic al combo-ului de jazz \u2013 saxofon, pian, contrabas \u0219i baterie \u2013 a fost compus\u0103 \u00een perioade mai pu\u021bin fericite din via\u021b\u0103 lui R\u0103zvan \u0219i fiecare pies\u0103 marcheaz\u0103 un moment important din via\u021ba compozitorului. O fuziune dintre jazzul clasic \u0219i avangard\u0103 R\u0103zvan Cojanu U4 este debutul unui proiect de care cu siguran\u021b\u0103 vom mai auzi.<\/p>\n<hr \/>\n<p>DAN MITROFAN QUARTET I THE COMFORTER<\/p>\n<p>Dan Mitrofan \u2013 chitar\u0103, compozi\u021bii, lider<\/p>\n<p>C\u0103t\u0103lin Milea \u2013 saxofoane<\/p>\n<p>Michael Acker \u2013 bas<\/p>\n<p>Matheus Jardim (Brazilia) \u2013 baterie<\/p>\n<p>Unul dintre cei mai interesan\u021bi chitaristi \u0219i muzicieni de jazz rom\u00e2ni din noua genera\u021bie, Dan Mitrofan prezint\u0103, \u00een cadrul stagiunii Artist in Residence The Comforter, cvartetul s\u0103u format din C\u0103t\u0103lin Milea la saxofoane, Michael Acker la bas \u0219i bateristul Matheus Jardim, invitat din Brazilia.<\/p>\n<p>\u00cen propriile cuvinte, Dan Mitrofan despre cvartetul The Comforter:<\/p>\n<p>\u201eOric\u00e2t de distorsionat\u0103 \u0219i bolnav\u0103 ar fi lumea (perceptiei), exist\u0103 \u00een mine o parte neafectat\u0103 \u0219i intact\u0103 care \u00eemi spune pe un ton bl\u00e2nd \u0219i discret c\u0103 totul e ok; nu se \u00eent\u00e2mpl\u0103 des, dar atunci totul transpare ca ireal, un teatru absurd \u0219i for\u021bat ce \u00eenceteaz\u0103 f\u0103c\u00e2nd loc confortului, bucuriei \u0219i \u00eemp\u0103c\u0103rii.<\/p>\n<p>Prin analogie, poate fi vorba de o \u00eemp\u0103care a mai multor laturi \u0219i etape muzicale personale, de la jazz, pop rock, metal, muzic\u0103 renascentist\u0103, experimental, alternativ, punk, dark, care mi-au l\u0103sat de-a lungul timpului amprenta lor.\u201d<\/p>\n<p>Biletele pot fi achizi\u0163ionate online de pe https:\/\/arcub.ro\/bilete-online\/ \u0219i http:\/\/www.bilet.ro\/ sau de la casa de bilete de la sediul ARCUB (Strada Lipscani, nr. 84-90).<\/p>\n<p>Pre\u021buri: 35 lei (Categoria I). Elevii, studen\u0163ii \u0219i pensionarii care se prezint\u0103 la Casa de Bilete ARCUB cu legitima\u0163iile pot achizi\u0163iona bilete la pre\u0163ul de 25 lei.<\/p>\n<p>ARTIST IN RESIDENCE<\/p>\n<p>Av\u00e2nd drept tem\u0103 propus\u0103 de pianistul Lucian Ban \u201eJazz-ul \u00een secolul XXI \u2013 de la tradi\u021bie la avangard\u0103\u201d, \u00a0programul ARTIST IN RESIDENCE continu\u0103 \u00een 2017 seria concertelor de jazz cu proiecte originale, care vor fi\u00a0 prezentate \u00een premier\u0103. Programul se remarc\u0103 printr-o selec\u021bie spectaculoas\u0103 de muzicieni rom\u00e2ni \u0219i interna\u021bionali.<\/p>\n<p>Programul ARTIST IN RESIDENCE invit\u0103 muzicieni de jazz s\u0103 curatorieze un sezon de concerte cu o tem\u0103 propus\u0103 de ei \u00een\u0219i\u0219i. Arti\u0219tii \u00een reziden\u021b\u0103 devin curatori \u0219i performeri ai unor stagiuni tematice care prezint\u0103 publicului din Bucure\u0219ti muzicieni rom\u00e2ni \u0219i interna\u021bionali \u00een proiecte ce ilustreaz\u0103 tema aleas\u0103. Programul \u00ee\u0219i dore\u0219te s\u0103 devin\u0103 o pepinier\u0103 pentru noile direc\u021bii \u00een jazz-ul rom\u00e2nesc \u0219i european, o platform\u0103 pentru creativitatea scenei muzicale din Rom\u00e2nia.<\/p>\n<p>Jazz-ul la \u00eenceputul acestui mileniu este mai divers \u0219i mai viu ca niciodat\u0103 \u2013 o muzic\u0103 cu adev\u0103rat global\u0103, jazz-ul a devenit un limbaj universal care adopt\u0103 \u0219i este influen\u021bat de miriade de surse complementare \u0219i genuri muzicale: de la muzica clasic\u0103 sau cea cameral\u0103 de sorginte european\u0103, la muzica diverselor popoare sau cea etno, de la rock \u0219i hip hop, la muzica electronic\u0103, jazz-ul a ar\u0103tat o capacitate extraordinar\u0103 de a le \u00eengloba pe toate acestea \u0219i de a crea noi direc\u021bii \u00een secolul XXI \u2013 Lucian Ban, curator ARTIST IN RESIDENCE.<\/p>\n","protected":false},"excerpt":{"rendered":"<p>R\u0102ZVAN COJANU U4 R\u0103zvan Cojanu \u2013 contrabas, compozi\u021bii, lider Arnau Garoffe (Spania)\u00a0 \u2013 saxofoane, Mike Roelofs (Olanda) \u2013 pian, Borislav Petrov (Bulgaria) \u2013 baterie R\u0103zvan Cojanu prezint\u0103 \u00een premier\u0103 \u00een cadrul stagiunii Artist In Residence cvartetul s\u0103u interna\u021bional U4. Patru muzicieni din \u021b\u0103ri diferite, care nu au mai colaborat p\u00e2n\u0103 acum, se \u00eent\u00e2lnesc la Bucure\u0219ti [&hellip;]<\/p>\n","protected":false},"author":4,"featured_media":0,"comment_status":"open","ping_status":"open","sticky":false,"template":"","format":"standard","meta":{"_acf_changed":false,"footnotes":""},"categories":[24],"tags":[289,464,1443,326,404,234,50,29,744,203,403,278,402,2214,256,243,405,974,2212,406,36,54,2216,855,2211,2213,1677,2210,2215,393,212,1878],"class_list":["post-38744","post","type-post","status-publish","format-standard","hentry","category-muzicale","tag-arta","tag-arta-contemporana","tag-arta-plastica","tag-arte-vizuale","tag-cinema","tag-concert","tag-concert-cameral","tag-concerte","tag-conferinta","tag-cultura","tag-cultural","tag-dezbateri","tag-eveniment-cultural","tag-evenimente-culturale","tag-expozitie","tag-expozitii","tag-film","tag-galerie","tag-muzee","tag-muzeu","tag-muzica-clasica","tag-opera","tag-organizare-evenimente","tag-pictura","tag-sali","tag-sali-evenimente","tag-sculptura","tag-spatii-culturale","tag-spatii-evenimente","tag-spectacol","tag-teatru","tag-teatru-experimental"],"acf":{"cc_filter":[],"poza_fixa":"https:\/\/www.societateamuzicala.ro\/locurileculturii\/wp-content\/uploads\/2016\/07\/large_8141_0035.jpg","url_poza_fixa":"","oras":"Bucuresti","in_strainatate":false,"pian":false,"orga":false,"data1":"1494531000","data2":"","afiseaza_data_post":false,"acf_sala":[{"ID":17776,"post_author":"2","post_date":"2015-10-03 20:35:01","post_date_gmt":"2015-10-03 20:35:01","post_content":"Recent inaugurata, <strong>Sala Mare<\/strong> de la ARCUB beneficiaza de dotari tehnice de ultima generatie si poate gazdui evenimente pentru maximum 200 de persoane. Sala Mare de la ARCUB, cu un decor avangardist si scenotehnica modulara, ofera\u00a0spectacolelor de teatru, concertelor, dar si conferintelor cu public restrans,\u00a0un\u00a0loc foarte potrivit.\r\n\r\nDe altfel, un mare avantaj\u00a0al Salii Mari de la ARCUB se datoreaza locatiei centrale a acesteia, pe strada Gabroveni, nr. 50-53, care va facilita intotdeauna accesul publicului bucurestean la evenimentele organizate aici.\r\n\r\n[gallery link=\"file\" ids=\"25803,25806,25808\" orderby=\"rand\"]\r\n\r\n&nbsp;","post_title":"Sala Mare","post_excerpt":"","post_status":"publish","comment_status":"open","ping_status":"open","post_password":"","post_name":"arcub-gabroveni-sala-mare","to_ping":"","pinged":"","post_modified":"2016-08-01 16:31:07","post_modified_gmt":"2016-08-01 16:31:07","post_content_filtered":"","post_parent":0,"guid":"https:\/\/www.societateamuzicala.ro\/?p=17776","menu_order":0,"post_type":"post","post_mime_type":"","comment_count":"0","filter":"raw"}],"centru_cultural":"","articole_parinte":[{"ID":17776,"post_author":"2","post_date":"2015-10-03 20:35:01","post_date_gmt":"2015-10-03 20:35:01","post_content":"Recent inaugurata, <strong>Sala Mare<\/strong> de la ARCUB beneficiaza de dotari tehnice de ultima generatie si poate gazdui evenimente pentru maximum 200 de persoane. Sala Mare de la ARCUB, cu un decor avangardist si scenotehnica modulara, ofera\u00a0spectacolelor de teatru, concertelor, dar si conferintelor cu public restrans,\u00a0un\u00a0loc foarte potrivit.\r\n\r\nDe altfel, un mare avantaj\u00a0al Salii Mari de la ARCUB se datoreaza locatiei centrale a acesteia, pe strada Gabroveni, nr. 50-53, care va facilita intotdeauna accesul publicului bucurestean la evenimentele organizate aici.\r\n\r\n[gallery link=\"file\" ids=\"25803,25806,25808\" orderby=\"rand\"]\r\n\r\n&nbsp;","post_title":"Sala Mare","post_excerpt":"","post_status":"publish","comment_status":"open","ping_status":"open","post_password":"","post_name":"arcub-gabroveni-sala-mare","to_ping":"","pinged":"","post_modified":"2016-08-01 16:31:07","post_modified_gmt":"2016-08-01 16:31:07","post_content_filtered":"","post_parent":0,"guid":"https:\/\/www.societateamuzicala.ro\/?p=17776","menu_order":0,"post_type":"post","post_mime_type":"","comment_count":"0","filter":"raw"}],"articole_relationate":"","coordonate":{"address":"Hanul Gabroveni, Strada Lipscani 86, Bucure\u0219ti 030167, Rom\u00e2nia","lat":"44.43164237869769","lng":"26.10259160399437"},"tab1_nume":"Despre","tab3":false},"yoast_head":"<!-- This site is optimized with the Yoast SEO plugin v27.5 - https:\/\/yoast.com\/product\/yoast-seo-wordpress\/ -->\n<title>Dan Mitrofan Quartet &amp; R\u0103zvan Cojanu U4 I dublu concert - Locurile Culturii<\/title>\n<meta name=\"description\" content=\"Catalogul salilor si spatiilor in care se pot organiza evenimente culturale, evenimentele care au loc in aceste spatii\" \/>\n<meta name=\"robots\" content=\"index, follow, max-snippet:-1, max-image-preview:large, max-video-preview:-1\" \/>\n<link rel=\"canonical\" href=\"https:\/\/www.societateamuzicala.ro\/locurileculturii\/dan-mitrofan-quartet-razvan-cojanu-u4-dublu-concert\/\" \/>\n<meta property=\"og:locale\" content=\"en_US\" \/>\n<meta property=\"og:type\" content=\"article\" \/>\n<meta property=\"og:title\" content=\"Dan Mitrofan Quartet &amp; R\u0103zvan Cojanu U4 I dublu concert - Locurile Culturii\" \/>\n<meta property=\"og:description\" content=\"Catalogul salilor si spatiilor in care se pot organiza evenimente culturale, evenimentele care au loc in aceste spatii\" \/>\n<meta property=\"og:url\" content=\"https:\/\/www.societateamuzicala.ro\/locurileculturii\/dan-mitrofan-quartet-razvan-cojanu-u4-dublu-concert\/\" \/>\n<meta property=\"og:site_name\" content=\"Locurile Culturii\" \/>\n<meta property=\"article:published_time\" content=\"2017-05-02T09:07:21+00:00\" \/>\n<meta name=\"author\" content=\"Daniel Catoi\" \/>\n<meta name=\"twitter:card\" content=\"summary_large_image\" \/>\n<meta name=\"twitter:label1\" content=\"Written by\" \/>\n\t<meta name=\"twitter:data1\" content=\"Daniel Catoi\" \/>\n\t<meta name=\"twitter:label2\" content=\"Est. reading time\" \/>\n\t<meta name=\"twitter:data2\" content=\"3 minutes\" \/>\n<script type=\"application\/ld+json\" class=\"yoast-schema-graph\">{\"@context\":\"https:\\\/\\\/schema.org\",\"@graph\":[{\"@type\":\"Article\",\"@id\":\"https:\\\/\\\/www.societateamuzicala.ro\\\/locurileculturii\\\/dan-mitrofan-quartet-razvan-cojanu-u4-dublu-concert\\\/#article\",\"isPartOf\":{\"@id\":\"https:\\\/\\\/www.societateamuzicala.ro\\\/locurileculturii\\\/dan-mitrofan-quartet-razvan-cojanu-u4-dublu-concert\\\/\"},\"author\":{\"name\":\"Daniel Catoi\",\"@id\":\"https:\\\/\\\/www.societateamuzicala.ro\\\/locurileculturii\\\/#\\\/schema\\\/person\\\/9b52fa5c7675208e1da104f801fbb85b\"},\"headline\":\"Dan Mitrofan Quartet &#038; R\u0103zvan Cojanu U4 I dublu concert\",\"datePublished\":\"2017-05-02T09:07:21+00:00\",\"mainEntityOfPage\":{\"@id\":\"https:\\\/\\\/www.societateamuzicala.ro\\\/locurileculturii\\\/dan-mitrofan-quartet-razvan-cojanu-u4-dublu-concert\\\/\"},\"wordCount\":651,\"commentCount\":0,\"keywords\":[\"arta\",\"arta contemporana\",\"arta plastica\",\"arte vizuale\",\"cinema\",\"concert\",\"concert cameral\",\"concerte\",\"conferinta\",\"cultura\",\"cultural\",\"dezbateri\",\"eveniment cultural\",\"evenimente culturale\",\"expozitie\",\"expozitii\",\"film\",\"galerie\",\"muzee\",\"muzeu\",\"muzica clasica\",\"opera\",\"organizare evenimente\",\"pictura\",\"Sali\",\"Sali evenimente\",\"sculptura\",\"spatii culturale\",\"spatii evenimente\",\"spectacol\",\"teatru\",\"teatru experimental\"],\"articleSection\":[\"Muzica si opera\"],\"inLanguage\":\"en-US\",\"potentialAction\":[{\"@type\":\"CommentAction\",\"name\":\"Comment\",\"target\":[\"https:\\\/\\\/www.societateamuzicala.ro\\\/locurileculturii\\\/dan-mitrofan-quartet-razvan-cojanu-u4-dublu-concert\\\/#respond\"]}]},{\"@type\":\"WebPage\",\"@id\":\"https:\\\/\\\/www.societateamuzicala.ro\\\/locurileculturii\\\/dan-mitrofan-quartet-razvan-cojanu-u4-dublu-concert\\\/\",\"url\":\"https:\\\/\\\/www.societateamuzicala.ro\\\/locurileculturii\\\/dan-mitrofan-quartet-razvan-cojanu-u4-dublu-concert\\\/\",\"name\":\"Dan Mitrofan Quartet & R\u0103zvan Cojanu U4 I dublu concert - Locurile Culturii\",\"isPartOf\":{\"@id\":\"https:\\\/\\\/www.societateamuzicala.ro\\\/locurileculturii\\\/#website\"},\"datePublished\":\"2017-05-02T09:07:21+00:00\",\"author\":{\"@id\":\"https:\\\/\\\/www.societateamuzicala.ro\\\/locurileculturii\\\/#\\\/schema\\\/person\\\/9b52fa5c7675208e1da104f801fbb85b\"},\"description\":\"Catalogul salilor si spatiilor in care se pot organiza evenimente culturale, evenimentele care au loc in aceste spatii\",\"breadcrumb\":{\"@id\":\"https:\\\/\\\/www.societateamuzicala.ro\\\/locurileculturii\\\/dan-mitrofan-quartet-razvan-cojanu-u4-dublu-concert\\\/#breadcrumb\"},\"inLanguage\":\"en-US\",\"potentialAction\":[{\"@type\":\"ReadAction\",\"target\":[\"https:\\\/\\\/www.societateamuzicala.ro\\\/locurileculturii\\\/dan-mitrofan-quartet-razvan-cojanu-u4-dublu-concert\\\/\"]}]},{\"@type\":\"BreadcrumbList\",\"@id\":\"https:\\\/\\\/www.societateamuzicala.ro\\\/locurileculturii\\\/dan-mitrofan-quartet-razvan-cojanu-u4-dublu-concert\\\/#breadcrumb\",\"itemListElement\":[{\"@type\":\"ListItem\",\"position\":1,\"name\":\"Home\",\"item\":\"https:\\\/\\\/www.societateamuzicala.ro\\\/locurileculturii\\\/\"},{\"@type\":\"ListItem\",\"position\":2,\"name\":\"Dan Mitrofan Quartet &#038; R\u0103zvan Cojanu U4 I dublu concert\"}]},{\"@type\":\"WebSite\",\"@id\":\"https:\\\/\\\/www.societateamuzicala.ro\\\/locurileculturii\\\/#website\",\"url\":\"https:\\\/\\\/www.societateamuzicala.ro\\\/locurileculturii\\\/\",\"name\":\"Locurile Culturii\",\"description\":\"Catalogul spatiilor culturale - lista completa a salilor si spatiilor in care se pot face evenimente culturale\",\"potentialAction\":[{\"@type\":\"SearchAction\",\"target\":{\"@type\":\"EntryPoint\",\"urlTemplate\":\"https:\\\/\\\/www.societateamuzicala.ro\\\/locurileculturii\\\/?s={search_term_string}\"},\"query-input\":{\"@type\":\"PropertyValueSpecification\",\"valueRequired\":true,\"valueName\":\"search_term_string\"}}],\"inLanguage\":\"en-US\"},{\"@type\":\"Person\",\"@id\":\"https:\\\/\\\/www.societateamuzicala.ro\\\/locurileculturii\\\/#\\\/schema\\\/person\\\/9b52fa5c7675208e1da104f801fbb85b\",\"name\":\"Daniel Catoi\",\"image\":{\"@type\":\"ImageObject\",\"inLanguage\":\"en-US\",\"@id\":\"https:\\\/\\\/secure.gravatar.com\\\/avatar\\\/c0882a218c936889972a11c796e8ed91e0aff99b92af7212c04f740da3928233?s=96&d=mm&r=g\",\"url\":\"https:\\\/\\\/secure.gravatar.com\\\/avatar\\\/c0882a218c936889972a11c796e8ed91e0aff99b92af7212c04f740da3928233?s=96&d=mm&r=g\",\"contentUrl\":\"https:\\\/\\\/secure.gravatar.com\\\/avatar\\\/c0882a218c936889972a11c796e8ed91e0aff99b92af7212c04f740da3928233?s=96&d=mm&r=g\",\"caption\":\"Daniel Catoi\"},\"url\":\"https:\\\/\\\/www.societateamuzicala.ro\\\/locurileculturii\\\/author\\\/daniel\\\/\"}]}<\/script>\n<!-- \/ Yoast SEO plugin. -->","yoast_head_json":{"title":"Dan Mitrofan Quartet & R\u0103zvan Cojanu U4 I dublu concert - Locurile Culturii","description":"Catalogul salilor si spatiilor in care se pot organiza evenimente culturale, evenimentele care au loc in aceste spatii","robots":{"index":"index","follow":"follow","max-snippet":"max-snippet:-1","max-image-preview":"max-image-preview:large","max-video-preview":"max-video-preview:-1"},"canonical":"https:\/\/www.societateamuzicala.ro\/locurileculturii\/dan-mitrofan-quartet-razvan-cojanu-u4-dublu-concert\/","og_locale":"en_US","og_type":"article","og_title":"Dan Mitrofan Quartet & R\u0103zvan Cojanu U4 I dublu concert - Locurile Culturii","og_description":"Catalogul salilor si spatiilor in care se pot organiza evenimente culturale, evenimentele care au loc in aceste spatii","og_url":"https:\/\/www.societateamuzicala.ro\/locurileculturii\/dan-mitrofan-quartet-razvan-cojanu-u4-dublu-concert\/","og_site_name":"Locurile Culturii","article_published_time":"2017-05-02T09:07:21+00:00","author":"Daniel Catoi","twitter_card":"summary_large_image","twitter_misc":{"Written by":"Daniel Catoi","Est. reading time":"3 minutes"},"schema":{"@context":"https:\/\/schema.org","@graph":[{"@type":"Article","@id":"https:\/\/www.societateamuzicala.ro\/locurileculturii\/dan-mitrofan-quartet-razvan-cojanu-u4-dublu-concert\/#article","isPartOf":{"@id":"https:\/\/www.societateamuzicala.ro\/locurileculturii\/dan-mitrofan-quartet-razvan-cojanu-u4-dublu-concert\/"},"author":{"name":"Daniel Catoi","@id":"https:\/\/www.societateamuzicala.ro\/locurileculturii\/#\/schema\/person\/9b52fa5c7675208e1da104f801fbb85b"},"headline":"Dan Mitrofan Quartet &#038; R\u0103zvan Cojanu U4 I dublu concert","datePublished":"2017-05-02T09:07:21+00:00","mainEntityOfPage":{"@id":"https:\/\/www.societateamuzicala.ro\/locurileculturii\/dan-mitrofan-quartet-razvan-cojanu-u4-dublu-concert\/"},"wordCount":651,"commentCount":0,"keywords":["arta","arta contemporana","arta plastica","arte vizuale","cinema","concert","concert cameral","concerte","conferinta","cultura","cultural","dezbateri","eveniment cultural","evenimente culturale","expozitie","expozitii","film","galerie","muzee","muzeu","muzica clasica","opera","organizare evenimente","pictura","Sali","Sali evenimente","sculptura","spatii culturale","spatii evenimente","spectacol","teatru","teatru experimental"],"articleSection":["Muzica si opera"],"inLanguage":"en-US","potentialAction":[{"@type":"CommentAction","name":"Comment","target":["https:\/\/www.societateamuzicala.ro\/locurileculturii\/dan-mitrofan-quartet-razvan-cojanu-u4-dublu-concert\/#respond"]}]},{"@type":"WebPage","@id":"https:\/\/www.societateamuzicala.ro\/locurileculturii\/dan-mitrofan-quartet-razvan-cojanu-u4-dublu-concert\/","url":"https:\/\/www.societateamuzicala.ro\/locurileculturii\/dan-mitrofan-quartet-razvan-cojanu-u4-dublu-concert\/","name":"Dan Mitrofan Quartet & R\u0103zvan Cojanu U4 I dublu concert - Locurile Culturii","isPartOf":{"@id":"https:\/\/www.societateamuzicala.ro\/locurileculturii\/#website"},"datePublished":"2017-05-02T09:07:21+00:00","author":{"@id":"https:\/\/www.societateamuzicala.ro\/locurileculturii\/#\/schema\/person\/9b52fa5c7675208e1da104f801fbb85b"},"description":"Catalogul salilor si spatiilor in care se pot organiza evenimente culturale, evenimentele care au loc in aceste spatii","breadcrumb":{"@id":"https:\/\/www.societateamuzicala.ro\/locurileculturii\/dan-mitrofan-quartet-razvan-cojanu-u4-dublu-concert\/#breadcrumb"},"inLanguage":"en-US","potentialAction":[{"@type":"ReadAction","target":["https:\/\/www.societateamuzicala.ro\/locurileculturii\/dan-mitrofan-quartet-razvan-cojanu-u4-dublu-concert\/"]}]},{"@type":"BreadcrumbList","@id":"https:\/\/www.societateamuzicala.ro\/locurileculturii\/dan-mitrofan-quartet-razvan-cojanu-u4-dublu-concert\/#breadcrumb","itemListElement":[{"@type":"ListItem","position":1,"name":"Home","item":"https:\/\/www.societateamuzicala.ro\/locurileculturii\/"},{"@type":"ListItem","position":2,"name":"Dan Mitrofan Quartet &#038; R\u0103zvan Cojanu U4 I dublu concert"}]},{"@type":"WebSite","@id":"https:\/\/www.societateamuzicala.ro\/locurileculturii\/#website","url":"https:\/\/www.societateamuzicala.ro\/locurileculturii\/","name":"Locurile Culturii","description":"Catalogul spatiilor culturale - lista completa a salilor si spatiilor in care se pot face evenimente culturale","potentialAction":[{"@type":"SearchAction","target":{"@type":"EntryPoint","urlTemplate":"https:\/\/www.societateamuzicala.ro\/locurileculturii\/?s={search_term_string}"},"query-input":{"@type":"PropertyValueSpecification","valueRequired":true,"valueName":"search_term_string"}}],"inLanguage":"en-US"},{"@type":"Person","@id":"https:\/\/www.societateamuzicala.ro\/locurileculturii\/#\/schema\/person\/9b52fa5c7675208e1da104f801fbb85b","name":"Daniel Catoi","image":{"@type":"ImageObject","inLanguage":"en-US","@id":"https:\/\/secure.gravatar.com\/avatar\/c0882a218c936889972a11c796e8ed91e0aff99b92af7212c04f740da3928233?s=96&d=mm&r=g","url":"https:\/\/secure.gravatar.com\/avatar\/c0882a218c936889972a11c796e8ed91e0aff99b92af7212c04f740da3928233?s=96&d=mm&r=g","contentUrl":"https:\/\/secure.gravatar.com\/avatar\/c0882a218c936889972a11c796e8ed91e0aff99b92af7212c04f740da3928233?s=96&d=mm&r=g","caption":"Daniel Catoi"},"url":"https:\/\/www.societateamuzicala.ro\/locurileculturii\/author\/daniel\/"}]}},"_links":{"self":[{"href":"https:\/\/www.societateamuzicala.ro\/locurileculturii\/wp-json\/wp\/v2\/posts\/38744","targetHints":{"allow":["GET"]}}],"collection":[{"href":"https:\/\/www.societateamuzicala.ro\/locurileculturii\/wp-json\/wp\/v2\/posts"}],"about":[{"href":"https:\/\/www.societateamuzicala.ro\/locurileculturii\/wp-json\/wp\/v2\/types\/post"}],"author":[{"embeddable":true,"href":"https:\/\/www.societateamuzicala.ro\/locurileculturii\/wp-json\/wp\/v2\/users\/4"}],"replies":[{"embeddable":true,"href":"https:\/\/www.societateamuzicala.ro\/locurileculturii\/wp-json\/wp\/v2\/comments?post=38744"}],"version-history":[{"count":0,"href":"https:\/\/www.societateamuzicala.ro\/locurileculturii\/wp-json\/wp\/v2\/posts\/38744\/revisions"}],"wp:attachment":[{"href":"https:\/\/www.societateamuzicala.ro\/locurileculturii\/wp-json\/wp\/v2\/media?parent=38744"}],"wp:term":[{"taxonomy":"category","embeddable":true,"href":"https:\/\/www.societateamuzicala.ro\/locurileculturii\/wp-json\/wp\/v2\/categories?post=38744"},{"taxonomy":"post_tag","embeddable":true,"href":"https:\/\/www.societateamuzicala.ro\/locurileculturii\/wp-json\/wp\/v2\/tags?post=38744"}],"curies":[{"name":"wp","href":"https:\/\/api.w.org\/{rel}","templated":true}]}}