{"id":38734,"date":"2017-05-02T08:22:04","date_gmt":"2017-05-02T08:22:04","guid":{"rendered":"http:\/\/www.societateamuzicala.ro\/locurileculturii\/?p=38734"},"modified":"2017-07-04T11:33:26","modified_gmt":"2017-07-04T11:33:26","slug":"terorism-de-fratii-presniakov","status":"publish","type":"post","link":"https:\/\/www.societateamuzicala.ro\/locurileculturii\/terorism-de-fratii-presniakov\/","title":{"rendered":"&#8220;Terorism&#8221;, de Fra\u021bii Presniakov"},"content":{"rendered":"<p><strong>Terorism<\/strong><br \/>\nde Fra\u021bii Presniakov<br \/>\nTraducerea: Ma\u0219a Dinescu<br \/>\nRegia: Felix Alexa<br \/>\nScenografia: Andrada Chiriac<br \/>\nConcept video: Neil Coltofeanu<br \/>\nCu: Claudiu Bleon\u021b, Marius Bodochi, Ileana Stana Ionescu, Adela M\u0103rculescu, Irina Movila, Andrei Fin\u0163i, Mihai Calin, Tania Popa, Mihai Calota, Oprea Razvan, Florentina \u0162ilea, Ionescu Rodica, Natalia Calin,Victor \u021a\u0103peanu , Lauren\u021biu Andronescu, Darin Don, Luca Ciucan.<br \/>\nLa fel ca Ilf \u0219i Petrov, Oleg \u0219i Vladimir Presniakov scriu \u00een tandem. Semn\u0103tura sub care public\u0103, fra\u021bii Presniakov, a devenit, rapid, \u201emarc\u0103 \u00eenregistrat\u0103\u201d a teatrului rusesc. Piesa \u201eTerorism\u201d le-a adus celebritatea interna\u021bional\u0103 \u0219i onoarea de a fi cei mai juca\u021bi dramaturgi ru\u0219i dup\u0103 Cehov.<br \/>\nCu \u201eT<span class=\"text_exposed_show\">erorism\u201d, regizorul Felix Alexa practic\u0103 un tip de teatru aflat \u00een priz\u0103 direct\u0103 cu realitatea. Ideea mont\u0103rii acestui text la TNB s-a n\u0103scut \u00een zilele ulterioare atentatului de la Paris \u00eempotriva revistei \u201eCharlie Hebdo\u201d.<br \/>\nDe ce, brusc, devenim cu to\u021bii incontrolabili?- se \u00eentreab\u0103 unul dintre personajele cheie ale acestei piese. R\u0103spunsul \u00eel pute\u021bi afla \u00eentr-un spectacol modern, construit pe baza unor pove\u0219ti de via\u021b\u0103 legate \u00eentre ele. \u201eTerorism\u201d \u2013 o punere \u00een scen\u0103 cu structur\u0103 circular\u0103, aidoma unei hore a terorii, \u00een care se \u00eenl\u0103n\u021buie umorul sardonic, ironia, frica \u0219i absurdul existen\u021bei. O fars\u0103 apocaliptic\u0103 despre e\u0219ecul lumii contemporane.<br \/>\n\u201ePiesa demonstreaz\u0103 c\u0103 nu e neap\u0103rat\u0103 nevoie de cadavre, pentru ca undeva, \u00een ad\u00e2ncul nostru, s\u0103 murim \u00eencet sub teroarea propriei vie\u021bi cotidiene. Av\u00e2nd, totu\u0219i, iluzia fericirii\u2026\u201d (Felix Alexa)<br \/>\n\u2605 \u2605 \u2605 \u2605 \u2605 &#8220;Totul are leg\u0103tur\u0103 cu totul. Frica animalic\u0103 genereaz\u0103 violen\u021b\u0103. Micile agresiuni, puse cap la cap, duc la marea catastrof\u0103.<br \/>\nSe pare c\u0103 Mihai C\u0103lin \u0219i-a f\u0103cut un obicei din a surprinde spectatorul \u0219i iat\u0103-l, din nou, oferind o surpriz\u0103 de propor\u021bii \u00een rolul amorezului care \u00ee\u0219i c\u00e2nt\u0103re\u0219te cu sadism rece senza\u021biile \u0219i reac\u021biile. Felicit\u0103ri Felix Alexa, felicit\u0103ri echipei de actori care a \u201dsunat\u201d ca o orchestr\u0103 impecabil dirijat\u0103, felicit\u0103ri Neil Coltofeanu pentru conceptul video care completeaz\u0103 sugestiva scenografie a Andradei Chiriac&#8221;.<br \/>\nGabriela Hurezean, Muze \u0219i arme<br \/>\n\u2605 \u2605 \u2605 \u2605 \u2605 \u201cUn text t\u0103ios, acid, violent, acut, care vorbe\u0219te despre terorismul mult mai periculos, cel cotidian, despre dictatura violen\u021bei din noi \u0219i de l\u00e2ng\u0103 noi, despre dezumanizare, \u00eensingurare, incomunicare \u0219i cruzime. (\u2026)<br \/>\nMontarea lui Felix Alexa are o structur\u0103 secven\u021bial\u0103, scene bine construite sunt mici spectacole \u00een sine, buc\u0103\u021bi care \u00een final recompun un puzzle. Reu\u0219ind s\u0103 se sustrag\u0103 cli\u0219eelor despre terorism (ultravehiculate!), Felix Alexa propune o montare dinamic\u0103, \u00een care urm\u0103re\u0219te s\u0103 aduc\u0103 \u00een prim-plan, prin momente concentrate, din care nu lipse\u0219te umorul extrem de negru \u0219i extrem de amar, o realitate interioar\u0103 ce devine pe scena de la sala Atelier adev\u0103rata bomb\u0103 cu ceas a \u201eterorismului\u201d.<br \/>\nMonica Andronescu, Yorick.ro<br \/>\n\u2605 \u2605 \u2605 \u2605 \u2605 &#8220;Terorism&#8221; este \u00een egal\u0103 m\u0103sur\u0103, thriller psihologic, fars\u0103, comedie absurd\u0103 sau dram\u0103 cu impact social. Publicul face o c\u0103l\u0103torie teribil\u0103 prin dormitoarele (chiar paturile), birourile, s\u0103lile de du\u015f sau de a\u015fteptare, prin mintea omenirii contemporane, asemenea unor m\u0103runtaie explorate aplicat \u015fi cu s\u00e2nge rece.<br \/>\nProduc\u0163ia beneficiaz\u0103 de o distribu\u0163ie eterogen\u0103 remarcabil\u0103 care a \u00een\u0163eles \u015fi valorificat toate nuan\u0163ele seduc\u0103tor de variate ale textului. Fiecare actor reu\u015fe\u015fte s\u0103 aduc\u0103 propriul personaj la anvergura, for\u0163a \u015fi impactul protagonistului, al rolului principal. Un spectacol f\u0103r\u0103 personaje secundare \u2013 asta e o performan\u0163\u0103 artistic\u0103\u201d.<br \/>\nR\u0103zvana Ni\u0163\u0103, Port.ro<br \/>\n\u2605 \u2605 \u2605 \u2605 \u2605 &#8220;Terorism&#8221; este un spectacol m\u00e2nuit cu art\u0103 de regizor \u00een compania unor actori deosebi\u021bi; transmite emo\u021bie, tensiune, suspans spectatorilor, f\u0103r\u0103 ostenta\u021bia trimiterii prin efecte la problema fierbinte a terorismului ce amenin\u021b\u0103 geopolitic realitatea actual\u0103. Pentru prima scen\u0103 a \u021b\u0103rii, ca \u0219i pentru via\u021ba teatral\u0103 marcheaz\u0103 un eveniment prin alegerea repertorial\u0103 \u0219i realizarea scenic\u0103\u201d.<br \/>\nIleana Lucaciu<br \/>\n\u2605 \u2605 \u2605 \u2605 \u2605 &#8220;Terorism este un spectacol inteligent, mo\u00addern, actual; este un spectacol-caleidoscop, de ale c\u0103rui imagini nu te po\u021bi debarasa. Este o demonstra\u021bie inteligent\u0103, dar pesimist\u0103 des\u00adpre violen\u021ba individual\u0103, despre \u00eentoarcerea la instinct \u00eentr-o lume de o\u021bel \u0219i plasme.<br \/>\nMonica Andronescu, Adev\u0103rul<br \/>\n&#8220;Felix Alexa a ales calea unei t\u0103ieturi nete a \u00eent\u00e2mpl\u0103rilor \u015fi a replicilor, cu personaje bine conturate, f\u0103r\u0103 sentimentalisme, ba &#8211; a\u015f spune &#8211; dimpotriv\u0103, flutur\u00e2nd cinismul contemporan nou\u0103 pe la nasul mai tuturor.&#8221;<br \/>\nNicolae Prelipceanu, Revista Teatrul azi<br \/>\nSpectacol nerecomandat copiilor sub 14 ani<br \/>\nBilete: 40 lei; 20 lei (cu reducere)<\/span><\/p>\n","protected":false},"excerpt":{"rendered":"<p>Terorism de Fra\u021bii Presniakov Traducerea: Ma\u0219a Dinescu Regia: Felix Alexa Scenografia: Andrada Chiriac Concept video: Neil Coltofeanu Cu: Claudiu Bleon\u021b, Marius Bodochi, Ileana Stana Ionescu, Adela M\u0103rculescu, Irina Movila, Andrei Fin\u0163i, Mihai Calin, Tania Popa, Mihai Calota, Oprea Razvan, Florentina \u0162ilea, Ionescu Rodica, Natalia Calin,Victor \u021a\u0103peanu , Lauren\u021biu Andronescu, Darin Don, Luca Ciucan. La fel [&hellip;]<\/p>\n","protected":false},"author":4,"featured_media":0,"comment_status":"open","ping_status":"open","sticky":false,"template":"","format":"standard","meta":{"_acf_changed":false,"footnotes":""},"categories":[23],"tags":[289,464,1443,326,404,234,50,29,744,203,403,278,402,2214,256,243,405,974,2212,406,36,54,2216,855,2211,2213,1677,2210,2215,393,212,1878],"class_list":["post-38734","post","type-post","status-publish","format-standard","hentry","category-teatrale","tag-arta","tag-arta-contemporana","tag-arta-plastica","tag-arte-vizuale","tag-cinema","tag-concert","tag-concert-cameral","tag-concerte","tag-conferinta","tag-cultura","tag-cultural","tag-dezbateri","tag-eveniment-cultural","tag-evenimente-culturale","tag-expozitie","tag-expozitii","tag-film","tag-galerie","tag-muzee","tag-muzeu","tag-muzica-clasica","tag-opera","tag-organizare-evenimente","tag-pictura","tag-sali","tag-sali-evenimente","tag-sculptura","tag-spatii-culturale","tag-spatii-evenimente","tag-spectacol","tag-teatru","tag-teatru-experimental"],"acf":{"cc_filter":[],"poza_fixa":"https:\/\/www.societateamuzicala.ro\/locurileculturii\/wp-content\/uploads\/2016\/08\/Sala-Atelier-3-2.jpg","url_poza_fixa":"","oras":"Bucuresti","in_strainatate":false,"pian":false,"orga":false,"data1":"1495224000","data2":"","afiseaza_data_post":false,"acf_sala":[{"ID":27421,"post_author":"4","post_date":"2016-08-02 09:39:31","post_date_gmt":"2016-08-02 09:39:31","post_content":"<strong>Sala Atelier<\/strong> este amplasata la subsolul corpului C al <a href=\"https:\/\/www.societateamuzicala.ro\/locurileculturii\/2016\/07\/24\/sala-mare-a-teatrului-national-copy\/\" target=\"_blank\">Teatrului National<\/a>, sub <a href=\"https:\/\/www.societateamuzicala.ro\/locurileculturii\/2016\/07\/28\/sala-studio-2\/\" target=\"_blank\">Sala Studio<\/a> a acestuia. Prin urmare, accesul in<strong> Sala Atelier<\/strong> se face din foaierul de la parterul teatrului. Spatiul scenic de care dispune Sala Atelier este de tipul black box, ceea ce permite montari inedite, spectacolele neconventionale devenind deja o traditie a salii. Repertoriul curent al salii contine\u00a0montari ale unor piese contemporane, nu clasice.\r\n\r\nAsezarea scaunelor pe gradene permite aranajarea in diferite moduri a spatiului de joc, iar in ceea ce priveste dimensiunea redusa\u00a0a salii, acest lucru favorieaza o intimitate a relatiei formata intre actor si spectator.\u00a0Odata cu renovarea Teatrului National,\u00a0in <strong>Sala Atelier<\/strong>\u00a0s-a construit un balcon cu 50 de locuri, alaturi de care capacitatea maxima salii ajunge la 200 de locuri. Accesul la noul balcon se face printr-o pasarela adaugata in foaierul aferent salii Atelier.\r\n\r\n[gallery link=\"file\" ids=\"27445,27436,27435\" orderby=\"rand\"]","post_title":"Sala Atelier","post_excerpt":"","post_status":"publish","comment_status":"open","ping_status":"open","post_password":"","post_name":"sala-atelier","to_ping":"","pinged":"","post_modified":"2016-08-09 10:10:54","post_modified_gmt":"2016-08-09 10:10:54","post_content_filtered":"","post_parent":0,"guid":"https:\/\/www.societateamuzicala.ro\/locurileculturii\/?p=27421","menu_order":0,"post_type":"post","post_mime_type":"","comment_count":"0","filter":"raw"}],"centru_cultural":"","articole_parinte":[{"ID":27421,"post_author":"4","post_date":"2016-08-02 09:39:31","post_date_gmt":"2016-08-02 09:39:31","post_content":"<strong>Sala Atelier<\/strong> este amplasata la subsolul corpului C al <a href=\"https:\/\/www.societateamuzicala.ro\/locurileculturii\/2016\/07\/24\/sala-mare-a-teatrului-national-copy\/\" target=\"_blank\">Teatrului National<\/a>, sub <a href=\"https:\/\/www.societateamuzicala.ro\/locurileculturii\/2016\/07\/28\/sala-studio-2\/\" target=\"_blank\">Sala Studio<\/a> a acestuia. Prin urmare, accesul in<strong> Sala Atelier<\/strong> se face din foaierul de la parterul teatrului. Spatiul scenic de care dispune Sala Atelier este de tipul black box, ceea ce permite montari inedite, spectacolele neconventionale devenind deja o traditie a salii. Repertoriul curent al salii contine\u00a0montari ale unor piese contemporane, nu clasice.\r\n\r\nAsezarea scaunelor pe gradene permite aranajarea in diferite moduri a spatiului de joc, iar in ceea ce priveste dimensiunea redusa\u00a0a salii, acest lucru favorieaza o intimitate a relatiei formata intre actor si spectator.\u00a0Odata cu renovarea Teatrului National,\u00a0in <strong>Sala Atelier<\/strong>\u00a0s-a construit un balcon cu 50 de locuri, alaturi de care capacitatea maxima salii ajunge la 200 de locuri. Accesul la noul balcon se face printr-o pasarela adaugata in foaierul aferent salii Atelier.\r\n\r\n[gallery link=\"file\" ids=\"27445,27436,27435\" orderby=\"rand\"]","post_title":"Sala Atelier","post_excerpt":"","post_status":"publish","comment_status":"open","ping_status":"open","post_password":"","post_name":"sala-atelier","to_ping":"","pinged":"","post_modified":"2016-08-09 10:10:54","post_modified_gmt":"2016-08-09 10:10:54","post_content_filtered":"","post_parent":0,"guid":"https:\/\/www.societateamuzicala.ro\/locurileculturii\/?p=27421","menu_order":0,"post_type":"post","post_mime_type":"","comment_count":"0","filter":"raw"}],"articole_relationate":"","coordonate":{"address":"Strada Jean-Louis Calderon 1-5, Bucure\u0219ti 030167, Rom\u00e2nia","lat":"44.43668330554744","lng":"26.10378384590149"},"tab1_nume":"Despre","tab3":false},"yoast_head":"<!-- This site is optimized with the Yoast SEO plugin v27.5 - https:\/\/yoast.com\/product\/yoast-seo-wordpress\/ -->\n<title>&quot;Terorism&quot;, de Fra\u021bii Presniakov - Locurile Culturii<\/title>\n<meta name=\"description\" content=\"Catalogul salilor si spatiilor in care se pot organiza evenimente culturale, evenimentele care au loc in aceste spatii\" \/>\n<meta name=\"robots\" content=\"index, follow, max-snippet:-1, max-image-preview:large, max-video-preview:-1\" \/>\n<link rel=\"canonical\" href=\"https:\/\/www.societateamuzicala.ro\/locurileculturii\/terorism-de-fratii-presniakov\/\" \/>\n<meta property=\"og:locale\" content=\"en_US\" \/>\n<meta property=\"og:type\" content=\"article\" \/>\n<meta property=\"og:title\" content=\"&quot;Terorism&quot;, de Fra\u021bii Presniakov - Locurile Culturii\" \/>\n<meta property=\"og:description\" content=\"Catalogul salilor si spatiilor in care se pot organiza evenimente culturale, evenimentele care au loc in aceste spatii\" \/>\n<meta property=\"og:url\" content=\"https:\/\/www.societateamuzicala.ro\/locurileculturii\/terorism-de-fratii-presniakov\/\" \/>\n<meta property=\"og:site_name\" content=\"Locurile Culturii\" \/>\n<meta property=\"article:published_time\" content=\"2017-05-02T08:22:04+00:00\" \/>\n<meta property=\"article:modified_time\" content=\"2017-07-04T11:33:26+00:00\" \/>\n<meta name=\"author\" content=\"Daniel Catoi\" \/>\n<meta name=\"twitter:card\" content=\"summary_large_image\" \/>\n<meta name=\"twitter:label1\" content=\"Written by\" \/>\n\t<meta name=\"twitter:data1\" content=\"Daniel Catoi\" \/>\n\t<meta name=\"twitter:label2\" content=\"Est. reading time\" \/>\n\t<meta name=\"twitter:data2\" content=\"4 minutes\" \/>\n<script type=\"application\/ld+json\" class=\"yoast-schema-graph\">{\"@context\":\"https:\\\/\\\/schema.org\",\"@graph\":[{\"@type\":\"Article\",\"@id\":\"https:\\\/\\\/www.societateamuzicala.ro\\\/locurileculturii\\\/terorism-de-fratii-presniakov\\\/#article\",\"isPartOf\":{\"@id\":\"https:\\\/\\\/www.societateamuzicala.ro\\\/locurileculturii\\\/terorism-de-fratii-presniakov\\\/\"},\"author\":{\"name\":\"Daniel Catoi\",\"@id\":\"https:\\\/\\\/www.societateamuzicala.ro\\\/locurileculturii\\\/#\\\/schema\\\/person\\\/9b52fa5c7675208e1da104f801fbb85b\"},\"headline\":\"&#8220;Terorism&#8221;, de Fra\u021bii Presniakov\",\"datePublished\":\"2017-05-02T08:22:04+00:00\",\"dateModified\":\"2017-07-04T11:33:26+00:00\",\"mainEntityOfPage\":{\"@id\":\"https:\\\/\\\/www.societateamuzicala.ro\\\/locurileculturii\\\/terorism-de-fratii-presniakov\\\/\"},\"wordCount\":751,\"commentCount\":0,\"keywords\":[\"arta\",\"arta contemporana\",\"arta plastica\",\"arte vizuale\",\"cinema\",\"concert\",\"concert cameral\",\"concerte\",\"conferinta\",\"cultura\",\"cultural\",\"dezbateri\",\"eveniment cultural\",\"evenimente culturale\",\"expozitie\",\"expozitii\",\"film\",\"galerie\",\"muzee\",\"muzeu\",\"muzica clasica\",\"opera\",\"organizare evenimente\",\"pictura\",\"Sali\",\"Sali evenimente\",\"sculptura\",\"spatii culturale\",\"spatii evenimente\",\"spectacol\",\"teatru\",\"teatru experimental\"],\"articleSection\":[\"Teatru\"],\"inLanguage\":\"en-US\",\"potentialAction\":[{\"@type\":\"CommentAction\",\"name\":\"Comment\",\"target\":[\"https:\\\/\\\/www.societateamuzicala.ro\\\/locurileculturii\\\/terorism-de-fratii-presniakov\\\/#respond\"]}]},{\"@type\":\"WebPage\",\"@id\":\"https:\\\/\\\/www.societateamuzicala.ro\\\/locurileculturii\\\/terorism-de-fratii-presniakov\\\/\",\"url\":\"https:\\\/\\\/www.societateamuzicala.ro\\\/locurileculturii\\\/terorism-de-fratii-presniakov\\\/\",\"name\":\"\\\"Terorism\\\", de Fra\u021bii Presniakov - Locurile Culturii\",\"isPartOf\":{\"@id\":\"https:\\\/\\\/www.societateamuzicala.ro\\\/locurileculturii\\\/#website\"},\"datePublished\":\"2017-05-02T08:22:04+00:00\",\"dateModified\":\"2017-07-04T11:33:26+00:00\",\"author\":{\"@id\":\"https:\\\/\\\/www.societateamuzicala.ro\\\/locurileculturii\\\/#\\\/schema\\\/person\\\/9b52fa5c7675208e1da104f801fbb85b\"},\"description\":\"Catalogul salilor si spatiilor in care se pot organiza evenimente culturale, evenimentele care au loc in aceste spatii\",\"breadcrumb\":{\"@id\":\"https:\\\/\\\/www.societateamuzicala.ro\\\/locurileculturii\\\/terorism-de-fratii-presniakov\\\/#breadcrumb\"},\"inLanguage\":\"en-US\",\"potentialAction\":[{\"@type\":\"ReadAction\",\"target\":[\"https:\\\/\\\/www.societateamuzicala.ro\\\/locurileculturii\\\/terorism-de-fratii-presniakov\\\/\"]}]},{\"@type\":\"BreadcrumbList\",\"@id\":\"https:\\\/\\\/www.societateamuzicala.ro\\\/locurileculturii\\\/terorism-de-fratii-presniakov\\\/#breadcrumb\",\"itemListElement\":[{\"@type\":\"ListItem\",\"position\":1,\"name\":\"Home\",\"item\":\"https:\\\/\\\/www.societateamuzicala.ro\\\/locurileculturii\\\/\"},{\"@type\":\"ListItem\",\"position\":2,\"name\":\"&#8220;Terorism&#8221;, de Fra\u021bii Presniakov\"}]},{\"@type\":\"WebSite\",\"@id\":\"https:\\\/\\\/www.societateamuzicala.ro\\\/locurileculturii\\\/#website\",\"url\":\"https:\\\/\\\/www.societateamuzicala.ro\\\/locurileculturii\\\/\",\"name\":\"Locurile Culturii\",\"description\":\"Catalogul spatiilor culturale - lista completa a salilor si spatiilor in care se pot face evenimente culturale\",\"potentialAction\":[{\"@type\":\"SearchAction\",\"target\":{\"@type\":\"EntryPoint\",\"urlTemplate\":\"https:\\\/\\\/www.societateamuzicala.ro\\\/locurileculturii\\\/?s={search_term_string}\"},\"query-input\":{\"@type\":\"PropertyValueSpecification\",\"valueRequired\":true,\"valueName\":\"search_term_string\"}}],\"inLanguage\":\"en-US\"},{\"@type\":\"Person\",\"@id\":\"https:\\\/\\\/www.societateamuzicala.ro\\\/locurileculturii\\\/#\\\/schema\\\/person\\\/9b52fa5c7675208e1da104f801fbb85b\",\"name\":\"Daniel Catoi\",\"image\":{\"@type\":\"ImageObject\",\"inLanguage\":\"en-US\",\"@id\":\"https:\\\/\\\/secure.gravatar.com\\\/avatar\\\/c0882a218c936889972a11c796e8ed91e0aff99b92af7212c04f740da3928233?s=96&d=mm&r=g\",\"url\":\"https:\\\/\\\/secure.gravatar.com\\\/avatar\\\/c0882a218c936889972a11c796e8ed91e0aff99b92af7212c04f740da3928233?s=96&d=mm&r=g\",\"contentUrl\":\"https:\\\/\\\/secure.gravatar.com\\\/avatar\\\/c0882a218c936889972a11c796e8ed91e0aff99b92af7212c04f740da3928233?s=96&d=mm&r=g\",\"caption\":\"Daniel Catoi\"},\"url\":\"https:\\\/\\\/www.societateamuzicala.ro\\\/locurileculturii\\\/author\\\/daniel\\\/\"}]}<\/script>\n<!-- \/ Yoast SEO plugin. -->","yoast_head_json":{"title":"\"Terorism\", de Fra\u021bii Presniakov - Locurile Culturii","description":"Catalogul salilor si spatiilor in care se pot organiza evenimente culturale, evenimentele care au loc in aceste spatii","robots":{"index":"index","follow":"follow","max-snippet":"max-snippet:-1","max-image-preview":"max-image-preview:large","max-video-preview":"max-video-preview:-1"},"canonical":"https:\/\/www.societateamuzicala.ro\/locurileculturii\/terorism-de-fratii-presniakov\/","og_locale":"en_US","og_type":"article","og_title":"\"Terorism\", de Fra\u021bii Presniakov - Locurile Culturii","og_description":"Catalogul salilor si spatiilor in care se pot organiza evenimente culturale, evenimentele care au loc in aceste spatii","og_url":"https:\/\/www.societateamuzicala.ro\/locurileculturii\/terorism-de-fratii-presniakov\/","og_site_name":"Locurile Culturii","article_published_time":"2017-05-02T08:22:04+00:00","article_modified_time":"2017-07-04T11:33:26+00:00","author":"Daniel Catoi","twitter_card":"summary_large_image","twitter_misc":{"Written by":"Daniel Catoi","Est. reading time":"4 minutes"},"schema":{"@context":"https:\/\/schema.org","@graph":[{"@type":"Article","@id":"https:\/\/www.societateamuzicala.ro\/locurileculturii\/terorism-de-fratii-presniakov\/#article","isPartOf":{"@id":"https:\/\/www.societateamuzicala.ro\/locurileculturii\/terorism-de-fratii-presniakov\/"},"author":{"name":"Daniel Catoi","@id":"https:\/\/www.societateamuzicala.ro\/locurileculturii\/#\/schema\/person\/9b52fa5c7675208e1da104f801fbb85b"},"headline":"&#8220;Terorism&#8221;, de Fra\u021bii Presniakov","datePublished":"2017-05-02T08:22:04+00:00","dateModified":"2017-07-04T11:33:26+00:00","mainEntityOfPage":{"@id":"https:\/\/www.societateamuzicala.ro\/locurileculturii\/terorism-de-fratii-presniakov\/"},"wordCount":751,"commentCount":0,"keywords":["arta","arta contemporana","arta plastica","arte vizuale","cinema","concert","concert cameral","concerte","conferinta","cultura","cultural","dezbateri","eveniment cultural","evenimente culturale","expozitie","expozitii","film","galerie","muzee","muzeu","muzica clasica","opera","organizare evenimente","pictura","Sali","Sali evenimente","sculptura","spatii culturale","spatii evenimente","spectacol","teatru","teatru experimental"],"articleSection":["Teatru"],"inLanguage":"en-US","potentialAction":[{"@type":"CommentAction","name":"Comment","target":["https:\/\/www.societateamuzicala.ro\/locurileculturii\/terorism-de-fratii-presniakov\/#respond"]}]},{"@type":"WebPage","@id":"https:\/\/www.societateamuzicala.ro\/locurileculturii\/terorism-de-fratii-presniakov\/","url":"https:\/\/www.societateamuzicala.ro\/locurileculturii\/terorism-de-fratii-presniakov\/","name":"\"Terorism\", de Fra\u021bii Presniakov - Locurile Culturii","isPartOf":{"@id":"https:\/\/www.societateamuzicala.ro\/locurileculturii\/#website"},"datePublished":"2017-05-02T08:22:04+00:00","dateModified":"2017-07-04T11:33:26+00:00","author":{"@id":"https:\/\/www.societateamuzicala.ro\/locurileculturii\/#\/schema\/person\/9b52fa5c7675208e1da104f801fbb85b"},"description":"Catalogul salilor si spatiilor in care se pot organiza evenimente culturale, evenimentele care au loc in aceste spatii","breadcrumb":{"@id":"https:\/\/www.societateamuzicala.ro\/locurileculturii\/terorism-de-fratii-presniakov\/#breadcrumb"},"inLanguage":"en-US","potentialAction":[{"@type":"ReadAction","target":["https:\/\/www.societateamuzicala.ro\/locurileculturii\/terorism-de-fratii-presniakov\/"]}]},{"@type":"BreadcrumbList","@id":"https:\/\/www.societateamuzicala.ro\/locurileculturii\/terorism-de-fratii-presniakov\/#breadcrumb","itemListElement":[{"@type":"ListItem","position":1,"name":"Home","item":"https:\/\/www.societateamuzicala.ro\/locurileculturii\/"},{"@type":"ListItem","position":2,"name":"&#8220;Terorism&#8221;, de Fra\u021bii Presniakov"}]},{"@type":"WebSite","@id":"https:\/\/www.societateamuzicala.ro\/locurileculturii\/#website","url":"https:\/\/www.societateamuzicala.ro\/locurileculturii\/","name":"Locurile Culturii","description":"Catalogul spatiilor culturale - lista completa a salilor si spatiilor in care se pot face evenimente culturale","potentialAction":[{"@type":"SearchAction","target":{"@type":"EntryPoint","urlTemplate":"https:\/\/www.societateamuzicala.ro\/locurileculturii\/?s={search_term_string}"},"query-input":{"@type":"PropertyValueSpecification","valueRequired":true,"valueName":"search_term_string"}}],"inLanguage":"en-US"},{"@type":"Person","@id":"https:\/\/www.societateamuzicala.ro\/locurileculturii\/#\/schema\/person\/9b52fa5c7675208e1da104f801fbb85b","name":"Daniel Catoi","image":{"@type":"ImageObject","inLanguage":"en-US","@id":"https:\/\/secure.gravatar.com\/avatar\/c0882a218c936889972a11c796e8ed91e0aff99b92af7212c04f740da3928233?s=96&d=mm&r=g","url":"https:\/\/secure.gravatar.com\/avatar\/c0882a218c936889972a11c796e8ed91e0aff99b92af7212c04f740da3928233?s=96&d=mm&r=g","contentUrl":"https:\/\/secure.gravatar.com\/avatar\/c0882a218c936889972a11c796e8ed91e0aff99b92af7212c04f740da3928233?s=96&d=mm&r=g","caption":"Daniel Catoi"},"url":"https:\/\/www.societateamuzicala.ro\/locurileculturii\/author\/daniel\/"}]}},"_links":{"self":[{"href":"https:\/\/www.societateamuzicala.ro\/locurileculturii\/wp-json\/wp\/v2\/posts\/38734","targetHints":{"allow":["GET"]}}],"collection":[{"href":"https:\/\/www.societateamuzicala.ro\/locurileculturii\/wp-json\/wp\/v2\/posts"}],"about":[{"href":"https:\/\/www.societateamuzicala.ro\/locurileculturii\/wp-json\/wp\/v2\/types\/post"}],"author":[{"embeddable":true,"href":"https:\/\/www.societateamuzicala.ro\/locurileculturii\/wp-json\/wp\/v2\/users\/4"}],"replies":[{"embeddable":true,"href":"https:\/\/www.societateamuzicala.ro\/locurileculturii\/wp-json\/wp\/v2\/comments?post=38734"}],"version-history":[{"count":0,"href":"https:\/\/www.societateamuzicala.ro\/locurileculturii\/wp-json\/wp\/v2\/posts\/38734\/revisions"}],"wp:attachment":[{"href":"https:\/\/www.societateamuzicala.ro\/locurileculturii\/wp-json\/wp\/v2\/media?parent=38734"}],"wp:term":[{"taxonomy":"category","embeddable":true,"href":"https:\/\/www.societateamuzicala.ro\/locurileculturii\/wp-json\/wp\/v2\/categories?post=38734"},{"taxonomy":"post_tag","embeddable":true,"href":"https:\/\/www.societateamuzicala.ro\/locurileculturii\/wp-json\/wp\/v2\/tags?post=38734"}],"curies":[{"name":"wp","href":"https:\/\/api.w.org\/{rel}","templated":true}]}}