{"id":38523,"date":"2017-04-20T07:21:34","date_gmt":"2017-04-20T07:21:34","guid":{"rendered":"https:\/\/www.societateamuzicala.ro\/locurileculturii\/?p=38523"},"modified":"2017-04-20T07:21:34","modified_gmt":"2017-04-20T07:21:34","slug":"artist-residence-transylvanian-concert","status":"publish","type":"post","link":"https:\/\/www.societateamuzicala.ro\/locurileculturii\/artist-residence-transylvanian-concert\/","title":{"rendered":"ARTIST IN RESIDENCE \u2013 \u201cTransylvanian Concert\u201d"},"content":{"rendered":"<p><strong>2017 European Tour\u00a0<\/strong><em>de la tradi\u021bie la avangard\u0103, de la Enescu la blues, de la doin\u0103 la\u00a0<\/em><em>muzica microtonal\u0103 \u0219i compozi\u021bii de jazz modern<\/em><\/p>\n<p>\u00cen 2009 pianistul de origine rom\u00e2n\u0103 <strong>Lucian Ban<\/strong> colabora pentru prima oara cu violistului \u0219i violonistlui american Mat Maneri, nominalizat la premiile Grammy, la proiectul <strong><em>Enesco Re-Imagined<\/em><\/strong>. Conceput drept o celebrare si <em>re-imaginare <\/em>prin jazz a muzicii lui George Enescu, octetul \u0219i albumul cu acela\u0219i nume prezint\u0103 nume de referin\u021b\u0103 ale jazzului contemporan precum Badal Roy (Miles Davis, John McLaughlin), John Hebert, Gerald Cleaver, Tony Malaby, Ralph Alessi \u0219i a c\u00e2\u0219tigat elogiile presei interna\u021bionale, dar \u0219i o serie de premii Best Album Of The Year \u00een 2010.<\/p>\n<p>Trei ani mai t\u00e2rziu, Lucian Ban \u0219i Mat Maneri aveau s\u0103 \u00eenregistreze \u00een duet <strong><em>Transylvanian Concert<\/em><\/strong>, pentru celebra cas\u0103 <strong>ECM<\/strong> Records. Albumul care s-a bucurat de acoladele presei din lumea \u00eentreag\u0103 \u2013 <em>The New York Times, The Guardian, Jazz Times, L.A. Weekly, etc<\/em> \u2013 c\u00e2\u0219tig\u0103 dou\u0103 premii \u00a0BEST ALBUM OF THE YEAR din partea All About Jazz USA, Cuadernos de Jazz Spain \u0219i aduce consacrarea interna\u021bional\u0103 pentru pianistul de origine rom\u00e2n\u0103. De la lansarea albumului duetul concerteaz\u0103 pe scenele marilor festivaluri \u0219i s\u0103li de jazz din lume \u2013 de la Los Angeles Festival la Washington, de la Londra la Berlin, de la Vancouver la Jerusalem Jazz Festival, de la Amsterdam la San Diego etc.<\/p>\n<p>\u00cen prim\u0103vara lui 2017, cei doi muzicieni se afl\u0103 \u00eentr-un turneu European \u2013 Roma, Vene\u021bia, Stockholm, Londra, Valencia etc \u2013 de prezentare \u00een premier\u0103 a urm\u0103torului album: <em>piese din e Enesco Re-Imagined, doine \u0219i c\u00e2ntece inspirate din folclorul rom\u00e2nesc, blues &amp; spirituals, compozi\u021bii\u00a0 proprii, totul trecut prin filtrul jazzului modern \u0219i al tradi\u021biei muzicii de camer\u0103.<\/em> Clasicul format al dialogului dintre pian \u015fi viol\u0103 dob\u00e2nde\u015fte, \u00een duetul Ban \u2013\u00a0Maneri, dimensiuni cu totul noi, ce penduleaz\u0103 \u00eentre tradi\u021bie \u0219i avangard\u0103.<\/p>\n<p>Originalitatea \u0219i intensitatea muzical\u0103, chimia extraordinar\u0103 dintre cei doi muzicieni sunt comentate de presa interna\u021bional\u0103:<\/p>\n<p><strong>New York Times<\/strong><\/p>\n<p><em>\u201cUn album minunat \u0219i nelinistit ce relev\u0103 pasiunea celor doi muzicieni pentru mister\u201d<\/em><\/p>\n<p><strong>All About Jazz<\/strong><\/p>\n<p><em>\u201eMomente de frumuse\u021be nea\u0219teptat\u0103\u201d<\/em><\/p>\n<p><strong>The Guardian<\/strong><\/p>\n<p><em>\u201cTransylvanian Concert are propria frumuse\u021be melancolic\u0103 dar \u0219i o ne\u00eenfr\u00e2nat\u0103 exuberan\u021b\u0103\u201d<\/em><\/p>\n<p><strong>LA Weekly<\/strong><\/p>\n<p><em>\u201c Mesmerizant, evocativ \u0219i explicit senzual\u201d<\/em><\/p>\n<p>&nbsp;<\/p>\n<p><strong>Mat Maneri<\/strong> (viol\u0103)<\/p>\n<p>Celebra revist\u0103\u00a0 All About Jazz\u00a0 \u00eel descrie \u00een termeni f\u0103r\u0103 echivoc<\/p>\n<p><em>\u201eMat Maneri a schimbat felul \u00een care lumea jazzului ascult\u0103 vioara \u0219i viola\u201d<\/em>.<\/p>\n<p>Nominalizat \u00een 2006 la Premiile Grammy pentru \u201eCel mai bun album de muzic\u0103 alternativ\u0103\u201d, <strong>Mat Maneri<\/strong> a redefinit, pe parcursul unei cariere de peste un sfert de secol, rolul \u0219i vocea violei \u0219i vioarei \u00een jazz \u0219i muzica improvizat\u0103 \u0219i este recunoscut drept unul dintre cei mai creativi muzicieni de jazz de azi, un adev\u0103rat \u201ecopil nebun\u201d al avangardei americane. N\u0103scut \u00een Brooklyn \u00een 1969, Mat Maneri \u0219i-a c\u00e2\u0219tigat o reputa\u021bie interna\u021bional\u0103 ca unul dintre cei mai originali muzicieni ai genera\u021biei sale, l\u0103udat pentru vocea extrem de individual\u0103, pentru mariajul pe care l-a realizat \u00eentre jazz \u0219i muzica microtonal\u0103 \u0219i pentru colabor\u0103rile sale cu unele dintre numele majore ale muzicii secolului XXI \u2013 Cecil Taylor, Paul Bley, Paul Motian. Dup\u0103 studii cu Julliard String Quartet, \u00een 1990 Mat a fondat prestigiosul Joe Maneri Quartet \u00eempreun\u0103 cu tat\u0103 s\u0103u \u0219i cu Randy Peterson. O serie de albume cu acest grup pentru ECM, Hatology sau Leo Records sunt considerate printre cele mai importante opere \u00een muzica improvizat\u0103. Debutul s\u0103u pentru ECM \u00een 1999 marcheaz\u0103 apari\u021bia unui muzician cu o voce cu totul individual\u0103 \u0219i central\u0103 pentru muzica creativ\u0103 american\u0103. Colaboreaz\u0103 \u00een ultimii ani cu nume precum Joe Morris, Vijay Iyer, Matthew Shipp, Marilyn Crispell, Joelle Leandre, Kris Davis, Tim Berne sau Craig Taborn.<\/p>\n<p>&nbsp;<\/p>\n<p><strong>Lucian Ban <\/strong>(pian) <strong>\u00a0<\/strong>www.lucianban.com<strong>\u00a0<\/strong><\/p>\n<p>Unul dintre cei mai cunoscu\u021bi muzicieni rom\u00e2ni de jazz, pianistul Lucian Ban \u0219i-a c\u00e2\u0219tigat renumele pe scena newyorkez\u0103 gra\u021bie unei serii de proiecte \u0219i albume de prim\u0103 m\u00e2n\u0103, sound-ul pianului s\u0103u aduc\u00e2ndu-i din partea criticilor compara\u021bii cu Vladimir Horrowitz \u0219i McCoy Tyner (All About Jazz), Ban fiind considerat\u00a0 \u201e<strong><em>unul din cei mai buni piani\u0219ti care s-au mutat la New York \u00een ultima decad\u0103\u201d<\/em><\/strong> (Bruce Lee Gallanter, 2009). \u00cempreun\u0103 cu\u00a0 contrabasistul american John Hebert ini\u021biaz\u0103 Octetul <strong>Enesco Re-Imagined<\/strong> dedicat reinterpret\u0103rii lucr\u0103rilor celebrului compozitor George Enescu, un proiect ce s-a bucurat de o excelent\u0103 primire \u00een presa interna\u021bional\u0103, c\u00e2\u0219tig\u00e2nd o serie de premii BEST OF 2010, fiind aplaudat pe marile scene ale lumii.<\/p>\n<p>Considerat de cunoscutul ziar britanic The GUARDIAN drept \u201e<strong><em>un nume de urm\u0103rit \/ a name to watch\u201d <\/em><\/strong>pianistul \u0219i compozitorul Lucian Ban, originar din Cluj, activeaz\u0103 la New York unde este liderul mai multor grupuri (Tuba Project, Elevation), toate implic\u00e2nd muzicieni de prim rang, recunoscu\u021bi \u00een \u00eentreaga lume. A editat zece albume sub nume propriu, pentru case de discuri americane \u0219i europene, iar i\u00een 2013 \u0219i-a f\u0103cut debutul pentru celebrul label ECM Records cu Transylvanian Concert\u201d album ce-i va aduce consacrarea interna\u021bionala. Ultimul s\u0103u album \u201eSongs from Afar\u201d \u2013 realizat \u00eempreun\u0103 cu cvartetul ELEVATION \u0219i \u00een colaborare cu invitatul special Gavril \u021a\u0103rmure, interpret de muzic\u0103 tradi\u021bional\u0103 \u2013 \u00a0prime\u0219te o recenzie de cinci stele \u00een celebra revist\u0103 american\u0103 DOWNBEAT \u0219i este nominalizat la BEST ALBUMS OF 2016.<\/p>\n","protected":false},"excerpt":{"rendered":"<p>2017 European Tour\u00a0de la tradi\u021bie la avangard\u0103, de la Enescu la blues, de la doin\u0103 la\u00a0muzica microtonal\u0103 \u0219i compozi\u021bii de jazz modern \u00cen 2009 pianistul de origine rom\u00e2n\u0103 Lucian Ban colabora pentru prima oara cu violistului \u0219i violonistlui american Mat Maneri, nominalizat la premiile Grammy, la proiectul Enesco Re-Imagined. Conceput drept o celebrare si re-imaginare [&hellip;]<\/p>\n","protected":false},"author":4,"featured_media":0,"comment_status":"open","ping_status":"open","sticky":false,"template":"","format":"standard","meta":{"_acf_changed":false,"footnotes":""},"categories":[24],"tags":[289,464,1443,326,404,234,50,29,744,203,403,278,402,2214,256,243,405,974,2212,406,36,54,2216,855,2211,2213,1677,2210,2215,393,212,1878],"class_list":["post-38523","post","type-post","status-publish","format-standard","hentry","category-muzicale","tag-arta","tag-arta-contemporana","tag-arta-plastica","tag-arte-vizuale","tag-cinema","tag-concert","tag-concert-cameral","tag-concerte","tag-conferinta","tag-cultura","tag-cultural","tag-dezbateri","tag-eveniment-cultural","tag-evenimente-culturale","tag-expozitie","tag-expozitii","tag-film","tag-galerie","tag-muzee","tag-muzeu","tag-muzica-clasica","tag-opera","tag-organizare-evenimente","tag-pictura","tag-sali","tag-sali-evenimente","tag-sculptura","tag-spatii-culturale","tag-spatii-evenimente","tag-spectacol","tag-teatru","tag-teatru-experimental"],"acf":{"cc_filter":[],"poza_fixa":"https:\/\/www.societateamuzicala.ro\/locurileculturii\/wp-content\/uploads\/2015\/10\/Sala-mare-4.jpg","url_poza_fixa":"","oras":"Bucuresti","in_strainatate":false,"pian":false,"orga":false,"data1":"1493321400","data2":"","afiseaza_data_post":false,"acf_sala":[{"ID":17776,"post_author":"2","post_date":"2015-10-03 20:35:01","post_date_gmt":"2015-10-03 20:35:01","post_content":"Recent inaugurata, <strong>Sala Mare<\/strong> de la ARCUB beneficiaza de dotari tehnice de ultima generatie si poate gazdui evenimente pentru maximum 200 de persoane. Sala Mare de la ARCUB, cu un decor avangardist si scenotehnica modulara, ofera\u00a0spectacolelor de teatru, concertelor, dar si conferintelor cu public restrans,\u00a0un\u00a0loc foarte potrivit.\r\n\r\nDe altfel, un mare avantaj\u00a0al Salii Mari de la ARCUB se datoreaza locatiei centrale a acesteia, pe strada Gabroveni, nr. 50-53, care va facilita intotdeauna accesul publicului bucurestean la evenimentele organizate aici.\r\n\r\n[gallery link=\"file\" ids=\"25803,25806,25808\" orderby=\"rand\"]\r\n\r\n&nbsp;","post_title":"Sala Mare","post_excerpt":"","post_status":"publish","comment_status":"open","ping_status":"open","post_password":"","post_name":"arcub-gabroveni-sala-mare","to_ping":"","pinged":"","post_modified":"2016-08-01 16:31:07","post_modified_gmt":"2016-08-01 16:31:07","post_content_filtered":"","post_parent":0,"guid":"https:\/\/www.societateamuzicala.ro\/?p=17776","menu_order":0,"post_type":"post","post_mime_type":"","comment_count":"0","filter":"raw"}],"centru_cultural":"","articole_parinte":[{"ID":17776,"post_author":"2","post_date":"2015-10-03 20:35:01","post_date_gmt":"2015-10-03 20:35:01","post_content":"Recent inaugurata, <strong>Sala Mare<\/strong> de la ARCUB beneficiaza de dotari tehnice de ultima generatie si poate gazdui evenimente pentru maximum 200 de persoane. Sala Mare de la ARCUB, cu un decor avangardist si scenotehnica modulara, ofera\u00a0spectacolelor de teatru, concertelor, dar si conferintelor cu public restrans,\u00a0un\u00a0loc foarte potrivit.\r\n\r\nDe altfel, un mare avantaj\u00a0al Salii Mari de la ARCUB se datoreaza locatiei centrale a acesteia, pe strada Gabroveni, nr. 50-53, care va facilita intotdeauna accesul publicului bucurestean la evenimentele organizate aici.\r\n\r\n[gallery link=\"file\" ids=\"25803,25806,25808\" orderby=\"rand\"]\r\n\r\n&nbsp;","post_title":"Sala Mare","post_excerpt":"","post_status":"publish","comment_status":"open","ping_status":"open","post_password":"","post_name":"arcub-gabroveni-sala-mare","to_ping":"","pinged":"","post_modified":"2016-08-01 16:31:07","post_modified_gmt":"2016-08-01 16:31:07","post_content_filtered":"","post_parent":0,"guid":"https:\/\/www.societateamuzicala.ro\/?p=17776","menu_order":0,"post_type":"post","post_mime_type":"","comment_count":"0","filter":"raw"}],"articole_relationate":"","coordonate":{"address":"Strada Zarafi 4, Bucure\u0219ti 030167, Rom\u00e2nia","lat":"44.43158587648351","lng":"26.102592945098877"},"tab1_nume":"Despre","tab3":false},"yoast_head":"<!-- This site is optimized with the Yoast SEO plugin v27.5 - https:\/\/yoast.com\/product\/yoast-seo-wordpress\/ -->\n<title>ARTIST IN RESIDENCE \u2013 \u201cTransylvanian Concert\u201d - Locurile Culturii<\/title>\n<meta name=\"description\" content=\"Catalogul salilor si spatiilor in care se pot organiza evenimente culturale, evenimentele care au loc in aceste spatii\" \/>\n<meta name=\"robots\" content=\"index, follow, max-snippet:-1, max-image-preview:large, max-video-preview:-1\" \/>\n<link rel=\"canonical\" href=\"https:\/\/www.societateamuzicala.ro\/locurileculturii\/artist-residence-transylvanian-concert\/\" \/>\n<meta property=\"og:locale\" content=\"en_US\" \/>\n<meta property=\"og:type\" content=\"article\" \/>\n<meta property=\"og:title\" content=\"ARTIST IN RESIDENCE \u2013 \u201cTransylvanian Concert\u201d - Locurile Culturii\" \/>\n<meta property=\"og:description\" content=\"Catalogul salilor si spatiilor in care se pot organiza evenimente culturale, evenimentele care au loc in aceste spatii\" \/>\n<meta property=\"og:url\" content=\"https:\/\/www.societateamuzicala.ro\/locurileculturii\/artist-residence-transylvanian-concert\/\" \/>\n<meta property=\"og:site_name\" content=\"Locurile Culturii\" \/>\n<meta property=\"article:published_time\" content=\"2017-04-20T07:21:34+00:00\" \/>\n<meta name=\"author\" content=\"Daniel Catoi\" \/>\n<meta name=\"twitter:card\" content=\"summary_large_image\" \/>\n<meta name=\"twitter:label1\" content=\"Written by\" \/>\n\t<meta name=\"twitter:data1\" content=\"Daniel Catoi\" \/>\n\t<meta name=\"twitter:label2\" content=\"Est. reading time\" \/>\n\t<meta name=\"twitter:data2\" content=\"4 minutes\" \/>\n<script type=\"application\/ld+json\" class=\"yoast-schema-graph\">{\"@context\":\"https:\\\/\\\/schema.org\",\"@graph\":[{\"@type\":\"Article\",\"@id\":\"https:\\\/\\\/www.societateamuzicala.ro\\\/locurileculturii\\\/artist-residence-transylvanian-concert\\\/#article\",\"isPartOf\":{\"@id\":\"https:\\\/\\\/www.societateamuzicala.ro\\\/locurileculturii\\\/artist-residence-transylvanian-concert\\\/\"},\"author\":{\"name\":\"Daniel Catoi\",\"@id\":\"https:\\\/\\\/www.societateamuzicala.ro\\\/locurileculturii\\\/#\\\/schema\\\/person\\\/9b52fa5c7675208e1da104f801fbb85b\"},\"headline\":\"ARTIST IN RESIDENCE \u2013 \u201cTransylvanian Concert\u201d\",\"datePublished\":\"2017-04-20T07:21:34+00:00\",\"mainEntityOfPage\":{\"@id\":\"https:\\\/\\\/www.societateamuzicala.ro\\\/locurileculturii\\\/artist-residence-transylvanian-concert\\\/\"},\"wordCount\":893,\"commentCount\":0,\"keywords\":[\"arta\",\"arta contemporana\",\"arta plastica\",\"arte vizuale\",\"cinema\",\"concert\",\"concert cameral\",\"concerte\",\"conferinta\",\"cultura\",\"cultural\",\"dezbateri\",\"eveniment cultural\",\"evenimente culturale\",\"expozitie\",\"expozitii\",\"film\",\"galerie\",\"muzee\",\"muzeu\",\"muzica clasica\",\"opera\",\"organizare evenimente\",\"pictura\",\"Sali\",\"Sali evenimente\",\"sculptura\",\"spatii culturale\",\"spatii evenimente\",\"spectacol\",\"teatru\",\"teatru experimental\"],\"articleSection\":[\"Muzica si opera\"],\"inLanguage\":\"en-US\",\"potentialAction\":[{\"@type\":\"CommentAction\",\"name\":\"Comment\",\"target\":[\"https:\\\/\\\/www.societateamuzicala.ro\\\/locurileculturii\\\/artist-residence-transylvanian-concert\\\/#respond\"]}]},{\"@type\":\"WebPage\",\"@id\":\"https:\\\/\\\/www.societateamuzicala.ro\\\/locurileculturii\\\/artist-residence-transylvanian-concert\\\/\",\"url\":\"https:\\\/\\\/www.societateamuzicala.ro\\\/locurileculturii\\\/artist-residence-transylvanian-concert\\\/\",\"name\":\"ARTIST IN RESIDENCE \u2013 \u201cTransylvanian Concert\u201d - Locurile Culturii\",\"isPartOf\":{\"@id\":\"https:\\\/\\\/www.societateamuzicala.ro\\\/locurileculturii\\\/#website\"},\"datePublished\":\"2017-04-20T07:21:34+00:00\",\"author\":{\"@id\":\"https:\\\/\\\/www.societateamuzicala.ro\\\/locurileculturii\\\/#\\\/schema\\\/person\\\/9b52fa5c7675208e1da104f801fbb85b\"},\"description\":\"Catalogul salilor si spatiilor in care se pot organiza evenimente culturale, evenimentele care au loc in aceste spatii\",\"breadcrumb\":{\"@id\":\"https:\\\/\\\/www.societateamuzicala.ro\\\/locurileculturii\\\/artist-residence-transylvanian-concert\\\/#breadcrumb\"},\"inLanguage\":\"en-US\",\"potentialAction\":[{\"@type\":\"ReadAction\",\"target\":[\"https:\\\/\\\/www.societateamuzicala.ro\\\/locurileculturii\\\/artist-residence-transylvanian-concert\\\/\"]}]},{\"@type\":\"BreadcrumbList\",\"@id\":\"https:\\\/\\\/www.societateamuzicala.ro\\\/locurileculturii\\\/artist-residence-transylvanian-concert\\\/#breadcrumb\",\"itemListElement\":[{\"@type\":\"ListItem\",\"position\":1,\"name\":\"Home\",\"item\":\"https:\\\/\\\/www.societateamuzicala.ro\\\/locurileculturii\\\/\"},{\"@type\":\"ListItem\",\"position\":2,\"name\":\"ARTIST IN RESIDENCE \u2013 \u201cTransylvanian Concert\u201d\"}]},{\"@type\":\"WebSite\",\"@id\":\"https:\\\/\\\/www.societateamuzicala.ro\\\/locurileculturii\\\/#website\",\"url\":\"https:\\\/\\\/www.societateamuzicala.ro\\\/locurileculturii\\\/\",\"name\":\"Locurile Culturii\",\"description\":\"Catalogul spatiilor culturale - lista completa a salilor si spatiilor in care se pot face evenimente culturale\",\"potentialAction\":[{\"@type\":\"SearchAction\",\"target\":{\"@type\":\"EntryPoint\",\"urlTemplate\":\"https:\\\/\\\/www.societateamuzicala.ro\\\/locurileculturii\\\/?s={search_term_string}\"},\"query-input\":{\"@type\":\"PropertyValueSpecification\",\"valueRequired\":true,\"valueName\":\"search_term_string\"}}],\"inLanguage\":\"en-US\"},{\"@type\":\"Person\",\"@id\":\"https:\\\/\\\/www.societateamuzicala.ro\\\/locurileculturii\\\/#\\\/schema\\\/person\\\/9b52fa5c7675208e1da104f801fbb85b\",\"name\":\"Daniel Catoi\",\"image\":{\"@type\":\"ImageObject\",\"inLanguage\":\"en-US\",\"@id\":\"https:\\\/\\\/secure.gravatar.com\\\/avatar\\\/c0882a218c936889972a11c796e8ed91e0aff99b92af7212c04f740da3928233?s=96&d=mm&r=g\",\"url\":\"https:\\\/\\\/secure.gravatar.com\\\/avatar\\\/c0882a218c936889972a11c796e8ed91e0aff99b92af7212c04f740da3928233?s=96&d=mm&r=g\",\"contentUrl\":\"https:\\\/\\\/secure.gravatar.com\\\/avatar\\\/c0882a218c936889972a11c796e8ed91e0aff99b92af7212c04f740da3928233?s=96&d=mm&r=g\",\"caption\":\"Daniel Catoi\"},\"url\":\"https:\\\/\\\/www.societateamuzicala.ro\\\/locurileculturii\\\/author\\\/daniel\\\/\"}]}<\/script>\n<!-- \/ Yoast SEO plugin. -->","yoast_head_json":{"title":"ARTIST IN RESIDENCE \u2013 \u201cTransylvanian Concert\u201d - Locurile Culturii","description":"Catalogul salilor si spatiilor in care se pot organiza evenimente culturale, evenimentele care au loc in aceste spatii","robots":{"index":"index","follow":"follow","max-snippet":"max-snippet:-1","max-image-preview":"max-image-preview:large","max-video-preview":"max-video-preview:-1"},"canonical":"https:\/\/www.societateamuzicala.ro\/locurileculturii\/artist-residence-transylvanian-concert\/","og_locale":"en_US","og_type":"article","og_title":"ARTIST IN RESIDENCE \u2013 \u201cTransylvanian Concert\u201d - Locurile Culturii","og_description":"Catalogul salilor si spatiilor in care se pot organiza evenimente culturale, evenimentele care au loc in aceste spatii","og_url":"https:\/\/www.societateamuzicala.ro\/locurileculturii\/artist-residence-transylvanian-concert\/","og_site_name":"Locurile Culturii","article_published_time":"2017-04-20T07:21:34+00:00","author":"Daniel Catoi","twitter_card":"summary_large_image","twitter_misc":{"Written by":"Daniel Catoi","Est. reading time":"4 minutes"},"schema":{"@context":"https:\/\/schema.org","@graph":[{"@type":"Article","@id":"https:\/\/www.societateamuzicala.ro\/locurileculturii\/artist-residence-transylvanian-concert\/#article","isPartOf":{"@id":"https:\/\/www.societateamuzicala.ro\/locurileculturii\/artist-residence-transylvanian-concert\/"},"author":{"name":"Daniel Catoi","@id":"https:\/\/www.societateamuzicala.ro\/locurileculturii\/#\/schema\/person\/9b52fa5c7675208e1da104f801fbb85b"},"headline":"ARTIST IN RESIDENCE \u2013 \u201cTransylvanian Concert\u201d","datePublished":"2017-04-20T07:21:34+00:00","mainEntityOfPage":{"@id":"https:\/\/www.societateamuzicala.ro\/locurileculturii\/artist-residence-transylvanian-concert\/"},"wordCount":893,"commentCount":0,"keywords":["arta","arta contemporana","arta plastica","arte vizuale","cinema","concert","concert cameral","concerte","conferinta","cultura","cultural","dezbateri","eveniment cultural","evenimente culturale","expozitie","expozitii","film","galerie","muzee","muzeu","muzica clasica","opera","organizare evenimente","pictura","Sali","Sali evenimente","sculptura","spatii culturale","spatii evenimente","spectacol","teatru","teatru experimental"],"articleSection":["Muzica si opera"],"inLanguage":"en-US","potentialAction":[{"@type":"CommentAction","name":"Comment","target":["https:\/\/www.societateamuzicala.ro\/locurileculturii\/artist-residence-transylvanian-concert\/#respond"]}]},{"@type":"WebPage","@id":"https:\/\/www.societateamuzicala.ro\/locurileculturii\/artist-residence-transylvanian-concert\/","url":"https:\/\/www.societateamuzicala.ro\/locurileculturii\/artist-residence-transylvanian-concert\/","name":"ARTIST IN RESIDENCE \u2013 \u201cTransylvanian Concert\u201d - Locurile Culturii","isPartOf":{"@id":"https:\/\/www.societateamuzicala.ro\/locurileculturii\/#website"},"datePublished":"2017-04-20T07:21:34+00:00","author":{"@id":"https:\/\/www.societateamuzicala.ro\/locurileculturii\/#\/schema\/person\/9b52fa5c7675208e1da104f801fbb85b"},"description":"Catalogul salilor si spatiilor in care se pot organiza evenimente culturale, evenimentele care au loc in aceste spatii","breadcrumb":{"@id":"https:\/\/www.societateamuzicala.ro\/locurileculturii\/artist-residence-transylvanian-concert\/#breadcrumb"},"inLanguage":"en-US","potentialAction":[{"@type":"ReadAction","target":["https:\/\/www.societateamuzicala.ro\/locurileculturii\/artist-residence-transylvanian-concert\/"]}]},{"@type":"BreadcrumbList","@id":"https:\/\/www.societateamuzicala.ro\/locurileculturii\/artist-residence-transylvanian-concert\/#breadcrumb","itemListElement":[{"@type":"ListItem","position":1,"name":"Home","item":"https:\/\/www.societateamuzicala.ro\/locurileculturii\/"},{"@type":"ListItem","position":2,"name":"ARTIST IN RESIDENCE \u2013 \u201cTransylvanian Concert\u201d"}]},{"@type":"WebSite","@id":"https:\/\/www.societateamuzicala.ro\/locurileculturii\/#website","url":"https:\/\/www.societateamuzicala.ro\/locurileculturii\/","name":"Locurile Culturii","description":"Catalogul spatiilor culturale - lista completa a salilor si spatiilor in care se pot face evenimente culturale","potentialAction":[{"@type":"SearchAction","target":{"@type":"EntryPoint","urlTemplate":"https:\/\/www.societateamuzicala.ro\/locurileculturii\/?s={search_term_string}"},"query-input":{"@type":"PropertyValueSpecification","valueRequired":true,"valueName":"search_term_string"}}],"inLanguage":"en-US"},{"@type":"Person","@id":"https:\/\/www.societateamuzicala.ro\/locurileculturii\/#\/schema\/person\/9b52fa5c7675208e1da104f801fbb85b","name":"Daniel Catoi","image":{"@type":"ImageObject","inLanguage":"en-US","@id":"https:\/\/secure.gravatar.com\/avatar\/c0882a218c936889972a11c796e8ed91e0aff99b92af7212c04f740da3928233?s=96&d=mm&r=g","url":"https:\/\/secure.gravatar.com\/avatar\/c0882a218c936889972a11c796e8ed91e0aff99b92af7212c04f740da3928233?s=96&d=mm&r=g","contentUrl":"https:\/\/secure.gravatar.com\/avatar\/c0882a218c936889972a11c796e8ed91e0aff99b92af7212c04f740da3928233?s=96&d=mm&r=g","caption":"Daniel Catoi"},"url":"https:\/\/www.societateamuzicala.ro\/locurileculturii\/author\/daniel\/"}]}},"_links":{"self":[{"href":"https:\/\/www.societateamuzicala.ro\/locurileculturii\/wp-json\/wp\/v2\/posts\/38523","targetHints":{"allow":["GET"]}}],"collection":[{"href":"https:\/\/www.societateamuzicala.ro\/locurileculturii\/wp-json\/wp\/v2\/posts"}],"about":[{"href":"https:\/\/www.societateamuzicala.ro\/locurileculturii\/wp-json\/wp\/v2\/types\/post"}],"author":[{"embeddable":true,"href":"https:\/\/www.societateamuzicala.ro\/locurileculturii\/wp-json\/wp\/v2\/users\/4"}],"replies":[{"embeddable":true,"href":"https:\/\/www.societateamuzicala.ro\/locurileculturii\/wp-json\/wp\/v2\/comments?post=38523"}],"version-history":[{"count":0,"href":"https:\/\/www.societateamuzicala.ro\/locurileculturii\/wp-json\/wp\/v2\/posts\/38523\/revisions"}],"wp:attachment":[{"href":"https:\/\/www.societateamuzicala.ro\/locurileculturii\/wp-json\/wp\/v2\/media?parent=38523"}],"wp:term":[{"taxonomy":"category","embeddable":true,"href":"https:\/\/www.societateamuzicala.ro\/locurileculturii\/wp-json\/wp\/v2\/categories?post=38523"},{"taxonomy":"post_tag","embeddable":true,"href":"https:\/\/www.societateamuzicala.ro\/locurileculturii\/wp-json\/wp\/v2\/tags?post=38523"}],"curies":[{"name":"wp","href":"https:\/\/api.w.org\/{rel}","templated":true}]}}