{"id":38455,"date":"2017-04-12T11:32:48","date_gmt":"2017-04-12T11:32:48","guid":{"rendered":"https:\/\/www.societateamuzicala.ro\/locurileculturii\/?p=38455"},"modified":"2017-04-12T11:32:48","modified_gmt":"2017-04-12T11:32:48","slug":"conferinta-contributia-romaniei-la-istoria-diabetului-europa","status":"publish","type":"post","link":"https:\/\/www.societateamuzicala.ro\/locurileculturii\/conferinta-contributia-romaniei-la-istoria-diabetului-europa\/","title":{"rendered":"Conferinta: &#8220;Contribu\u021bia Rom\u00e2niei la istoria diabetului \u00een Europa&#8221;"},"content":{"rendered":"<p><strong>Stagiunea 2016-2017<\/strong><\/p>\n<p>Duminic\u0103 23 aprilie 2017, de la ora 11.00, la Sala Atelier,\u00a0\u00een cadrul programului\u00a0<em>CONFERIN\u0162ELE TEATRULUI NA\u0162IONAL<\/em>,\u00a0Prof. Dr. CONSTANTIN IONESCU-T\u00ceRGOVI\u015eTE\u00a0prezint\u0103\u00a0conferin\u0163a cu tema\u00a0<em>Contribu\u021bia Rom\u00e2niei la istoria diabetului \u00een Europa<\/em><\/p>\n<p>Istoria diabetului este lung\u0103. Indienii \u0219i chinezii \u00eel cuno\u0219teau cu 2000 de ani \u00eenainte ca medicul grec Areteu din Capadocia, \u00een secolul II d.Chr., s\u0103-i dea numele de diabet, caracteriz\u00e2ndu-l a fi \u201eo boal\u0103 misterioas\u0103\u201d. Istoria lung\u0103 a diabetului a stimulat mai toate \u0219tiin\u021bele biologice, ca apoi s\u0103 beneficieze de progresele acestora. Biochimia, biologia celular\u0103, imunologia, genetica \u0219i alte domenii medicale au f\u0103cut salturi uria\u0219e, fiecare dintre ele reprezent\u00e2nd o b\u0103t\u0103lie c\u00e2\u0219tigat\u0103 \u0219i laureat\u0103 cu multe premii Nobel. Referindu-se la acestea, dar constat\u00e2nd c\u0103 diabetul a devenit o problem\u0103 din ce \u00een ce mai mare, un cercet\u0103tor inspirat s-a \u00eentrebat: \u201eDe ce am c\u00e2\u0219tigat at\u00e2tea b\u0103t\u0103lii, dar am pierdut r\u0103zboiul?&#8221;. Profesorul Constantin Ionescu-T\u00eergovi\u0219te va \u00eencerca s\u0103 dea un r\u0103spuns acestei \u00eentreb\u0103ri, \u00eentruc\u00e2t cercet\u0103torii rom\u00e2ni s-au situat \u00een fruntea multora dintre numeroasele b\u0103t\u0103lii cu acest flagel.<\/p>\n<hr \/>\n<p><strong>Despre <\/strong>CONSTANTIN IONESCU-T\u00ceRGOVI\u0218TE<\/p>\n<p>Prof. Dr. Constantin Ionescu-T\u00eergovi\u0219te (n.1937) este medic primar diabet, nutri\u0163ie \u015fi boli metabolice, Doctor \u00een Medicin\u0103, Profesor Universitar.<\/p>\n<p>A absolvit Facultatea de Medicin\u0103 din Bucure\u0219ti \u00een 1963. A fost pre\u015fedinte al Societ\u0103\u0163ii Rom\u00e2ne de Diabet, Nutri\u0163ie \u015fi Boli Metabolice (2001-2003) \u015fi Director al Institutului Na\u021bional de Diabet, Nutri\u021bie \u0219i Boli Metabolice \u201eProf. N.C. Paulescu\u201d (1997-2007). A fost ales membru Corespondent al Academiei Rom\u00e2ne \u00een anul 2003, iar din 2005 este Pre\u015fedintele Asocia\u0163iei Medicale Rom\u00e2ne. A primit premiul \u201eN. C. Paulescu&#8221; al Academiei Rom\u00e2ne pentru contribu\u0163iile la dezvoltarea diabetologiei Rom\u00e2ne\u015fti (1995).<\/p>\n<p>A publicat mai mult de 300 articole originale \u00een reviste na\u0163ionale \u0219i interna\u0163ionale.<\/p>\n<p>\u00centre 2001 \u015fi 2011 a participat la peste 20 de proiecte na\u0163ionale de cercetare c\u00e2\u015ftigate prin concurs (granturi) precum \u015fi la 5 proiecte interna\u0163ionale. Membru \u00een prestigioase societ\u0103\u021bi \u0219tiin\u021bifice rom\u00e2ne\u0219ti \u0219i interna\u021bionale, printre care: Academia de \u0218tiin\u021be din Chi\u0219in\u0103u, Academia de \u0218tiin\u021be din New York, Societatea Interna\u021bional\u0103 de Medicin\u0103 Psihosomatic\u0103, Societatea Interna\u021bional\u0103 de Acupunctur\u0103, Federa\u021bia Interna\u021bional\u0103 de Diabet etc.<\/p>\n<p>Este editor principal al <em>Proceedings of the Romanian Academy Serie B: Chemistry, Life Sciences and Geosciences<\/em> \u015fi membru \u00een colectivul editorial al unor publica\u0163ii de specialitate, precum: <em>Alternative Medicine,<\/em> <em>Acta Endocrinologica, Romanian Journal of Internal Medicine, Diabetologia, Romanian Journal of Diabetes, Nutrition and Metabolic Disease. <\/em><\/p>\n<p>Este autorul a patru patente pentru produse antidiabetice de origine vegetal\u0103: FITODIAB, FITOLIP, NEUROMION, RETINOFORT.<\/p>\n","protected":false},"excerpt":{"rendered":"<p>Stagiunea 2016-2017 Duminic\u0103 23 aprilie 2017, de la ora 11.00, la Sala Atelier,\u00a0\u00een cadrul programului\u00a0CONFERIN\u0162ELE TEATRULUI NA\u0162IONAL,\u00a0Prof. Dr. CONSTANTIN IONESCU-T\u00ceRGOVI\u015eTE\u00a0prezint\u0103\u00a0conferin\u0163a cu tema\u00a0Contribu\u021bia Rom\u00e2niei la istoria diabetului \u00een Europa Istoria diabetului este lung\u0103. Indienii \u0219i chinezii \u00eel cuno\u0219teau cu 2000 de ani \u00eenainte ca medicul grec Areteu din Capadocia, \u00een secolul II d.Chr., s\u0103-i dea numele [&hellip;]<\/p>\n","protected":false},"author":4,"featured_media":0,"comment_status":"open","ping_status":"open","sticky":false,"template":"","format":"standard","meta":{"_acf_changed":false,"footnotes":""},"categories":[27],"tags":[289,464,1443,326,404,234,50,29,744,8772,8771,203,403,278,402,2214,256,243,405,974,2212,406,36,54,2216,855,2211,2213,1677,2210,2215,393,212,1878],"class_list":["post-38455","post","type-post","status-publish","format-standard","hentry","category-alte-evenimente","tag-arta","tag-arta-contemporana","tag-arta-plastica","tag-arte-vizuale","tag-cinema","tag-concert","tag-concert-cameral","tag-concerte","tag-conferinta","tag-constantin-ionescu-targoviste","tag-constantin-ionescu-tirgoviste","tag-cultura","tag-cultural","tag-dezbateri","tag-eveniment-cultural","tag-evenimente-culturale","tag-expozitie","tag-expozitii","tag-film","tag-galerie","tag-muzee","tag-muzeu","tag-muzica-clasica","tag-opera","tag-organizare-evenimente","tag-pictura","tag-sali","tag-sali-evenimente","tag-sculptura","tag-spatii-culturale","tag-spatii-evenimente","tag-spectacol","tag-teatru","tag-teatru-experimental"],"acf":{"cc_filter":[],"poza_fixa":"https:\/\/www.societateamuzicala.ro\/locurileculturii\/wp-content\/uploads\/2016\/08\/Sala-Atelier-2.jpg","url_poza_fixa":"","oras":"Bucuresti","in_strainatate":false,"pian":false,"orga":false,"data1":"1492945200","data2":"","afiseaza_data_post":false,"acf_sala":[{"ID":27421,"post_author":"4","post_date":"2016-08-02 09:39:31","post_date_gmt":"2016-08-02 09:39:31","post_content":"<strong>Sala Atelier<\/strong> este amplasata la subsolul corpului C al <a href=\"https:\/\/www.societateamuzicala.ro\/locurileculturii\/2016\/07\/24\/sala-mare-a-teatrului-national-copy\/\" target=\"_blank\">Teatrului National<\/a>, sub <a href=\"https:\/\/www.societateamuzicala.ro\/locurileculturii\/2016\/07\/28\/sala-studio-2\/\" target=\"_blank\">Sala Studio<\/a> a acestuia. Prin urmare, accesul in<strong> Sala Atelier<\/strong> se face din foaierul de la parterul teatrului. Spatiul scenic de care dispune Sala Atelier este de tipul black box, ceea ce permite montari inedite, spectacolele neconventionale devenind deja o traditie a salii. Repertoriul curent al salii contine\u00a0montari ale unor piese contemporane, nu clasice.\r\n\r\nAsezarea scaunelor pe gradene permite aranajarea in diferite moduri a spatiului de joc, iar in ceea ce priveste dimensiunea redusa\u00a0a salii, acest lucru favorieaza o intimitate a relatiei formata intre actor si spectator.\u00a0Odata cu renovarea Teatrului National,\u00a0in <strong>Sala Atelier<\/strong>\u00a0s-a construit un balcon cu 50 de locuri, alaturi de care capacitatea maxima salii ajunge la 200 de locuri. Accesul la noul balcon se face printr-o pasarela adaugata in foaierul aferent salii Atelier.\r\n\r\n[gallery link=\"file\" ids=\"27445,27436,27435\" orderby=\"rand\"]","post_title":"Sala Atelier","post_excerpt":"","post_status":"publish","comment_status":"open","ping_status":"open","post_password":"","post_name":"sala-atelier","to_ping":"","pinged":"","post_modified":"2016-08-09 10:10:54","post_modified_gmt":"2016-08-09 10:10:54","post_content_filtered":"","post_parent":0,"guid":"https:\/\/www.societateamuzicala.ro\/locurileculturii\/?p=27421","menu_order":0,"post_type":"post","post_mime_type":"","comment_count":"0","filter":"raw"}],"centru_cultural":"","articole_parinte":[{"ID":27421,"post_author":"4","post_date":"2016-08-02 09:39:31","post_date_gmt":"2016-08-02 09:39:31","post_content":"<strong>Sala Atelier<\/strong> este amplasata la subsolul corpului C al <a href=\"https:\/\/www.societateamuzicala.ro\/locurileculturii\/2016\/07\/24\/sala-mare-a-teatrului-national-copy\/\" target=\"_blank\">Teatrului National<\/a>, sub <a href=\"https:\/\/www.societateamuzicala.ro\/locurileculturii\/2016\/07\/28\/sala-studio-2\/\" target=\"_blank\">Sala Studio<\/a> a acestuia. Prin urmare, accesul in<strong> Sala Atelier<\/strong> se face din foaierul de la parterul teatrului. Spatiul scenic de care dispune Sala Atelier este de tipul black box, ceea ce permite montari inedite, spectacolele neconventionale devenind deja o traditie a salii. Repertoriul curent al salii contine\u00a0montari ale unor piese contemporane, nu clasice.\r\n\r\nAsezarea scaunelor pe gradene permite aranajarea in diferite moduri a spatiului de joc, iar in ceea ce priveste dimensiunea redusa\u00a0a salii, acest lucru favorieaza o intimitate a relatiei formata intre actor si spectator.\u00a0Odata cu renovarea Teatrului National,\u00a0in <strong>Sala Atelier<\/strong>\u00a0s-a construit un balcon cu 50 de locuri, alaturi de care capacitatea maxima salii ajunge la 200 de locuri. Accesul la noul balcon se face printr-o pasarela adaugata in foaierul aferent salii Atelier.\r\n\r\n[gallery link=\"file\" ids=\"27445,27436,27435\" orderby=\"rand\"]","post_title":"Sala Atelier","post_excerpt":"","post_status":"publish","comment_status":"open","ping_status":"open","post_password":"","post_name":"sala-atelier","to_ping":"","pinged":"","post_modified":"2016-08-09 10:10:54","post_modified_gmt":"2016-08-09 10:10:54","post_content_filtered":"","post_parent":0,"guid":"https:\/\/www.societateamuzicala.ro\/locurileculturii\/?p=27421","menu_order":0,"post_type":"post","post_mime_type":"","comment_count":"0","filter":"raw"}],"articole_relationate":"","coordonate":{"address":"Strada Tudor Arghezi 7, Bucure\u0219ti 030167, Rom\u00e2nia","lat":"44.43771365424288","lng":"26.10355854034424"},"tab1_nume":"Despre","tab3":false},"yoast_head":"<!-- This site is optimized with the Yoast SEO plugin v27.5 - https:\/\/yoast.com\/product\/yoast-seo-wordpress\/ -->\n<title>Conferinta: &quot;Contribu\u021bia Rom\u00e2niei la istoria diabetului \u00een Europa&quot; - Locurile Culturii<\/title>\n<meta name=\"description\" content=\"Catalogul salilor si spatiilor in care se pot organiza evenimente culturale, evenimentele care au loc in aceste spatii\" \/>\n<meta name=\"robots\" content=\"index, follow, max-snippet:-1, max-image-preview:large, max-video-preview:-1\" \/>\n<link rel=\"canonical\" href=\"https:\/\/www.societateamuzicala.ro\/locurileculturii\/conferinta-contributia-romaniei-la-istoria-diabetului-europa\/\" \/>\n<meta property=\"og:locale\" content=\"en_US\" \/>\n<meta property=\"og:type\" content=\"article\" \/>\n<meta property=\"og:title\" content=\"Conferinta: &quot;Contribu\u021bia Rom\u00e2niei la istoria diabetului \u00een Europa&quot; - Locurile Culturii\" \/>\n<meta property=\"og:description\" content=\"Catalogul salilor si spatiilor in care se pot organiza evenimente culturale, evenimentele care au loc in aceste spatii\" \/>\n<meta property=\"og:url\" content=\"https:\/\/www.societateamuzicala.ro\/locurileculturii\/conferinta-contributia-romaniei-la-istoria-diabetului-europa\/\" \/>\n<meta property=\"og:site_name\" content=\"Locurile Culturii\" \/>\n<meta property=\"article:published_time\" content=\"2017-04-12T11:32:48+00:00\" \/>\n<meta name=\"author\" content=\"Daniel Catoi\" \/>\n<meta name=\"twitter:card\" content=\"summary_large_image\" \/>\n<meta name=\"twitter:label1\" content=\"Written by\" \/>\n\t<meta name=\"twitter:data1\" content=\"Daniel Catoi\" \/>\n\t<meta name=\"twitter:label2\" content=\"Est. reading time\" \/>\n\t<meta name=\"twitter:data2\" content=\"2 minutes\" \/>\n<script type=\"application\/ld+json\" class=\"yoast-schema-graph\">{\"@context\":\"https:\\\/\\\/schema.org\",\"@graph\":[{\"@type\":\"Article\",\"@id\":\"https:\\\/\\\/www.societateamuzicala.ro\\\/locurileculturii\\\/conferinta-contributia-romaniei-la-istoria-diabetului-europa\\\/#article\",\"isPartOf\":{\"@id\":\"https:\\\/\\\/www.societateamuzicala.ro\\\/locurileculturii\\\/conferinta-contributia-romaniei-la-istoria-diabetului-europa\\\/\"},\"author\":{\"name\":\"Daniel Catoi\",\"@id\":\"https:\\\/\\\/www.societateamuzicala.ro\\\/locurileculturii\\\/#\\\/schema\\\/person\\\/9b52fa5c7675208e1da104f801fbb85b\"},\"headline\":\"Conferinta: &#8220;Contribu\u021bia Rom\u00e2niei la istoria diabetului \u00een Europa&#8221;\",\"datePublished\":\"2017-04-12T11:32:48+00:00\",\"mainEntityOfPage\":{\"@id\":\"https:\\\/\\\/www.societateamuzicala.ro\\\/locurileculturii\\\/conferinta-contributia-romaniei-la-istoria-diabetului-europa\\\/\"},\"wordCount\":465,\"commentCount\":0,\"keywords\":[\"arta\",\"arta contemporana\",\"arta plastica\",\"arte vizuale\",\"cinema\",\"concert\",\"concert cameral\",\"concerte\",\"conferinta\",\"constantin ionescu-targoviste\",\"CONSTANTIN IONESCU-T\u00ceRGOVI\u015eTE\",\"cultura\",\"cultural\",\"dezbateri\",\"eveniment cultural\",\"evenimente culturale\",\"expozitie\",\"expozitii\",\"film\",\"galerie\",\"muzee\",\"muzeu\",\"muzica clasica\",\"opera\",\"organizare evenimente\",\"pictura\",\"Sali\",\"Sali evenimente\",\"sculptura\",\"spatii culturale\",\"spatii evenimente\",\"spectacol\",\"teatru\",\"teatru experimental\"],\"articleSection\":[\"Alte evenimente\"],\"inLanguage\":\"en-US\",\"potentialAction\":[{\"@type\":\"CommentAction\",\"name\":\"Comment\",\"target\":[\"https:\\\/\\\/www.societateamuzicala.ro\\\/locurileculturii\\\/conferinta-contributia-romaniei-la-istoria-diabetului-europa\\\/#respond\"]}]},{\"@type\":\"WebPage\",\"@id\":\"https:\\\/\\\/www.societateamuzicala.ro\\\/locurileculturii\\\/conferinta-contributia-romaniei-la-istoria-diabetului-europa\\\/\",\"url\":\"https:\\\/\\\/www.societateamuzicala.ro\\\/locurileculturii\\\/conferinta-contributia-romaniei-la-istoria-diabetului-europa\\\/\",\"name\":\"Conferinta: \\\"Contribu\u021bia Rom\u00e2niei la istoria diabetului \u00een Europa\\\" - Locurile Culturii\",\"isPartOf\":{\"@id\":\"https:\\\/\\\/www.societateamuzicala.ro\\\/locurileculturii\\\/#website\"},\"datePublished\":\"2017-04-12T11:32:48+00:00\",\"author\":{\"@id\":\"https:\\\/\\\/www.societateamuzicala.ro\\\/locurileculturii\\\/#\\\/schema\\\/person\\\/9b52fa5c7675208e1da104f801fbb85b\"},\"description\":\"Catalogul salilor si spatiilor in care se pot organiza evenimente culturale, evenimentele care au loc in aceste spatii\",\"breadcrumb\":{\"@id\":\"https:\\\/\\\/www.societateamuzicala.ro\\\/locurileculturii\\\/conferinta-contributia-romaniei-la-istoria-diabetului-europa\\\/#breadcrumb\"},\"inLanguage\":\"en-US\",\"potentialAction\":[{\"@type\":\"ReadAction\",\"target\":[\"https:\\\/\\\/www.societateamuzicala.ro\\\/locurileculturii\\\/conferinta-contributia-romaniei-la-istoria-diabetului-europa\\\/\"]}]},{\"@type\":\"BreadcrumbList\",\"@id\":\"https:\\\/\\\/www.societateamuzicala.ro\\\/locurileculturii\\\/conferinta-contributia-romaniei-la-istoria-diabetului-europa\\\/#breadcrumb\",\"itemListElement\":[{\"@type\":\"ListItem\",\"position\":1,\"name\":\"Home\",\"item\":\"https:\\\/\\\/www.societateamuzicala.ro\\\/locurileculturii\\\/\"},{\"@type\":\"ListItem\",\"position\":2,\"name\":\"Conferinta: &#8220;Contribu\u021bia Rom\u00e2niei la istoria diabetului \u00een Europa&#8221;\"}]},{\"@type\":\"WebSite\",\"@id\":\"https:\\\/\\\/www.societateamuzicala.ro\\\/locurileculturii\\\/#website\",\"url\":\"https:\\\/\\\/www.societateamuzicala.ro\\\/locurileculturii\\\/\",\"name\":\"Locurile Culturii\",\"description\":\"Catalogul spatiilor culturale - lista completa a salilor si spatiilor in care se pot face evenimente culturale\",\"potentialAction\":[{\"@type\":\"SearchAction\",\"target\":{\"@type\":\"EntryPoint\",\"urlTemplate\":\"https:\\\/\\\/www.societateamuzicala.ro\\\/locurileculturii\\\/?s={search_term_string}\"},\"query-input\":{\"@type\":\"PropertyValueSpecification\",\"valueRequired\":true,\"valueName\":\"search_term_string\"}}],\"inLanguage\":\"en-US\"},{\"@type\":\"Person\",\"@id\":\"https:\\\/\\\/www.societateamuzicala.ro\\\/locurileculturii\\\/#\\\/schema\\\/person\\\/9b52fa5c7675208e1da104f801fbb85b\",\"name\":\"Daniel Catoi\",\"image\":{\"@type\":\"ImageObject\",\"inLanguage\":\"en-US\",\"@id\":\"https:\\\/\\\/secure.gravatar.com\\\/avatar\\\/c0882a218c936889972a11c796e8ed91e0aff99b92af7212c04f740da3928233?s=96&d=mm&r=g\",\"url\":\"https:\\\/\\\/secure.gravatar.com\\\/avatar\\\/c0882a218c936889972a11c796e8ed91e0aff99b92af7212c04f740da3928233?s=96&d=mm&r=g\",\"contentUrl\":\"https:\\\/\\\/secure.gravatar.com\\\/avatar\\\/c0882a218c936889972a11c796e8ed91e0aff99b92af7212c04f740da3928233?s=96&d=mm&r=g\",\"caption\":\"Daniel Catoi\"},\"url\":\"https:\\\/\\\/www.societateamuzicala.ro\\\/locurileculturii\\\/author\\\/daniel\\\/\"}]}<\/script>\n<!-- \/ Yoast SEO plugin. -->","yoast_head_json":{"title":"Conferinta: \"Contribu\u021bia Rom\u00e2niei la istoria diabetului \u00een Europa\" - Locurile Culturii","description":"Catalogul salilor si spatiilor in care se pot organiza evenimente culturale, evenimentele care au loc in aceste spatii","robots":{"index":"index","follow":"follow","max-snippet":"max-snippet:-1","max-image-preview":"max-image-preview:large","max-video-preview":"max-video-preview:-1"},"canonical":"https:\/\/www.societateamuzicala.ro\/locurileculturii\/conferinta-contributia-romaniei-la-istoria-diabetului-europa\/","og_locale":"en_US","og_type":"article","og_title":"Conferinta: \"Contribu\u021bia Rom\u00e2niei la istoria diabetului \u00een Europa\" - Locurile Culturii","og_description":"Catalogul salilor si spatiilor in care se pot organiza evenimente culturale, evenimentele care au loc in aceste spatii","og_url":"https:\/\/www.societateamuzicala.ro\/locurileculturii\/conferinta-contributia-romaniei-la-istoria-diabetului-europa\/","og_site_name":"Locurile Culturii","article_published_time":"2017-04-12T11:32:48+00:00","author":"Daniel Catoi","twitter_card":"summary_large_image","twitter_misc":{"Written by":"Daniel Catoi","Est. reading time":"2 minutes"},"schema":{"@context":"https:\/\/schema.org","@graph":[{"@type":"Article","@id":"https:\/\/www.societateamuzicala.ro\/locurileculturii\/conferinta-contributia-romaniei-la-istoria-diabetului-europa\/#article","isPartOf":{"@id":"https:\/\/www.societateamuzicala.ro\/locurileculturii\/conferinta-contributia-romaniei-la-istoria-diabetului-europa\/"},"author":{"name":"Daniel Catoi","@id":"https:\/\/www.societateamuzicala.ro\/locurileculturii\/#\/schema\/person\/9b52fa5c7675208e1da104f801fbb85b"},"headline":"Conferinta: &#8220;Contribu\u021bia Rom\u00e2niei la istoria diabetului \u00een Europa&#8221;","datePublished":"2017-04-12T11:32:48+00:00","mainEntityOfPage":{"@id":"https:\/\/www.societateamuzicala.ro\/locurileculturii\/conferinta-contributia-romaniei-la-istoria-diabetului-europa\/"},"wordCount":465,"commentCount":0,"keywords":["arta","arta contemporana","arta plastica","arte vizuale","cinema","concert","concert cameral","concerte","conferinta","constantin ionescu-targoviste","CONSTANTIN IONESCU-T\u00ceRGOVI\u015eTE","cultura","cultural","dezbateri","eveniment cultural","evenimente culturale","expozitie","expozitii","film","galerie","muzee","muzeu","muzica clasica","opera","organizare evenimente","pictura","Sali","Sali evenimente","sculptura","spatii culturale","spatii evenimente","spectacol","teatru","teatru experimental"],"articleSection":["Alte evenimente"],"inLanguage":"en-US","potentialAction":[{"@type":"CommentAction","name":"Comment","target":["https:\/\/www.societateamuzicala.ro\/locurileculturii\/conferinta-contributia-romaniei-la-istoria-diabetului-europa\/#respond"]}]},{"@type":"WebPage","@id":"https:\/\/www.societateamuzicala.ro\/locurileculturii\/conferinta-contributia-romaniei-la-istoria-diabetului-europa\/","url":"https:\/\/www.societateamuzicala.ro\/locurileculturii\/conferinta-contributia-romaniei-la-istoria-diabetului-europa\/","name":"Conferinta: \"Contribu\u021bia Rom\u00e2niei la istoria diabetului \u00een Europa\" - Locurile Culturii","isPartOf":{"@id":"https:\/\/www.societateamuzicala.ro\/locurileculturii\/#website"},"datePublished":"2017-04-12T11:32:48+00:00","author":{"@id":"https:\/\/www.societateamuzicala.ro\/locurileculturii\/#\/schema\/person\/9b52fa5c7675208e1da104f801fbb85b"},"description":"Catalogul salilor si spatiilor in care se pot organiza evenimente culturale, evenimentele care au loc in aceste spatii","breadcrumb":{"@id":"https:\/\/www.societateamuzicala.ro\/locurileculturii\/conferinta-contributia-romaniei-la-istoria-diabetului-europa\/#breadcrumb"},"inLanguage":"en-US","potentialAction":[{"@type":"ReadAction","target":["https:\/\/www.societateamuzicala.ro\/locurileculturii\/conferinta-contributia-romaniei-la-istoria-diabetului-europa\/"]}]},{"@type":"BreadcrumbList","@id":"https:\/\/www.societateamuzicala.ro\/locurileculturii\/conferinta-contributia-romaniei-la-istoria-diabetului-europa\/#breadcrumb","itemListElement":[{"@type":"ListItem","position":1,"name":"Home","item":"https:\/\/www.societateamuzicala.ro\/locurileculturii\/"},{"@type":"ListItem","position":2,"name":"Conferinta: &#8220;Contribu\u021bia Rom\u00e2niei la istoria diabetului \u00een Europa&#8221;"}]},{"@type":"WebSite","@id":"https:\/\/www.societateamuzicala.ro\/locurileculturii\/#website","url":"https:\/\/www.societateamuzicala.ro\/locurileculturii\/","name":"Locurile Culturii","description":"Catalogul spatiilor culturale - lista completa a salilor si spatiilor in care se pot face evenimente culturale","potentialAction":[{"@type":"SearchAction","target":{"@type":"EntryPoint","urlTemplate":"https:\/\/www.societateamuzicala.ro\/locurileculturii\/?s={search_term_string}"},"query-input":{"@type":"PropertyValueSpecification","valueRequired":true,"valueName":"search_term_string"}}],"inLanguage":"en-US"},{"@type":"Person","@id":"https:\/\/www.societateamuzicala.ro\/locurileculturii\/#\/schema\/person\/9b52fa5c7675208e1da104f801fbb85b","name":"Daniel Catoi","image":{"@type":"ImageObject","inLanguage":"en-US","@id":"https:\/\/secure.gravatar.com\/avatar\/c0882a218c936889972a11c796e8ed91e0aff99b92af7212c04f740da3928233?s=96&d=mm&r=g","url":"https:\/\/secure.gravatar.com\/avatar\/c0882a218c936889972a11c796e8ed91e0aff99b92af7212c04f740da3928233?s=96&d=mm&r=g","contentUrl":"https:\/\/secure.gravatar.com\/avatar\/c0882a218c936889972a11c796e8ed91e0aff99b92af7212c04f740da3928233?s=96&d=mm&r=g","caption":"Daniel Catoi"},"url":"https:\/\/www.societateamuzicala.ro\/locurileculturii\/author\/daniel\/"}]}},"_links":{"self":[{"href":"https:\/\/www.societateamuzicala.ro\/locurileculturii\/wp-json\/wp\/v2\/posts\/38455","targetHints":{"allow":["GET"]}}],"collection":[{"href":"https:\/\/www.societateamuzicala.ro\/locurileculturii\/wp-json\/wp\/v2\/posts"}],"about":[{"href":"https:\/\/www.societateamuzicala.ro\/locurileculturii\/wp-json\/wp\/v2\/types\/post"}],"author":[{"embeddable":true,"href":"https:\/\/www.societateamuzicala.ro\/locurileculturii\/wp-json\/wp\/v2\/users\/4"}],"replies":[{"embeddable":true,"href":"https:\/\/www.societateamuzicala.ro\/locurileculturii\/wp-json\/wp\/v2\/comments?post=38455"}],"version-history":[{"count":0,"href":"https:\/\/www.societateamuzicala.ro\/locurileculturii\/wp-json\/wp\/v2\/posts\/38455\/revisions"}],"wp:attachment":[{"href":"https:\/\/www.societateamuzicala.ro\/locurileculturii\/wp-json\/wp\/v2\/media?parent=38455"}],"wp:term":[{"taxonomy":"category","embeddable":true,"href":"https:\/\/www.societateamuzicala.ro\/locurileculturii\/wp-json\/wp\/v2\/categories?post=38455"},{"taxonomy":"post_tag","embeddable":true,"href":"https:\/\/www.societateamuzicala.ro\/locurileculturii\/wp-json\/wp\/v2\/tags?post=38455"}],"curies":[{"name":"wp","href":"https:\/\/api.w.org\/{rel}","templated":true}]}}