{"id":38344,"date":"2017-04-10T08:39:28","date_gmt":"2017-04-10T08:39:28","guid":{"rendered":"https:\/\/www.societateamuzicala.ro\/locurileculturii\/?p=38344"},"modified":"2017-04-10T08:39:28","modified_gmt":"2017-04-10T08:39:28","slug":"provincia-umana-de-petru-mazilescu","status":"publish","type":"post","link":"https:\/\/www.societateamuzicala.ro\/locurileculturii\/provincia-umana-de-petru-mazilescu\/","title":{"rendered":"&#8220;ProvIncia Uman\u0103&#8221;, de Petru Mazilescu"},"content":{"rendered":"<p>\u00cen numele tinere\u0163ii mele, a tinere\u0163ii tale, drag\u0103 cititor de poezie, te a\u015ftept \u00een data de<br \/>\n27 aprilie 2017, h. 18,30 \u00een Fabrica (https:\/\/www.facebook.com\/<wbr \/>clubfabrica\/) la lansarea c\u0103r\u0163ii ProvIncia Uman\u0103<\/p>\n<p>ProvIncia Uman\u0103 nu este numai un volum de versuri a\u015fternute la nelini\u015ftita v\u00e2rst\u0103 de 20 de ani, ci este \u00een acela\u015fi timp, un jurnal de st\u0103ri de agregare sufleteasc\u0103 prin care trece inevitabil orice tinere\u0163e f\u0103r\u0103 b\u0103tr\u00e2ne\u0163e \u015fi orice via\u0163\u0103 f\u0103r\u0103 de moarte. A\u015fa este dou\u0103zeciul\u2026<br \/>\n\u00centre coper\u0163ile ProvInciei Umane se reg\u0103sesc \u00een ordine cronologic\u0103 agreg\u0103rile armonioase, luminoase, perfecte, dar \u015fi dezagreg\u0103rile, trecerile de la o stare la alta, dilat\u0103rile \u015fi contract\u0103rile inechilibrului, instabilit\u0103\u0163ii cu fr\u0103m\u00e2nt\u0103ri, cu zbucium aproape violent \u015fi exasperant.<br \/>\nVia\u0163a mea de atunci era toat\u0103 o \u00eentrebare. Vroiam s\u0103 simt. Cu orice pre\u0163. Cu orice costuri. Cu inima, cu mirosul, cu auzul, cu tactilul, cu durerea, cu bucuria.<br \/>\nAst\u0103zi, la dublul v\u00e2rstei de atunci, am descoperit cu o pl\u0103cut\u0103 surprindere c\u0103 exist\u0103 r\u0103spunsuri, chiar dac\u0103 ele vin t\u00e2rziu sau foarte t\u00e2rziu \u00eentr-o via\u0163\u0103 de om. Dar \u00eentreb\u0103rile fuseser\u0103 puse.<br \/>\nProvIncia Uman\u0103 este totodat\u0103 un proiect n\u0103scut din \u201e\u00eemp\u0103carea lui mine cu mine-\u00eensumi\u201d, a t\u00e2n\u0103rului cu cel de ast\u0103zi, a interog\u0103rii cu r\u0103spunsul.<\/p>\n","protected":false},"excerpt":{"rendered":"<p>\u00cen numele tinere\u0163ii mele, a tinere\u0163ii tale, drag\u0103 cititor de poezie, te a\u015ftept \u00een data de 27 aprilie 2017, h. 18,30 \u00een Fabrica (https:\/\/www.facebook.com\/clubfabrica\/) la lansarea c\u0103r\u0163ii ProvIncia Uman\u0103 ProvIncia Uman\u0103 nu este numai un volum de versuri a\u015fternute la nelini\u015ftita v\u00e2rst\u0103 de 20 de ani, ci este \u00een acela\u015fi timp, un jurnal de st\u0103ri [&hellip;]<\/p>\n","protected":false},"author":4,"featured_media":0,"comment_status":"open","ping_status":"open","sticky":false,"template":"","format":"standard","meta":{"_acf_changed":false,"footnotes":""},"categories":[27],"tags":[289,464,1443,326,404,2773,234,50,29,744,203,403,278,402,2214,256,243,405,974,2212,406,36,54,2216,8725,855,8726,2211,2213,1677,2210,2215,393,212,1878],"class_list":["post-38344","post","type-post","status-publish","format-standard","hentry","category-alte-evenimente","tag-arta","tag-arta-contemporana","tag-arta-plastica","tag-arte-vizuale","tag-cinema","tag-club-fabrica","tag-concert","tag-concert-cameral","tag-concerte","tag-conferinta","tag-cultura","tag-cultural","tag-dezbateri","tag-eveniment-cultural","tag-evenimente-culturale","tag-expozitie","tag-expozitii","tag-film","tag-galerie","tag-muzee","tag-muzeu","tag-muzica-clasica","tag-opera","tag-organizare-evenimente","tag-petru-mazilescu","tag-pictura","tag-provincia-umana","tag-sali","tag-sali-evenimente","tag-sculptura","tag-spatii-culturale","tag-spatii-evenimente","tag-spectacol","tag-teatru","tag-teatru-experimental"],"acf":{"cc_filter":[],"poza_fixa":"https:\/\/www.societateamuzicala.ro\/locurileculturii\/wp-content\/uploads\/2016\/08\/Club-Fabrica.jpg","url_poza_fixa":"","oras":"Bucuresti","in_strainatate":false,"pian":false,"orga":false,"data1":"1493317800","data2":"","afiseaza_data_post":false,"acf_sala":[{"ID":30958,"post_author":"4","post_date":"2016-08-23 10:40:33","post_date_gmt":"2016-08-23 10:40:33","post_content":"Situat la 15 minute distanta de Piata Unirii, <strong>Club Fabrica<\/strong> este loc frecventat des de tanara generatie si poate constitui un spatiu neconvetional de desfasurare a concertelor si spectacolelor de teatru. De altfel, in ultimii ani au avut deja loc spectacole de teatru neconvetional in incinta <strong>Clubului Fabrica<\/strong>, acesta fiind cadrul potrivit pentru prezentarea unor piese de teatru contemporan, sau a unor versiuni moderne a unora dintre titlurile de referinta ale genului dramaturgic. De asemenea, pot fi organizate si concerte de muzica contemporana ori din zona pop-rock. Cu o capacitate de aproximativ 100 de locuri, <strong>Club Fabrica<\/strong> este un loc in care arta poate fi adusa aproape de generatia tanara si poate patrunde in viata cotidiana a publicului.\r\n\r\n[gallery ids=\"30971,30972,30973\"]","post_title":"Club Fabrica","post_excerpt":"","post_status":"publish","comment_status":"open","ping_status":"open","post_password":"","post_name":"club-fabrica","to_ping":"","pinged":"","post_modified":"2017-04-10 08:37:08","post_modified_gmt":"2017-04-10 08:37:08","post_content_filtered":"","post_parent":0,"guid":"https:\/\/www.societateamuzicala.ro\/locurileculturii\/?p=30958","menu_order":0,"post_type":"post","post_mime_type":"","comment_count":"0","filter":"raw"}],"centru_cultural":"","articole_parinte":[{"ID":30958,"post_author":"4","post_date":"2016-08-23 10:40:33","post_date_gmt":"2016-08-23 10:40:33","post_content":"Situat la 15 minute distanta de Piata Unirii, <strong>Club Fabrica<\/strong> este loc frecventat des de tanara generatie si poate constitui un spatiu neconvetional de desfasurare a concertelor si spectacolelor de teatru. De altfel, in ultimii ani au avut deja loc spectacole de teatru neconvetional in incinta <strong>Clubului Fabrica<\/strong>, acesta fiind cadrul potrivit pentru prezentarea unor piese de teatru contemporan, sau a unor versiuni moderne a unora dintre titlurile de referinta ale genului dramaturgic. De asemenea, pot fi organizate si concerte de muzica contemporana ori din zona pop-rock. Cu o capacitate de aproximativ 100 de locuri, <strong>Club Fabrica<\/strong> este un loc in care arta poate fi adusa aproape de generatia tanara si poate patrunde in viata cotidiana a publicului.\r\n\r\n[gallery ids=\"30971,30972,30973\"]","post_title":"Club Fabrica","post_excerpt":"","post_status":"publish","comment_status":"open","ping_status":"open","post_password":"","post_name":"club-fabrica","to_ping":"","pinged":"","post_modified":"2017-04-10 08:37:08","post_modified_gmt":"2017-04-10 08:37:08","post_content_filtered":"","post_parent":0,"guid":"https:\/\/www.societateamuzicala.ro\/locurileculturii\/?p=30958","menu_order":0,"post_type":"post","post_mime_type":"","comment_count":"0","filter":"raw"}],"articole_relationate":"","coordonate":{"address":"Fabrica Club, Strada 11 Iunie, Bucure\u0219ti, Municipiul Bucure\u0219ti, Rom\u00e2nia","lat":"44.420415","lng":"26.09508900000003"},"tab1_nume":"Despre","tab3":false},"yoast_head":"<!-- This site is optimized with the Yoast SEO plugin v27.5 - https:\/\/yoast.com\/product\/yoast-seo-wordpress\/ -->\n<title>&quot;ProvIncia Uman\u0103&quot;, de Petru Mazilescu - Locurile Culturii<\/title>\n<meta name=\"description\" content=\"Catalogul salilor si spatiilor in care se pot organiza evenimente culturale, evenimentele care au loc in aceste spatii\" \/>\n<meta name=\"robots\" content=\"index, follow, max-snippet:-1, max-image-preview:large, max-video-preview:-1\" \/>\n<link rel=\"canonical\" href=\"https:\/\/www.societateamuzicala.ro\/locurileculturii\/provincia-umana-de-petru-mazilescu\/\" \/>\n<meta property=\"og:locale\" content=\"en_US\" \/>\n<meta property=\"og:type\" content=\"article\" \/>\n<meta property=\"og:title\" content=\"&quot;ProvIncia Uman\u0103&quot;, de Petru Mazilescu - Locurile Culturii\" \/>\n<meta property=\"og:description\" content=\"Catalogul salilor si spatiilor in care se pot organiza evenimente culturale, evenimentele care au loc in aceste spatii\" \/>\n<meta property=\"og:url\" content=\"https:\/\/www.societateamuzicala.ro\/locurileculturii\/provincia-umana-de-petru-mazilescu\/\" \/>\n<meta property=\"og:site_name\" content=\"Locurile Culturii\" \/>\n<meta property=\"article:published_time\" content=\"2017-04-10T08:39:28+00:00\" \/>\n<meta name=\"author\" content=\"Daniel Catoi\" \/>\n<meta name=\"twitter:card\" content=\"summary_large_image\" \/>\n<meta name=\"twitter:label1\" content=\"Written by\" \/>\n\t<meta name=\"twitter:data1\" content=\"Daniel Catoi\" \/>\n\t<meta name=\"twitter:label2\" content=\"Est. reading time\" \/>\n\t<meta name=\"twitter:data2\" content=\"1 minute\" \/>\n<script type=\"application\/ld+json\" class=\"yoast-schema-graph\">{\"@context\":\"https:\\\/\\\/schema.org\",\"@graph\":[{\"@type\":\"Article\",\"@id\":\"https:\\\/\\\/www.societateamuzicala.ro\\\/locurileculturii\\\/provincia-umana-de-petru-mazilescu\\\/#article\",\"isPartOf\":{\"@id\":\"https:\\\/\\\/www.societateamuzicala.ro\\\/locurileculturii\\\/provincia-umana-de-petru-mazilescu\\\/\"},\"author\":{\"name\":\"Daniel Catoi\",\"@id\":\"https:\\\/\\\/www.societateamuzicala.ro\\\/locurileculturii\\\/#\\\/schema\\\/person\\\/9b52fa5c7675208e1da104f801fbb85b\"},\"headline\":\"&#8220;ProvIncia Uman\u0103&#8221;, de Petru Mazilescu\",\"datePublished\":\"2017-04-10T08:39:28+00:00\",\"mainEntityOfPage\":{\"@id\":\"https:\\\/\\\/www.societateamuzicala.ro\\\/locurileculturii\\\/provincia-umana-de-petru-mazilescu\\\/\"},\"wordCount\":243,\"commentCount\":0,\"keywords\":[\"arta\",\"arta contemporana\",\"arta plastica\",\"arte vizuale\",\"cinema\",\"club fabrica\",\"concert\",\"concert cameral\",\"concerte\",\"conferinta\",\"cultura\",\"cultural\",\"dezbateri\",\"eveniment cultural\",\"evenimente culturale\",\"expozitie\",\"expozitii\",\"film\",\"galerie\",\"muzee\",\"muzeu\",\"muzica clasica\",\"opera\",\"organizare evenimente\",\"Petru Mazilescu\",\"pictura\",\"ProvIncia Uman\u0103\",\"Sali\",\"Sali evenimente\",\"sculptura\",\"spatii culturale\",\"spatii evenimente\",\"spectacol\",\"teatru\",\"teatru experimental\"],\"articleSection\":[\"Alte evenimente\"],\"inLanguage\":\"en-US\",\"potentialAction\":[{\"@type\":\"CommentAction\",\"name\":\"Comment\",\"target\":[\"https:\\\/\\\/www.societateamuzicala.ro\\\/locurileculturii\\\/provincia-umana-de-petru-mazilescu\\\/#respond\"]}]},{\"@type\":\"WebPage\",\"@id\":\"https:\\\/\\\/www.societateamuzicala.ro\\\/locurileculturii\\\/provincia-umana-de-petru-mazilescu\\\/\",\"url\":\"https:\\\/\\\/www.societateamuzicala.ro\\\/locurileculturii\\\/provincia-umana-de-petru-mazilescu\\\/\",\"name\":\"\\\"ProvIncia Uman\u0103\\\", de Petru Mazilescu - Locurile Culturii\",\"isPartOf\":{\"@id\":\"https:\\\/\\\/www.societateamuzicala.ro\\\/locurileculturii\\\/#website\"},\"datePublished\":\"2017-04-10T08:39:28+00:00\",\"author\":{\"@id\":\"https:\\\/\\\/www.societateamuzicala.ro\\\/locurileculturii\\\/#\\\/schema\\\/person\\\/9b52fa5c7675208e1da104f801fbb85b\"},\"description\":\"Catalogul salilor si spatiilor in care se pot organiza evenimente culturale, evenimentele care au loc in aceste spatii\",\"breadcrumb\":{\"@id\":\"https:\\\/\\\/www.societateamuzicala.ro\\\/locurileculturii\\\/provincia-umana-de-petru-mazilescu\\\/#breadcrumb\"},\"inLanguage\":\"en-US\",\"potentialAction\":[{\"@type\":\"ReadAction\",\"target\":[\"https:\\\/\\\/www.societateamuzicala.ro\\\/locurileculturii\\\/provincia-umana-de-petru-mazilescu\\\/\"]}]},{\"@type\":\"BreadcrumbList\",\"@id\":\"https:\\\/\\\/www.societateamuzicala.ro\\\/locurileculturii\\\/provincia-umana-de-petru-mazilescu\\\/#breadcrumb\",\"itemListElement\":[{\"@type\":\"ListItem\",\"position\":1,\"name\":\"Home\",\"item\":\"https:\\\/\\\/www.societateamuzicala.ro\\\/locurileculturii\\\/\"},{\"@type\":\"ListItem\",\"position\":2,\"name\":\"&#8220;ProvIncia Uman\u0103&#8221;, de Petru Mazilescu\"}]},{\"@type\":\"WebSite\",\"@id\":\"https:\\\/\\\/www.societateamuzicala.ro\\\/locurileculturii\\\/#website\",\"url\":\"https:\\\/\\\/www.societateamuzicala.ro\\\/locurileculturii\\\/\",\"name\":\"Locurile Culturii\",\"description\":\"Catalogul spatiilor culturale - lista completa a salilor si spatiilor in care se pot face evenimente culturale\",\"potentialAction\":[{\"@type\":\"SearchAction\",\"target\":{\"@type\":\"EntryPoint\",\"urlTemplate\":\"https:\\\/\\\/www.societateamuzicala.ro\\\/locurileculturii\\\/?s={search_term_string}\"},\"query-input\":{\"@type\":\"PropertyValueSpecification\",\"valueRequired\":true,\"valueName\":\"search_term_string\"}}],\"inLanguage\":\"en-US\"},{\"@type\":\"Person\",\"@id\":\"https:\\\/\\\/www.societateamuzicala.ro\\\/locurileculturii\\\/#\\\/schema\\\/person\\\/9b52fa5c7675208e1da104f801fbb85b\",\"name\":\"Daniel Catoi\",\"image\":{\"@type\":\"ImageObject\",\"inLanguage\":\"en-US\",\"@id\":\"https:\\\/\\\/secure.gravatar.com\\\/avatar\\\/c0882a218c936889972a11c796e8ed91e0aff99b92af7212c04f740da3928233?s=96&d=mm&r=g\",\"url\":\"https:\\\/\\\/secure.gravatar.com\\\/avatar\\\/c0882a218c936889972a11c796e8ed91e0aff99b92af7212c04f740da3928233?s=96&d=mm&r=g\",\"contentUrl\":\"https:\\\/\\\/secure.gravatar.com\\\/avatar\\\/c0882a218c936889972a11c796e8ed91e0aff99b92af7212c04f740da3928233?s=96&d=mm&r=g\",\"caption\":\"Daniel Catoi\"},\"url\":\"https:\\\/\\\/www.societateamuzicala.ro\\\/locurileculturii\\\/author\\\/daniel\\\/\"}]}<\/script>\n<!-- \/ Yoast SEO plugin. -->","yoast_head_json":{"title":"\"ProvIncia Uman\u0103\", de Petru Mazilescu - Locurile Culturii","description":"Catalogul salilor si spatiilor in care se pot organiza evenimente culturale, evenimentele care au loc in aceste spatii","robots":{"index":"index","follow":"follow","max-snippet":"max-snippet:-1","max-image-preview":"max-image-preview:large","max-video-preview":"max-video-preview:-1"},"canonical":"https:\/\/www.societateamuzicala.ro\/locurileculturii\/provincia-umana-de-petru-mazilescu\/","og_locale":"en_US","og_type":"article","og_title":"\"ProvIncia Uman\u0103\", de Petru Mazilescu - Locurile Culturii","og_description":"Catalogul salilor si spatiilor in care se pot organiza evenimente culturale, evenimentele care au loc in aceste spatii","og_url":"https:\/\/www.societateamuzicala.ro\/locurileculturii\/provincia-umana-de-petru-mazilescu\/","og_site_name":"Locurile Culturii","article_published_time":"2017-04-10T08:39:28+00:00","author":"Daniel Catoi","twitter_card":"summary_large_image","twitter_misc":{"Written by":"Daniel Catoi","Est. reading time":"1 minute"},"schema":{"@context":"https:\/\/schema.org","@graph":[{"@type":"Article","@id":"https:\/\/www.societateamuzicala.ro\/locurileculturii\/provincia-umana-de-petru-mazilescu\/#article","isPartOf":{"@id":"https:\/\/www.societateamuzicala.ro\/locurileculturii\/provincia-umana-de-petru-mazilescu\/"},"author":{"name":"Daniel Catoi","@id":"https:\/\/www.societateamuzicala.ro\/locurileculturii\/#\/schema\/person\/9b52fa5c7675208e1da104f801fbb85b"},"headline":"&#8220;ProvIncia Uman\u0103&#8221;, de Petru Mazilescu","datePublished":"2017-04-10T08:39:28+00:00","mainEntityOfPage":{"@id":"https:\/\/www.societateamuzicala.ro\/locurileculturii\/provincia-umana-de-petru-mazilescu\/"},"wordCount":243,"commentCount":0,"keywords":["arta","arta contemporana","arta plastica","arte vizuale","cinema","club fabrica","concert","concert cameral","concerte","conferinta","cultura","cultural","dezbateri","eveniment cultural","evenimente culturale","expozitie","expozitii","film","galerie","muzee","muzeu","muzica clasica","opera","organizare evenimente","Petru Mazilescu","pictura","ProvIncia Uman\u0103","Sali","Sali evenimente","sculptura","spatii culturale","spatii evenimente","spectacol","teatru","teatru experimental"],"articleSection":["Alte evenimente"],"inLanguage":"en-US","potentialAction":[{"@type":"CommentAction","name":"Comment","target":["https:\/\/www.societateamuzicala.ro\/locurileculturii\/provincia-umana-de-petru-mazilescu\/#respond"]}]},{"@type":"WebPage","@id":"https:\/\/www.societateamuzicala.ro\/locurileculturii\/provincia-umana-de-petru-mazilescu\/","url":"https:\/\/www.societateamuzicala.ro\/locurileculturii\/provincia-umana-de-petru-mazilescu\/","name":"\"ProvIncia Uman\u0103\", de Petru Mazilescu - Locurile Culturii","isPartOf":{"@id":"https:\/\/www.societateamuzicala.ro\/locurileculturii\/#website"},"datePublished":"2017-04-10T08:39:28+00:00","author":{"@id":"https:\/\/www.societateamuzicala.ro\/locurileculturii\/#\/schema\/person\/9b52fa5c7675208e1da104f801fbb85b"},"description":"Catalogul salilor si spatiilor in care se pot organiza evenimente culturale, evenimentele care au loc in aceste spatii","breadcrumb":{"@id":"https:\/\/www.societateamuzicala.ro\/locurileculturii\/provincia-umana-de-petru-mazilescu\/#breadcrumb"},"inLanguage":"en-US","potentialAction":[{"@type":"ReadAction","target":["https:\/\/www.societateamuzicala.ro\/locurileculturii\/provincia-umana-de-petru-mazilescu\/"]}]},{"@type":"BreadcrumbList","@id":"https:\/\/www.societateamuzicala.ro\/locurileculturii\/provincia-umana-de-petru-mazilescu\/#breadcrumb","itemListElement":[{"@type":"ListItem","position":1,"name":"Home","item":"https:\/\/www.societateamuzicala.ro\/locurileculturii\/"},{"@type":"ListItem","position":2,"name":"&#8220;ProvIncia Uman\u0103&#8221;, de Petru Mazilescu"}]},{"@type":"WebSite","@id":"https:\/\/www.societateamuzicala.ro\/locurileculturii\/#website","url":"https:\/\/www.societateamuzicala.ro\/locurileculturii\/","name":"Locurile Culturii","description":"Catalogul spatiilor culturale - lista completa a salilor si spatiilor in care se pot face evenimente culturale","potentialAction":[{"@type":"SearchAction","target":{"@type":"EntryPoint","urlTemplate":"https:\/\/www.societateamuzicala.ro\/locurileculturii\/?s={search_term_string}"},"query-input":{"@type":"PropertyValueSpecification","valueRequired":true,"valueName":"search_term_string"}}],"inLanguage":"en-US"},{"@type":"Person","@id":"https:\/\/www.societateamuzicala.ro\/locurileculturii\/#\/schema\/person\/9b52fa5c7675208e1da104f801fbb85b","name":"Daniel Catoi","image":{"@type":"ImageObject","inLanguage":"en-US","@id":"https:\/\/secure.gravatar.com\/avatar\/c0882a218c936889972a11c796e8ed91e0aff99b92af7212c04f740da3928233?s=96&d=mm&r=g","url":"https:\/\/secure.gravatar.com\/avatar\/c0882a218c936889972a11c796e8ed91e0aff99b92af7212c04f740da3928233?s=96&d=mm&r=g","contentUrl":"https:\/\/secure.gravatar.com\/avatar\/c0882a218c936889972a11c796e8ed91e0aff99b92af7212c04f740da3928233?s=96&d=mm&r=g","caption":"Daniel Catoi"},"url":"https:\/\/www.societateamuzicala.ro\/locurileculturii\/author\/daniel\/"}]}},"_links":{"self":[{"href":"https:\/\/www.societateamuzicala.ro\/locurileculturii\/wp-json\/wp\/v2\/posts\/38344","targetHints":{"allow":["GET"]}}],"collection":[{"href":"https:\/\/www.societateamuzicala.ro\/locurileculturii\/wp-json\/wp\/v2\/posts"}],"about":[{"href":"https:\/\/www.societateamuzicala.ro\/locurileculturii\/wp-json\/wp\/v2\/types\/post"}],"author":[{"embeddable":true,"href":"https:\/\/www.societateamuzicala.ro\/locurileculturii\/wp-json\/wp\/v2\/users\/4"}],"replies":[{"embeddable":true,"href":"https:\/\/www.societateamuzicala.ro\/locurileculturii\/wp-json\/wp\/v2\/comments?post=38344"}],"version-history":[{"count":0,"href":"https:\/\/www.societateamuzicala.ro\/locurileculturii\/wp-json\/wp\/v2\/posts\/38344\/revisions"}],"wp:attachment":[{"href":"https:\/\/www.societateamuzicala.ro\/locurileculturii\/wp-json\/wp\/v2\/media?parent=38344"}],"wp:term":[{"taxonomy":"category","embeddable":true,"href":"https:\/\/www.societateamuzicala.ro\/locurileculturii\/wp-json\/wp\/v2\/categories?post=38344"},{"taxonomy":"post_tag","embeddable":true,"href":"https:\/\/www.societateamuzicala.ro\/locurileculturii\/wp-json\/wp\/v2\/tags?post=38344"}],"curies":[{"name":"wp","href":"https:\/\/api.w.org\/{rel}","templated":true}]}}