{"id":38170,"date":"2017-03-30T12:40:27","date_gmt":"2017-03-30T12:40:27","guid":{"rendered":"https:\/\/www.societateamuzicala.ro\/locurileculturii\/?p=38170"},"modified":"2017-03-30T12:40:27","modified_gmt":"2017-03-30T12:40:27","slug":"urma-pasilor-tai","status":"publish","type":"post","link":"https:\/\/www.societateamuzicala.ro\/locurileculturii\/urma-pasilor-tai\/","title":{"rendered":"Urma pasilor tai&#8230;"},"content":{"rendered":"<p><strong>URMA PA\u0218ILOR T\u0102I\u2026<\/strong><\/p>\n<p>adaptare dup\u0103 jurnalul de c\u0103l\u0103torie \u00een \u021aara Sf\u00e2nt\u0103 al Olg\u0103i Greceanu, \u201ePe urma pa\u0219ilor T\u0103i, Iisuse\u2026\u201d<\/p>\n<p>Distribu\u021bia: <strong>Vitalie Banta\u015f, Amalia Ciolan, Afrodita Androne, Ana Maria Bercu, Liliana Pan\u0103, Maria Radu, Eliza Bercu-Bodeanu<\/strong><\/p>\n<p>Regia: <strong>Eliza Bercu-Bodeanu<\/strong><\/p>\n<p>Coregrafia: <strong>Arcadie Rusu<\/strong><\/p>\n<p><strong>Durat\u0103 spectacol<\/strong>: 1h 40min (f\u0103r\u0103 pauz\u0103)<\/p>\n<p>Inspirat de jurnalul de pelerin al Olg\u0103i Greceanu, spectacolul religios <strong><em>Urma pa\u015filor T\u0103i\u2026<\/em><\/strong> este o oper\u0103 de ad\u00e2nc\u0103 medita\u021bie, menit\u0103 s\u0103 deschid\u0103 min\u021bile \u0219i sufletele tuturor acelora care v\u0103d \u00een \u00eenv\u0103\u021b\u0103tura cre\u0219tin\u0103 Calea, Adev\u0103rul \u0219i Via\u021ba. Pe m\u0103sur\u0103 ce parcurg \u021binuturile biblice. personajele cap\u0103t\u0103 convingerea c\u0103 M\u00e2ntuitorul Lumii nu este un simplu personaj de legend\u0103, ci \u00eentruparea lui Dumnezeu pe p\u0103m\u00e2nt. Iar acest adev\u0103r nu le este relevat de grandoare construc\u021biilor piramidale, ci de simplitatea peisajului de\u0219ertic.<\/p>\n<p>O invita\u021bie de a evada din agita\u021bia vie\u021bii cotidiene pentru a acorda timp celor sacre, \u00een aceast\u0103 perioad\u0103 sf\u00e2nt\u0103 a Postului Pa\u0219telui.<\/p>\n<p>\u201eGestul temerar al creatorilor spectacolului <strong><em>Urma pa<\/em><\/strong><strong><em>\u015filor T\u0103i\u2026 <\/em><\/strong>s-a concentrat pe un demers interior de mare fine\u021be necesar dob\u00e2ndirii unei atari st\u0103ri de reculegere. Scenariul le-a rezervat fiec\u0103ruia dintre membrii echipei c\u00e2te un moment monologat, \u00een care actorul sau actri\u021ba se lanseaz\u0103 \u00eentr-o confesiune de profund\u0103 vibratie uman\u0103 cu conota\u021bii subiective potrivit temperamentului \u0219i \u00eenc\u0103rc\u0103turii de tr\u0103ire a unuia sau altuia dintre ei. To\u021bi sunt, de altfel, \u00een diverse registre, la fel de emo\u021bionan\u021bi. \u00cen plan secund se deschide apoi zona posibilelor comentarii pe care autoarea le insereaz\u0103 d\u00e2nd astfel scrierii sale un caracter adesea polemic. Nu avem a\u0219adar de-a face cu un text rigid, dogmatic ci cu o pagin\u0103 literar\u0103 plin\u0103 de c\u0103ldur\u0103 omeneasc\u0103, exprimare fireasc\u0103 \u00een \u00eencercarea de apropiere a Scripturii de oameni.\u201d<\/p>\n<p><strong>Doina Papp<\/strong><em> \u2013 Teatrul azi<\/em><\/p>\n<p>\u201cTextul venerabilei pictori\u021be alterneaz\u0103 filele jurnalului de pelerin, plin de observa\u021bii atente \u0219i avizate, cu cele ale medita\u021biei moral-religioase pe tema Patimilor. Preluat de punerea \u00een scen\u0103 a Elizei Bercu-Bodeanu, monologul Olg\u0103i Greceanu este descompus \u00eentr-o polifonie de voci \u2013 \u0219apte: \u0219ase femei \u0219i un b\u0103rbat -, imagin\u00e2nd \u0219apte personaje sau \u0219apte ipostaze ale artistei pelerine, care preiau \u0219i reverbereaz\u0103 \u00een varia\u021biuni emo\u021bionale vag nuan\u021bate monodia sacr\u0103 a aceleia\u0219i mari emo\u021bii mistice: descoperirea realit\u0103\u021bii sensibile a trecerii M\u00e2ntuitorului pe p\u0103m\u00e2nt. (\u2026) O coregrafie atent conceput\u0103 a mi\u0219c\u0103rilor scenice geometrizeaz\u0103 un spa\u021biu abstract, al c\u0103rui unic element decorativ este o mic\u0103 plant\u0103 de ghiveci, pe post de sicomor biblic. Ve\u0219mintele de in alb ori de culoarea nisipului, extrase din garderobele de var\u0103 de ultim\u0103 or\u0103 (unul singur e negru, simetriz\u00e2nd raportul 6:1 al genurilor), ve\u0219minte urbane, dar totu\u0219i, atemporale, sugereaz\u0103 spa\u021biul de\u0219ertic al dramei christice, cel de azi, ca \u0219i cel de-acum dou\u0103 mii de ani.\u201d<\/p>\n<p><strong>Elena Dulgheru<em> \u2013 <\/em><\/strong><em>Ziarul \u201eLumina\u201d<\/em><\/p>\n","protected":false},"excerpt":{"rendered":"<p>URMA PA\u0218ILOR T\u0102I\u2026 adaptare dup\u0103 jurnalul de c\u0103l\u0103torie \u00een \u021aara Sf\u00e2nt\u0103 al Olg\u0103i Greceanu, \u201ePe urma pa\u0219ilor T\u0103i, Iisuse\u2026\u201d Distribu\u021bia: Vitalie Banta\u015f, Amalia Ciolan, Afrodita Androne, Ana Maria Bercu, Liliana Pan\u0103, Maria Radu, Eliza Bercu-Bodeanu Regia: Eliza Bercu-Bodeanu Coregrafia: Arcadie Rusu Durat\u0103 spectacol: 1h 40min (f\u0103r\u0103 pauz\u0103) Inspirat de jurnalul de pelerin al Olg\u0103i Greceanu, [&hellip;]<\/p>\n","protected":false},"author":4,"featured_media":0,"comment_status":"open","ping_status":"open","sticky":false,"template":"","format":"standard","meta":{"_acf_changed":false,"footnotes":""},"categories":[23],"tags":[6431,8643,8644,289,464,1443,326,404,234,50,29,744,203,403,278,8646,402,2214,256,243,405,974,8645,7576,2212,406,36,54,2216,855,2211,2213,1677,2210,2215,393,212,1878,8642],"class_list":["post-38170","post","type-post","status-publish","format-standard","hentry","category-teatrale","tag-afrodita-androne","tag-amalia-ciolan","tag-ana-maria-bercu","tag-arta","tag-arta-contemporana","tag-arta-plastica","tag-arte-vizuale","tag-cinema","tag-concert","tag-concert-cameral","tag-concerte","tag-conferinta","tag-cultura","tag-cultural","tag-dezbateri","tag-eliza-bercu-bodeanu","tag-eveniment-cultural","tag-evenimente-culturale","tag-expozitie","tag-expozitii","tag-film","tag-galerie","tag-liliana-pana","tag-maria-radu","tag-muzee","tag-muzeu","tag-muzica-clasica","tag-opera","tag-organizare-evenimente","tag-pictura","tag-sali","tag-sali-evenimente","tag-sculptura","tag-spatii-culturale","tag-spatii-evenimente","tag-spectacol","tag-teatru","tag-teatru-experimental","tag-vitalie-bantas"],"acf":{"cc_filter":[],"poza_fixa":"https:\/\/www.societateamuzicala.ro\/locurileculturii\/wp-content\/uploads\/2015\/10\/Sala-Mare.jpg","url_poza_fixa":"","oras":"Bucuresti","in_strainatate":false,"pian":false,"orga":false,"data1":"1491073200","data2":"","afiseaza_data_post":false,"acf_sala":[{"ID":17776,"post_author":"2","post_date":"2015-10-03 20:35:01","post_date_gmt":"2015-10-03 20:35:01","post_content":"Recent inaugurata, <strong>Sala Mare<\/strong> de la ARCUB beneficiaza de dotari tehnice de ultima generatie si poate gazdui evenimente pentru maximum 200 de persoane. Sala Mare de la ARCUB, cu un decor avangardist si scenotehnica modulara, ofera\u00a0spectacolelor de teatru, concertelor, dar si conferintelor cu public restrans,\u00a0un\u00a0loc foarte potrivit.\r\n\r\nDe altfel, un mare avantaj\u00a0al Salii Mari de la ARCUB se datoreaza locatiei centrale a acesteia, pe strada Gabroveni, nr. 50-53, care va facilita intotdeauna accesul publicului bucurestean la evenimentele organizate aici.\r\n\r\n[gallery link=\"file\" ids=\"25803,25806,25808\" orderby=\"rand\"]\r\n\r\n&nbsp;","post_title":"Sala Mare","post_excerpt":"","post_status":"publish","comment_status":"open","ping_status":"open","post_password":"","post_name":"arcub-gabroveni-sala-mare","to_ping":"","pinged":"","post_modified":"2016-08-01 16:31:07","post_modified_gmt":"2016-08-01 16:31:07","post_content_filtered":"","post_parent":0,"guid":"https:\/\/www.societateamuzicala.ro\/?p=17776","menu_order":0,"post_type":"post","post_mime_type":"","comment_count":"0","filter":"raw"}],"centru_cultural":"","articole_parinte":[{"ID":17776,"post_author":"2","post_date":"2015-10-03 20:35:01","post_date_gmt":"2015-10-03 20:35:01","post_content":"Recent inaugurata, <strong>Sala Mare<\/strong> de la ARCUB beneficiaza de dotari tehnice de ultima generatie si poate gazdui evenimente pentru maximum 200 de persoane. Sala Mare de la ARCUB, cu un decor avangardist si scenotehnica modulara, ofera\u00a0spectacolelor de teatru, concertelor, dar si conferintelor cu public restrans,\u00a0un\u00a0loc foarte potrivit.\r\n\r\nDe altfel, un mare avantaj\u00a0al Salii Mari de la ARCUB se datoreaza locatiei centrale a acesteia, pe strada Gabroveni, nr. 50-53, care va facilita intotdeauna accesul publicului bucurestean la evenimentele organizate aici.\r\n\r\n[gallery link=\"file\" ids=\"25803,25806,25808\" orderby=\"rand\"]\r\n\r\n&nbsp;","post_title":"Sala Mare","post_excerpt":"","post_status":"publish","comment_status":"open","ping_status":"open","post_password":"","post_name":"arcub-gabroveni-sala-mare","to_ping":"","pinged":"","post_modified":"2016-08-01 16:31:07","post_modified_gmt":"2016-08-01 16:31:07","post_content_filtered":"","post_parent":0,"guid":"https:\/\/www.societateamuzicala.ro\/?p=17776","menu_order":0,"post_type":"post","post_mime_type":"","comment_count":"0","filter":"raw"}],"articole_relationate":"","coordonate":{"address":"Hanul Gabroveni, Strada Lipscani 86, Bucure\u0219ti 030167, Rom\u00e2nia","lat":"44.43142403085587","lng":"26.102657318115234"},"tab1_nume":"Despre","tab3":false},"yoast_head":"<!-- This site is optimized with the Yoast SEO plugin v27.5 - https:\/\/yoast.com\/product\/yoast-seo-wordpress\/ -->\n<title>Urma pasilor tai... - Locurile Culturii<\/title>\n<meta name=\"description\" content=\"Catalogul salilor si spatiilor in care se pot organiza evenimente culturale, evenimentele care au loc in aceste spatii\" \/>\n<meta name=\"robots\" content=\"index, follow, max-snippet:-1, max-image-preview:large, max-video-preview:-1\" \/>\n<link rel=\"canonical\" href=\"https:\/\/www.societateamuzicala.ro\/locurileculturii\/urma-pasilor-tai\/\" \/>\n<meta property=\"og:locale\" content=\"en_US\" \/>\n<meta property=\"og:type\" content=\"article\" \/>\n<meta property=\"og:title\" content=\"Urma pasilor tai... - Locurile Culturii\" \/>\n<meta property=\"og:description\" content=\"Catalogul salilor si spatiilor in care se pot organiza evenimente culturale, evenimentele care au loc in aceste spatii\" \/>\n<meta property=\"og:url\" content=\"https:\/\/www.societateamuzicala.ro\/locurileculturii\/urma-pasilor-tai\/\" \/>\n<meta property=\"og:site_name\" content=\"Locurile Culturii\" \/>\n<meta property=\"article:published_time\" content=\"2017-03-30T12:40:27+00:00\" \/>\n<meta name=\"author\" content=\"Daniel Catoi\" \/>\n<meta name=\"twitter:card\" content=\"summary_large_image\" \/>\n<meta name=\"twitter:label1\" content=\"Written by\" \/>\n\t<meta name=\"twitter:data1\" content=\"Daniel Catoi\" \/>\n\t<meta name=\"twitter:label2\" content=\"Est. reading time\" \/>\n\t<meta name=\"twitter:data2\" content=\"3 minutes\" \/>\n<script type=\"application\/ld+json\" class=\"yoast-schema-graph\">{\"@context\":\"https:\\\/\\\/schema.org\",\"@graph\":[{\"@type\":\"Article\",\"@id\":\"https:\\\/\\\/www.societateamuzicala.ro\\\/locurileculturii\\\/urma-pasilor-tai\\\/#article\",\"isPartOf\":{\"@id\":\"https:\\\/\\\/www.societateamuzicala.ro\\\/locurileculturii\\\/urma-pasilor-tai\\\/\"},\"author\":{\"name\":\"Daniel Catoi\",\"@id\":\"https:\\\/\\\/www.societateamuzicala.ro\\\/locurileculturii\\\/#\\\/schema\\\/person\\\/9b52fa5c7675208e1da104f801fbb85b\"},\"headline\":\"Urma pasilor tai&#8230;\",\"datePublished\":\"2017-03-30T12:40:27+00:00\",\"mainEntityOfPage\":{\"@id\":\"https:\\\/\\\/www.societateamuzicala.ro\\\/locurileculturii\\\/urma-pasilor-tai\\\/\"},\"wordCount\":511,\"commentCount\":0,\"keywords\":[\"Afrodita Androne\",\"Amalia Ciolan\",\"Ana Maria Bercu\",\"arta\",\"arta contemporana\",\"arta plastica\",\"arte vizuale\",\"cinema\",\"concert\",\"concert cameral\",\"concerte\",\"conferinta\",\"cultura\",\"cultural\",\"dezbateri\",\"Eliza Bercu-Bodeanu\",\"eveniment cultural\",\"evenimente culturale\",\"expozitie\",\"expozitii\",\"film\",\"galerie\",\"Liliana Pan\u0103\",\"Maria Radu\",\"muzee\",\"muzeu\",\"muzica clasica\",\"opera\",\"organizare evenimente\",\"pictura\",\"Sali\",\"Sali evenimente\",\"sculptura\",\"spatii culturale\",\"spatii evenimente\",\"spectacol\",\"teatru\",\"teatru experimental\",\"Vitalie Banta\u015f\"],\"articleSection\":[\"Teatru\"],\"inLanguage\":\"en-US\",\"potentialAction\":[{\"@type\":\"CommentAction\",\"name\":\"Comment\",\"target\":[\"https:\\\/\\\/www.societateamuzicala.ro\\\/locurileculturii\\\/urma-pasilor-tai\\\/#respond\"]}]},{\"@type\":\"WebPage\",\"@id\":\"https:\\\/\\\/www.societateamuzicala.ro\\\/locurileculturii\\\/urma-pasilor-tai\\\/\",\"url\":\"https:\\\/\\\/www.societateamuzicala.ro\\\/locurileculturii\\\/urma-pasilor-tai\\\/\",\"name\":\"Urma pasilor tai... - Locurile Culturii\",\"isPartOf\":{\"@id\":\"https:\\\/\\\/www.societateamuzicala.ro\\\/locurileculturii\\\/#website\"},\"datePublished\":\"2017-03-30T12:40:27+00:00\",\"author\":{\"@id\":\"https:\\\/\\\/www.societateamuzicala.ro\\\/locurileculturii\\\/#\\\/schema\\\/person\\\/9b52fa5c7675208e1da104f801fbb85b\"},\"description\":\"Catalogul salilor si spatiilor in care se pot organiza evenimente culturale, evenimentele care au loc in aceste spatii\",\"breadcrumb\":{\"@id\":\"https:\\\/\\\/www.societateamuzicala.ro\\\/locurileculturii\\\/urma-pasilor-tai\\\/#breadcrumb\"},\"inLanguage\":\"en-US\",\"potentialAction\":[{\"@type\":\"ReadAction\",\"target\":[\"https:\\\/\\\/www.societateamuzicala.ro\\\/locurileculturii\\\/urma-pasilor-tai\\\/\"]}]},{\"@type\":\"BreadcrumbList\",\"@id\":\"https:\\\/\\\/www.societateamuzicala.ro\\\/locurileculturii\\\/urma-pasilor-tai\\\/#breadcrumb\",\"itemListElement\":[{\"@type\":\"ListItem\",\"position\":1,\"name\":\"Home\",\"item\":\"https:\\\/\\\/www.societateamuzicala.ro\\\/locurileculturii\\\/\"},{\"@type\":\"ListItem\",\"position\":2,\"name\":\"Urma pasilor tai&#8230;\"}]},{\"@type\":\"WebSite\",\"@id\":\"https:\\\/\\\/www.societateamuzicala.ro\\\/locurileculturii\\\/#website\",\"url\":\"https:\\\/\\\/www.societateamuzicala.ro\\\/locurileculturii\\\/\",\"name\":\"Locurile Culturii\",\"description\":\"Catalogul spatiilor culturale - lista completa a salilor si spatiilor in care se pot face evenimente culturale\",\"potentialAction\":[{\"@type\":\"SearchAction\",\"target\":{\"@type\":\"EntryPoint\",\"urlTemplate\":\"https:\\\/\\\/www.societateamuzicala.ro\\\/locurileculturii\\\/?s={search_term_string}\"},\"query-input\":{\"@type\":\"PropertyValueSpecification\",\"valueRequired\":true,\"valueName\":\"search_term_string\"}}],\"inLanguage\":\"en-US\"},{\"@type\":\"Person\",\"@id\":\"https:\\\/\\\/www.societateamuzicala.ro\\\/locurileculturii\\\/#\\\/schema\\\/person\\\/9b52fa5c7675208e1da104f801fbb85b\",\"name\":\"Daniel Catoi\",\"image\":{\"@type\":\"ImageObject\",\"inLanguage\":\"en-US\",\"@id\":\"https:\\\/\\\/secure.gravatar.com\\\/avatar\\\/c0882a218c936889972a11c796e8ed91e0aff99b92af7212c04f740da3928233?s=96&d=mm&r=g\",\"url\":\"https:\\\/\\\/secure.gravatar.com\\\/avatar\\\/c0882a218c936889972a11c796e8ed91e0aff99b92af7212c04f740da3928233?s=96&d=mm&r=g\",\"contentUrl\":\"https:\\\/\\\/secure.gravatar.com\\\/avatar\\\/c0882a218c936889972a11c796e8ed91e0aff99b92af7212c04f740da3928233?s=96&d=mm&r=g\",\"caption\":\"Daniel Catoi\"},\"url\":\"https:\\\/\\\/www.societateamuzicala.ro\\\/locurileculturii\\\/author\\\/daniel\\\/\"}]}<\/script>\n<!-- \/ Yoast SEO plugin. -->","yoast_head_json":{"title":"Urma pasilor tai... - Locurile Culturii","description":"Catalogul salilor si spatiilor in care se pot organiza evenimente culturale, evenimentele care au loc in aceste spatii","robots":{"index":"index","follow":"follow","max-snippet":"max-snippet:-1","max-image-preview":"max-image-preview:large","max-video-preview":"max-video-preview:-1"},"canonical":"https:\/\/www.societateamuzicala.ro\/locurileculturii\/urma-pasilor-tai\/","og_locale":"en_US","og_type":"article","og_title":"Urma pasilor tai... - Locurile Culturii","og_description":"Catalogul salilor si spatiilor in care se pot organiza evenimente culturale, evenimentele care au loc in aceste spatii","og_url":"https:\/\/www.societateamuzicala.ro\/locurileculturii\/urma-pasilor-tai\/","og_site_name":"Locurile Culturii","article_published_time":"2017-03-30T12:40:27+00:00","author":"Daniel Catoi","twitter_card":"summary_large_image","twitter_misc":{"Written by":"Daniel Catoi","Est. reading time":"3 minutes"},"schema":{"@context":"https:\/\/schema.org","@graph":[{"@type":"Article","@id":"https:\/\/www.societateamuzicala.ro\/locurileculturii\/urma-pasilor-tai\/#article","isPartOf":{"@id":"https:\/\/www.societateamuzicala.ro\/locurileculturii\/urma-pasilor-tai\/"},"author":{"name":"Daniel Catoi","@id":"https:\/\/www.societateamuzicala.ro\/locurileculturii\/#\/schema\/person\/9b52fa5c7675208e1da104f801fbb85b"},"headline":"Urma pasilor tai&#8230;","datePublished":"2017-03-30T12:40:27+00:00","mainEntityOfPage":{"@id":"https:\/\/www.societateamuzicala.ro\/locurileculturii\/urma-pasilor-tai\/"},"wordCount":511,"commentCount":0,"keywords":["Afrodita Androne","Amalia Ciolan","Ana Maria Bercu","arta","arta contemporana","arta plastica","arte vizuale","cinema","concert","concert cameral","concerte","conferinta","cultura","cultural","dezbateri","Eliza Bercu-Bodeanu","eveniment cultural","evenimente culturale","expozitie","expozitii","film","galerie","Liliana Pan\u0103","Maria Radu","muzee","muzeu","muzica clasica","opera","organizare evenimente","pictura","Sali","Sali evenimente","sculptura","spatii culturale","spatii evenimente","spectacol","teatru","teatru experimental","Vitalie Banta\u015f"],"articleSection":["Teatru"],"inLanguage":"en-US","potentialAction":[{"@type":"CommentAction","name":"Comment","target":["https:\/\/www.societateamuzicala.ro\/locurileculturii\/urma-pasilor-tai\/#respond"]}]},{"@type":"WebPage","@id":"https:\/\/www.societateamuzicala.ro\/locurileculturii\/urma-pasilor-tai\/","url":"https:\/\/www.societateamuzicala.ro\/locurileculturii\/urma-pasilor-tai\/","name":"Urma pasilor tai... - Locurile Culturii","isPartOf":{"@id":"https:\/\/www.societateamuzicala.ro\/locurileculturii\/#website"},"datePublished":"2017-03-30T12:40:27+00:00","author":{"@id":"https:\/\/www.societateamuzicala.ro\/locurileculturii\/#\/schema\/person\/9b52fa5c7675208e1da104f801fbb85b"},"description":"Catalogul salilor si spatiilor in care se pot organiza evenimente culturale, evenimentele care au loc in aceste spatii","breadcrumb":{"@id":"https:\/\/www.societateamuzicala.ro\/locurileculturii\/urma-pasilor-tai\/#breadcrumb"},"inLanguage":"en-US","potentialAction":[{"@type":"ReadAction","target":["https:\/\/www.societateamuzicala.ro\/locurileculturii\/urma-pasilor-tai\/"]}]},{"@type":"BreadcrumbList","@id":"https:\/\/www.societateamuzicala.ro\/locurileculturii\/urma-pasilor-tai\/#breadcrumb","itemListElement":[{"@type":"ListItem","position":1,"name":"Home","item":"https:\/\/www.societateamuzicala.ro\/locurileculturii\/"},{"@type":"ListItem","position":2,"name":"Urma pasilor tai&#8230;"}]},{"@type":"WebSite","@id":"https:\/\/www.societateamuzicala.ro\/locurileculturii\/#website","url":"https:\/\/www.societateamuzicala.ro\/locurileculturii\/","name":"Locurile Culturii","description":"Catalogul spatiilor culturale - lista completa a salilor si spatiilor in care se pot face evenimente culturale","potentialAction":[{"@type":"SearchAction","target":{"@type":"EntryPoint","urlTemplate":"https:\/\/www.societateamuzicala.ro\/locurileculturii\/?s={search_term_string}"},"query-input":{"@type":"PropertyValueSpecification","valueRequired":true,"valueName":"search_term_string"}}],"inLanguage":"en-US"},{"@type":"Person","@id":"https:\/\/www.societateamuzicala.ro\/locurileculturii\/#\/schema\/person\/9b52fa5c7675208e1da104f801fbb85b","name":"Daniel Catoi","image":{"@type":"ImageObject","inLanguage":"en-US","@id":"https:\/\/secure.gravatar.com\/avatar\/c0882a218c936889972a11c796e8ed91e0aff99b92af7212c04f740da3928233?s=96&d=mm&r=g","url":"https:\/\/secure.gravatar.com\/avatar\/c0882a218c936889972a11c796e8ed91e0aff99b92af7212c04f740da3928233?s=96&d=mm&r=g","contentUrl":"https:\/\/secure.gravatar.com\/avatar\/c0882a218c936889972a11c796e8ed91e0aff99b92af7212c04f740da3928233?s=96&d=mm&r=g","caption":"Daniel Catoi"},"url":"https:\/\/www.societateamuzicala.ro\/locurileculturii\/author\/daniel\/"}]}},"_links":{"self":[{"href":"https:\/\/www.societateamuzicala.ro\/locurileculturii\/wp-json\/wp\/v2\/posts\/38170","targetHints":{"allow":["GET"]}}],"collection":[{"href":"https:\/\/www.societateamuzicala.ro\/locurileculturii\/wp-json\/wp\/v2\/posts"}],"about":[{"href":"https:\/\/www.societateamuzicala.ro\/locurileculturii\/wp-json\/wp\/v2\/types\/post"}],"author":[{"embeddable":true,"href":"https:\/\/www.societateamuzicala.ro\/locurileculturii\/wp-json\/wp\/v2\/users\/4"}],"replies":[{"embeddable":true,"href":"https:\/\/www.societateamuzicala.ro\/locurileculturii\/wp-json\/wp\/v2\/comments?post=38170"}],"version-history":[{"count":0,"href":"https:\/\/www.societateamuzicala.ro\/locurileculturii\/wp-json\/wp\/v2\/posts\/38170\/revisions"}],"wp:attachment":[{"href":"https:\/\/www.societateamuzicala.ro\/locurileculturii\/wp-json\/wp\/v2\/media?parent=38170"}],"wp:term":[{"taxonomy":"category","embeddable":true,"href":"https:\/\/www.societateamuzicala.ro\/locurileculturii\/wp-json\/wp\/v2\/categories?post=38170"},{"taxonomy":"post_tag","embeddable":true,"href":"https:\/\/www.societateamuzicala.ro\/locurileculturii\/wp-json\/wp\/v2\/tags?post=38170"}],"curies":[{"name":"wp","href":"https:\/\/api.w.org\/{rel}","templated":true}]}}