{"id":37818,"date":"2017-03-03T16:04:16","date_gmt":"2017-03-03T16:04:16","guid":{"rendered":"https:\/\/www.societateamuzicala.ro\/locurileculturii\/?p=37818"},"modified":"2017-03-03T16:04:16","modified_gmt":"2017-03-03T16:04:16","slug":"concert-quattro-alti-viola-edition","status":"publish","type":"post","link":"https:\/\/www.societateamuzicala.ro\/locurileculturii\/concert-quattro-alti-viola-edition\/","title":{"rendered":"Concert I Quattro Alti. Viola edition"},"content":{"rendered":"<p>V\u0103 a\u0219tept\u0103m miercuri, 8 martie 2017, de la ora 18.30, pentru a-i aplauda pe Theodor Andreescu, Michael Carol Mihai Antal, Iulian Popovici \u0219i Sorin Spasinovici (viol\u0103), la sediul <a href=\"https:\/\/www.societateamuzicala.ro\/locurileculturii\/2016\/07\/24\/institutul-cultural-roman-icr\/\" target=\"_blank\">Institutului Cultural Rom\u00e2n<\/a>.<br \/>\nPublicul invitat va cunoa\u0219te grupul \u201eI quattro alti\u201d, proiect realizat de muzicieni recunoscu\u021bi \u00een \u021bar\u0103 \u0219i \u00een str\u0103in\u0103tate drept \u201eambasadori neobosi\u021bi ai muzicii\u201d.<\/p>\n","protected":false},"excerpt":{"rendered":"<p>V\u0103 a\u0219tept\u0103m miercuri, 8 martie 2017, de la ora 18.30, pentru a-i aplauda pe Theodor Andreescu, Michael Carol Mihai Antal, Iulian Popovici \u0219i Sorin Spasinovici (viol\u0103), la sediul Institutului Cultural Rom\u00e2n. Publicul invitat va cunoa\u0219te grupul \u201eI quattro alti\u201d, proiect realizat de muzicieni recunoscu\u021bi \u00een \u021bar\u0103 \u0219i \u00een str\u0103in\u0103tate drept \u201eambasadori neobosi\u021bi ai muzicii\u201d.<\/p>\n","protected":false},"author":4,"featured_media":0,"comment_status":"open","ping_status":"open","sticky":false,"template":"","format":"standard","meta":{"_acf_changed":false,"footnotes":""},"categories":[24],"tags":[289,464,1443,326,404,234,50,29,744,203,403,278,402,2214,256,243,405,974,8591,8590,2212,406,36,54,2216,855,2211,2213,1677,8592,2210,2215,393,212,1878,8589],"class_list":["post-37818","post","type-post","status-publish","format-standard","hentry","category-muzicale","tag-arta","tag-arta-contemporana","tag-arta-plastica","tag-arte-vizuale","tag-cinema","tag-concert","tag-concert-cameral","tag-concerte","tag-conferinta","tag-cultura","tag-cultural","tag-dezbateri","tag-eveniment-cultural","tag-evenimente-culturale","tag-expozitie","tag-expozitii","tag-film","tag-galerie","tag-iulian-popovici","tag-michael-carol-mihai-antal","tag-muzee","tag-muzeu","tag-muzica-clasica","tag-opera","tag-organizare-evenimente","tag-pictura","tag-sali","tag-sali-evenimente","tag-sculptura","tag-sorin-spasinovici","tag-spatii-culturale","tag-spatii-evenimente","tag-spectacol","tag-teatru","tag-teatru-experimental","tag-theodor-andreescu"],"acf":{"cc_filter":[],"poza_fixa":"https:\/\/www.societateamuzicala.ro\/locurileculturii\/wp-content\/uploads\/2015\/08\/icr2.jpg","url_poza_fixa":"","oras":"Bucuresti","in_strainatate":false,"pian":false,"orga":false,"data1":"1488997800","data2":"","afiseaza_data_post":false,"acf_sala":[{"ID":25613,"post_author":"2","post_date":"2016-07-24 04:33:41","post_date_gmt":"2016-07-24 04:33:41","post_content":"Inca de la infiintarea Fundatiei Culturale Romane in 1990, care avea sa devina prin reorganizarea din 2003 <strong>Institutul Cultural Roman<\/strong>, activitatea acestei institutii s-a desfasurat in incinta cladirii situate pe Aleea Alexandru la numarul 38.\r\n\r\nProiectata de arhitectul Petre Antonescu, discipol al lui Ion Mincu, care este autor al schitelor altor cladiri devenite reprezentative pentru Bucuresti, cladirea <strong>ICR<\/strong> a apartinut de la ridicarea sa prin 1920 si pana in 1937 marelui industrias roman Nicolae Malaxa. Dupa inca trei ani, Malaxa a trecut imobilul in capitalul social al Societatii Anonime Carom, pentru ca dupa 1947, regimul comunist sa aduca aceasta cladire in proprietatea statului, pe care a oferit-o pana in 1977 ca sediu pentru Casa de Cultura a Tineretului din Raionul Stalin si ulterior, Ateneul Tineretului.\r\n\r\nAfectata serios de cataclismul din 1977, cladirea <strong>ICR,<\/strong> renovata partial in 1987 si dupa 2003, este conceputa in stil neoromanesc cu turn de colt si acoperis mare, de tigla smaltuita si o fatada cu numeroase elementele sculptate (coloane, profile).\r\n\r\n[gallery link=\"file\" ids=\"25541,25542\"]\r\n\r\n[gallery columns=\"2\" ids=\"15762,15763\"]\r\n\r\n&nbsp;","post_title":"ICR","post_excerpt":"","post_status":"publish","comment_status":"open","ping_status":"open","post_password":"","post_name":"institutul-cultural-roman-icr","to_ping":"","pinged":"","post_modified":"2016-09-07 15:21:21","post_modified_gmt":"2016-09-07 15:21:21","post_content_filtered":"","post_parent":0,"guid":"https:\/\/www.societateamuzicala.ro\/locurileculturii\/2016\/07\/24\/institutul-cultural-roman-icr-sala-mare-copy\/","menu_order":0,"post_type":"post","post_mime_type":"","comment_count":"0","filter":"raw"}],"centru_cultural":"","articole_parinte":[{"ID":25613,"post_author":"2","post_date":"2016-07-24 04:33:41","post_date_gmt":"2016-07-24 04:33:41","post_content":"Inca de la infiintarea Fundatiei Culturale Romane in 1990, care avea sa devina prin reorganizarea din 2003 <strong>Institutul Cultural Roman<\/strong>, activitatea acestei institutii s-a desfasurat in incinta cladirii situate pe Aleea Alexandru la numarul 38.\r\n\r\nProiectata de arhitectul Petre Antonescu, discipol al lui Ion Mincu, care este autor al schitelor altor cladiri devenite reprezentative pentru Bucuresti, cladirea <strong>ICR<\/strong> a apartinut de la ridicarea sa prin 1920 si pana in 1937 marelui industrias roman Nicolae Malaxa. Dupa inca trei ani, Malaxa a trecut imobilul in capitalul social al Societatii Anonime Carom, pentru ca dupa 1947, regimul comunist sa aduca aceasta cladire in proprietatea statului, pe care a oferit-o pana in 1977 ca sediu pentru Casa de Cultura a Tineretului din Raionul Stalin si ulterior, Ateneul Tineretului.\r\n\r\nAfectata serios de cataclismul din 1977, cladirea <strong>ICR,<\/strong> renovata partial in 1987 si dupa 2003, este conceputa in stil neoromanesc cu turn de colt si acoperis mare, de tigla smaltuita si o fatada cu numeroase elementele sculptate (coloane, profile).\r\n\r\n[gallery link=\"file\" ids=\"25541,25542\"]\r\n\r\n[gallery columns=\"2\" ids=\"15762,15763\"]\r\n\r\n&nbsp;","post_title":"ICR","post_excerpt":"","post_status":"publish","comment_status":"open","ping_status":"open","post_password":"","post_name":"institutul-cultural-roman-icr","to_ping":"","pinged":"","post_modified":"2016-09-07 15:21:21","post_modified_gmt":"2016-09-07 15:21:21","post_content_filtered":"","post_parent":0,"guid":"https:\/\/www.societateamuzicala.ro\/locurileculturii\/2016\/07\/24\/institutul-cultural-roman-icr-sala-mare-copy\/","menu_order":0,"post_type":"post","post_mime_type":"","comment_count":"0","filter":"raw"}],"articole_relationate":"","coordonate":{"address":"ICR, Bucure\u0219ti, Municipiul Bucure\u0219ti, Rom\u00e2nia","lat":"44.4591509","lng":"26.08809629999996"},"tab1_nume":"Despre","tab3":false},"yoast_head":"<!-- This site is optimized with the Yoast SEO plugin v27.5 - https:\/\/yoast.com\/product\/yoast-seo-wordpress\/ -->\n<title>Concert I Quattro Alti. Viola edition - Locurile Culturii<\/title>\n<meta name=\"description\" content=\"Catalogul salilor si spatiilor in care se pot organiza evenimente culturale, evenimentele care au loc in aceste spatii\" \/>\n<meta name=\"robots\" content=\"index, follow, max-snippet:-1, max-image-preview:large, max-video-preview:-1\" \/>\n<link rel=\"canonical\" href=\"https:\/\/www.societateamuzicala.ro\/locurileculturii\/concert-quattro-alti-viola-edition\/\" \/>\n<meta property=\"og:locale\" content=\"en_US\" \/>\n<meta property=\"og:type\" content=\"article\" \/>\n<meta property=\"og:title\" content=\"Concert I Quattro Alti. Viola edition - Locurile Culturii\" \/>\n<meta property=\"og:description\" content=\"Catalogul salilor si spatiilor in care se pot organiza evenimente culturale, evenimentele care au loc in aceste spatii\" \/>\n<meta property=\"og:url\" content=\"https:\/\/www.societateamuzicala.ro\/locurileculturii\/concert-quattro-alti-viola-edition\/\" \/>\n<meta property=\"og:site_name\" content=\"Locurile Culturii\" \/>\n<meta property=\"article:published_time\" content=\"2017-03-03T16:04:16+00:00\" \/>\n<meta name=\"author\" content=\"Daniel Catoi\" \/>\n<meta name=\"twitter:card\" content=\"summary_large_image\" \/>\n<meta name=\"twitter:label1\" content=\"Written by\" \/>\n\t<meta name=\"twitter:data1\" content=\"Daniel Catoi\" \/>\n<script type=\"application\/ld+json\" class=\"yoast-schema-graph\">{\"@context\":\"https:\\\/\\\/schema.org\",\"@graph\":[{\"@type\":\"Article\",\"@id\":\"https:\\\/\\\/www.societateamuzicala.ro\\\/locurileculturii\\\/concert-quattro-alti-viola-edition\\\/#article\",\"isPartOf\":{\"@id\":\"https:\\\/\\\/www.societateamuzicala.ro\\\/locurileculturii\\\/concert-quattro-alti-viola-edition\\\/\"},\"author\":{\"name\":\"Daniel Catoi\",\"@id\":\"https:\\\/\\\/www.societateamuzicala.ro\\\/locurileculturii\\\/#\\\/schema\\\/person\\\/9b52fa5c7675208e1da104f801fbb85b\"},\"headline\":\"Concert I Quattro Alti. Viola edition\",\"datePublished\":\"2017-03-03T16:04:16+00:00\",\"mainEntityOfPage\":{\"@id\":\"https:\\\/\\\/www.societateamuzicala.ro\\\/locurileculturii\\\/concert-quattro-alti-viola-edition\\\/\"},\"wordCount\":65,\"commentCount\":0,\"keywords\":[\"arta\",\"arta contemporana\",\"arta plastica\",\"arte vizuale\",\"cinema\",\"concert\",\"concert cameral\",\"concerte\",\"conferinta\",\"cultura\",\"cultural\",\"dezbateri\",\"eveniment cultural\",\"evenimente culturale\",\"expozitie\",\"expozitii\",\"film\",\"galerie\",\"Iulian Popovici\",\"Michael Carol Mihai Antal\",\"muzee\",\"muzeu\",\"muzica clasica\",\"opera\",\"organizare evenimente\",\"pictura\",\"Sali\",\"Sali evenimente\",\"sculptura\",\"Sorin Spasinovici\",\"spatii culturale\",\"spatii evenimente\",\"spectacol\",\"teatru\",\"teatru experimental\",\"Theodor Andreescu\"],\"articleSection\":[\"Muzica si opera\"],\"inLanguage\":\"en-US\",\"potentialAction\":[{\"@type\":\"CommentAction\",\"name\":\"Comment\",\"target\":[\"https:\\\/\\\/www.societateamuzicala.ro\\\/locurileculturii\\\/concert-quattro-alti-viola-edition\\\/#respond\"]}]},{\"@type\":\"WebPage\",\"@id\":\"https:\\\/\\\/www.societateamuzicala.ro\\\/locurileculturii\\\/concert-quattro-alti-viola-edition\\\/\",\"url\":\"https:\\\/\\\/www.societateamuzicala.ro\\\/locurileculturii\\\/concert-quattro-alti-viola-edition\\\/\",\"name\":\"Concert I Quattro Alti. Viola edition - Locurile Culturii\",\"isPartOf\":{\"@id\":\"https:\\\/\\\/www.societateamuzicala.ro\\\/locurileculturii\\\/#website\"},\"datePublished\":\"2017-03-03T16:04:16+00:00\",\"author\":{\"@id\":\"https:\\\/\\\/www.societateamuzicala.ro\\\/locurileculturii\\\/#\\\/schema\\\/person\\\/9b52fa5c7675208e1da104f801fbb85b\"},\"description\":\"Catalogul salilor si spatiilor in care se pot organiza evenimente culturale, evenimentele care au loc in aceste spatii\",\"breadcrumb\":{\"@id\":\"https:\\\/\\\/www.societateamuzicala.ro\\\/locurileculturii\\\/concert-quattro-alti-viola-edition\\\/#breadcrumb\"},\"inLanguage\":\"en-US\",\"potentialAction\":[{\"@type\":\"ReadAction\",\"target\":[\"https:\\\/\\\/www.societateamuzicala.ro\\\/locurileculturii\\\/concert-quattro-alti-viola-edition\\\/\"]}]},{\"@type\":\"BreadcrumbList\",\"@id\":\"https:\\\/\\\/www.societateamuzicala.ro\\\/locurileculturii\\\/concert-quattro-alti-viola-edition\\\/#breadcrumb\",\"itemListElement\":[{\"@type\":\"ListItem\",\"position\":1,\"name\":\"Home\",\"item\":\"https:\\\/\\\/www.societateamuzicala.ro\\\/locurileculturii\\\/\"},{\"@type\":\"ListItem\",\"position\":2,\"name\":\"Concert I Quattro Alti. Viola edition\"}]},{\"@type\":\"WebSite\",\"@id\":\"https:\\\/\\\/www.societateamuzicala.ro\\\/locurileculturii\\\/#website\",\"url\":\"https:\\\/\\\/www.societateamuzicala.ro\\\/locurileculturii\\\/\",\"name\":\"Locurile Culturii\",\"description\":\"Catalogul spatiilor culturale - lista completa a salilor si spatiilor in care se pot face evenimente culturale\",\"potentialAction\":[{\"@type\":\"SearchAction\",\"target\":{\"@type\":\"EntryPoint\",\"urlTemplate\":\"https:\\\/\\\/www.societateamuzicala.ro\\\/locurileculturii\\\/?s={search_term_string}\"},\"query-input\":{\"@type\":\"PropertyValueSpecification\",\"valueRequired\":true,\"valueName\":\"search_term_string\"}}],\"inLanguage\":\"en-US\"},{\"@type\":\"Person\",\"@id\":\"https:\\\/\\\/www.societateamuzicala.ro\\\/locurileculturii\\\/#\\\/schema\\\/person\\\/9b52fa5c7675208e1da104f801fbb85b\",\"name\":\"Daniel Catoi\",\"image\":{\"@type\":\"ImageObject\",\"inLanguage\":\"en-US\",\"@id\":\"https:\\\/\\\/secure.gravatar.com\\\/avatar\\\/c0882a218c936889972a11c796e8ed91e0aff99b92af7212c04f740da3928233?s=96&d=mm&r=g\",\"url\":\"https:\\\/\\\/secure.gravatar.com\\\/avatar\\\/c0882a218c936889972a11c796e8ed91e0aff99b92af7212c04f740da3928233?s=96&d=mm&r=g\",\"contentUrl\":\"https:\\\/\\\/secure.gravatar.com\\\/avatar\\\/c0882a218c936889972a11c796e8ed91e0aff99b92af7212c04f740da3928233?s=96&d=mm&r=g\",\"caption\":\"Daniel Catoi\"},\"url\":\"https:\\\/\\\/www.societateamuzicala.ro\\\/locurileculturii\\\/author\\\/daniel\\\/\"}]}<\/script>\n<!-- \/ Yoast SEO plugin. -->","yoast_head_json":{"title":"Concert I Quattro Alti. Viola edition - Locurile Culturii","description":"Catalogul salilor si spatiilor in care se pot organiza evenimente culturale, evenimentele care au loc in aceste spatii","robots":{"index":"index","follow":"follow","max-snippet":"max-snippet:-1","max-image-preview":"max-image-preview:large","max-video-preview":"max-video-preview:-1"},"canonical":"https:\/\/www.societateamuzicala.ro\/locurileculturii\/concert-quattro-alti-viola-edition\/","og_locale":"en_US","og_type":"article","og_title":"Concert I Quattro Alti. Viola edition - Locurile Culturii","og_description":"Catalogul salilor si spatiilor in care se pot organiza evenimente culturale, evenimentele care au loc in aceste spatii","og_url":"https:\/\/www.societateamuzicala.ro\/locurileculturii\/concert-quattro-alti-viola-edition\/","og_site_name":"Locurile Culturii","article_published_time":"2017-03-03T16:04:16+00:00","author":"Daniel Catoi","twitter_card":"summary_large_image","twitter_misc":{"Written by":"Daniel Catoi"},"schema":{"@context":"https:\/\/schema.org","@graph":[{"@type":"Article","@id":"https:\/\/www.societateamuzicala.ro\/locurileculturii\/concert-quattro-alti-viola-edition\/#article","isPartOf":{"@id":"https:\/\/www.societateamuzicala.ro\/locurileculturii\/concert-quattro-alti-viola-edition\/"},"author":{"name":"Daniel Catoi","@id":"https:\/\/www.societateamuzicala.ro\/locurileculturii\/#\/schema\/person\/9b52fa5c7675208e1da104f801fbb85b"},"headline":"Concert I Quattro Alti. Viola edition","datePublished":"2017-03-03T16:04:16+00:00","mainEntityOfPage":{"@id":"https:\/\/www.societateamuzicala.ro\/locurileculturii\/concert-quattro-alti-viola-edition\/"},"wordCount":65,"commentCount":0,"keywords":["arta","arta contemporana","arta plastica","arte vizuale","cinema","concert","concert cameral","concerte","conferinta","cultura","cultural","dezbateri","eveniment cultural","evenimente culturale","expozitie","expozitii","film","galerie","Iulian Popovici","Michael Carol Mihai Antal","muzee","muzeu","muzica clasica","opera","organizare evenimente","pictura","Sali","Sali evenimente","sculptura","Sorin Spasinovici","spatii culturale","spatii evenimente","spectacol","teatru","teatru experimental","Theodor Andreescu"],"articleSection":["Muzica si opera"],"inLanguage":"en-US","potentialAction":[{"@type":"CommentAction","name":"Comment","target":["https:\/\/www.societateamuzicala.ro\/locurileculturii\/concert-quattro-alti-viola-edition\/#respond"]}]},{"@type":"WebPage","@id":"https:\/\/www.societateamuzicala.ro\/locurileculturii\/concert-quattro-alti-viola-edition\/","url":"https:\/\/www.societateamuzicala.ro\/locurileculturii\/concert-quattro-alti-viola-edition\/","name":"Concert I Quattro Alti. Viola edition - Locurile Culturii","isPartOf":{"@id":"https:\/\/www.societateamuzicala.ro\/locurileculturii\/#website"},"datePublished":"2017-03-03T16:04:16+00:00","author":{"@id":"https:\/\/www.societateamuzicala.ro\/locurileculturii\/#\/schema\/person\/9b52fa5c7675208e1da104f801fbb85b"},"description":"Catalogul salilor si spatiilor in care se pot organiza evenimente culturale, evenimentele care au loc in aceste spatii","breadcrumb":{"@id":"https:\/\/www.societateamuzicala.ro\/locurileculturii\/concert-quattro-alti-viola-edition\/#breadcrumb"},"inLanguage":"en-US","potentialAction":[{"@type":"ReadAction","target":["https:\/\/www.societateamuzicala.ro\/locurileculturii\/concert-quattro-alti-viola-edition\/"]}]},{"@type":"BreadcrumbList","@id":"https:\/\/www.societateamuzicala.ro\/locurileculturii\/concert-quattro-alti-viola-edition\/#breadcrumb","itemListElement":[{"@type":"ListItem","position":1,"name":"Home","item":"https:\/\/www.societateamuzicala.ro\/locurileculturii\/"},{"@type":"ListItem","position":2,"name":"Concert I Quattro Alti. Viola edition"}]},{"@type":"WebSite","@id":"https:\/\/www.societateamuzicala.ro\/locurileculturii\/#website","url":"https:\/\/www.societateamuzicala.ro\/locurileculturii\/","name":"Locurile Culturii","description":"Catalogul spatiilor culturale - lista completa a salilor si spatiilor in care se pot face evenimente culturale","potentialAction":[{"@type":"SearchAction","target":{"@type":"EntryPoint","urlTemplate":"https:\/\/www.societateamuzicala.ro\/locurileculturii\/?s={search_term_string}"},"query-input":{"@type":"PropertyValueSpecification","valueRequired":true,"valueName":"search_term_string"}}],"inLanguage":"en-US"},{"@type":"Person","@id":"https:\/\/www.societateamuzicala.ro\/locurileculturii\/#\/schema\/person\/9b52fa5c7675208e1da104f801fbb85b","name":"Daniel Catoi","image":{"@type":"ImageObject","inLanguage":"en-US","@id":"https:\/\/secure.gravatar.com\/avatar\/c0882a218c936889972a11c796e8ed91e0aff99b92af7212c04f740da3928233?s=96&d=mm&r=g","url":"https:\/\/secure.gravatar.com\/avatar\/c0882a218c936889972a11c796e8ed91e0aff99b92af7212c04f740da3928233?s=96&d=mm&r=g","contentUrl":"https:\/\/secure.gravatar.com\/avatar\/c0882a218c936889972a11c796e8ed91e0aff99b92af7212c04f740da3928233?s=96&d=mm&r=g","caption":"Daniel Catoi"},"url":"https:\/\/www.societateamuzicala.ro\/locurileculturii\/author\/daniel\/"}]}},"_links":{"self":[{"href":"https:\/\/www.societateamuzicala.ro\/locurileculturii\/wp-json\/wp\/v2\/posts\/37818","targetHints":{"allow":["GET"]}}],"collection":[{"href":"https:\/\/www.societateamuzicala.ro\/locurileculturii\/wp-json\/wp\/v2\/posts"}],"about":[{"href":"https:\/\/www.societateamuzicala.ro\/locurileculturii\/wp-json\/wp\/v2\/types\/post"}],"author":[{"embeddable":true,"href":"https:\/\/www.societateamuzicala.ro\/locurileculturii\/wp-json\/wp\/v2\/users\/4"}],"replies":[{"embeddable":true,"href":"https:\/\/www.societateamuzicala.ro\/locurileculturii\/wp-json\/wp\/v2\/comments?post=37818"}],"version-history":[{"count":0,"href":"https:\/\/www.societateamuzicala.ro\/locurileculturii\/wp-json\/wp\/v2\/posts\/37818\/revisions"}],"wp:attachment":[{"href":"https:\/\/www.societateamuzicala.ro\/locurileculturii\/wp-json\/wp\/v2\/media?parent=37818"}],"wp:term":[{"taxonomy":"category","embeddable":true,"href":"https:\/\/www.societateamuzicala.ro\/locurileculturii\/wp-json\/wp\/v2\/categories?post=37818"},{"taxonomy":"post_tag","embeddable":true,"href":"https:\/\/www.societateamuzicala.ro\/locurileculturii\/wp-json\/wp\/v2\/tags?post=37818"}],"curies":[{"name":"wp","href":"https:\/\/api.w.org\/{rel}","templated":true}]}}