{"id":37709,"date":"2017-03-01T14:45:50","date_gmt":"2017-03-01T14:45:50","guid":{"rendered":"https:\/\/www.societateamuzicala.ro\/locurileculturii\/?p=37709"},"modified":"2017-03-01T14:45:50","modified_gmt":"2017-03-01T14:45:50","slug":"sebastian-spanache-trio-furnace-la-arcub","status":"publish","type":"post","link":"https:\/\/www.societateamuzicala.ro\/locurileculturii\/sebastian-spanache-trio-furnace-la-arcub\/","title":{"rendered":"Sebastian Spanache Trio \u2013 The Furnace la ARCUB"},"content":{"rendered":"<p><strong>Sebastian Spanache Trio \u2013 The Furnace\u00a0<\/strong><\/p>\n<p>Sebastian Spanache \u2013 piano &amp; compozitii<\/p>\n<p>Csaba Santa \u2013 bass<\/p>\n<p>Radu Pieloiu \u2013 baterie<\/p>\n<p>Sebastian Spanache Trio prezint\u0103 \u00een premier\u0103 \u00een acest concert The Furnace \u2013 o suit\u0103 original\u0103 \u00een cinci p\u0103r\u021bi. Muzica este un preview cu materialul urm\u0103torului album SS3 ce va ap\u0103rea \u00een 2017. Al\u0103turi de Furnace, trio-ul va prezenta \u0219i piese de pe primele albume SS3 \u2013 \u201eHumanized\u201d \u015fi \u201eA Pasha\u2019s Abstinence\u201d.<\/p>\n<p>Din 2011 p\u00e2n\u0103 acum, Sebastian Spanache Trio a avut o activitate concertistic\u0103 intens\u0103, at\u00e2t na\u021bional c\u00e2t \u0219i interna\u021bional, cu particip\u0103ri \u00een cadrul unor festivaluri importante,din care amintim: G\u0103r\u00e2na Jazz Fest, Sibiu Jazz Fest, JazzTM, GreenHours JazzFest, Bucharest Jazz Fest, Mupa Budapest Jazz \u0219i altele, \u00eemp\u0103r\u021bind scena cu arti\u0219ti de talie mondial\u0103, cum ar fi Richard Bona, Hidden Orchestra, Adam Ba\u0142dych Imaginary Quartet sau Stanley Clarke. De asemenea, \u00een 2013, trioul a sus\u021binut un turneu european cu concerte \u00een Polonia, Ungaria, Slovacia, Croa\u021bia \u0219i Serbia. La sf\u00e2r\u0219itul anului 2013, Sebastian Spanache Trio a c\u00e2\u0219tigat premiul cel mare, la prima edi\u021bie a Festivalului\/Concurs Johnny R\u0103ducanu din Br\u0103ila, Trofeul Johnny R\u0103ducanu.<\/p>\n<p>Trio-ul are la activ dou\u0103 albume lansate oficial, HUMANIZED \u00een 2013 \u0219i A Pasha\u2019s Abstinence \u00een 2014, cel din urm\u0103 fiind premiat ca BEST ALBUM la prima edi\u021bie a Premiilor Revistei Sunete 2014. Lansarea aceluia\u0219i album a reprezentat o premier\u0103 la nivel na\u021bional, fiind primul \u2018silent concert\u2019, concert sus\u021binut \u00een c\u0103\u0219ti, din Rom\u00e2nia. La sf\u00e2r\u0219itul lui 2014, trioul a concertat \u00een Berlin \u0219i Praga, la invita\u021bia Institutului Cultural Rom\u00e2n din Berlin. \u00cen data de 10 noiembrie 2014, trioul a lansat DVD-ul \u2018Live on the Eiffel Bridge\u2019, dvd filmat \u00een timpul concertului de lansare al albumului \u2018A Pasha\u2019s Abstinence\u2019.<\/p>\n<p>Anul 2017 g\u0103seste grupul SS3 cu 80 de concerte la activ \u00een cei aproape 5 ani de existen\u021b\u0103. Ce \u00eenseamn\u0103 ace\u015fti cinci ani, foarte pe scurt? Aproximativ 40.000 km parcur\u0219i (circumferin\u021ba p\u0103m\u00e2ntului la ecuator), 81 de concerte, dou\u0103 albume \u0219i un DVD. Sebastian Spanache \u0219i Radu Pieloiu sunt premian\u021bii premiilor Timi\u0219oara Jazz Awards, oferite \u00een cadrul Timi\u0219oara Jazz Festival, eveniment organizat de Funda\u021bia Cultural\u0103 Jazz Banat, primind trofeul pentru \u2018Pianistul Anului\u2019, respectiv \u2018Bateristul Anului\u2019.<\/p>\n","protected":false},"excerpt":{"rendered":"<p>Sebastian Spanache Trio \u2013 The Furnace\u00a0 Sebastian Spanache \u2013 piano &amp; compozitii Csaba Santa \u2013 bass Radu Pieloiu \u2013 baterie Sebastian Spanache Trio prezint\u0103 \u00een premier\u0103 \u00een acest concert The Furnace \u2013 o suit\u0103 original\u0103 \u00een cinci p\u0103r\u021bi. Muzica este un preview cu materialul urm\u0103torului album SS3 ce va ap\u0103rea \u00een 2017. Al\u0103turi de Furnace, [&hellip;]<\/p>\n","protected":false},"author":4,"featured_media":0,"comment_status":"open","ping_status":"open","sticky":false,"template":"","format":"standard","meta":{"_acf_changed":false,"footnotes":""},"categories":[24],"tags":[96,8513,8512,6386,289,464,1443,326,6785,8408,404,234,50,29,744,8510,203,403,278,402,2214,256,243,405,974,2212,406,36,54,2216,855,8511,8514,2211,2213,1677,8509,2210,2215,393,212,1878],"class_list":["post-37709","post","type-post","status-publish","format-standard","hentry","category-muzicale","tag-arcub","tag-arcub-concert","tag-arcub-muzica","tag-arcub-spectacol","tag-arta","tag-arta-contemporana","tag-arta-plastica","tag-arte-vizuale","tag-artist-in-residence","tag-artist-in-residence-arcub","tag-cinema","tag-concert","tag-concert-cameral","tag-concerte","tag-conferinta","tag-csaba-santa","tag-cultura","tag-cultural","tag-dezbateri","tag-eveniment-cultural","tag-evenimente-culturale","tag-expozitie","tag-expozitii","tag-film","tag-galerie","tag-muzee","tag-muzeu","tag-muzica-clasica","tag-opera","tag-organizare-evenimente","tag-pictura","tag-radu-pieloiu","tag-recital-arcub","tag-sali","tag-sali-evenimente","tag-sculptura","tag-sebastian-spanache","tag-spatii-culturale","tag-spatii-evenimente","tag-spectacol","tag-teatru","tag-teatru-experimental"],"acf":{"cc_filter":[],"poza_fixa":"https:\/\/www.societateamuzicala.ro\/locurileculturii\/wp-content\/uploads\/2016\/07\/large_8141_0035.jpg","url_poza_fixa":"","oras":"Bucuresti","in_strainatate":false,"pian":false,"orga":false,"data1":"1489087800","data2":"","afiseaza_data_post":false,"acf_sala":[{"ID":17776,"post_author":"2","post_date":"2015-10-03 20:35:01","post_date_gmt":"2015-10-03 20:35:01","post_content":"Recent inaugurata, <strong>Sala Mare<\/strong> de la ARCUB beneficiaza de dotari tehnice de ultima generatie si poate gazdui evenimente pentru maximum 200 de persoane. Sala Mare de la ARCUB, cu un decor avangardist si scenotehnica modulara, ofera\u00a0spectacolelor de teatru, concertelor, dar si conferintelor cu public restrans,\u00a0un\u00a0loc foarte potrivit.\r\n\r\nDe altfel, un mare avantaj\u00a0al Salii Mari de la ARCUB se datoreaza locatiei centrale a acesteia, pe strada Gabroveni, nr. 50-53, care va facilita intotdeauna accesul publicului bucurestean la evenimentele organizate aici.\r\n\r\n[gallery link=\"file\" ids=\"25803,25806,25808\" orderby=\"rand\"]\r\n\r\n&nbsp;","post_title":"Sala Mare","post_excerpt":"","post_status":"publish","comment_status":"open","ping_status":"open","post_password":"","post_name":"arcub-gabroveni-sala-mare","to_ping":"","pinged":"","post_modified":"2016-08-01 16:31:07","post_modified_gmt":"2016-08-01 16:31:07","post_content_filtered":"","post_parent":0,"guid":"https:\/\/www.societateamuzicala.ro\/?p=17776","menu_order":0,"post_type":"post","post_mime_type":"","comment_count":"0","filter":"raw"}],"centru_cultural":"","articole_parinte":[{"ID":17776,"post_author":"2","post_date":"2015-10-03 20:35:01","post_date_gmt":"2015-10-03 20:35:01","post_content":"Recent inaugurata, <strong>Sala Mare<\/strong> de la ARCUB beneficiaza de dotari tehnice de ultima generatie si poate gazdui evenimente pentru maximum 200 de persoane. Sala Mare de la ARCUB, cu un decor avangardist si scenotehnica modulara, ofera\u00a0spectacolelor de teatru, concertelor, dar si conferintelor cu public restrans,\u00a0un\u00a0loc foarte potrivit.\r\n\r\nDe altfel, un mare avantaj\u00a0al Salii Mari de la ARCUB se datoreaza locatiei centrale a acesteia, pe strada Gabroveni, nr. 50-53, care va facilita intotdeauna accesul publicului bucurestean la evenimentele organizate aici.\r\n\r\n[gallery link=\"file\" ids=\"25803,25806,25808\" orderby=\"rand\"]\r\n\r\n&nbsp;","post_title":"Sala Mare","post_excerpt":"","post_status":"publish","comment_status":"open","ping_status":"open","post_password":"","post_name":"arcub-gabroveni-sala-mare","to_ping":"","pinged":"","post_modified":"2016-08-01 16:31:07","post_modified_gmt":"2016-08-01 16:31:07","post_content_filtered":"","post_parent":0,"guid":"https:\/\/www.societateamuzicala.ro\/?p=17776","menu_order":0,"post_type":"post","post_mime_type":"","comment_count":"0","filter":"raw"}],"articole_relationate":"","coordonate":{"address":"Hanul Gabroveni, Strada Lipscani 86, Bucure\u0219ti 030167, Rom\u00e2nia","lat":"44.43169600786739","lng":"26.10262781381607"},"tab1_nume":"Despre","tab3":false},"yoast_head":"<!-- This site is optimized with the Yoast SEO plugin v27.5 - https:\/\/yoast.com\/product\/yoast-seo-wordpress\/ -->\n<title>Sebastian Spanache Trio \u2013 The Furnace la ARCUB - Locurile Culturii<\/title>\n<meta name=\"description\" content=\"Catalogul salilor si spatiilor in care se pot organiza evenimente culturale, evenimentele care au loc in aceste spatii\" \/>\n<meta name=\"robots\" content=\"index, follow, max-snippet:-1, max-image-preview:large, max-video-preview:-1\" \/>\n<link rel=\"canonical\" href=\"https:\/\/www.societateamuzicala.ro\/locurileculturii\/sebastian-spanache-trio-furnace-la-arcub\/\" \/>\n<meta property=\"og:locale\" content=\"en_US\" \/>\n<meta property=\"og:type\" content=\"article\" \/>\n<meta property=\"og:title\" content=\"Sebastian Spanache Trio \u2013 The Furnace la ARCUB - Locurile Culturii\" \/>\n<meta property=\"og:description\" content=\"Catalogul salilor si spatiilor in care se pot organiza evenimente culturale, evenimentele care au loc in aceste spatii\" \/>\n<meta property=\"og:url\" content=\"https:\/\/www.societateamuzicala.ro\/locurileculturii\/sebastian-spanache-trio-furnace-la-arcub\/\" \/>\n<meta property=\"og:site_name\" content=\"Locurile Culturii\" \/>\n<meta property=\"article:published_time\" content=\"2017-03-01T14:45:50+00:00\" \/>\n<meta name=\"author\" content=\"Daniel Catoi\" \/>\n<meta name=\"twitter:card\" content=\"summary_large_image\" \/>\n<meta name=\"twitter:label1\" content=\"Written by\" \/>\n\t<meta name=\"twitter:data1\" content=\"Daniel Catoi\" \/>\n\t<meta name=\"twitter:label2\" content=\"Est. reading time\" \/>\n\t<meta name=\"twitter:data2\" content=\"2 minutes\" \/>\n<script type=\"application\/ld+json\" class=\"yoast-schema-graph\">{\"@context\":\"https:\\\/\\\/schema.org\",\"@graph\":[{\"@type\":\"Article\",\"@id\":\"https:\\\/\\\/www.societateamuzicala.ro\\\/locurileculturii\\\/sebastian-spanache-trio-furnace-la-arcub\\\/#article\",\"isPartOf\":{\"@id\":\"https:\\\/\\\/www.societateamuzicala.ro\\\/locurileculturii\\\/sebastian-spanache-trio-furnace-la-arcub\\\/\"},\"author\":{\"name\":\"Daniel Catoi\",\"@id\":\"https:\\\/\\\/www.societateamuzicala.ro\\\/locurileculturii\\\/#\\\/schema\\\/person\\\/9b52fa5c7675208e1da104f801fbb85b\"},\"headline\":\"Sebastian Spanache Trio \u2013 The Furnace la ARCUB\",\"datePublished\":\"2017-03-01T14:45:50+00:00\",\"mainEntityOfPage\":{\"@id\":\"https:\\\/\\\/www.societateamuzicala.ro\\\/locurileculturii\\\/sebastian-spanache-trio-furnace-la-arcub\\\/\"},\"wordCount\":388,\"commentCount\":0,\"keywords\":[\"arcub\",\"arcub concert\",\"arcub muzica\",\"arcub spectacol\",\"arta\",\"arta contemporana\",\"arta plastica\",\"arte vizuale\",\"Artist In Residence\",\"artist in residence arcub\",\"cinema\",\"concert\",\"concert cameral\",\"concerte\",\"conferinta\",\"Csaba Santa\",\"cultura\",\"cultural\",\"dezbateri\",\"eveniment cultural\",\"evenimente culturale\",\"expozitie\",\"expozitii\",\"film\",\"galerie\",\"muzee\",\"muzeu\",\"muzica clasica\",\"opera\",\"organizare evenimente\",\"pictura\",\"Radu Pieloiu\",\"recital arcub\",\"Sali\",\"Sali evenimente\",\"sculptura\",\"Sebastian Spanache\",\"spatii culturale\",\"spatii evenimente\",\"spectacol\",\"teatru\",\"teatru experimental\"],\"articleSection\":[\"Muzica si opera\"],\"inLanguage\":\"en-US\",\"potentialAction\":[{\"@type\":\"CommentAction\",\"name\":\"Comment\",\"target\":[\"https:\\\/\\\/www.societateamuzicala.ro\\\/locurileculturii\\\/sebastian-spanache-trio-furnace-la-arcub\\\/#respond\"]}]},{\"@type\":\"WebPage\",\"@id\":\"https:\\\/\\\/www.societateamuzicala.ro\\\/locurileculturii\\\/sebastian-spanache-trio-furnace-la-arcub\\\/\",\"url\":\"https:\\\/\\\/www.societateamuzicala.ro\\\/locurileculturii\\\/sebastian-spanache-trio-furnace-la-arcub\\\/\",\"name\":\"Sebastian Spanache Trio \u2013 The Furnace la ARCUB - Locurile Culturii\",\"isPartOf\":{\"@id\":\"https:\\\/\\\/www.societateamuzicala.ro\\\/locurileculturii\\\/#website\"},\"datePublished\":\"2017-03-01T14:45:50+00:00\",\"author\":{\"@id\":\"https:\\\/\\\/www.societateamuzicala.ro\\\/locurileculturii\\\/#\\\/schema\\\/person\\\/9b52fa5c7675208e1da104f801fbb85b\"},\"description\":\"Catalogul salilor si spatiilor in care se pot organiza evenimente culturale, evenimentele care au loc in aceste spatii\",\"breadcrumb\":{\"@id\":\"https:\\\/\\\/www.societateamuzicala.ro\\\/locurileculturii\\\/sebastian-spanache-trio-furnace-la-arcub\\\/#breadcrumb\"},\"inLanguage\":\"en-US\",\"potentialAction\":[{\"@type\":\"ReadAction\",\"target\":[\"https:\\\/\\\/www.societateamuzicala.ro\\\/locurileculturii\\\/sebastian-spanache-trio-furnace-la-arcub\\\/\"]}]},{\"@type\":\"BreadcrumbList\",\"@id\":\"https:\\\/\\\/www.societateamuzicala.ro\\\/locurileculturii\\\/sebastian-spanache-trio-furnace-la-arcub\\\/#breadcrumb\",\"itemListElement\":[{\"@type\":\"ListItem\",\"position\":1,\"name\":\"Home\",\"item\":\"https:\\\/\\\/www.societateamuzicala.ro\\\/locurileculturii\\\/\"},{\"@type\":\"ListItem\",\"position\":2,\"name\":\"Sebastian Spanache Trio \u2013 The Furnace la ARCUB\"}]},{\"@type\":\"WebSite\",\"@id\":\"https:\\\/\\\/www.societateamuzicala.ro\\\/locurileculturii\\\/#website\",\"url\":\"https:\\\/\\\/www.societateamuzicala.ro\\\/locurileculturii\\\/\",\"name\":\"Locurile Culturii\",\"description\":\"Catalogul spatiilor culturale - lista completa a salilor si spatiilor in care se pot face evenimente culturale\",\"potentialAction\":[{\"@type\":\"SearchAction\",\"target\":{\"@type\":\"EntryPoint\",\"urlTemplate\":\"https:\\\/\\\/www.societateamuzicala.ro\\\/locurileculturii\\\/?s={search_term_string}\"},\"query-input\":{\"@type\":\"PropertyValueSpecification\",\"valueRequired\":true,\"valueName\":\"search_term_string\"}}],\"inLanguage\":\"en-US\"},{\"@type\":\"Person\",\"@id\":\"https:\\\/\\\/www.societateamuzicala.ro\\\/locurileculturii\\\/#\\\/schema\\\/person\\\/9b52fa5c7675208e1da104f801fbb85b\",\"name\":\"Daniel Catoi\",\"image\":{\"@type\":\"ImageObject\",\"inLanguage\":\"en-US\",\"@id\":\"https:\\\/\\\/secure.gravatar.com\\\/avatar\\\/c0882a218c936889972a11c796e8ed91e0aff99b92af7212c04f740da3928233?s=96&d=mm&r=g\",\"url\":\"https:\\\/\\\/secure.gravatar.com\\\/avatar\\\/c0882a218c936889972a11c796e8ed91e0aff99b92af7212c04f740da3928233?s=96&d=mm&r=g\",\"contentUrl\":\"https:\\\/\\\/secure.gravatar.com\\\/avatar\\\/c0882a218c936889972a11c796e8ed91e0aff99b92af7212c04f740da3928233?s=96&d=mm&r=g\",\"caption\":\"Daniel Catoi\"},\"url\":\"https:\\\/\\\/www.societateamuzicala.ro\\\/locurileculturii\\\/author\\\/daniel\\\/\"}]}<\/script>\n<!-- \/ Yoast SEO plugin. -->","yoast_head_json":{"title":"Sebastian Spanache Trio \u2013 The Furnace la ARCUB - Locurile Culturii","description":"Catalogul salilor si spatiilor in care se pot organiza evenimente culturale, evenimentele care au loc in aceste spatii","robots":{"index":"index","follow":"follow","max-snippet":"max-snippet:-1","max-image-preview":"max-image-preview:large","max-video-preview":"max-video-preview:-1"},"canonical":"https:\/\/www.societateamuzicala.ro\/locurileculturii\/sebastian-spanache-trio-furnace-la-arcub\/","og_locale":"en_US","og_type":"article","og_title":"Sebastian Spanache Trio \u2013 The Furnace la ARCUB - Locurile Culturii","og_description":"Catalogul salilor si spatiilor in care se pot organiza evenimente culturale, evenimentele care au loc in aceste spatii","og_url":"https:\/\/www.societateamuzicala.ro\/locurileculturii\/sebastian-spanache-trio-furnace-la-arcub\/","og_site_name":"Locurile Culturii","article_published_time":"2017-03-01T14:45:50+00:00","author":"Daniel Catoi","twitter_card":"summary_large_image","twitter_misc":{"Written by":"Daniel Catoi","Est. reading time":"2 minutes"},"schema":{"@context":"https:\/\/schema.org","@graph":[{"@type":"Article","@id":"https:\/\/www.societateamuzicala.ro\/locurileculturii\/sebastian-spanache-trio-furnace-la-arcub\/#article","isPartOf":{"@id":"https:\/\/www.societateamuzicala.ro\/locurileculturii\/sebastian-spanache-trio-furnace-la-arcub\/"},"author":{"name":"Daniel Catoi","@id":"https:\/\/www.societateamuzicala.ro\/locurileculturii\/#\/schema\/person\/9b52fa5c7675208e1da104f801fbb85b"},"headline":"Sebastian Spanache Trio \u2013 The Furnace la ARCUB","datePublished":"2017-03-01T14:45:50+00:00","mainEntityOfPage":{"@id":"https:\/\/www.societateamuzicala.ro\/locurileculturii\/sebastian-spanache-trio-furnace-la-arcub\/"},"wordCount":388,"commentCount":0,"keywords":["arcub","arcub concert","arcub muzica","arcub spectacol","arta","arta contemporana","arta plastica","arte vizuale","Artist In Residence","artist in residence arcub","cinema","concert","concert cameral","concerte","conferinta","Csaba Santa","cultura","cultural","dezbateri","eveniment cultural","evenimente culturale","expozitie","expozitii","film","galerie","muzee","muzeu","muzica clasica","opera","organizare evenimente","pictura","Radu Pieloiu","recital arcub","Sali","Sali evenimente","sculptura","Sebastian Spanache","spatii culturale","spatii evenimente","spectacol","teatru","teatru experimental"],"articleSection":["Muzica si opera"],"inLanguage":"en-US","potentialAction":[{"@type":"CommentAction","name":"Comment","target":["https:\/\/www.societateamuzicala.ro\/locurileculturii\/sebastian-spanache-trio-furnace-la-arcub\/#respond"]}]},{"@type":"WebPage","@id":"https:\/\/www.societateamuzicala.ro\/locurileculturii\/sebastian-spanache-trio-furnace-la-arcub\/","url":"https:\/\/www.societateamuzicala.ro\/locurileculturii\/sebastian-spanache-trio-furnace-la-arcub\/","name":"Sebastian Spanache Trio \u2013 The Furnace la ARCUB - Locurile Culturii","isPartOf":{"@id":"https:\/\/www.societateamuzicala.ro\/locurileculturii\/#website"},"datePublished":"2017-03-01T14:45:50+00:00","author":{"@id":"https:\/\/www.societateamuzicala.ro\/locurileculturii\/#\/schema\/person\/9b52fa5c7675208e1da104f801fbb85b"},"description":"Catalogul salilor si spatiilor in care se pot organiza evenimente culturale, evenimentele care au loc in aceste spatii","breadcrumb":{"@id":"https:\/\/www.societateamuzicala.ro\/locurileculturii\/sebastian-spanache-trio-furnace-la-arcub\/#breadcrumb"},"inLanguage":"en-US","potentialAction":[{"@type":"ReadAction","target":["https:\/\/www.societateamuzicala.ro\/locurileculturii\/sebastian-spanache-trio-furnace-la-arcub\/"]}]},{"@type":"BreadcrumbList","@id":"https:\/\/www.societateamuzicala.ro\/locurileculturii\/sebastian-spanache-trio-furnace-la-arcub\/#breadcrumb","itemListElement":[{"@type":"ListItem","position":1,"name":"Home","item":"https:\/\/www.societateamuzicala.ro\/locurileculturii\/"},{"@type":"ListItem","position":2,"name":"Sebastian Spanache Trio \u2013 The Furnace la ARCUB"}]},{"@type":"WebSite","@id":"https:\/\/www.societateamuzicala.ro\/locurileculturii\/#website","url":"https:\/\/www.societateamuzicala.ro\/locurileculturii\/","name":"Locurile Culturii","description":"Catalogul spatiilor culturale - lista completa a salilor si spatiilor in care se pot face evenimente culturale","potentialAction":[{"@type":"SearchAction","target":{"@type":"EntryPoint","urlTemplate":"https:\/\/www.societateamuzicala.ro\/locurileculturii\/?s={search_term_string}"},"query-input":{"@type":"PropertyValueSpecification","valueRequired":true,"valueName":"search_term_string"}}],"inLanguage":"en-US"},{"@type":"Person","@id":"https:\/\/www.societateamuzicala.ro\/locurileculturii\/#\/schema\/person\/9b52fa5c7675208e1da104f801fbb85b","name":"Daniel Catoi","image":{"@type":"ImageObject","inLanguage":"en-US","@id":"https:\/\/secure.gravatar.com\/avatar\/c0882a218c936889972a11c796e8ed91e0aff99b92af7212c04f740da3928233?s=96&d=mm&r=g","url":"https:\/\/secure.gravatar.com\/avatar\/c0882a218c936889972a11c796e8ed91e0aff99b92af7212c04f740da3928233?s=96&d=mm&r=g","contentUrl":"https:\/\/secure.gravatar.com\/avatar\/c0882a218c936889972a11c796e8ed91e0aff99b92af7212c04f740da3928233?s=96&d=mm&r=g","caption":"Daniel Catoi"},"url":"https:\/\/www.societateamuzicala.ro\/locurileculturii\/author\/daniel\/"}]}},"_links":{"self":[{"href":"https:\/\/www.societateamuzicala.ro\/locurileculturii\/wp-json\/wp\/v2\/posts\/37709","targetHints":{"allow":["GET"]}}],"collection":[{"href":"https:\/\/www.societateamuzicala.ro\/locurileculturii\/wp-json\/wp\/v2\/posts"}],"about":[{"href":"https:\/\/www.societateamuzicala.ro\/locurileculturii\/wp-json\/wp\/v2\/types\/post"}],"author":[{"embeddable":true,"href":"https:\/\/www.societateamuzicala.ro\/locurileculturii\/wp-json\/wp\/v2\/users\/4"}],"replies":[{"embeddable":true,"href":"https:\/\/www.societateamuzicala.ro\/locurileculturii\/wp-json\/wp\/v2\/comments?post=37709"}],"version-history":[{"count":0,"href":"https:\/\/www.societateamuzicala.ro\/locurileculturii\/wp-json\/wp\/v2\/posts\/37709\/revisions"}],"wp:attachment":[{"href":"https:\/\/www.societateamuzicala.ro\/locurileculturii\/wp-json\/wp\/v2\/media?parent=37709"}],"wp:term":[{"taxonomy":"category","embeddable":true,"href":"https:\/\/www.societateamuzicala.ro\/locurileculturii\/wp-json\/wp\/v2\/categories?post=37709"},{"taxonomy":"post_tag","embeddable":true,"href":"https:\/\/www.societateamuzicala.ro\/locurileculturii\/wp-json\/wp\/v2\/tags?post=37709"}],"curies":[{"name":"wp","href":"https:\/\/api.w.org\/{rel}","templated":true}]}}