{"id":37705,"date":"2017-03-01T14:37:28","date_gmt":"2017-03-01T14:37:28","guid":{"rendered":"https:\/\/www.societateamuzicala.ro\/locurileculturii\/?p=37705"},"modified":"2017-03-01T14:37:28","modified_gmt":"2017-03-01T14:37:28","slug":"fever-la-arcub","status":"publish","type":"post","link":"https:\/\/www.societateamuzicala.ro\/locurileculturii\/fever-la-arcub\/","title":{"rendered":"&#8220;The Fever&#8221; la ARCUB"},"content":{"rendered":"<p>Dup\u0103 reprezenta\u021bii de succes la New York, Paris, Stockholm, spectacolul <strong><em>The Fever<\/em><\/strong> ajunge la Bucure\u0219ti.\u00a0<strong><em>The Fever<\/em><\/strong> va fi programat la ARCUB Gabroveni \u00een datele de <strong>10 \u0219i 11 martie 2017<\/strong>, de la orele 20.00. Spectacolul se va juca <strong>\u00een limba englez\u0103<\/strong> \u0219i va avea <strong>supratitrare \u00een rom\u00e2n\u0103<\/strong>.<\/p>\n<p>One-woman show-ul Simonei M\u0103ic\u0103nescu este realizat dup\u0103 un text de Wallace Shawn, \u00een regia lui Lars Nor\u00e9n. Acest monolog dramatic de mare for\u021b\u0103, scris \u00eentre 1985 \u0219i 1990, dar mai relevant acum dec\u00e2t oric\u00e2nd, este o examinare profund\u0103 \u0219i \u00eend\u00e2rjit\u0103 a inegalit\u0103\u021bii sociale \u0219i a leg\u0103turilor dintre bog\u0103\u021bia pe care mul\u021bi o iau drept fireasc\u0103 \u0219i s\u0103r\u0103cia \u0219i suferin\u021ba care b\u00e2ntuie milioane de vie\u021bi.<\/p>\n<p>O femeie \u00eenst\u0103rit\u0103 din New York \u00ee\u0219i p\u0103r\u0103se\u0219te ora\u0219ul \u0219i c\u0103l\u0103tore\u0219te dintr-o \u021bar\u0103 s\u0103rac\u0103 \u00een alta, urm\u0103rit\u0103 mereu de paradoxul nedrept\u0103\u021bii economice: unii au totul, iar al\u021bii \u2013 nimic. \u0218i de fiecare dat\u0103 c\u00e2nd se re\u00eentoarce acas\u0103, \u00eencepe s\u0103 se \u00eendoiasc\u0103 de toate convingerile pe care le-a mo\u0219tenit.<\/p>\n<p>Monologul <strong>Febra<\/strong> dezv\u0103luie subiecte incomode despre injusti\u021bia \u00een lume. R\u0103spunsuri clare nu veti primi, dar adev\u0103rul \u0219i umorul textului nu v\u0103 vor l\u0103sa indiferen\u021bi. V\u0103 vor r\u0103m\u00e2ne \u00een minte \u0219i \u00een ziua urm\u0103toare, c\u00e2nd v\u0103 ve\u021bi lua cafeaua de diminea\u021b\u0103!<\/p>\n<p>Spectacolul reune\u0219te o echip\u0103 interna\u021bional\u0103 de renume. Autorul,\u00a0<strong>Wallace Shawn<\/strong>\u00a0are o carier\u0103 impresionant\u0103 ca actor de teatru, televiziune \u0219i film. Recunoa\u0219terea interna\u021bional\u0103 a venit o dat\u0103 cu colaborarea cu Woody Allen sau Andr\u00e9 Gregory. Totodat\u0103 a devenit cunoscut pentru scenariile \u0219i piesele sale. Pentru\u00a0<strong><em>The Fever<\/em><\/strong>\u00a0a primit un premiu OBIE (Off- Broadway Theater Awards).<\/p>\n<p><strong>Lars Nor\u00e9n\u00a0<\/strong>este considerat cel mai important dramaturg suedez dup\u0103 Strindberg. Piesele sale sunt extrem de apreciate \u0219i produse de numeroase teatre din Europa. Din 1993, a \u00eenceput s\u0103 pun\u0103 \u00een scen\u0103 piese de Shakespeare, Eschil, Ibsen \u0219i Cehov dar \u0219i propriile texte. <em>The Fever<\/em> reprezint\u0103 prima sa semn\u0103tura ca regizor pe textul unui alt dramaturg contemporan.<\/p>\n<p><strong>Simona M\u0103ic\u0103nescu<\/strong>\u00a0este o actri\u021b\u0103 de origine rom\u00e2n\u0103. A lucrat \u00een regia unor regizori cunoscu\u021bi, precum Silviu Purc\u0103rete, Lucian Pintilie, Tompa G\u00e1bor \u0219i Andrei \u0218erban. Dup\u0103 ce a jucat \u00eentr-o coproduc\u021bie rom\u00e2no \u2013 francez\u0103 prezentat\u0103 la Avignon, \u00een 1994 a fost invitat\u0103 s\u0103 joace la Teatrul Odeon din Paris. A decis apoi s\u0103 se mute \u00een Fran\u021ba \u0219i a continuat s\u0103 joace at\u00e2t \u00een francez\u0103 c\u00e2t \u0219i \u00een englez\u0103.\u00a0<strong><em>The Fever<\/em><\/strong>\u00a0este primul one-woman show al Simonei M\u0103ic\u0103nescu.<\/p>\n<p><em>Simona M\u0103ic\u0103nescu este o \u00eenving\u0103toare \u0219i face un rol str\u0103lucitor \u00een regia lui Noren. St\u0103 drept pe scen\u0103, av\u00e2nd al\u0103turi doar o sticl\u0103 cu ap\u0103, anxietatea \u0219i dezam\u0103girea ei. Vocea \u00eei este implacabil\u0103, captivant\u0103.<br \/>\nMonologul lui Wallace Shawn este uneori disperat, alteori trist, resemnat \u00een final. Cum ne putem ap\u0103ra vie\u021bile privilegiate?\u2026<\/em><\/p>\n<p><strong>Lena Kvist<\/strong> \u2013 Boras Tidning, 27 august 2010<\/p>\n","protected":false},"excerpt":{"rendered":"<p>Dup\u0103 reprezenta\u021bii de succes la New York, Paris, Stockholm, spectacolul The Fever ajunge la Bucure\u0219ti.\u00a0The Fever va fi programat la ARCUB Gabroveni \u00een datele de 10 \u0219i 11 martie 2017, de la orele 20.00. Spectacolul se va juca \u00een limba englez\u0103 \u0219i va avea supratitrare \u00een rom\u00e2n\u0103. One-woman show-ul Simonei M\u0103ic\u0103nescu este realizat dup\u0103 un [&hellip;]<\/p>\n","protected":false},"author":4,"featured_media":0,"comment_status":"open","ping_status":"open","sticky":false,"template":"","format":"standard","meta":{"_acf_changed":false,"footnotes":""},"categories":[23],"tags":[96,8505,289,464,1443,326,404,234,50,29,744,203,403,278,402,2214,256,243,405,974,8508,2212,406,36,2893,54,2216,855,2211,2213,1677,8506,2210,2215,393,212,1878,8507],"class_list":["post-37705","post","type-post","status-publish","format-standard","hentry","category-teatrale","tag-arcub","tag-arcub-the-fever","tag-arta","tag-arta-contemporana","tag-arta-plastica","tag-arte-vizuale","tag-cinema","tag-concert","tag-concert-cameral","tag-concerte","tag-conferinta","tag-cultura","tag-cultural","tag-dezbateri","tag-eveniment-cultural","tag-evenimente-culturale","tag-expozitie","tag-expozitii","tag-film","tag-galerie","tag-lars-noren","tag-muzee","tag-muzeu","tag-muzica-clasica","tag-one-woman-show","tag-opera","tag-organizare-evenimente","tag-pictura","tag-sali","tag-sali-evenimente","tag-sculptura","tag-simonai-maicanescu","tag-spatii-culturale","tag-spatii-evenimente","tag-spectacol","tag-teatru","tag-teatru-experimental","tag-wallace-shawn"],"acf":{"cc_filter":[],"poza_fixa":"https:\/\/www.societateamuzicala.ro\/locurileculturii\/wp-content\/uploads\/2015\/10\/Sala-Mare-3.jpg","url_poza_fixa":"","oras":"Bucuresti","in_strainatate":false,"pian":false,"orga":false,"data1":"1489262400","data2":"","afiseaza_data_post":false,"acf_sala":[{"ID":17776,"post_author":"2","post_date":"2015-10-03 20:35:01","post_date_gmt":"2015-10-03 20:35:01","post_content":"Recent inaugurata, <strong>Sala Mare<\/strong> de la ARCUB beneficiaza de dotari tehnice de ultima generatie si poate gazdui evenimente pentru maximum 200 de persoane. Sala Mare de la ARCUB, cu un decor avangardist si scenotehnica modulara, ofera\u00a0spectacolelor de teatru, concertelor, dar si conferintelor cu public restrans,\u00a0un\u00a0loc foarte potrivit.\r\n\r\nDe altfel, un mare avantaj\u00a0al Salii Mari de la ARCUB se datoreaza locatiei centrale a acesteia, pe strada Gabroveni, nr. 50-53, care va facilita intotdeauna accesul publicului bucurestean la evenimentele organizate aici.\r\n\r\n[gallery link=\"file\" ids=\"25803,25806,25808\" orderby=\"rand\"]\r\n\r\n&nbsp;","post_title":"Sala Mare","post_excerpt":"","post_status":"publish","comment_status":"open","ping_status":"open","post_password":"","post_name":"arcub-gabroveni-sala-mare","to_ping":"","pinged":"","post_modified":"2016-08-01 16:31:07","post_modified_gmt":"2016-08-01 16:31:07","post_content_filtered":"","post_parent":0,"guid":"https:\/\/www.societateamuzicala.ro\/?p=17776","menu_order":0,"post_type":"post","post_mime_type":"","comment_count":"0","filter":"raw"}],"centru_cultural":"","articole_parinte":[{"ID":17776,"post_author":"2","post_date":"2015-10-03 20:35:01","post_date_gmt":"2015-10-03 20:35:01","post_content":"Recent inaugurata, <strong>Sala Mare<\/strong> de la ARCUB beneficiaza de dotari tehnice de ultima generatie si poate gazdui evenimente pentru maximum 200 de persoane. Sala Mare de la ARCUB, cu un decor avangardist si scenotehnica modulara, ofera\u00a0spectacolelor de teatru, concertelor, dar si conferintelor cu public restrans,\u00a0un\u00a0loc foarte potrivit.\r\n\r\nDe altfel, un mare avantaj\u00a0al Salii Mari de la ARCUB se datoreaza locatiei centrale a acesteia, pe strada Gabroveni, nr. 50-53, care va facilita intotdeauna accesul publicului bucurestean la evenimentele organizate aici.\r\n\r\n[gallery link=\"file\" ids=\"25803,25806,25808\" orderby=\"rand\"]\r\n\r\n&nbsp;","post_title":"Sala Mare","post_excerpt":"","post_status":"publish","comment_status":"open","ping_status":"open","post_password":"","post_name":"arcub-gabroveni-sala-mare","to_ping":"","pinged":"","post_modified":"2016-08-01 16:31:07","post_modified_gmt":"2016-08-01 16:31:07","post_content_filtered":"","post_parent":0,"guid":"https:\/\/www.societateamuzicala.ro\/?p=17776","menu_order":0,"post_type":"post","post_mime_type":"","comment_count":"0","filter":"raw"}],"articole_relationate":"","coordonate":{"address":"Hanul Gabroveni, Strada Lipscani 86, Bucure\u0219ti 030167, Rom\u00e2nia","lat":"44.431552358195056","lng":"26.102678775787354"},"tab1_nume":"Despre","tab3":false},"yoast_head":"<!-- This site is optimized with the Yoast SEO plugin v27.5 - https:\/\/yoast.com\/product\/yoast-seo-wordpress\/ -->\n<title>&quot;The Fever&quot; la ARCUB - Locurile Culturii<\/title>\n<meta name=\"description\" content=\"Catalogul salilor si spatiilor in care se pot organiza evenimente culturale, evenimentele care au loc in aceste spatii\" \/>\n<meta name=\"robots\" content=\"index, follow, max-snippet:-1, max-image-preview:large, max-video-preview:-1\" \/>\n<link rel=\"canonical\" href=\"https:\/\/www.societateamuzicala.ro\/locurileculturii\/fever-la-arcub\/\" \/>\n<meta property=\"og:locale\" content=\"en_US\" \/>\n<meta property=\"og:type\" content=\"article\" \/>\n<meta property=\"og:title\" content=\"&quot;The Fever&quot; la ARCUB - Locurile Culturii\" \/>\n<meta property=\"og:description\" content=\"Catalogul salilor si spatiilor in care se pot organiza evenimente culturale, evenimentele care au loc in aceste spatii\" \/>\n<meta property=\"og:url\" content=\"https:\/\/www.societateamuzicala.ro\/locurileculturii\/fever-la-arcub\/\" \/>\n<meta property=\"og:site_name\" content=\"Locurile Culturii\" \/>\n<meta property=\"article:published_time\" content=\"2017-03-01T14:37:28+00:00\" \/>\n<meta name=\"author\" content=\"Daniel Catoi\" \/>\n<meta name=\"twitter:card\" content=\"summary_large_image\" \/>\n<meta name=\"twitter:label1\" content=\"Written by\" \/>\n\t<meta name=\"twitter:data1\" content=\"Daniel Catoi\" \/>\n\t<meta name=\"twitter:label2\" content=\"Est. reading time\" \/>\n\t<meta name=\"twitter:data2\" content=\"3 minutes\" \/>\n<script type=\"application\/ld+json\" class=\"yoast-schema-graph\">{\"@context\":\"https:\\\/\\\/schema.org\",\"@graph\":[{\"@type\":\"Article\",\"@id\":\"https:\\\/\\\/www.societateamuzicala.ro\\\/locurileculturii\\\/fever-la-arcub\\\/#article\",\"isPartOf\":{\"@id\":\"https:\\\/\\\/www.societateamuzicala.ro\\\/locurileculturii\\\/fever-la-arcub\\\/\"},\"author\":{\"name\":\"Daniel Catoi\",\"@id\":\"https:\\\/\\\/www.societateamuzicala.ro\\\/locurileculturii\\\/#\\\/schema\\\/person\\\/9b52fa5c7675208e1da104f801fbb85b\"},\"headline\":\"&#8220;The Fever&#8221; la ARCUB\",\"datePublished\":\"2017-03-01T14:37:28+00:00\",\"mainEntityOfPage\":{\"@id\":\"https:\\\/\\\/www.societateamuzicala.ro\\\/locurileculturii\\\/fever-la-arcub\\\/\"},\"wordCount\":514,\"commentCount\":0,\"keywords\":[\"arcub\",\"arcub the fever\",\"arta\",\"arta contemporana\",\"arta plastica\",\"arte vizuale\",\"cinema\",\"concert\",\"concert cameral\",\"concerte\",\"conferinta\",\"cultura\",\"cultural\",\"dezbateri\",\"eveniment cultural\",\"evenimente culturale\",\"expozitie\",\"expozitii\",\"film\",\"galerie\",\"Lars Nor\u00e9n\",\"muzee\",\"muzeu\",\"muzica clasica\",\"one woman show\",\"opera\",\"organizare evenimente\",\"pictura\",\"Sali\",\"Sali evenimente\",\"sculptura\",\"Simonai M\u0103ic\u0103nescu\",\"spatii culturale\",\"spatii evenimente\",\"spectacol\",\"teatru\",\"teatru experimental\",\"Wallace Shawn\"],\"articleSection\":[\"Teatru\"],\"inLanguage\":\"en-US\",\"potentialAction\":[{\"@type\":\"CommentAction\",\"name\":\"Comment\",\"target\":[\"https:\\\/\\\/www.societateamuzicala.ro\\\/locurileculturii\\\/fever-la-arcub\\\/#respond\"]}]},{\"@type\":\"WebPage\",\"@id\":\"https:\\\/\\\/www.societateamuzicala.ro\\\/locurileculturii\\\/fever-la-arcub\\\/\",\"url\":\"https:\\\/\\\/www.societateamuzicala.ro\\\/locurileculturii\\\/fever-la-arcub\\\/\",\"name\":\"\\\"The Fever\\\" la ARCUB - Locurile Culturii\",\"isPartOf\":{\"@id\":\"https:\\\/\\\/www.societateamuzicala.ro\\\/locurileculturii\\\/#website\"},\"datePublished\":\"2017-03-01T14:37:28+00:00\",\"author\":{\"@id\":\"https:\\\/\\\/www.societateamuzicala.ro\\\/locurileculturii\\\/#\\\/schema\\\/person\\\/9b52fa5c7675208e1da104f801fbb85b\"},\"description\":\"Catalogul salilor si spatiilor in care se pot organiza evenimente culturale, evenimentele care au loc in aceste spatii\",\"breadcrumb\":{\"@id\":\"https:\\\/\\\/www.societateamuzicala.ro\\\/locurileculturii\\\/fever-la-arcub\\\/#breadcrumb\"},\"inLanguage\":\"en-US\",\"potentialAction\":[{\"@type\":\"ReadAction\",\"target\":[\"https:\\\/\\\/www.societateamuzicala.ro\\\/locurileculturii\\\/fever-la-arcub\\\/\"]}]},{\"@type\":\"BreadcrumbList\",\"@id\":\"https:\\\/\\\/www.societateamuzicala.ro\\\/locurileculturii\\\/fever-la-arcub\\\/#breadcrumb\",\"itemListElement\":[{\"@type\":\"ListItem\",\"position\":1,\"name\":\"Home\",\"item\":\"https:\\\/\\\/www.societateamuzicala.ro\\\/locurileculturii\\\/\"},{\"@type\":\"ListItem\",\"position\":2,\"name\":\"&#8220;The Fever&#8221; la ARCUB\"}]},{\"@type\":\"WebSite\",\"@id\":\"https:\\\/\\\/www.societateamuzicala.ro\\\/locurileculturii\\\/#website\",\"url\":\"https:\\\/\\\/www.societateamuzicala.ro\\\/locurileculturii\\\/\",\"name\":\"Locurile Culturii\",\"description\":\"Catalogul spatiilor culturale - lista completa a salilor si spatiilor in care se pot face evenimente culturale\",\"potentialAction\":[{\"@type\":\"SearchAction\",\"target\":{\"@type\":\"EntryPoint\",\"urlTemplate\":\"https:\\\/\\\/www.societateamuzicala.ro\\\/locurileculturii\\\/?s={search_term_string}\"},\"query-input\":{\"@type\":\"PropertyValueSpecification\",\"valueRequired\":true,\"valueName\":\"search_term_string\"}}],\"inLanguage\":\"en-US\"},{\"@type\":\"Person\",\"@id\":\"https:\\\/\\\/www.societateamuzicala.ro\\\/locurileculturii\\\/#\\\/schema\\\/person\\\/9b52fa5c7675208e1da104f801fbb85b\",\"name\":\"Daniel Catoi\",\"image\":{\"@type\":\"ImageObject\",\"inLanguage\":\"en-US\",\"@id\":\"https:\\\/\\\/secure.gravatar.com\\\/avatar\\\/c0882a218c936889972a11c796e8ed91e0aff99b92af7212c04f740da3928233?s=96&d=mm&r=g\",\"url\":\"https:\\\/\\\/secure.gravatar.com\\\/avatar\\\/c0882a218c936889972a11c796e8ed91e0aff99b92af7212c04f740da3928233?s=96&d=mm&r=g\",\"contentUrl\":\"https:\\\/\\\/secure.gravatar.com\\\/avatar\\\/c0882a218c936889972a11c796e8ed91e0aff99b92af7212c04f740da3928233?s=96&d=mm&r=g\",\"caption\":\"Daniel Catoi\"},\"url\":\"https:\\\/\\\/www.societateamuzicala.ro\\\/locurileculturii\\\/author\\\/daniel\\\/\"}]}<\/script>\n<!-- \/ Yoast SEO plugin. -->","yoast_head_json":{"title":"\"The Fever\" la ARCUB - Locurile Culturii","description":"Catalogul salilor si spatiilor in care se pot organiza evenimente culturale, evenimentele care au loc in aceste spatii","robots":{"index":"index","follow":"follow","max-snippet":"max-snippet:-1","max-image-preview":"max-image-preview:large","max-video-preview":"max-video-preview:-1"},"canonical":"https:\/\/www.societateamuzicala.ro\/locurileculturii\/fever-la-arcub\/","og_locale":"en_US","og_type":"article","og_title":"\"The Fever\" la ARCUB - Locurile Culturii","og_description":"Catalogul salilor si spatiilor in care se pot organiza evenimente culturale, evenimentele care au loc in aceste spatii","og_url":"https:\/\/www.societateamuzicala.ro\/locurileculturii\/fever-la-arcub\/","og_site_name":"Locurile Culturii","article_published_time":"2017-03-01T14:37:28+00:00","author":"Daniel Catoi","twitter_card":"summary_large_image","twitter_misc":{"Written by":"Daniel Catoi","Est. reading time":"3 minutes"},"schema":{"@context":"https:\/\/schema.org","@graph":[{"@type":"Article","@id":"https:\/\/www.societateamuzicala.ro\/locurileculturii\/fever-la-arcub\/#article","isPartOf":{"@id":"https:\/\/www.societateamuzicala.ro\/locurileculturii\/fever-la-arcub\/"},"author":{"name":"Daniel Catoi","@id":"https:\/\/www.societateamuzicala.ro\/locurileculturii\/#\/schema\/person\/9b52fa5c7675208e1da104f801fbb85b"},"headline":"&#8220;The Fever&#8221; la ARCUB","datePublished":"2017-03-01T14:37:28+00:00","mainEntityOfPage":{"@id":"https:\/\/www.societateamuzicala.ro\/locurileculturii\/fever-la-arcub\/"},"wordCount":514,"commentCount":0,"keywords":["arcub","arcub the fever","arta","arta contemporana","arta plastica","arte vizuale","cinema","concert","concert cameral","concerte","conferinta","cultura","cultural","dezbateri","eveniment cultural","evenimente culturale","expozitie","expozitii","film","galerie","Lars Nor\u00e9n","muzee","muzeu","muzica clasica","one woman show","opera","organizare evenimente","pictura","Sali","Sali evenimente","sculptura","Simonai M\u0103ic\u0103nescu","spatii culturale","spatii evenimente","spectacol","teatru","teatru experimental","Wallace Shawn"],"articleSection":["Teatru"],"inLanguage":"en-US","potentialAction":[{"@type":"CommentAction","name":"Comment","target":["https:\/\/www.societateamuzicala.ro\/locurileculturii\/fever-la-arcub\/#respond"]}]},{"@type":"WebPage","@id":"https:\/\/www.societateamuzicala.ro\/locurileculturii\/fever-la-arcub\/","url":"https:\/\/www.societateamuzicala.ro\/locurileculturii\/fever-la-arcub\/","name":"\"The Fever\" la ARCUB - Locurile Culturii","isPartOf":{"@id":"https:\/\/www.societateamuzicala.ro\/locurileculturii\/#website"},"datePublished":"2017-03-01T14:37:28+00:00","author":{"@id":"https:\/\/www.societateamuzicala.ro\/locurileculturii\/#\/schema\/person\/9b52fa5c7675208e1da104f801fbb85b"},"description":"Catalogul salilor si spatiilor in care se pot organiza evenimente culturale, evenimentele care au loc in aceste spatii","breadcrumb":{"@id":"https:\/\/www.societateamuzicala.ro\/locurileculturii\/fever-la-arcub\/#breadcrumb"},"inLanguage":"en-US","potentialAction":[{"@type":"ReadAction","target":["https:\/\/www.societateamuzicala.ro\/locurileculturii\/fever-la-arcub\/"]}]},{"@type":"BreadcrumbList","@id":"https:\/\/www.societateamuzicala.ro\/locurileculturii\/fever-la-arcub\/#breadcrumb","itemListElement":[{"@type":"ListItem","position":1,"name":"Home","item":"https:\/\/www.societateamuzicala.ro\/locurileculturii\/"},{"@type":"ListItem","position":2,"name":"&#8220;The Fever&#8221; la ARCUB"}]},{"@type":"WebSite","@id":"https:\/\/www.societateamuzicala.ro\/locurileculturii\/#website","url":"https:\/\/www.societateamuzicala.ro\/locurileculturii\/","name":"Locurile Culturii","description":"Catalogul spatiilor culturale - lista completa a salilor si spatiilor in care se pot face evenimente culturale","potentialAction":[{"@type":"SearchAction","target":{"@type":"EntryPoint","urlTemplate":"https:\/\/www.societateamuzicala.ro\/locurileculturii\/?s={search_term_string}"},"query-input":{"@type":"PropertyValueSpecification","valueRequired":true,"valueName":"search_term_string"}}],"inLanguage":"en-US"},{"@type":"Person","@id":"https:\/\/www.societateamuzicala.ro\/locurileculturii\/#\/schema\/person\/9b52fa5c7675208e1da104f801fbb85b","name":"Daniel Catoi","image":{"@type":"ImageObject","inLanguage":"en-US","@id":"https:\/\/secure.gravatar.com\/avatar\/c0882a218c936889972a11c796e8ed91e0aff99b92af7212c04f740da3928233?s=96&d=mm&r=g","url":"https:\/\/secure.gravatar.com\/avatar\/c0882a218c936889972a11c796e8ed91e0aff99b92af7212c04f740da3928233?s=96&d=mm&r=g","contentUrl":"https:\/\/secure.gravatar.com\/avatar\/c0882a218c936889972a11c796e8ed91e0aff99b92af7212c04f740da3928233?s=96&d=mm&r=g","caption":"Daniel Catoi"},"url":"https:\/\/www.societateamuzicala.ro\/locurileculturii\/author\/daniel\/"}]}},"_links":{"self":[{"href":"https:\/\/www.societateamuzicala.ro\/locurileculturii\/wp-json\/wp\/v2\/posts\/37705","targetHints":{"allow":["GET"]}}],"collection":[{"href":"https:\/\/www.societateamuzicala.ro\/locurileculturii\/wp-json\/wp\/v2\/posts"}],"about":[{"href":"https:\/\/www.societateamuzicala.ro\/locurileculturii\/wp-json\/wp\/v2\/types\/post"}],"author":[{"embeddable":true,"href":"https:\/\/www.societateamuzicala.ro\/locurileculturii\/wp-json\/wp\/v2\/users\/4"}],"replies":[{"embeddable":true,"href":"https:\/\/www.societateamuzicala.ro\/locurileculturii\/wp-json\/wp\/v2\/comments?post=37705"}],"version-history":[{"count":0,"href":"https:\/\/www.societateamuzicala.ro\/locurileculturii\/wp-json\/wp\/v2\/posts\/37705\/revisions"}],"wp:attachment":[{"href":"https:\/\/www.societateamuzicala.ro\/locurileculturii\/wp-json\/wp\/v2\/media?parent=37705"}],"wp:term":[{"taxonomy":"category","embeddable":true,"href":"https:\/\/www.societateamuzicala.ro\/locurileculturii\/wp-json\/wp\/v2\/categories?post=37705"},{"taxonomy":"post_tag","embeddable":true,"href":"https:\/\/www.societateamuzicala.ro\/locurileculturii\/wp-json\/wp\/v2\/tags?post=37705"}],"curies":[{"name":"wp","href":"https:\/\/api.w.org\/{rel}","templated":true}]}}