{"id":36122,"date":"2016-11-15T18:26:19","date_gmt":"2016-11-15T18:26:19","guid":{"rendered":"https:\/\/www.societateamuzicala.ro\/locurileculturii\/?p=36122"},"modified":"2016-11-15T18:26:48","modified_gmt":"2016-11-15T18:26:48","slug":"expozia-memoriam-tim-negrescu-la-galeria-horatiu-malaele","status":"publish","type":"post","link":"https:\/\/www.societateamuzicala.ro\/locurileculturii\/expozia-memoriam-tim-negrescu-la-galeria-horatiu-malaele\/","title":{"rendered":"Expozia In Memoriam Tim Negrescu la Galeria Horatiu Malaele"},"content":{"rendered":"<p>Centrul de Cultura European Romano-Panarab, <a href=\"https:\/\/www.societateamuzicala.ro\/locurileculturii\/2016\/08\/11\/galeria-horatiu-malaele\" target=\"_blank\">Galeria Horatiu<\/a> si KonArt organizeaza expozitia\u00a0<em><strong> In Memoriam \u2013Tim Negrescu<\/strong><\/em>, la implinirea unui an de la trecerea in nefiinta a artistului, membru al Clubului de Cultura si Arta al C.C.E.R.P.A.<\/p>\n<p>Timotei Negrescu a fost un artist plastic roman, nascut in Republica Moldova, la 5 februarie 1963,\u00a0 a studiat\u00a0 Colegiul de Arte \u201cAlexandru Plamadeala\u201d Chisinau si Academia de Muzica, Teatru si Arte Plastice, Chisinau. Artistul a trait intre anii 1993-2015 in Bucuresti, si s-a ocupat de realizarea, atat a proiectelor de arhitectura, a unor obiecte de design, dar si de pictura.<\/p>\n<p>In arta culorii s-a manifestat relativ tarziu, cu portrete, peisaje, caricatura, dar si lucrari abstracte, temele sale preferate fiind unele figurative: flori si peisaje in acuarela. De altfel,<br \/>\npentru Timotei Negrescu, compozitiile florale au raspuns unui simt cromatic deosebit, lucrarile cu flori fiind atribuite unor perioade importante. Pana in ultimii ani, florile apar sub directii diferite, in care putem distinge interesul pentru un stil al naturilor moarte, dar si pentru aprofundarea calitatilor decorative a subiectului ales.<\/p>\n<p>Expozitia, deschis in perioada 10-24 noiembrie, contine lucrari din colectii private, mare parte dintre ele fiind expuse in premiera (inclusiv ultima sa lucrare).<\/p>\n","protected":false},"excerpt":{"rendered":"<p>Centrul de Cultura European Romano-Panarab, Galeria Horatiu si KonArt organizeaza expozitia\u00a0 In Memoriam \u2013Tim Negrescu, la implinirea unui an de la trecerea in nefiinta a artistului, membru al Clubului de Cultura si Arta al C.C.E.R.P.A. Timotei Negrescu a fost un artist plastic roman, nascut in Republica Moldova, la 5 februarie 1963,\u00a0 a studiat\u00a0 Colegiul de [&hellip;]<\/p>\n","protected":false},"author":4,"featured_media":0,"comment_status":"open","ping_status":"open","sticky":false,"template":"","format":"standard","meta":{"_acf_changed":false,"footnotes":""},"categories":[26],"tags":[289,464,1443,326,404,234,50,29,744,203,403,278,402,2214,256,1334,243,405,5919,974,5920,2212,406,36,54,2216,5922,855,2211,2213,1677,2210,2215,393,212,1878,5921],"class_list":["post-36122","post","type-post","status-publish","format-standard","hentry","category-arte-vizuale","tag-arta","tag-arta-contemporana","tag-arta-plastica","tag-arte-vizuale","tag-cinema","tag-concert","tag-concert-cameral","tag-concerte","tag-conferinta","tag-cultura","tag-cultural","tag-dezbateri","tag-eveniment-cultural","tag-evenimente-culturale","tag-expozitie","tag-expozitie-de-pictura","tag-expozitii","tag-film","tag-galeria-horatiu-malaele","tag-galerie","tag-in-memoriam-tim-negrescu","tag-muzee","tag-muzeu","tag-muzica-clasica","tag-opera","tag-organizare-evenimente","tag-peisaje","tag-pictura","tag-sali","tag-sali-evenimente","tag-sculptura","tag-spatii-culturale","tag-spatii-evenimente","tag-spectacol","tag-teatru","tag-teatru-experimental","tag-tim-negrescu"],"acf":{"data2":"1479945600","cc_filter":[],"poza_fixa":"https:\/\/www.societateamuzicala.ro\/locurileculturii\/wp-content\/uploads\/2016\/08\/Galeria-Horatiu-Malaele.jpg","url_poza_fixa":"","oras":"Bucuresti","in_strainatate":false,"pian":false,"orga":false,"data1":"1478736000","afiseaza_data_post":false,"acf_sala":[{"ID":29250,"post_author":"4","post_date":"2016-08-11 10:19:52","post_date_gmt":"2016-08-11 10:19:52","post_content":"<strong>Galeria Horatiu Malaele<\/strong> a fost inaugurata in anul 2010, si este situata pe strada Smardan, nr. 37, in Centrul Vechi al Bucurestiului.\r\n\r\n<strong>Galeria Horatiu Malaele<\/strong> este un spatiu de dimensiuni reduse, dedicat expozitiilor de pictura, desen sau grafica satirica. Locul este un atelier de arte vizuale, care atrage\u00a0numerosi vizitatori.\r\n\r\n[gallery link=\"file\" ids=\"29253,29254,29255\" orderby=\"rand\"]","post_title":"Galeria Horatiu Malaele","post_excerpt":"","post_status":"publish","comment_status":"open","ping_status":"open","post_password":"","post_name":"galeria-horatiu-malaele","to_ping":"","pinged":"","post_modified":"2016-08-11 15:50:55","post_modified_gmt":"2016-08-11 15:50:55","post_content_filtered":"","post_parent":0,"guid":"https:\/\/www.societateamuzicala.ro\/locurileculturii\/?p=29250","menu_order":0,"post_type":"post","post_mime_type":"","comment_count":"0","filter":"raw"}],"centru_cultural":"","articole_parinte":[{"ID":29250,"post_author":"4","post_date":"2016-08-11 10:19:52","post_date_gmt":"2016-08-11 10:19:52","post_content":"<strong>Galeria Horatiu Malaele<\/strong> a fost inaugurata in anul 2010, si este situata pe strada Smardan, nr. 37, in Centrul Vechi al Bucurestiului.\r\n\r\n<strong>Galeria Horatiu Malaele<\/strong> este un spatiu de dimensiuni reduse, dedicat expozitiilor de pictura, desen sau grafica satirica. Locul este un atelier de arte vizuale, care atrage\u00a0numerosi vizitatori.\r\n\r\n[gallery link=\"file\" ids=\"29253,29254,29255\" orderby=\"rand\"]","post_title":"Galeria Horatiu Malaele","post_excerpt":"","post_status":"publish","comment_status":"open","ping_status":"open","post_password":"","post_name":"galeria-horatiu-malaele","to_ping":"","pinged":"","post_modified":"2016-08-11 15:50:55","post_modified_gmt":"2016-08-11 15:50:55","post_content_filtered":"","post_parent":0,"guid":"https:\/\/www.societateamuzicala.ro\/locurileculturii\/?p=29250","menu_order":0,"post_type":"post","post_mime_type":"","comment_count":"0","filter":"raw"}],"articole_relationate":"","coordonate":{"address":"Galeria Hora\u021biu M\u0103l\u0103ele, Strada Sm\u00e2rdan, Bucure\u0219ti, Municipiul Bucure\u0219ti, Rom\u00e2nia","lat":"44.430737280294366","lng":"26.100252107409688"},"tab1_nume":"Despre","tab3":false},"yoast_head":"<!-- This site is optimized with the Yoast SEO plugin v27.4 - https:\/\/yoast.com\/product\/yoast-seo-wordpress\/ -->\n<title>Expozia In Memoriam Tim Negrescu la Galeria Horatiu Malaele - Locurile Culturii<\/title>\n<meta name=\"description\" content=\"Catalogul salilor si spatiilor in care se pot organiza evenimente culturale, evenimentele care au loc in aceste spatii\" \/>\n<meta name=\"robots\" content=\"index, follow, max-snippet:-1, max-image-preview:large, max-video-preview:-1\" \/>\n<link rel=\"canonical\" href=\"https:\/\/www.societateamuzicala.ro\/locurileculturii\/expozia-memoriam-tim-negrescu-la-galeria-horatiu-malaele\/\" \/>\n<meta property=\"og:locale\" content=\"en_US\" \/>\n<meta property=\"og:type\" content=\"article\" \/>\n<meta property=\"og:title\" content=\"Expozia In Memoriam Tim Negrescu la Galeria Horatiu Malaele - Locurile Culturii\" \/>\n<meta property=\"og:description\" content=\"Catalogul salilor si spatiilor in care se pot organiza evenimente culturale, evenimentele care au loc in aceste spatii\" \/>\n<meta property=\"og:url\" content=\"https:\/\/www.societateamuzicala.ro\/locurileculturii\/expozia-memoriam-tim-negrescu-la-galeria-horatiu-malaele\/\" \/>\n<meta property=\"og:site_name\" content=\"Locurile Culturii\" \/>\n<meta property=\"article:published_time\" content=\"2016-11-15T18:26:19+00:00\" \/>\n<meta property=\"article:modified_time\" content=\"2016-11-15T18:26:48+00:00\" \/>\n<meta name=\"author\" content=\"Daniel Catoi\" \/>\n<meta name=\"twitter:card\" content=\"summary_large_image\" \/>\n<meta name=\"twitter:label1\" content=\"Written by\" \/>\n\t<meta name=\"twitter:data1\" content=\"Daniel Catoi\" \/>\n\t<meta name=\"twitter:label2\" content=\"Est. reading time\" \/>\n\t<meta name=\"twitter:data2\" content=\"1 minute\" \/>\n<script type=\"application\/ld+json\" class=\"yoast-schema-graph\">{\"@context\":\"https:\\\/\\\/schema.org\",\"@graph\":[{\"@type\":\"Article\",\"@id\":\"https:\\\/\\\/www.societateamuzicala.ro\\\/locurileculturii\\\/expozia-memoriam-tim-negrescu-la-galeria-horatiu-malaele\\\/#article\",\"isPartOf\":{\"@id\":\"https:\\\/\\\/www.societateamuzicala.ro\\\/locurileculturii\\\/expozia-memoriam-tim-negrescu-la-galeria-horatiu-malaele\\\/\"},\"author\":{\"name\":\"Daniel Catoi\",\"@id\":\"https:\\\/\\\/www.societateamuzicala.ro\\\/locurileculturii\\\/#\\\/schema\\\/person\\\/9b52fa5c7675208e1da104f801fbb85b\"},\"headline\":\"Expozia In Memoriam Tim Negrescu la Galeria Horatiu Malaele\",\"datePublished\":\"2016-11-15T18:26:19+00:00\",\"dateModified\":\"2016-11-15T18:26:48+00:00\",\"mainEntityOfPage\":{\"@id\":\"https:\\\/\\\/www.societateamuzicala.ro\\\/locurileculturii\\\/expozia-memoriam-tim-negrescu-la-galeria-horatiu-malaele\\\/\"},\"wordCount\":206,\"commentCount\":0,\"keywords\":[\"arta\",\"arta contemporana\",\"arta plastica\",\"arte vizuale\",\"cinema\",\"concert\",\"concert cameral\",\"concerte\",\"conferinta\",\"cultura\",\"cultural\",\"dezbateri\",\"eveniment cultural\",\"evenimente culturale\",\"expozitie\",\"expozitie de pictura\",\"expozitii\",\"film\",\"galeria horatiu malaele\",\"galerie\",\"in memoriam tim negrescu\",\"muzee\",\"muzeu\",\"muzica clasica\",\"opera\",\"organizare evenimente\",\"peisaje\",\"pictura\",\"Sali\",\"Sali evenimente\",\"sculptura\",\"spatii culturale\",\"spatii evenimente\",\"spectacol\",\"teatru\",\"teatru experimental\",\"tim negrescu\"],\"articleSection\":[\"Arte vizuale\"],\"inLanguage\":\"en-US\",\"potentialAction\":[{\"@type\":\"CommentAction\",\"name\":\"Comment\",\"target\":[\"https:\\\/\\\/www.societateamuzicala.ro\\\/locurileculturii\\\/expozia-memoriam-tim-negrescu-la-galeria-horatiu-malaele\\\/#respond\"]}]},{\"@type\":\"WebPage\",\"@id\":\"https:\\\/\\\/www.societateamuzicala.ro\\\/locurileculturii\\\/expozia-memoriam-tim-negrescu-la-galeria-horatiu-malaele\\\/\",\"url\":\"https:\\\/\\\/www.societateamuzicala.ro\\\/locurileculturii\\\/expozia-memoriam-tim-negrescu-la-galeria-horatiu-malaele\\\/\",\"name\":\"Expozia In Memoriam Tim Negrescu la Galeria Horatiu Malaele - Locurile Culturii\",\"isPartOf\":{\"@id\":\"https:\\\/\\\/www.societateamuzicala.ro\\\/locurileculturii\\\/#website\"},\"datePublished\":\"2016-11-15T18:26:19+00:00\",\"dateModified\":\"2016-11-15T18:26:48+00:00\",\"author\":{\"@id\":\"https:\\\/\\\/www.societateamuzicala.ro\\\/locurileculturii\\\/#\\\/schema\\\/person\\\/9b52fa5c7675208e1da104f801fbb85b\"},\"description\":\"Catalogul salilor si spatiilor in care se pot organiza evenimente culturale, evenimentele care au loc in aceste spatii\",\"breadcrumb\":{\"@id\":\"https:\\\/\\\/www.societateamuzicala.ro\\\/locurileculturii\\\/expozia-memoriam-tim-negrescu-la-galeria-horatiu-malaele\\\/#breadcrumb\"},\"inLanguage\":\"en-US\",\"potentialAction\":[{\"@type\":\"ReadAction\",\"target\":[\"https:\\\/\\\/www.societateamuzicala.ro\\\/locurileculturii\\\/expozia-memoriam-tim-negrescu-la-galeria-horatiu-malaele\\\/\"]}]},{\"@type\":\"BreadcrumbList\",\"@id\":\"https:\\\/\\\/www.societateamuzicala.ro\\\/locurileculturii\\\/expozia-memoriam-tim-negrescu-la-galeria-horatiu-malaele\\\/#breadcrumb\",\"itemListElement\":[{\"@type\":\"ListItem\",\"position\":1,\"name\":\"Home\",\"item\":\"https:\\\/\\\/www.societateamuzicala.ro\\\/locurileculturii\\\/\"},{\"@type\":\"ListItem\",\"position\":2,\"name\":\"Expozia In Memoriam Tim Negrescu la Galeria Horatiu Malaele\"}]},{\"@type\":\"WebSite\",\"@id\":\"https:\\\/\\\/www.societateamuzicala.ro\\\/locurileculturii\\\/#website\",\"url\":\"https:\\\/\\\/www.societateamuzicala.ro\\\/locurileculturii\\\/\",\"name\":\"Locurile Culturii\",\"description\":\"Catalogul spatiilor culturale - lista completa a salilor si spatiilor in care se pot face evenimente culturale\",\"potentialAction\":[{\"@type\":\"SearchAction\",\"target\":{\"@type\":\"EntryPoint\",\"urlTemplate\":\"https:\\\/\\\/www.societateamuzicala.ro\\\/locurileculturii\\\/?s={search_term_string}\"},\"query-input\":{\"@type\":\"PropertyValueSpecification\",\"valueRequired\":true,\"valueName\":\"search_term_string\"}}],\"inLanguage\":\"en-US\"},{\"@type\":\"Person\",\"@id\":\"https:\\\/\\\/www.societateamuzicala.ro\\\/locurileculturii\\\/#\\\/schema\\\/person\\\/9b52fa5c7675208e1da104f801fbb85b\",\"name\":\"Daniel Catoi\",\"image\":{\"@type\":\"ImageObject\",\"inLanguage\":\"en-US\",\"@id\":\"https:\\\/\\\/secure.gravatar.com\\\/avatar\\\/c0882a218c936889972a11c796e8ed91e0aff99b92af7212c04f740da3928233?s=96&d=mm&r=g\",\"url\":\"https:\\\/\\\/secure.gravatar.com\\\/avatar\\\/c0882a218c936889972a11c796e8ed91e0aff99b92af7212c04f740da3928233?s=96&d=mm&r=g\",\"contentUrl\":\"https:\\\/\\\/secure.gravatar.com\\\/avatar\\\/c0882a218c936889972a11c796e8ed91e0aff99b92af7212c04f740da3928233?s=96&d=mm&r=g\",\"caption\":\"Daniel Catoi\"},\"url\":\"https:\\\/\\\/www.societateamuzicala.ro\\\/locurileculturii\\\/author\\\/daniel\\\/\"}]}<\/script>\n<!-- \/ Yoast SEO plugin. -->","yoast_head_json":{"title":"Expozia In Memoriam Tim Negrescu la Galeria Horatiu Malaele - Locurile Culturii","description":"Catalogul salilor si spatiilor in care se pot organiza evenimente culturale, evenimentele care au loc in aceste spatii","robots":{"index":"index","follow":"follow","max-snippet":"max-snippet:-1","max-image-preview":"max-image-preview:large","max-video-preview":"max-video-preview:-1"},"canonical":"https:\/\/www.societateamuzicala.ro\/locurileculturii\/expozia-memoriam-tim-negrescu-la-galeria-horatiu-malaele\/","og_locale":"en_US","og_type":"article","og_title":"Expozia In Memoriam Tim Negrescu la Galeria Horatiu Malaele - Locurile Culturii","og_description":"Catalogul salilor si spatiilor in care se pot organiza evenimente culturale, evenimentele care au loc in aceste spatii","og_url":"https:\/\/www.societateamuzicala.ro\/locurileculturii\/expozia-memoriam-tim-negrescu-la-galeria-horatiu-malaele\/","og_site_name":"Locurile Culturii","article_published_time":"2016-11-15T18:26:19+00:00","article_modified_time":"2016-11-15T18:26:48+00:00","author":"Daniel Catoi","twitter_card":"summary_large_image","twitter_misc":{"Written by":"Daniel Catoi","Est. reading time":"1 minute"},"schema":{"@context":"https:\/\/schema.org","@graph":[{"@type":"Article","@id":"https:\/\/www.societateamuzicala.ro\/locurileculturii\/expozia-memoriam-tim-negrescu-la-galeria-horatiu-malaele\/#article","isPartOf":{"@id":"https:\/\/www.societateamuzicala.ro\/locurileculturii\/expozia-memoriam-tim-negrescu-la-galeria-horatiu-malaele\/"},"author":{"name":"Daniel Catoi","@id":"https:\/\/www.societateamuzicala.ro\/locurileculturii\/#\/schema\/person\/9b52fa5c7675208e1da104f801fbb85b"},"headline":"Expozia In Memoriam Tim Negrescu la Galeria Horatiu Malaele","datePublished":"2016-11-15T18:26:19+00:00","dateModified":"2016-11-15T18:26:48+00:00","mainEntityOfPage":{"@id":"https:\/\/www.societateamuzicala.ro\/locurileculturii\/expozia-memoriam-tim-negrescu-la-galeria-horatiu-malaele\/"},"wordCount":206,"commentCount":0,"keywords":["arta","arta contemporana","arta plastica","arte vizuale","cinema","concert","concert cameral","concerte","conferinta","cultura","cultural","dezbateri","eveniment cultural","evenimente culturale","expozitie","expozitie de pictura","expozitii","film","galeria horatiu malaele","galerie","in memoriam tim negrescu","muzee","muzeu","muzica clasica","opera","organizare evenimente","peisaje","pictura","Sali","Sali evenimente","sculptura","spatii culturale","spatii evenimente","spectacol","teatru","teatru experimental","tim negrescu"],"articleSection":["Arte vizuale"],"inLanguage":"en-US","potentialAction":[{"@type":"CommentAction","name":"Comment","target":["https:\/\/www.societateamuzicala.ro\/locurileculturii\/expozia-memoriam-tim-negrescu-la-galeria-horatiu-malaele\/#respond"]}]},{"@type":"WebPage","@id":"https:\/\/www.societateamuzicala.ro\/locurileculturii\/expozia-memoriam-tim-negrescu-la-galeria-horatiu-malaele\/","url":"https:\/\/www.societateamuzicala.ro\/locurileculturii\/expozia-memoriam-tim-negrescu-la-galeria-horatiu-malaele\/","name":"Expozia In Memoriam Tim Negrescu la Galeria Horatiu Malaele - Locurile Culturii","isPartOf":{"@id":"https:\/\/www.societateamuzicala.ro\/locurileculturii\/#website"},"datePublished":"2016-11-15T18:26:19+00:00","dateModified":"2016-11-15T18:26:48+00:00","author":{"@id":"https:\/\/www.societateamuzicala.ro\/locurileculturii\/#\/schema\/person\/9b52fa5c7675208e1da104f801fbb85b"},"description":"Catalogul salilor si spatiilor in care se pot organiza evenimente culturale, evenimentele care au loc in aceste spatii","breadcrumb":{"@id":"https:\/\/www.societateamuzicala.ro\/locurileculturii\/expozia-memoriam-tim-negrescu-la-galeria-horatiu-malaele\/#breadcrumb"},"inLanguage":"en-US","potentialAction":[{"@type":"ReadAction","target":["https:\/\/www.societateamuzicala.ro\/locurileculturii\/expozia-memoriam-tim-negrescu-la-galeria-horatiu-malaele\/"]}]},{"@type":"BreadcrumbList","@id":"https:\/\/www.societateamuzicala.ro\/locurileculturii\/expozia-memoriam-tim-negrescu-la-galeria-horatiu-malaele\/#breadcrumb","itemListElement":[{"@type":"ListItem","position":1,"name":"Home","item":"https:\/\/www.societateamuzicala.ro\/locurileculturii\/"},{"@type":"ListItem","position":2,"name":"Expozia In Memoriam Tim Negrescu la Galeria Horatiu Malaele"}]},{"@type":"WebSite","@id":"https:\/\/www.societateamuzicala.ro\/locurileculturii\/#website","url":"https:\/\/www.societateamuzicala.ro\/locurileculturii\/","name":"Locurile Culturii","description":"Catalogul spatiilor culturale - lista completa a salilor si spatiilor in care se pot face evenimente culturale","potentialAction":[{"@type":"SearchAction","target":{"@type":"EntryPoint","urlTemplate":"https:\/\/www.societateamuzicala.ro\/locurileculturii\/?s={search_term_string}"},"query-input":{"@type":"PropertyValueSpecification","valueRequired":true,"valueName":"search_term_string"}}],"inLanguage":"en-US"},{"@type":"Person","@id":"https:\/\/www.societateamuzicala.ro\/locurileculturii\/#\/schema\/person\/9b52fa5c7675208e1da104f801fbb85b","name":"Daniel Catoi","image":{"@type":"ImageObject","inLanguage":"en-US","@id":"https:\/\/secure.gravatar.com\/avatar\/c0882a218c936889972a11c796e8ed91e0aff99b92af7212c04f740da3928233?s=96&d=mm&r=g","url":"https:\/\/secure.gravatar.com\/avatar\/c0882a218c936889972a11c796e8ed91e0aff99b92af7212c04f740da3928233?s=96&d=mm&r=g","contentUrl":"https:\/\/secure.gravatar.com\/avatar\/c0882a218c936889972a11c796e8ed91e0aff99b92af7212c04f740da3928233?s=96&d=mm&r=g","caption":"Daniel Catoi"},"url":"https:\/\/www.societateamuzicala.ro\/locurileculturii\/author\/daniel\/"}]}},"_links":{"self":[{"href":"https:\/\/www.societateamuzicala.ro\/locurileculturii\/wp-json\/wp\/v2\/posts\/36122","targetHints":{"allow":["GET"]}}],"collection":[{"href":"https:\/\/www.societateamuzicala.ro\/locurileculturii\/wp-json\/wp\/v2\/posts"}],"about":[{"href":"https:\/\/www.societateamuzicala.ro\/locurileculturii\/wp-json\/wp\/v2\/types\/post"}],"author":[{"embeddable":true,"href":"https:\/\/www.societateamuzicala.ro\/locurileculturii\/wp-json\/wp\/v2\/users\/4"}],"replies":[{"embeddable":true,"href":"https:\/\/www.societateamuzicala.ro\/locurileculturii\/wp-json\/wp\/v2\/comments?post=36122"}],"version-history":[{"count":0,"href":"https:\/\/www.societateamuzicala.ro\/locurileculturii\/wp-json\/wp\/v2\/posts\/36122\/revisions"}],"wp:attachment":[{"href":"https:\/\/www.societateamuzicala.ro\/locurileculturii\/wp-json\/wp\/v2\/media?parent=36122"}],"wp:term":[{"taxonomy":"category","embeddable":true,"href":"https:\/\/www.societateamuzicala.ro\/locurileculturii\/wp-json\/wp\/v2\/categories?post=36122"},{"taxonomy":"post_tag","embeddable":true,"href":"https:\/\/www.societateamuzicala.ro\/locurileculturii\/wp-json\/wp\/v2\/tags?post=36122"}],"curies":[{"name":"wp","href":"https:\/\/api.w.org\/{rel}","templated":true}]}}