{"id":35011,"date":"2016-09-24T06:30:15","date_gmt":"2016-09-24T06:30:15","guid":{"rendered":"https:\/\/www.societateamuzicala.ro\/locurileculturii\/2016\/09\/24\/centrul-de-evenimente-bucuresti-copy\/"},"modified":"2020-02-17T11:04:31","modified_gmt":"2020-02-17T11:04:31","slug":"centrul-de-evenimente-bucuresti-copy","status":"publish","type":"post","link":"https:\/\/www.societateamuzicala.ro\/locurileculturii\/centrul-de-evenimente-bucuresti-copy\/","title":{"rendered":"Sala Romania"},"content":{"rendered":"<p><strong>Sala \u201cROM\u00c2NIA\u201d<\/strong> este caracterizat\u0103 printr-un design simplu \u0219i ergonomic, cu o suprafa\u021b\u0103 de 500 m\u00b2 \u0219i urm\u0103toarele caracteristici \u0219i facilit\u0103\u021bi:<\/p>\n<ul>\n<li>Capacitate: maxim 450 pers. (eveniment de tip seminar) \/ 220 pers. (eveniment de tip nunt\u0103)<br \/>\n\u2022 Suprafa\u021b\u0103: 500 m\u00b2<br \/>\n\u2022 Dimensiuni: 25 L x 20 l x 10 \u00ce(m)<br \/>\n\u2022 Este o sal\u0103 multifunc\u021bional\u0103 ce poate fi amenajat\u0103 pentru evenimente precum: conferin\u021be, lans\u0103ri, workshopuri, seminare, recep\u021bii, cocktailuri, teatru, etc.<br \/>\n\u2022 Un foyer mic, ce include 2 grupuri sanitare<br \/>\n\u2022 Conexiune internet wireless<br \/>\n\u2022 Este situat\u0103 la parter<br \/>\n\u2022 Scen\u0103 mobile 50 mp<br \/>\n\u2022 Num\u0103rul necesar de scaune<br \/>\n\u2022 Aer condi\u021bionat<br \/>\n\u2022 Bonus \u2013 acces la mini-gr\u0103din\u0103<\/li>\n<\/ul>\n\n\t\t<style type=\"text\/css\">\n\t\t\t#gallery-1 {\n\t\t\t\tmargin: auto;\n\t\t\t}\n\t\t\t#gallery-1 .gallery-item {\n\t\t\t\tfloat: left;\n\t\t\t\tmargin-top: 10px;\n\t\t\t\ttext-align: center;\n\t\t\t\twidth: 33%;\n\t\t\t}\n\t\t\t#gallery-1 img {\n\t\t\t\tborder: 2px solid #cfcfcf;\n\t\t\t}\n\t\t\t#gallery-1 .gallery-caption {\n\t\t\t\tmargin-left: 0;\n\t\t\t}\n\t\t\t\/* see gallery_shortcode() in wp-includes\/media.php *\/\n\t\t<\/style>\n\t\t<div data-carousel-extra='{\"blog_id\":1,\"permalink\":\"https:\\\/\\\/www.societateamuzicala.ro\\\/locurileculturii\\\/centrul-de-evenimente-bucuresti-copy\\\/\",\"likes_blog_id\":false}' id='gallery-1' class='gallery galleryid-35011 gallery-columns-3 gallery-size-thumbnail'><dl class='gallery-item'>\n\t\t\t<dt class='gallery-icon landscape'>\n\t\t\t\t<a title=\"Centrul de Evenimente Bucuresti\" href='https:\/\/www.societateamuzicala.ro\/locurileculturii\/wp-content\/uploads\/2016\/09\/Centrul-de-Evenimente-Bucuresti-10.jpg'><img loading=\"lazy\" decoding=\"async\" width=\"150\" height=\"150\" src=\"https:\/\/www.societateamuzicala.ro\/locurileculturii\/wp-content\/uploads\/2016\/09\/Centrul-de-Evenimente-Bucuresti-10-150x150.jpg\" class=\"attachment-thumbnail size-thumbnail\" alt=\"\" data-attachment-id=\"35000\" data-orig-file=\"https:\/\/www.societateamuzicala.ro\/locurileculturii\/wp-content\/uploads\/2016\/09\/Centrul-de-Evenimente-Bucuresti-10.jpg\" data-orig-size=\"1024,690\" data-comments-opened=\"0\" data-image-meta=\"{&quot;aperture&quot;:&quot;0&quot;,&quot;credit&quot;:&quot;Centrul de Evenimente Bucuresti&quot;,&quot;camera&quot;:&quot;&quot;,&quot;caption&quot;:&quot;Centrul de Evenimente Bucuresti&quot;,&quot;created_timestamp&quot;:&quot;1474705576&quot;,&quot;copyright&quot;:&quot;&quot;,&quot;focal_length&quot;:&quot;0&quot;,&quot;iso&quot;:&quot;0&quot;,&quot;shutter_speed&quot;:&quot;0&quot;,&quot;title&quot;:&quot;Centrul de Evenimente Bucuresti&quot;,&quot;orientation&quot;:&quot;0&quot;,&quot;keywords&quot;:&quot;Array&quot;}\" data-image-title=\"Centrul de Evenimente Bucuresti\" data-image-description=\"\" data-medium-file=\"https:\/\/www.societateamuzicala.ro\/locurileculturii\/wp-content\/uploads\/2016\/09\/Centrul-de-Evenimente-Bucuresti-10-300x202.jpg\" data-large-file=\"https:\/\/www.societateamuzicala.ro\/locurileculturii\/wp-content\/uploads\/2016\/09\/Centrul-de-Evenimente-Bucuresti-10-1024x690.jpg\" \/><\/a>\n\t\t\t<\/dt><\/dl><dl class='gallery-item'>\n\t\t\t<dt class='gallery-icon landscape'>\n\t\t\t\t<a title=\"Centrul de Evenimente Bucuresti\" href='https:\/\/www.societateamuzicala.ro\/locurileculturii\/wp-content\/uploads\/2016\/09\/Centrul-de-Evenimente-Bucuresti-03.jpg'><img loading=\"lazy\" decoding=\"async\" width=\"150\" height=\"150\" src=\"https:\/\/www.societateamuzicala.ro\/locurileculturii\/wp-content\/uploads\/2016\/09\/Centrul-de-Evenimente-Bucuresti-03-150x150.jpg\" class=\"attachment-thumbnail size-thumbnail\" alt=\"\" data-attachment-id=\"34994\" data-orig-file=\"https:\/\/www.societateamuzicala.ro\/locurileculturii\/wp-content\/uploads\/2016\/09\/Centrul-de-Evenimente-Bucuresti-03.jpg\" data-orig-size=\"1024,680\" data-comments-opened=\"0\" data-image-meta=\"{&quot;aperture&quot;:&quot;0&quot;,&quot;credit&quot;:&quot;Centrul de Evenimente Bucuresti&quot;,&quot;camera&quot;:&quot;&quot;,&quot;caption&quot;:&quot;Centrul de Evenimente Bucuresti&quot;,&quot;created_timestamp&quot;:&quot;1474705694&quot;,&quot;copyright&quot;:&quot;&quot;,&quot;focal_length&quot;:&quot;0&quot;,&quot;iso&quot;:&quot;0&quot;,&quot;shutter_speed&quot;:&quot;0&quot;,&quot;title&quot;:&quot;Centrul de Evenimente Bucuresti&quot;,&quot;orientation&quot;:&quot;0&quot;,&quot;keywords&quot;:&quot;Array&quot;}\" data-image-title=\"Centrul de Evenimente Bucuresti\" data-image-description=\"\" data-medium-file=\"https:\/\/www.societateamuzicala.ro\/locurileculturii\/wp-content\/uploads\/2016\/09\/Centrul-de-Evenimente-Bucuresti-03-300x199.jpg\" data-large-file=\"https:\/\/www.societateamuzicala.ro\/locurileculturii\/wp-content\/uploads\/2016\/09\/Centrul-de-Evenimente-Bucuresti-03-1024x680.jpg\" \/><\/a>\n\t\t\t<\/dt><\/dl><dl class='gallery-item'>\n\t\t\t<dt class='gallery-icon landscape'>\n\t\t\t\t<a title=\"Centrul de Evenimente Bucuresti\" href='https:\/\/www.societateamuzicala.ro\/locurileculturii\/wp-content\/uploads\/2016\/09\/Centrul-de-Evenimente-Bucuresti-08.jpg'><img loading=\"lazy\" decoding=\"async\" width=\"150\" height=\"150\" src=\"https:\/\/www.societateamuzicala.ro\/locurileculturii\/wp-content\/uploads\/2016\/09\/Centrul-de-Evenimente-Bucuresti-08-150x150.jpg\" class=\"attachment-thumbnail size-thumbnail\" alt=\"\" data-attachment-id=\"34998\" data-orig-file=\"https:\/\/www.societateamuzicala.ro\/locurileculturii\/wp-content\/uploads\/2016\/09\/Centrul-de-Evenimente-Bucuresti-08.jpg\" data-orig-size=\"1024,685\" data-comments-opened=\"0\" data-image-meta=\"{&quot;aperture&quot;:&quot;0&quot;,&quot;credit&quot;:&quot;Centrul de Evenimente Bucuresti&quot;,&quot;camera&quot;:&quot;&quot;,&quot;caption&quot;:&quot;Centrul de Evenimente Bucuresti&quot;,&quot;created_timestamp&quot;:&quot;1474705843&quot;,&quot;copyright&quot;:&quot;&quot;,&quot;focal_length&quot;:&quot;0&quot;,&quot;iso&quot;:&quot;0&quot;,&quot;shutter_speed&quot;:&quot;0&quot;,&quot;title&quot;:&quot;Centrul de Evenimente Bucuresti&quot;,&quot;orientation&quot;:&quot;0&quot;,&quot;keywords&quot;:&quot;Array&quot;}\" data-image-title=\"Centrul de Evenimente Bucuresti\" data-image-description=\"\" data-medium-file=\"https:\/\/www.societateamuzicala.ro\/locurileculturii\/wp-content\/uploads\/2016\/09\/Centrul-de-Evenimente-Bucuresti-08-300x201.jpg\" data-large-file=\"https:\/\/www.societateamuzicala.ro\/locurileculturii\/wp-content\/uploads\/2016\/09\/Centrul-de-Evenimente-Bucuresti-08-1024x685.jpg\" \/><\/a>\n\t\t\t<\/dt><\/dl><br style=\"clear: both\" \/><dl class='gallery-item'>\n\t\t\t<dt class='gallery-icon landscape'>\n\t\t\t\t<a title=\"Centrul de Evenimente Bucuresti\" href='https:\/\/www.societateamuzicala.ro\/locurileculturii\/wp-content\/uploads\/2016\/09\/Centrul-de-Evenimente-Bucuresti-09.jpg'><img loading=\"lazy\" decoding=\"async\" width=\"150\" height=\"150\" src=\"https:\/\/www.societateamuzicala.ro\/locurileculturii\/wp-content\/uploads\/2016\/09\/Centrul-de-Evenimente-Bucuresti-09-150x150.jpg\" class=\"attachment-thumbnail size-thumbnail\" alt=\"\" data-attachment-id=\"34999\" data-orig-file=\"https:\/\/www.societateamuzicala.ro\/locurileculturii\/wp-content\/uploads\/2016\/09\/Centrul-de-Evenimente-Bucuresti-09.jpg\" data-orig-size=\"1024,696\" data-comments-opened=\"0\" data-image-meta=\"{&quot;aperture&quot;:&quot;0&quot;,&quot;credit&quot;:&quot;Centrul de Evenimente Bucuresti&quot;,&quot;camera&quot;:&quot;&quot;,&quot;caption&quot;:&quot;Centrul de Evenimente Bucuresti&quot;,&quot;created_timestamp&quot;:&quot;1474705869&quot;,&quot;copyright&quot;:&quot;&quot;,&quot;focal_length&quot;:&quot;0&quot;,&quot;iso&quot;:&quot;0&quot;,&quot;shutter_speed&quot;:&quot;0&quot;,&quot;title&quot;:&quot;Centrul de Evenimente Bucuresti&quot;,&quot;orientation&quot;:&quot;0&quot;,&quot;keywords&quot;:&quot;Array&quot;}\" data-image-title=\"Centrul de Evenimente Bucuresti\" data-image-description=\"\" data-medium-file=\"https:\/\/www.societateamuzicala.ro\/locurileculturii\/wp-content\/uploads\/2016\/09\/Centrul-de-Evenimente-Bucuresti-09-300x204.jpg\" data-large-file=\"https:\/\/www.societateamuzicala.ro\/locurileculturii\/wp-content\/uploads\/2016\/09\/Centrul-de-Evenimente-Bucuresti-09-1024x696.jpg\" \/><\/a>\n\t\t\t<\/dt><\/dl><dl class='gallery-item'>\n\t\t\t<dt class='gallery-icon landscape'>\n\t\t\t\t<a title=\"Centrul de Evenimente Bucuresti\" href='https:\/\/www.societateamuzicala.ro\/locurileculturii\/wp-content\/uploads\/2016\/09\/Centrul-de-Evenimente-Bucuresti-02.jpg'><img loading=\"lazy\" decoding=\"async\" width=\"150\" height=\"150\" src=\"https:\/\/www.societateamuzicala.ro\/locurileculturii\/wp-content\/uploads\/2016\/09\/Centrul-de-Evenimente-Bucuresti-02-150x150.jpg\" class=\"attachment-thumbnail size-thumbnail\" alt=\"\" data-attachment-id=\"34993\" data-orig-file=\"https:\/\/www.societateamuzicala.ro\/locurileculturii\/wp-content\/uploads\/2016\/09\/Centrul-de-Evenimente-Bucuresti-02.jpg\" data-orig-size=\"1024,694\" data-comments-opened=\"0\" data-image-meta=\"{&quot;aperture&quot;:&quot;0&quot;,&quot;credit&quot;:&quot;Centrul de Evenimente Bucuresti&quot;,&quot;camera&quot;:&quot;&quot;,&quot;caption&quot;:&quot;Centrul de Evenimente Bucuresti&quot;,&quot;created_timestamp&quot;:&quot;1474705919&quot;,&quot;copyright&quot;:&quot;&quot;,&quot;focal_length&quot;:&quot;0&quot;,&quot;iso&quot;:&quot;0&quot;,&quot;shutter_speed&quot;:&quot;0&quot;,&quot;title&quot;:&quot;Centrul de Evenimente Bucuresti&quot;,&quot;orientation&quot;:&quot;0&quot;,&quot;keywords&quot;:&quot;Array&quot;}\" data-image-title=\"Centrul de Evenimente Bucuresti\" data-image-description=\"\" data-medium-file=\"https:\/\/www.societateamuzicala.ro\/locurileculturii\/wp-content\/uploads\/2016\/09\/Centrul-de-Evenimente-Bucuresti-02-300x203.jpg\" data-large-file=\"https:\/\/www.societateamuzicala.ro\/locurileculturii\/wp-content\/uploads\/2016\/09\/Centrul-de-Evenimente-Bucuresti-02-1024x694.jpg\" \/><\/a>\n\t\t\t<\/dt><\/dl><dl class='gallery-item'>\n\t\t\t<dt class='gallery-icon landscape'>\n\t\t\t\t<a title=\"Centrul de Evenimente Bucuresti\" href='https:\/\/www.societateamuzicala.ro\/locurileculturii\/wp-content\/uploads\/2016\/09\/Centrul-de-Evenimente-Bucuresti-06.jpg'><img loading=\"lazy\" decoding=\"async\" width=\"150\" height=\"150\" src=\"https:\/\/www.societateamuzicala.ro\/locurileculturii\/wp-content\/uploads\/2016\/09\/Centrul-de-Evenimente-Bucuresti-06-150x150.jpg\" class=\"attachment-thumbnail size-thumbnail\" alt=\"\" data-attachment-id=\"34997\" data-orig-file=\"https:\/\/www.societateamuzicala.ro\/locurileculturii\/wp-content\/uploads\/2016\/09\/Centrul-de-Evenimente-Bucuresti-06.jpg\" data-orig-size=\"1024,703\" data-comments-opened=\"0\" data-image-meta=\"{&quot;aperture&quot;:&quot;0&quot;,&quot;credit&quot;:&quot;Centrul de Evenimente Bucuresti&quot;,&quot;camera&quot;:&quot;&quot;,&quot;caption&quot;:&quot;Centrul de Evenimente Bucuresti&quot;,&quot;created_timestamp&quot;:&quot;1474705804&quot;,&quot;copyright&quot;:&quot;&quot;,&quot;focal_length&quot;:&quot;0&quot;,&quot;iso&quot;:&quot;0&quot;,&quot;shutter_speed&quot;:&quot;0&quot;,&quot;title&quot;:&quot;Centrul de Evenimente Bucuresti&quot;,&quot;orientation&quot;:&quot;0&quot;,&quot;keywords&quot;:&quot;Array&quot;}\" data-image-title=\"Centrul de Evenimente Bucuresti\" data-image-description=\"\" data-medium-file=\"https:\/\/www.societateamuzicala.ro\/locurileculturii\/wp-content\/uploads\/2016\/09\/Centrul-de-Evenimente-Bucuresti-06-300x206.jpg\" data-large-file=\"https:\/\/www.societateamuzicala.ro\/locurileculturii\/wp-content\/uploads\/2016\/09\/Centrul-de-Evenimente-Bucuresti-06-1024x703.jpg\" \/><\/a>\n\t\t\t<\/dt><\/dl><br style=\"clear: both\" \/><dl class='gallery-item'>\n\t\t\t<dt class='gallery-icon landscape'>\n\t\t\t\t<a title=\"Centrul de Evenimente Bucuresti\" href='https:\/\/www.societateamuzicala.ro\/locurileculturii\/wp-content\/uploads\/2016\/09\/Centrul-de-Evenimente-Bucuresti-04.jpg'><img loading=\"lazy\" decoding=\"async\" width=\"150\" height=\"150\" src=\"https:\/\/www.societateamuzicala.ro\/locurileculturii\/wp-content\/uploads\/2016\/09\/Centrul-de-Evenimente-Bucuresti-04-150x150.jpg\" class=\"attachment-thumbnail size-thumbnail\" alt=\"\" data-attachment-id=\"34995\" data-orig-file=\"https:\/\/www.societateamuzicala.ro\/locurileculturii\/wp-content\/uploads\/2016\/09\/Centrul-de-Evenimente-Bucuresti-04.jpg\" data-orig-size=\"1024,704\" data-comments-opened=\"0\" data-image-meta=\"{&quot;aperture&quot;:&quot;0&quot;,&quot;credit&quot;:&quot;Centrul de Evenimente Bucuresti&quot;,&quot;camera&quot;:&quot;&quot;,&quot;caption&quot;:&quot;Centrul de Evenimente Bucuresti&quot;,&quot;created_timestamp&quot;:&quot;1474705759&quot;,&quot;copyright&quot;:&quot;&quot;,&quot;focal_length&quot;:&quot;0&quot;,&quot;iso&quot;:&quot;0&quot;,&quot;shutter_speed&quot;:&quot;0&quot;,&quot;title&quot;:&quot;Centrul de Evenimente Bucuresti&quot;,&quot;orientation&quot;:&quot;0&quot;,&quot;keywords&quot;:&quot;Array&quot;}\" data-image-title=\"Centrul de Evenimente Bucuresti\" data-image-description=\"\" data-medium-file=\"https:\/\/www.societateamuzicala.ro\/locurileculturii\/wp-content\/uploads\/2016\/09\/Centrul-de-Evenimente-Bucuresti-04-300x206.jpg\" data-large-file=\"https:\/\/www.societateamuzicala.ro\/locurileculturii\/wp-content\/uploads\/2016\/09\/Centrul-de-Evenimente-Bucuresti-04-1024x704.jpg\" \/><\/a>\n\t\t\t<\/dt><\/dl><dl class='gallery-item'>\n\t\t\t<dt class='gallery-icon landscape'>\n\t\t\t\t<a title=\"Centrul de Evenimente Bucuresti\" href='https:\/\/www.societateamuzicala.ro\/locurileculturii\/wp-content\/uploads\/2016\/09\/Centrul-de-Evenimente-Bucuresti-01.jpg'><img loading=\"lazy\" decoding=\"async\" width=\"150\" height=\"150\" src=\"https:\/\/www.societateamuzicala.ro\/locurileculturii\/wp-content\/uploads\/2016\/09\/Centrul-de-Evenimente-Bucuresti-01-150x150.jpg\" class=\"attachment-thumbnail size-thumbnail\" alt=\"\" data-attachment-id=\"34992\" data-orig-file=\"https:\/\/www.societateamuzicala.ro\/locurileculturii\/wp-content\/uploads\/2016\/09\/Centrul-de-Evenimente-Bucuresti-01.jpg\" data-orig-size=\"1024,684\" data-comments-opened=\"0\" data-image-meta=\"{&quot;aperture&quot;:&quot;0&quot;,&quot;credit&quot;:&quot;Centrul de Evenimente Bucuresti&quot;,&quot;camera&quot;:&quot;&quot;,&quot;caption&quot;:&quot;Centrul de Evenimente Bucuresti&quot;,&quot;created_timestamp&quot;:&quot;1474705895&quot;,&quot;copyright&quot;:&quot;&quot;,&quot;focal_length&quot;:&quot;0&quot;,&quot;iso&quot;:&quot;0&quot;,&quot;shutter_speed&quot;:&quot;0&quot;,&quot;title&quot;:&quot;Centrul de Evenimente Bucuresti&quot;,&quot;orientation&quot;:&quot;0&quot;,&quot;keywords&quot;:&quot;Array&quot;}\" data-image-title=\"Centrul de Evenimente Bucuresti\" data-image-description=\"\" data-medium-file=\"https:\/\/www.societateamuzicala.ro\/locurileculturii\/wp-content\/uploads\/2016\/09\/Centrul-de-Evenimente-Bucuresti-01-300x200.jpg\" data-large-file=\"https:\/\/www.societateamuzicala.ro\/locurileculturii\/wp-content\/uploads\/2016\/09\/Centrul-de-Evenimente-Bucuresti-01-1024x684.jpg\" \/><\/a>\n\t\t\t<\/dt><\/dl><dl class='gallery-item'>\n\t\t\t<dt class='gallery-icon landscape'>\n\t\t\t\t<a title=\"Centrul de Evenimente Bucuresti\" href='https:\/\/www.societateamuzicala.ro\/locurileculturii\/wp-content\/uploads\/2016\/09\/Centrul-de-Evenimente-Bucuresti-05.jpg'><img loading=\"lazy\" decoding=\"async\" width=\"150\" height=\"150\" src=\"https:\/\/www.societateamuzicala.ro\/locurileculturii\/wp-content\/uploads\/2016\/09\/Centrul-de-Evenimente-Bucuresti-05-150x150.jpg\" class=\"attachment-thumbnail size-thumbnail\" alt=\"\" data-attachment-id=\"34996\" data-orig-file=\"https:\/\/www.societateamuzicala.ro\/locurileculturii\/wp-content\/uploads\/2016\/09\/Centrul-de-Evenimente-Bucuresti-05.jpg\" data-orig-size=\"1024,703\" data-comments-opened=\"0\" data-image-meta=\"{&quot;aperture&quot;:&quot;0&quot;,&quot;credit&quot;:&quot;Centrul de Evenimente Bucuresti&quot;,&quot;camera&quot;:&quot;&quot;,&quot;caption&quot;:&quot;Centrul de Evenimente Bucuresti&quot;,&quot;created_timestamp&quot;:&quot;1474705778&quot;,&quot;copyright&quot;:&quot;&quot;,&quot;focal_length&quot;:&quot;0&quot;,&quot;iso&quot;:&quot;0&quot;,&quot;shutter_speed&quot;:&quot;0&quot;,&quot;title&quot;:&quot;Centrul de Evenimente Bucuresti&quot;,&quot;orientation&quot;:&quot;0&quot;,&quot;keywords&quot;:&quot;Array&quot;}\" data-image-title=\"Centrul de Evenimente Bucuresti\" data-image-description=\"\" data-medium-file=\"https:\/\/www.societateamuzicala.ro\/locurileculturii\/wp-content\/uploads\/2016\/09\/Centrul-de-Evenimente-Bucuresti-05-300x206.jpg\" data-large-file=\"https:\/\/www.societateamuzicala.ro\/locurileculturii\/wp-content\/uploads\/2016\/09\/Centrul-de-Evenimente-Bucuresti-05-1024x703.jpg\" \/><\/a>\n\t\t\t<\/dt><\/dl><br style=\"clear: both\" \/>\n\t\t<\/div>\n\n","protected":false},"excerpt":{"rendered":"<p>Sala \u201cROM\u00c2NIA\u201d este caracterizat\u0103 printr-un design simplu \u0219i ergonomic, cu o suprafa\u021b\u0103 de 500 m\u00b2 \u0219i urm\u0103toarele caracteristici \u0219i facilit\u0103\u021bi: Capacitate: maxim 450 pers. (eveniment de tip seminar) \/ 220 pers. (eveniment de tip nunt\u0103) \u2022 Suprafa\u021b\u0103: 500 m\u00b2 \u2022 Dimensiuni: 25 L x 20 l x 10 \u00ce(m) \u2022 Este o sal\u0103 multifunc\u021bional\u0103 ce [&hellip;]<\/p>\n","protected":false},"author":2,"featured_media":0,"comment_status":"open","ping_status":"open","sticky":false,"template":"","format":"standard","meta":{"_acf_changed":false,"footnotes":""},"categories":[18],"tags":[289,464,1443,326,5050,404,234,50,29,744,203,403,278,402,2214,256,243,405,974,2212,406,36,54,2216,855,2211,2213,1677,2210,2215,393,212,1878],"class_list":["post-35011","post","type-post","status-publish","format-standard","hentry","category-alte-reuniuni-culturale","tag-arta","tag-arta-contemporana","tag-arta-plastica","tag-arte-vizuale","tag-centrul-de-evenimente-bucuresti","tag-cinema","tag-concert","tag-concert-cameral","tag-concerte","tag-conferinta","tag-cultura","tag-cultural","tag-dezbateri","tag-eveniment-cultural","tag-evenimente-culturale","tag-expozitie","tag-expozitii","tag-film","tag-galerie","tag-muzee","tag-muzeu","tag-muzica-clasica","tag-opera","tag-organizare-evenimente","tag-pictura","tag-sali","tag-sali-evenimente","tag-sculptura","tag-spatii-culturale","tag-spatii-evenimente","tag-spectacol","tag-teatru","tag-teatru-experimental"],"acf":{"tab5":false,"tab4":false,"oras":"Bucuresti","cc_filter":[],"poza_fixa":"https:\/\/www.societateamuzicala.ro\/locurileculturii\/wp-content\/uploads\/2016\/09\/Centrul-de-Evenimente-Bucuresti-11.jpg","url_poza_fixa":"","in_strainatate":false,"pian":false,"orga":false,"data1":"","data2":"","afiseaza_data_post":false,"acf_sala":"","centru_cultural":[{"ID":34987,"post_author":"2","post_date":"2016-09-24 05:35:38","post_date_gmt":"2016-09-24 05:35:38","post_content":"Situat in partea vestica a Bucurestiului la umbra si mireasma pomilor de tei a padurii Teghes, in apropiere de racoarea raului Arges si a lacului Mihailesti, pe o suprafata de 2,5 ha, la numai 25 minute de centru si aeroportul Otopeni,<strong> Centrul de Evenimente Bucuresti (CEB)<\/strong> dispune de toate utilitatiile necesare pentru orice soi de eveniment mai sus amintit. Pozitia acestui centru a fost atent selectata in asa fel incat activitatile sa poata fi suplimentate cu plimbari pe jos in padure, pescuit, scaldat, etc.\r\n\r\n<strong>Centrul de Evenimente Bucuresti<\/strong> (CEB) este conceptul rezultat din nevoia de a inova un spatiu cu acoperire nationala, spatiu care sa poata satisface toata aria de evenimente stiintifice, culturale, politice, sportive, educative, etc. In acest sens, centrul poate sustine tot felul de activitati precum: simpozioane, intruniri, team-building, training, banchete, nunti, serbari, tabere de copii si tineret, activitati sportive si de recreere.\r\n\r\nAsadar, <strong>Centrul de Evenimente Bucuresti<\/strong>,\u00a0gandit atent, reprezinta solutia completa pentru evenimente. In general, tot acest gen de evenimente implica mult efort, pe care echipa\u00a0<strong>CEB\u00a0<\/strong>este\u00a0gata sa-l preia.\u00a0In acest sens, <strong>Centrul de Evenimente Bucuresti<\/strong> a pregatit o echipa de tineri entuziasti care poate veni in ajutorul desfasurarii in bune si multumitoare conditii a evenimentelor.\r\n\r\n\u00cen cadrul complexului, pe perioada evenimentelor, se pot servi gust\u0103ri calde \u0219i reci, cafea, b\u0103uturi r\u0103coritoare, etc. Pentru mese complete pute\u021bi folosi serviciul nostru de catering sau buc\u0103t\u0103ria noastr\u0103 unde beneficia\u021bi de flexibilitate maxim\u0103 cu privire la meniu.\r\n\r\nCEB dispune de 5 sali: Sala Romania, Sala Oslo, Sala Roma, Sala Berlin si Sala Paris (board meetings).\r\n\r\nAltele:\r\n<ul>\r\n \t<li>Foisor<\/li>\r\n \t<li>Teren de fotbal<\/li>\r\n \t<li>Teren de volei<\/li>\r\n \t<li>Gonflabile copii<\/li>\r\n \t<li>Trambuline copii<\/li>\r\n \t<li>Activitati outdoor<\/li>\r\n \t<li>Loc pentru gril<\/li>\r\n \t<li>Caffee bar in interior<\/li>\r\n \t<li>Parcare 100+ locuri<\/li>\r\n<\/ul>\r\nCamere de cazare:\r\n\r\nV\u0103 stau la dispozi\u021bie 48 de camere confortabile dotate cu baie proprie, aer condi\u021bionat \u0219i Wi-Fi. Pute\u021bi alege varianta single sau duble. Pentru grupuri mai mari, putem oferi \u0219i camere duplex. \u00cen total, p\u00e2n\u0103 la 96 de persoane pot sta peste noapte.\r\n\r\nCAMER\u0102 \u00ceN HOTEL \u2013 pentru 1-2 persoane\r\nCamerele de la Bucharest Events Center sunt dotate cu aer condi\u021bionat \u0219i Wi-Fi. Baie proprie este echipament standard.\r\n\r\nAPARTAMENT DUPLEX DE FAMILIE \u2013 pentru p\u00e2n\u0103 la 4 persoane\r\nEchipate ca \u0219i camerele de \u00eennoptare pentru 1-2 persoane, camerele de familie pot g\u0103zdui p\u00e2n\u0103 la 4 persoane pentru un sejur de familie.\r\n\r\n[gallery link=\"file\" ids=\"34992,34993,34994,34995,34996,34997,34998,34999,35000\" orderby=\"rand\"]","post_title":"Centrul de Evenimente Bucuresti","post_excerpt":"","post_status":"publish","comment_status":"open","ping_status":"open","post_password":"","post_name":"centrul-de-evenimente-bucuresti","to_ping":"","pinged":"","post_modified":"2020-02-17 11:19:50","post_modified_gmt":"2020-02-17 11:19:50","post_content_filtered":"","post_parent":0,"guid":"https:\/\/www.societateamuzicala.ro\/locurileculturii\/?p=34987","menu_order":0,"post_type":"post","post_mime_type":"","comment_count":"0","filter":"raw"}],"articole_parinte":"","articole_relationate":"","coordonate":{"address":"\u021aeghe\u0219, Domnesti, Ilfov County, Romania","lat":"44.385547004212164","lng":"25.864307208398486"},"tab1_nume":"CEB","tab3":false,"tab3_nume":"Salile CEB","tab3_articol":[],"sector":"","zona":""},"yoast_head":"<!-- This site is optimized with the Yoast SEO plugin v27.4 - https:\/\/yoast.com\/product\/yoast-seo-wordpress\/ -->\n<title>Sala Romania - Locurile Culturii<\/title>\n<meta name=\"description\" content=\"Catalogul salilor si spatiilor in care se pot organiza evenimente culturale, evenimentele care au loc in aceste spatii\" \/>\n<meta name=\"robots\" content=\"index, follow, max-snippet:-1, max-image-preview:large, max-video-preview:-1\" \/>\n<link rel=\"canonical\" href=\"https:\/\/www.societateamuzicala.ro\/locurileculturii\/centrul-de-evenimente-bucuresti-copy\/\" \/>\n<meta property=\"og:locale\" content=\"en_US\" \/>\n<meta property=\"og:type\" content=\"article\" \/>\n<meta property=\"og:title\" content=\"Sala Romania - Locurile Culturii\" \/>\n<meta property=\"og:description\" content=\"Catalogul salilor si spatiilor in care se pot organiza evenimente culturale, evenimentele care au loc in aceste spatii\" \/>\n<meta property=\"og:url\" content=\"https:\/\/www.societateamuzicala.ro\/locurileculturii\/centrul-de-evenimente-bucuresti-copy\/\" \/>\n<meta property=\"og:site_name\" content=\"Locurile Culturii\" \/>\n<meta property=\"article:published_time\" content=\"2016-09-24T06:30:15+00:00\" \/>\n<meta property=\"article:modified_time\" content=\"2020-02-17T11:04:31+00:00\" \/>\n<meta property=\"og:image\" content=\"https:\/\/www.societateamuzicala.ro\/locurileculturii\/wp-content\/uploads\/2016\/09\/Centrul-de-Evenimente-Bucuresti-02-150x150.jpg\" \/>\n<meta name=\"author\" content=\"George Butunoiu\" \/>\n<meta name=\"twitter:card\" content=\"summary_large_image\" \/>\n<meta name=\"twitter:label1\" content=\"Written by\" \/>\n\t<meta name=\"twitter:data1\" content=\"George Butunoiu\" \/>\n\t<meta name=\"twitter:label2\" content=\"Est. reading time\" \/>\n\t<meta name=\"twitter:data2\" content=\"1 minute\" \/>\n<script type=\"application\/ld+json\" class=\"yoast-schema-graph\">{\"@context\":\"https:\\\/\\\/schema.org\",\"@graph\":[{\"@type\":\"Article\",\"@id\":\"https:\\\/\\\/www.societateamuzicala.ro\\\/locurileculturii\\\/centrul-de-evenimente-bucuresti-copy\\\/#article\",\"isPartOf\":{\"@id\":\"https:\\\/\\\/www.societateamuzicala.ro\\\/locurileculturii\\\/centrul-de-evenimente-bucuresti-copy\\\/\"},\"author\":{\"name\":\"George Butunoiu\",\"@id\":\"https:\\\/\\\/www.societateamuzicala.ro\\\/locurileculturii\\\/#\\\/schema\\\/person\\\/5e6ef637315fb9a6e931b0d4ddc82b38\"},\"headline\":\"Sala Romania\",\"datePublished\":\"2016-09-24T06:30:15+00:00\",\"dateModified\":\"2020-02-17T11:04:31+00:00\",\"mainEntityOfPage\":{\"@id\":\"https:\\\/\\\/www.societateamuzicala.ro\\\/locurileculturii\\\/centrul-de-evenimente-bucuresti-copy\\\/\"},\"wordCount\":103,\"commentCount\":0,\"keywords\":[\"arta\",\"arta contemporana\",\"arta plastica\",\"arte vizuale\",\"centrul de evenimente bucuresti\",\"cinema\",\"concert\",\"concert cameral\",\"concerte\",\"conferinta\",\"cultura\",\"cultural\",\"dezbateri\",\"eveniment cultural\",\"evenimente culturale\",\"expozitie\",\"expozitii\",\"film\",\"galerie\",\"muzee\",\"muzeu\",\"muzica clasica\",\"opera\",\"organizare evenimente\",\"pictura\",\"Sali\",\"Sali evenimente\",\"sculptura\",\"spatii culturale\",\"spatii evenimente\",\"spectacol\",\"teatru\",\"teatru experimental\"],\"articleSection\":[\"Alte reuniuni culturale\"],\"inLanguage\":\"en-US\",\"potentialAction\":[{\"@type\":\"CommentAction\",\"name\":\"Comment\",\"target\":[\"https:\\\/\\\/www.societateamuzicala.ro\\\/locurileculturii\\\/centrul-de-evenimente-bucuresti-copy\\\/#respond\"]}]},{\"@type\":\"WebPage\",\"@id\":\"https:\\\/\\\/www.societateamuzicala.ro\\\/locurileculturii\\\/centrul-de-evenimente-bucuresti-copy\\\/\",\"url\":\"https:\\\/\\\/www.societateamuzicala.ro\\\/locurileculturii\\\/centrul-de-evenimente-bucuresti-copy\\\/\",\"name\":\"Sala Romania - Locurile Culturii\",\"isPartOf\":{\"@id\":\"https:\\\/\\\/www.societateamuzicala.ro\\\/locurileculturii\\\/#website\"},\"datePublished\":\"2016-09-24T06:30:15+00:00\",\"dateModified\":\"2020-02-17T11:04:31+00:00\",\"author\":{\"@id\":\"https:\\\/\\\/www.societateamuzicala.ro\\\/locurileculturii\\\/#\\\/schema\\\/person\\\/5e6ef637315fb9a6e931b0d4ddc82b38\"},\"description\":\"Catalogul salilor si spatiilor in care se pot organiza evenimente culturale, evenimentele care au loc in aceste spatii\",\"breadcrumb\":{\"@id\":\"https:\\\/\\\/www.societateamuzicala.ro\\\/locurileculturii\\\/centrul-de-evenimente-bucuresti-copy\\\/#breadcrumb\"},\"inLanguage\":\"en-US\",\"potentialAction\":[{\"@type\":\"ReadAction\",\"target\":[\"https:\\\/\\\/www.societateamuzicala.ro\\\/locurileculturii\\\/centrul-de-evenimente-bucuresti-copy\\\/\"]}]},{\"@type\":\"BreadcrumbList\",\"@id\":\"https:\\\/\\\/www.societateamuzicala.ro\\\/locurileculturii\\\/centrul-de-evenimente-bucuresti-copy\\\/#breadcrumb\",\"itemListElement\":[{\"@type\":\"ListItem\",\"position\":1,\"name\":\"Home\",\"item\":\"https:\\\/\\\/www.societateamuzicala.ro\\\/locurileculturii\\\/\"},{\"@type\":\"ListItem\",\"position\":2,\"name\":\"Sala Romania\"}]},{\"@type\":\"WebSite\",\"@id\":\"https:\\\/\\\/www.societateamuzicala.ro\\\/locurileculturii\\\/#website\",\"url\":\"https:\\\/\\\/www.societateamuzicala.ro\\\/locurileculturii\\\/\",\"name\":\"Locurile Culturii\",\"description\":\"Catalogul spatiilor culturale - lista completa a salilor si spatiilor in care se pot face evenimente culturale\",\"potentialAction\":[{\"@type\":\"SearchAction\",\"target\":{\"@type\":\"EntryPoint\",\"urlTemplate\":\"https:\\\/\\\/www.societateamuzicala.ro\\\/locurileculturii\\\/?s={search_term_string}\"},\"query-input\":{\"@type\":\"PropertyValueSpecification\",\"valueRequired\":true,\"valueName\":\"search_term_string\"}}],\"inLanguage\":\"en-US\"},{\"@type\":\"Person\",\"@id\":\"https:\\\/\\\/www.societateamuzicala.ro\\\/locurileculturii\\\/#\\\/schema\\\/person\\\/5e6ef637315fb9a6e931b0d4ddc82b38\",\"name\":\"George Butunoiu\",\"image\":{\"@type\":\"ImageObject\",\"inLanguage\":\"en-US\",\"@id\":\"https:\\\/\\\/secure.gravatar.com\\\/avatar\\\/89c187ed2ae04eb93934b0547ec74260f4916e9e6d474dc9fc60e42c6f3533f1?s=96&d=mm&r=g\",\"url\":\"https:\\\/\\\/secure.gravatar.com\\\/avatar\\\/89c187ed2ae04eb93934b0547ec74260f4916e9e6d474dc9fc60e42c6f3533f1?s=96&d=mm&r=g\",\"contentUrl\":\"https:\\\/\\\/secure.gravatar.com\\\/avatar\\\/89c187ed2ae04eb93934b0547ec74260f4916e9e6d474dc9fc60e42c6f3533f1?s=96&d=mm&r=g\",\"caption\":\"George Butunoiu\"},\"url\":\"https:\\\/\\\/www.societateamuzicala.ro\\\/locurileculturii\\\/author\\\/gb\\\/\"}]}<\/script>\n<!-- \/ Yoast SEO plugin. -->","yoast_head_json":{"title":"Sala Romania - Locurile Culturii","description":"Catalogul salilor si spatiilor in care se pot organiza evenimente culturale, evenimentele care au loc in aceste spatii","robots":{"index":"index","follow":"follow","max-snippet":"max-snippet:-1","max-image-preview":"max-image-preview:large","max-video-preview":"max-video-preview:-1"},"canonical":"https:\/\/www.societateamuzicala.ro\/locurileculturii\/centrul-de-evenimente-bucuresti-copy\/","og_locale":"en_US","og_type":"article","og_title":"Sala Romania - Locurile Culturii","og_description":"Catalogul salilor si spatiilor in care se pot organiza evenimente culturale, evenimentele care au loc in aceste spatii","og_url":"https:\/\/www.societateamuzicala.ro\/locurileculturii\/centrul-de-evenimente-bucuresti-copy\/","og_site_name":"Locurile Culturii","article_published_time":"2016-09-24T06:30:15+00:00","article_modified_time":"2020-02-17T11:04:31+00:00","og_image":[{"url":"https:\/\/www.societateamuzicala.ro\/locurileculturii\/wp-content\/uploads\/2016\/09\/Centrul-de-Evenimente-Bucuresti-02-150x150.jpg","type":"","width":"","height":""}],"author":"George Butunoiu","twitter_card":"summary_large_image","twitter_misc":{"Written by":"George Butunoiu","Est. reading time":"1 minute"},"schema":{"@context":"https:\/\/schema.org","@graph":[{"@type":"Article","@id":"https:\/\/www.societateamuzicala.ro\/locurileculturii\/centrul-de-evenimente-bucuresti-copy\/#article","isPartOf":{"@id":"https:\/\/www.societateamuzicala.ro\/locurileculturii\/centrul-de-evenimente-bucuresti-copy\/"},"author":{"name":"George Butunoiu","@id":"https:\/\/www.societateamuzicala.ro\/locurileculturii\/#\/schema\/person\/5e6ef637315fb9a6e931b0d4ddc82b38"},"headline":"Sala Romania","datePublished":"2016-09-24T06:30:15+00:00","dateModified":"2020-02-17T11:04:31+00:00","mainEntityOfPage":{"@id":"https:\/\/www.societateamuzicala.ro\/locurileculturii\/centrul-de-evenimente-bucuresti-copy\/"},"wordCount":103,"commentCount":0,"keywords":["arta","arta contemporana","arta plastica","arte vizuale","centrul de evenimente bucuresti","cinema","concert","concert cameral","concerte","conferinta","cultura","cultural","dezbateri","eveniment cultural","evenimente culturale","expozitie","expozitii","film","galerie","muzee","muzeu","muzica clasica","opera","organizare evenimente","pictura","Sali","Sali evenimente","sculptura","spatii culturale","spatii evenimente","spectacol","teatru","teatru experimental"],"articleSection":["Alte reuniuni culturale"],"inLanguage":"en-US","potentialAction":[{"@type":"CommentAction","name":"Comment","target":["https:\/\/www.societateamuzicala.ro\/locurileculturii\/centrul-de-evenimente-bucuresti-copy\/#respond"]}]},{"@type":"WebPage","@id":"https:\/\/www.societateamuzicala.ro\/locurileculturii\/centrul-de-evenimente-bucuresti-copy\/","url":"https:\/\/www.societateamuzicala.ro\/locurileculturii\/centrul-de-evenimente-bucuresti-copy\/","name":"Sala Romania - Locurile Culturii","isPartOf":{"@id":"https:\/\/www.societateamuzicala.ro\/locurileculturii\/#website"},"datePublished":"2016-09-24T06:30:15+00:00","dateModified":"2020-02-17T11:04:31+00:00","author":{"@id":"https:\/\/www.societateamuzicala.ro\/locurileculturii\/#\/schema\/person\/5e6ef637315fb9a6e931b0d4ddc82b38"},"description":"Catalogul salilor si spatiilor in care se pot organiza evenimente culturale, evenimentele care au loc in aceste spatii","breadcrumb":{"@id":"https:\/\/www.societateamuzicala.ro\/locurileculturii\/centrul-de-evenimente-bucuresti-copy\/#breadcrumb"},"inLanguage":"en-US","potentialAction":[{"@type":"ReadAction","target":["https:\/\/www.societateamuzicala.ro\/locurileculturii\/centrul-de-evenimente-bucuresti-copy\/"]}]},{"@type":"BreadcrumbList","@id":"https:\/\/www.societateamuzicala.ro\/locurileculturii\/centrul-de-evenimente-bucuresti-copy\/#breadcrumb","itemListElement":[{"@type":"ListItem","position":1,"name":"Home","item":"https:\/\/www.societateamuzicala.ro\/locurileculturii\/"},{"@type":"ListItem","position":2,"name":"Sala Romania"}]},{"@type":"WebSite","@id":"https:\/\/www.societateamuzicala.ro\/locurileculturii\/#website","url":"https:\/\/www.societateamuzicala.ro\/locurileculturii\/","name":"Locurile Culturii","description":"Catalogul spatiilor culturale - lista completa a salilor si spatiilor in care se pot face evenimente culturale","potentialAction":[{"@type":"SearchAction","target":{"@type":"EntryPoint","urlTemplate":"https:\/\/www.societateamuzicala.ro\/locurileculturii\/?s={search_term_string}"},"query-input":{"@type":"PropertyValueSpecification","valueRequired":true,"valueName":"search_term_string"}}],"inLanguage":"en-US"},{"@type":"Person","@id":"https:\/\/www.societateamuzicala.ro\/locurileculturii\/#\/schema\/person\/5e6ef637315fb9a6e931b0d4ddc82b38","name":"George Butunoiu","image":{"@type":"ImageObject","inLanguage":"en-US","@id":"https:\/\/secure.gravatar.com\/avatar\/89c187ed2ae04eb93934b0547ec74260f4916e9e6d474dc9fc60e42c6f3533f1?s=96&d=mm&r=g","url":"https:\/\/secure.gravatar.com\/avatar\/89c187ed2ae04eb93934b0547ec74260f4916e9e6d474dc9fc60e42c6f3533f1?s=96&d=mm&r=g","contentUrl":"https:\/\/secure.gravatar.com\/avatar\/89c187ed2ae04eb93934b0547ec74260f4916e9e6d474dc9fc60e42c6f3533f1?s=96&d=mm&r=g","caption":"George Butunoiu"},"url":"https:\/\/www.societateamuzicala.ro\/locurileculturii\/author\/gb\/"}]}},"_links":{"self":[{"href":"https:\/\/www.societateamuzicala.ro\/locurileculturii\/wp-json\/wp\/v2\/posts\/35011","targetHints":{"allow":["GET"]}}],"collection":[{"href":"https:\/\/www.societateamuzicala.ro\/locurileculturii\/wp-json\/wp\/v2\/posts"}],"about":[{"href":"https:\/\/www.societateamuzicala.ro\/locurileculturii\/wp-json\/wp\/v2\/types\/post"}],"author":[{"embeddable":true,"href":"https:\/\/www.societateamuzicala.ro\/locurileculturii\/wp-json\/wp\/v2\/users\/2"}],"replies":[{"embeddable":true,"href":"https:\/\/www.societateamuzicala.ro\/locurileculturii\/wp-json\/wp\/v2\/comments?post=35011"}],"version-history":[{"count":0,"href":"https:\/\/www.societateamuzicala.ro\/locurileculturii\/wp-json\/wp\/v2\/posts\/35011\/revisions"}],"wp:attachment":[{"href":"https:\/\/www.societateamuzicala.ro\/locurileculturii\/wp-json\/wp\/v2\/media?parent=35011"}],"wp:term":[{"taxonomy":"category","embeddable":true,"href":"https:\/\/www.societateamuzicala.ro\/locurileculturii\/wp-json\/wp\/v2\/categories?post=35011"},{"taxonomy":"post_tag","embeddable":true,"href":"https:\/\/www.societateamuzicala.ro\/locurileculturii\/wp-json\/wp\/v2\/tags?post=35011"}],"curies":[{"name":"wp","href":"https:\/\/api.w.org\/{rel}","templated":true}]}}