{"id":6075,"date":"2015-05-28T10:07:05","date_gmt":"2015-05-28T10:07:05","guid":{"rendered":"https:\/\/www.societateamuzicala.ro\/elitele\/?p=6075"},"modified":"2015-06-23T13:01:55","modified_gmt":"2015-06-23T13:01:55","slug":"ilinca-dumitrescu","status":"publish","type":"post","link":"https:\/\/www.societateamuzicala.ro\/elitele\/ilinca-dumitrescu","title":{"rendered":"Ilinca Dumitrescu"},"content":{"rendered":"<p>Pianista dedicata in special domeniului cameral, este o reprezentanta de frunte a artei interpretative romanesti si unul dintre muzicienii autohtoni cu o activitate artistica desfasurata pe mai multe planuri, la inalt nivel profesional.<\/p>\n<p>Nascuta la 29 august 1952 la Bucure\u015fti, provine dintr-o familie de mari muzicieni \u2013 este fiica compozitorului Ion Dumitrescu \u2013 si a studiat in tara cu profesori celebri precum Cella Delavrancea si Mihail Jora, desavarsindu-si pregatirea muzicala la Conservatorul \u201ePiotr Ilici Ceaikovski\u201d de la Moscova.<\/p>\n<p>Cu o cariera interpretativa ce a debutat \u00een anul 1980, Ilinica Dumitrescu a susinut numeroase concerte si recitaluri solistice si camerale in care pe langa literatura muzicala universala a promovat si muzica romaneasca, inclusiv cea contemporana.<\/p>\n<p>Activitatea sa a fost rasplatita cu foarte multe premii si distinctii, cele mai importante fiind Premiul Academiei Rom\u00e2ne, titlul de Cavaler al Ordinului Artelor si Stiintelor conferit de guvernul francez, distinctia Commendatore dell Ordine della Stella della Solidarieta Italiana oferita de Presedintele Italiei sau Ordinul Meritul Cultural in grad de Cavaler oferit de Presedintele Romaniei.<\/p>\n<p>In afara carierei solistice, Ilinca Dumitrescu are si o activitatea muzicologica \u00eensemnata publicand volume despre compozitori romani cu precadere, dar si una pedagogica, fiind invitata sa sus\u0163ina masterclass-uri \u00een Europa, Asia si S.U.A. De asemenea, pentru o perioada, intre 1994-2006 a fost directoarea Muzeului Na\u0163ional \u201eGeorge Enescu\u201d, iar din 2007 realizeaza ciclul de emisiuni TV Amfiteatrul muzelor \u2013 Ilinca Dumitrescu si invitatii sai.<\/p>\n<p><iframe loading=\"lazy\" width=\"500\" height=\"375\" src=\"https:\/\/www.youtube.com\/embed\/x28E-RRTzh4?feature=oembed\" frameborder=\"0\" allowfullscreen><\/iframe><\/p>\n<p><iframe loading=\"lazy\" width=\"500\" height=\"375\" src=\"https:\/\/www.youtube.com\/embed\/B4xsmBnGhRE?feature=oembed\" frameborder=\"0\" allowfullscreen><\/iframe><\/p>\n","protected":false},"excerpt":{"rendered":"<p>Pianista dedicata in special domeniului cameral, este o reprezentanta de frunte a artei interpretative romanesti si unul dintre muzicienii autohtoni cu o activitate artistica desfasurata pe mai multe planuri, la inalt nivel profesional. Nascuta la 29 august 1952 la Bucure\u015fti, provine dintr-o familie de mari muzicieni \u2013 este fiica compozitorului Ion Dumitrescu \u2013 si a [&hellip;]<\/p>\n","protected":false},"author":22,"featured_media":0,"comment_status":"open","ping_status":"open","sticky":false,"template":"","format":"standard","meta":[],"categories":[82],"tags":[1670,1671,1672,390,1261,1260,283,359,196,197,201,198,373,199,280,284,195,800],"acf":{"poza_fixa":"https:\/\/www.societateamuzicala.ro\/elitele\/wp-content\/uploads\/2015\/05\/Ilinca-Dumitrescu.jpg","oras":"","pian":false,"orga":false,"data1":"","data2":"","coordonate":false,"afiseaza_data_post":false},"yoast_head":"<!-- This site is optimized with the Yoast SEO plugin v21.8.1 - https:\/\/yoast.com\/wordpress\/plugins\/seo\/ -->\n<title>Elitele Romaniei<\/title>\n<meta name=\"description\" content=\"Prezentarea pianistei Ilinca Dumitrescu\" \/>\n<meta name=\"robots\" content=\"index, follow, max-snippet:-1, max-image-preview:large, max-video-preview:-1\" \/>\n<link rel=\"canonical\" href=\"https:\/\/www.societateamuzicala.ro\/elitele\/ilinca-dumitrescu\" \/>\n<meta property=\"og:locale\" content=\"en_GB\" \/>\n<meta property=\"og:type\" content=\"article\" \/>\n<meta property=\"og:title\" content=\"Elitele Romaniei\" \/>\n<meta property=\"og:description\" content=\"Prezentarea pianistei Ilinca Dumitrescu\" \/>\n<meta property=\"og:url\" content=\"https:\/\/www.societateamuzicala.ro\/elitele\/ilinca-dumitrescu\" \/>\n<meta property=\"og:site_name\" content=\"Elitele\" \/>\n<meta property=\"article:published_time\" content=\"2015-05-28T10:07:05+00:00\" \/>\n<meta property=\"article:modified_time\" content=\"2015-06-23T13:01:55+00:00\" \/>\n<meta name=\"author\" content=\"Catoi Daniel\" \/>\n<meta name=\"twitter:card\" content=\"summary_large_image\" \/>\n<meta name=\"twitter:label1\" content=\"Written by\" \/>\n\t<meta name=\"twitter:data1\" content=\"Catoi Daniel\" \/>\n\t<meta name=\"twitter:label2\" content=\"Estimated reading time\" \/>\n\t<meta name=\"twitter:data2\" content=\"1 minute\" \/>\n<script type=\"application\/ld+json\" class=\"yoast-schema-graph\">{\"@context\":\"https:\/\/schema.org\",\"@graph\":[{\"@type\":\"WebPage\",\"@id\":\"https:\/\/www.societateamuzicala.ro\/elitele\/ilinca-dumitrescu\",\"url\":\"https:\/\/www.societateamuzicala.ro\/elitele\/ilinca-dumitrescu\",\"name\":\"Elitele Romaniei\",\"isPartOf\":{\"@id\":\"https:\/\/www.societateamuzicala.ro\/elitele\/#website\"},\"datePublished\":\"2015-05-28T10:07:05+00:00\",\"dateModified\":\"2015-06-23T13:01:55+00:00\",\"author\":{\"@id\":\"https:\/\/www.societateamuzicala.ro\/elitele\/#\/schema\/person\/0608b1774a3787abb7ff1d5e8d1b84eb\"},\"description\":\"Prezentarea pianistei Ilinca Dumitrescu\",\"breadcrumb\":{\"@id\":\"https:\/\/www.societateamuzicala.ro\/elitele\/ilinca-dumitrescu#breadcrumb\"},\"inLanguage\":\"en-GB\",\"potentialAction\":[{\"@type\":\"ReadAction\",\"target\":[\"https:\/\/www.societateamuzicala.ro\/elitele\/ilinca-dumitrescu\"]}]},{\"@type\":\"BreadcrumbList\",\"@id\":\"https:\/\/www.societateamuzicala.ro\/elitele\/ilinca-dumitrescu#breadcrumb\",\"itemListElement\":[{\"@type\":\"ListItem\",\"position\":1,\"name\":\"Acas\u0103\",\"item\":\"https:\/\/www.societateamuzicala.ro\/elitele\"},{\"@type\":\"ListItem\",\"position\":2,\"name\":\"Ilinca Dumitrescu\"}]},{\"@type\":\"WebSite\",\"@id\":\"https:\/\/www.societateamuzicala.ro\/elitele\/#website\",\"url\":\"https:\/\/www.societateamuzicala.ro\/elitele\/\",\"name\":\"Elitele\",\"description\":\"Elitele culturii si stiintei Romanesti\",\"potentialAction\":[{\"@type\":\"SearchAction\",\"target\":{\"@type\":\"EntryPoint\",\"urlTemplate\":\"https:\/\/www.societateamuzicala.ro\/elitele\/?s={search_term_string}\"},\"query-input\":\"required name=search_term_string\"}],\"inLanguage\":\"en-GB\"},{\"@type\":\"Person\",\"@id\":\"https:\/\/www.societateamuzicala.ro\/elitele\/#\/schema\/person\/0608b1774a3787abb7ff1d5e8d1b84eb\",\"name\":\"Catoi Daniel\",\"image\":{\"@type\":\"ImageObject\",\"inLanguage\":\"en-GB\",\"@id\":\"https:\/\/www.societateamuzicala.ro\/elitele\/#\/schema\/person\/image\/\",\"url\":\"https:\/\/secure.gravatar.com\/avatar\/49c0ca3b2442b55fa1effd2c15725367?s=96&d=mm&r=g\",\"contentUrl\":\"https:\/\/secure.gravatar.com\/avatar\/49c0ca3b2442b55fa1effd2c15725367?s=96&d=mm&r=g\",\"caption\":\"Catoi Daniel\"},\"url\":\"https:\/\/www.societateamuzicala.ro\/elitele\/author\/daniel\"}]}<\/script>\n<!-- \/ Yoast SEO plugin. -->","yoast_head_json":{"title":"Elitele Romaniei","description":"Prezentarea pianistei Ilinca Dumitrescu","robots":{"index":"index","follow":"follow","max-snippet":"max-snippet:-1","max-image-preview":"max-image-preview:large","max-video-preview":"max-video-preview:-1"},"canonical":"https:\/\/www.societateamuzicala.ro\/elitele\/ilinca-dumitrescu","og_locale":"en_GB","og_type":"article","og_title":"Elitele Romaniei","og_description":"Prezentarea pianistei Ilinca Dumitrescu","og_url":"https:\/\/www.societateamuzicala.ro\/elitele\/ilinca-dumitrescu","og_site_name":"Elitele","article_published_time":"2015-05-28T10:07:05+00:00","article_modified_time":"2015-06-23T13:01:55+00:00","author":"Catoi Daniel","twitter_card":"summary_large_image","twitter_misc":{"Written by":"Catoi Daniel","Estimated reading time":"1 minute"},"schema":{"@context":"https:\/\/schema.org","@graph":[{"@type":"WebPage","@id":"https:\/\/www.societateamuzicala.ro\/elitele\/ilinca-dumitrescu","url":"https:\/\/www.societateamuzicala.ro\/elitele\/ilinca-dumitrescu","name":"Elitele Romaniei","isPartOf":{"@id":"https:\/\/www.societateamuzicala.ro\/elitele\/#website"},"datePublished":"2015-05-28T10:07:05+00:00","dateModified":"2015-06-23T13:01:55+00:00","author":{"@id":"https:\/\/www.societateamuzicala.ro\/elitele\/#\/schema\/person\/0608b1774a3787abb7ff1d5e8d1b84eb"},"description":"Prezentarea pianistei Ilinca Dumitrescu","breadcrumb":{"@id":"https:\/\/www.societateamuzicala.ro\/elitele\/ilinca-dumitrescu#breadcrumb"},"inLanguage":"en-GB","potentialAction":[{"@type":"ReadAction","target":["https:\/\/www.societateamuzicala.ro\/elitele\/ilinca-dumitrescu"]}]},{"@type":"BreadcrumbList","@id":"https:\/\/www.societateamuzicala.ro\/elitele\/ilinca-dumitrescu#breadcrumb","itemListElement":[{"@type":"ListItem","position":1,"name":"Acas\u0103","item":"https:\/\/www.societateamuzicala.ro\/elitele"},{"@type":"ListItem","position":2,"name":"Ilinca Dumitrescu"}]},{"@type":"WebSite","@id":"https:\/\/www.societateamuzicala.ro\/elitele\/#website","url":"https:\/\/www.societateamuzicala.ro\/elitele\/","name":"Elitele","description":"Elitele culturii si stiintei Romanesti","potentialAction":[{"@type":"SearchAction","target":{"@type":"EntryPoint","urlTemplate":"https:\/\/www.societateamuzicala.ro\/elitele\/?s={search_term_string}"},"query-input":"required name=search_term_string"}],"inLanguage":"en-GB"},{"@type":"Person","@id":"https:\/\/www.societateamuzicala.ro\/elitele\/#\/schema\/person\/0608b1774a3787abb7ff1d5e8d1b84eb","name":"Catoi Daniel","image":{"@type":"ImageObject","inLanguage":"en-GB","@id":"https:\/\/www.societateamuzicala.ro\/elitele\/#\/schema\/person\/image\/","url":"https:\/\/secure.gravatar.com\/avatar\/49c0ca3b2442b55fa1effd2c15725367?s=96&d=mm&r=g","contentUrl":"https:\/\/secure.gravatar.com\/avatar\/49c0ca3b2442b55fa1effd2c15725367?s=96&d=mm&r=g","caption":"Catoi Daniel"},"url":"https:\/\/www.societateamuzicala.ro\/elitele\/author\/daniel"}]}},"_links":{"self":[{"href":"https:\/\/www.societateamuzicala.ro\/elitele\/wp-json\/wp\/v2\/posts\/6075"}],"collection":[{"href":"https:\/\/www.societateamuzicala.ro\/elitele\/wp-json\/wp\/v2\/posts"}],"about":[{"href":"https:\/\/www.societateamuzicala.ro\/elitele\/wp-json\/wp\/v2\/types\/post"}],"author":[{"embeddable":true,"href":"https:\/\/www.societateamuzicala.ro\/elitele\/wp-json\/wp\/v2\/users\/22"}],"replies":[{"embeddable":true,"href":"https:\/\/www.societateamuzicala.ro\/elitele\/wp-json\/wp\/v2\/comments?post=6075"}],"version-history":[{"count":0,"href":"https:\/\/www.societateamuzicala.ro\/elitele\/wp-json\/wp\/v2\/posts\/6075\/revisions"}],"wp:attachment":[{"href":"https:\/\/www.societateamuzicala.ro\/elitele\/wp-json\/wp\/v2\/media?parent=6075"}],"wp:term":[{"taxonomy":"category","embeddable":true,"href":"https:\/\/www.societateamuzicala.ro\/elitele\/wp-json\/wp\/v2\/categories?post=6075"},{"taxonomy":"post_tag","embeddable":true,"href":"https:\/\/www.societateamuzicala.ro\/elitele\/wp-json\/wp\/v2\/tags?post=6075"}],"curies":[{"name":"wp","href":"https:\/\/api.w.org\/{rel}","templated":true}]}}